 
{"id":2777,"date":"2023-11-22T11:25:40","date_gmt":"2023-11-22T15:25:40","guid":{"rendered":"http:\/\/www.defensoria.gob.ve\/?p=2777"},"modified":"2023-11-22T11:26:17","modified_gmt":"2023-11-22T15:26:17","slug":"defensor-del-pueblo-participo-en-xx-foro-derechos-de-la-infancia-y-la-adolescencia","status":"publish","type":"post","link":"http:\/\/www.defensoria.gob.ve\/?p=2777","title":{"rendered":"Defensor del Pueblo particip\u00f3 en XX Foro \u201cDerechos de la Infancia y la Adolescencia\u201d"},"content":{"rendered":"\t\t<div data-elementor-type=\"wp-post\" data-elementor-id=\"2777\" class=\"elementor elementor-2777\">\n\t\t\t\t\t\t<section class=\"elementor-section elementor-top-section elementor-element elementor-element-31b52edf elementor-section-boxed elementor-section-height-default elementor-section-height-default\" data-id=\"31b52edf\" data-element_type=\"section\" data-e-type=\"section\">\n\t\t\t\t\t\t<div class=\"elementor-container elementor-column-gap-default\">\n\t\t\t\t\t<div class=\"elementor-column elementor-col-100 elementor-top-column elementor-element elementor-element-7de5833d\" data-id=\"7de5833d\" data-element_type=\"column\" data-e-type=\"column\">\n\t\t\t<div class=\"elementor-widget-wrap elementor-element-populated\">\n\t\t\t\t\t\t<div class=\"elementor-element elementor-element-36ec99f0 elementor-widget elementor-widget-text-editor\" data-id=\"36ec99f0\" data-element_type=\"widget\" data-e-type=\"widget\" data-widget_type=\"text-editor.default\">\n\t\t\t\t<div class=\"elementor-widget-container\">\n\t\t\t\t\t\t\t\t\t\n<p><strong>(21-Nov-2023)<\/strong>&nbsp;El Defensor del Pueblo, Alfredo Ruiz, en el marco del XX Foro \u201cDerechos de la Infancia y la Adolescencia\u201d, organizado por el Tribunal Supremo de Justicia. (TSJ) mencion\u00f3 que \u201cno habr\u00e1&nbsp; paz ni justicia si no se involucran en todas las decisiones, no solo el inter\u00e9s superior de los ni\u00f1os, ni\u00f1as y adolescentes sino tambi\u00e9n su participaci\u00f3n directa, su opini\u00f3n\u201d.<\/p>\n\n\n\n<p>Dicha aseveraci\u00f3n se realiz\u00f3 en relaci\u00f3n a la conmemoraci\u00f3n del D\u00eda Internacional de la Infancia, que se celebr\u00f3 este 20 de noviembre y el D\u00eda del Estudiante conmemorado este 21 de noviembre, y tuvo como sede el auditorio principal del Tribunal Supremo de Justicia.<\/p>\n\n\n\n<p>Al respecto, el m\u00e1ximo responsable de la Instituci\u00f3n Nacional de Derechos Humanos (INDH), indic\u00f3 que en la Defensor\u00eda del Pueblo \u201ctenemos la convicci\u00f3n de que estos espacios para intercambiar y difundir experiencias, visiones y procedimientos, contribuyen verdaderamente a fortalecer nuestra capacidad de responder articuladamente como un verdadero \u201cSistema\u201d a las necesidades de la poblaci\u00f3n.\u00a0 Especialmente de las ni\u00f1as, los ni\u00f1os y las familias\u201d.<\/p>\n\n\n\n<figure class=\"wp-block-image size-full\"><img fetchpriority=\"high\" decoding=\"async\" width=\"768\" height=\"512\" src=\"http:\/\/www.defensoria.gob.ve\/wp-content\/uploads\/2023\/11\/21-11-23-TSJ-NNA-2.jpg\" alt=\"\" class=\"wp-image-2778\" srcset=\"http:\/\/www.defensoria.gob.ve\/wp-content\/uploads\/2023\/11\/21-11-23-TSJ-NNA-2.jpg 768w, http:\/\/www.defensoria.gob.ve\/wp-content\/uploads\/2023\/11\/21-11-23-TSJ-NNA-2-300x200.jpg 300w\" sizes=\"(max-width: 768px) 100vw, 768px\" \/><\/figure>\n\n\n\n<p>En ese sentido, Ruiz record\u00f3 las palabras de Sim\u00f3n Rodr\u00edguez, maestro del Libertador Sim\u00f3n Bol\u00edvar, quien aseguraba lo necesario que era \u201cense\u00f1ar a los ni\u00f1os a ser preguntones\u201d, (a participar, a ser cr\u00edticos, a no quedarse callados, a respetar las inquietudes y preguntas de los dem\u00e1s).<\/p>\n\n\n\n<p><strong>Labor defensorial<\/strong><\/p>\n\n\n\n<p>Con respecto al trabajo que hace el ente defensorial en pro de los Ni\u00f1os, Ni\u00f1as y Adolescentes, Ruiz coment\u00f3 que \u201cun elemento transversal en las l\u00edneas de trabajo que nos hemos trazado en la Defensor\u00eda del Pueblo (DdP) es, justamente, la construcci\u00f3n de una cultura de paz y de justicia, solidaridad y democr\u00e1tica de respeto a la dignidad de todas las personas y los pueblos. Cada acci\u00f3n que nos proponemos incluye un trabajo dirigido a fomentar el respeto por las diferencias, a promover la transformaci\u00f3n positiva de los conflictos, a reducir la intolerancia, el odio y la violencia en cualquiera de sus manifestaciones\u201d.<\/p>\n\n\n\n<p>Adem\u00e1s cont\u00f3 que es indispensable que las personas adultas que est\u00e1n a cargo de cuidar y formar a los ni\u00f1os, ni\u00f1as y adolescentes conozcan que son \u201csujetos plenos de derechos, que no solo se les respete, se les atienda integralmente, sino que se les escuche y se les apoye y estimule a participar activa y responsablemente en todos los asuntos p\u00fablicos y familiares, para construir una Patria, una Naci\u00f3n, justa y amante de la paz\u201d.&nbsp;<\/p>\n\n\n\n<p>Tambi\u00e9n refiri\u00f3 que \u201cla DdP&nbsp; tiene a su cargo la promoci\u00f3n, defensa y vigilancia de los derechos y garant\u00edas establecidos en la Constituci\u00f3n de la Rep\u00fablica Bolivariana de Venezuela\u201d.<\/p>\n\n\n\n<p>En ese sentido, Ruiz dijo que \u201cdentro de toda esta gama de competencias la Defensor\u00eda del Pueblo, adem\u00e1s ha realizado una alianza estrat\u00e9gica con el Fondo de las Naciones Unidas para la Infancia (UNICEF) en el marco del Convenio con el Estado venezolano, para ello hemos realizado una serie de acciones entre los cuales se destacan\u201d:<\/p>\n\n\n\n<p>Elaboraci\u00f3n de protocolos para prevenir la violencia:&nbsp;&nbsp; Protocolo para la Detecci\u00f3n Temprana y la Intervenci\u00f3n Oportuna de la Violencia hacia Ni\u00f1os, Ni\u00f1as y Adolescentes; y el Protocolo para Entender, Prevenir y Reducir la Violencia entre pares en las Instituciones Educativas, as\u00ed como la presentaci\u00f3n de los resultados del \u201cestudio sobre la calidad y cobertura del servicio que ofrecen los Consejos de Protecci\u00f3n\u201d en un porcentaje de municipios seleccionados, de todo el territorio nacional.&nbsp;<strong>FIN \/ PRENSA Defensor\u00eda<\/strong><\/p>\n\t\t\t\t\t\t\t\t<\/div>\n\t\t\t\t<\/div>\n\t\t\t\t\t<\/div>\n\t\t<\/div>\n\t\t\t\t\t<\/div>\n\t\t<\/section>\n\t\t\t\t<\/div>\n\t\t","protected":false},"excerpt":{"rendered":"<p>(21-Nov-2023)&nbsp;El Defensor del Pueblo, Alfredo Ruiz, en el marco del XX Foro \u201cDerechos de la Infancia y la Adolescencia\u201d, organizado por el Tribunal Supremo de Justicia. (TSJ) mencion\u00f3 que \u201cno&hellip; <\/p>\n","protected":false},"author":5,"featured_media":2779,"comment_status":"closed","ping_status":"closed","sticky":false,"template":"","format":"standard","meta":{"footnotes":""},"categories":[3],"tags":[],"class_list":["post-2777","post","type-post","status-publish","format-standard","has-post-thumbnail","hentry","category-centrales"],"yoast_head":"<!-- This site is optimized with the Yoast SEO plugin v27.4 - https:\/\/yoast.com\/product\/yoast-seo-wordpress\/ -->\n<title>Defensor del Pueblo particip\u00f3 en XX Foro \u201cDerechos de la Infancia y la Adolescencia\u201d -<\/title>\n<meta name=\"robots\" content=\"index, follow, max-snippet:-1, max-image-preview:large, max-video-preview:-1\" \/>\n<link rel=\"canonical\" href=\"http:\/\/www.defensoria.gob.ve\/?p=2777\" \/>\n<meta property=\"og:locale\" content=\"es_ES\" \/>\n<meta property=\"og:type\" content=\"article\" \/>\n<meta property=\"og:title\" content=\"Defensor del Pueblo particip\u00f3 en XX Foro \u201cDerechos de la Infancia y la Adolescencia\u201d -\" \/>\n<meta property=\"og:description\" content=\"(21-Nov-2023)&nbsp;El Defensor del Pueblo, Alfredo Ruiz, en el marco del XX Foro \u201cDerechos de la Infancia y la Adolescencia\u201d, organizado por el Tribunal Supremo de Justicia. (TSJ) mencion\u00f3 que \u201cno&hellip;\" \/>\n<meta property=\"og:url\" content=\"http:\/\/www.defensoria.gob.ve\/?p=2777\" \/>\n<meta property=\"article:published_time\" content=\"2023-11-22T15:25:40+00:00\" \/>\n<meta property=\"article:modified_time\" content=\"2023-11-22T15:26:17+00:00\" \/>\n<meta property=\"og:image\" content=\"http:\/\/www.defensoria.gob.ve\/wp-content\/uploads\/2023\/11\/21-11-23-TSJ-NNA-3.jpg\" \/>\n\t<meta property=\"og:image:width\" content=\"768\" \/>\n\t<meta property=\"og:image:height\" content=\"512\" \/>\n\t<meta property=\"og:image:type\" content=\"image\/jpeg\" \/>\n<meta name=\"author\" content=\"JC.\" \/>\n<meta name=\"twitter:card\" content=\"summary_large_image\" \/>\n<meta name=\"twitter:label1\" content=\"Escrito por\" \/>\n\t<meta name=\"twitter:data1\" content=\"JC.\" \/>\n\t<meta name=\"twitter:label2\" content=\"Tiempo estimado de lectura\" \/>\n\t<meta name=\"twitter:data2\" content=\"3 minutos\" \/>\n<script type=\"application\/ld+json\" class=\"yoast-schema-graph\">{\"@context\":\"https:\\\/\\\/schema.org\",\"@graph\":[{\"@type\":\"Article\",\"@id\":\"http:\\\/\\\/www.defensoria.gob.ve\\\/?p=2777#article\",\"isPartOf\":{\"@id\":\"http:\\\/\\\/www.defensoria.gob.ve\\\/?p=2777\"},\"author\":{\"name\":\"JC.\",\"@id\":\"http:\\\/\\\/www.defensoria.gob.ve\\\/#\\\/schema\\\/person\\\/fba14293189d7b1933ac7fba9d89e24a\"},\"headline\":\"Defensor del Pueblo particip\u00f3 en XX Foro \u201cDerechos de la Infancia y la Adolescencia\u201d\",\"datePublished\":\"2023-11-22T15:25:40+00:00\",\"dateModified\":\"2023-11-22T15:26:17+00:00\",\"mainEntityOfPage\":{\"@id\":\"http:\\\/\\\/www.defensoria.gob.ve\\\/?p=2777\"},\"wordCount\":630,\"image\":{\"@id\":\"http:\\\/\\\/www.defensoria.gob.ve\\\/?p=2777#primaryimage\"},\"thumbnailUrl\":\"http:\\\/\\\/www.defensoria.gob.ve\\\/wp-content\\\/uploads\\\/2023\\\/11\\\/21-11-23-TSJ-NNA-3.jpg\",\"articleSection\":[\"CENTRALES\"],\"inLanguage\":\"es\"},{\"@type\":\"WebPage\",\"@id\":\"http:\\\/\\\/www.defensoria.gob.ve\\\/?p=2777\",\"url\":\"http:\\\/\\\/www.defensoria.gob.ve\\\/?p=2777\",\"name\":\"Defensor del Pueblo particip\u00f3 en XX Foro \u201cDerechos de la Infancia y la Adolescencia\u201d -\",\"isPartOf\":{\"@id\":\"http:\\\/\\\/www.defensoria.gob.ve\\\/#website\"},\"primaryImageOfPage\":{\"@id\":\"http:\\\/\\\/www.defensoria.gob.ve\\\/?p=2777#primaryimage\"},\"image\":{\"@id\":\"http:\\\/\\\/www.defensoria.gob.ve\\\/?p=2777#primaryimage\"},\"thumbnailUrl\":\"http:\\\/\\\/www.defensoria.gob.ve\\\/wp-content\\\/uploads\\\/2023\\\/11\\\/21-11-23-TSJ-NNA-3.jpg\",\"datePublished\":\"2023-11-22T15:25:40+00:00\",\"dateModified\":\"2023-11-22T15:26:17+00:00\",\"author\":{\"@id\":\"http:\\\/\\\/www.defensoria.gob.ve\\\/#\\\/schema\\\/person\\\/fba14293189d7b1933ac7fba9d89e24a\"},\"breadcrumb\":{\"@id\":\"http:\\\/\\\/www.defensoria.gob.ve\\\/?p=2777#breadcrumb\"},\"inLanguage\":\"es\",\"potentialAction\":[{\"@type\":\"ReadAction\",\"target\":[\"http:\\\/\\\/www.defensoria.gob.ve\\\/?p=2777\"]}]},{\"@type\":\"ImageObject\",\"inLanguage\":\"es\",\"@id\":\"http:\\\/\\\/www.defensoria.gob.ve\\\/?p=2777#primaryimage\",\"url\":\"http:\\\/\\\/www.defensoria.gob.ve\\\/wp-content\\\/uploads\\\/2023\\\/11\\\/21-11-23-TSJ-NNA-3.jpg\",\"contentUrl\":\"http:\\\/\\\/www.defensoria.gob.ve\\\/wp-content\\\/uploads\\\/2023\\\/11\\\/21-11-23-TSJ-NNA-3.jpg\",\"width\":768,\"height\":512},{\"@type\":\"BreadcrumbList\",\"@id\":\"http:\\\/\\\/www.defensoria.gob.ve\\\/?p=2777#breadcrumb\",\"itemListElement\":[{\"@type\":\"ListItem\",\"position\":1,\"name\":\"Portada\",\"item\":\"http:\\\/\\\/www.defensoria.gob.ve\\\/\"},{\"@type\":\"ListItem\",\"position\":2,\"name\":\"Defensor del Pueblo particip\u00f3 en XX Foro \u201cDerechos de la Infancia y la Adolescencia\u201d\"}]},{\"@type\":\"WebSite\",\"@id\":\"http:\\\/\\\/www.defensoria.gob.ve\\\/#website\",\"url\":\"http:\\\/\\\/www.defensoria.gob.ve\\\/\",\"name\":\"\",\"description\":\"Instituci\u00f3n del Poder Ciudadano para la Promoci\u00f3n, Defensa y Vigilancia de los Derechos Humanos. \",\"potentialAction\":[{\"@type\":\"SearchAction\",\"target\":{\"@type\":\"EntryPoint\",\"urlTemplate\":\"http:\\\/\\\/www.defensoria.gob.ve\\\/?s={search_term_string}\"},\"query-input\":{\"@type\":\"PropertyValueSpecification\",\"valueRequired\":true,\"valueName\":\"search_term_string\"}}],\"inLanguage\":\"es\"},{\"@type\":\"Person\",\"@id\":\"http:\\\/\\\/www.defensoria.gob.ve\\\/#\\\/schema\\\/person\\\/fba14293189d7b1933ac7fba9d89e24a\",\"name\":\"JC.\",\"image\":{\"@type\":\"ImageObject\",\"inLanguage\":\"es\",\"@id\":\"https:\\\/\\\/secure.gravatar.com\\\/avatar\\\/f398a4de948606b38f0299d90ca738c674b648694bc725ed46503c240269dbf8?s=96&d=mm&r=g\",\"url\":\"https:\\\/\\\/secure.gravatar.com\\\/avatar\\\/f398a4de948606b38f0299d90ca738c674b648694bc725ed46503c240269dbf8?s=96&d=mm&r=g\",\"contentUrl\":\"https:\\\/\\\/secure.gravatar.com\\\/avatar\\\/f398a4de948606b38f0299d90ca738c674b648694bc725ed46503c240269dbf8?s=96&d=mm&r=g\",\"caption\":\"JC.\"},\"url\":\"http:\\\/\\\/www.defensoria.gob.ve\\\/?author=5\"}]}<\/script>\n<!-- \/ Yoast SEO plugin. -->","yoast_head_json":{"title":"Defensor del Pueblo particip\u00f3 en XX Foro \u201cDerechos de la Infancia y la Adolescencia\u201d -","robots":{"index":"index","follow":"follow","max-snippet":"max-snippet:-1","max-image-preview":"max-image-preview:large","max-video-preview":"max-video-preview:-1"},"canonical":"http:\/\/www.defensoria.gob.ve\/?p=2777","og_locale":"es_ES","og_type":"article","og_title":"Defensor del Pueblo particip\u00f3 en XX Foro \u201cDerechos de la Infancia y la Adolescencia\u201d -","og_description":"(21-Nov-2023)&nbsp;El Defensor del Pueblo, Alfredo Ruiz, en el marco del XX Foro \u201cDerechos de la Infancia y la Adolescencia\u201d, organizado por el Tribunal Supremo de Justicia. (TSJ) mencion\u00f3 que \u201cno&hellip;","og_url":"http:\/\/www.defensoria.gob.ve\/?p=2777","article_published_time":"2023-11-22T15:25:40+00:00","article_modified_time":"2023-11-22T15:26:17+00:00","og_image":[{"width":768,"height":512,"url":"http:\/\/www.defensoria.gob.ve\/wp-content\/uploads\/2023\/11\/21-11-23-TSJ-NNA-3.jpg","type":"image\/jpeg"}],"author":"JC.","twitter_card":"summary_large_image","twitter_misc":{"Escrito por":"JC.","Tiempo estimado de lectura":"3 minutos"},"schema":{"@context":"https:\/\/schema.org","@graph":[{"@type":"Article","@id":"http:\/\/www.defensoria.gob.ve\/?p=2777#article","isPartOf":{"@id":"http:\/\/www.defensoria.gob.ve\/?p=2777"},"author":{"name":"JC.","@id":"http:\/\/www.defensoria.gob.ve\/#\/schema\/person\/fba14293189d7b1933ac7fba9d89e24a"},"headline":"Defensor del Pueblo particip\u00f3 en XX Foro \u201cDerechos de la Infancia y la Adolescencia\u201d","datePublished":"2023-11-22T15:25:40+00:00","dateModified":"2023-11-22T15:26:17+00:00","mainEntityOfPage":{"@id":"http:\/\/www.defensoria.gob.ve\/?p=2777"},"wordCount":630,"image":{"@id":"http:\/\/www.defensoria.gob.ve\/?p=2777#primaryimage"},"thumbnailUrl":"http:\/\/www.defensoria.gob.ve\/wp-content\/uploads\/2023\/11\/21-11-23-TSJ-NNA-3.jpg","articleSection":["CENTRALES"],"inLanguage":"es"},{"@type":"WebPage","@id":"http:\/\/www.defensoria.gob.ve\/?p=2777","url":"http:\/\/www.defensoria.gob.ve\/?p=2777","name":"Defensor del Pueblo particip\u00f3 en XX Foro \u201cDerechos de la Infancia y la Adolescencia\u201d -","isPartOf":{"@id":"http:\/\/www.defensoria.gob.ve\/#website"},"primaryImageOfPage":{"@id":"http:\/\/www.defensoria.gob.ve\/?p=2777#primaryimage"},"image":{"@id":"http:\/\/www.defensoria.gob.ve\/?p=2777#primaryimage"},"thumbnailUrl":"http:\/\/www.defensoria.gob.ve\/wp-content\/uploads\/2023\/11\/21-11-23-TSJ-NNA-3.jpg","datePublished":"2023-11-22T15:25:40+00:00","dateModified":"2023-11-22T15:26:17+00:00","author":{"@id":"http:\/\/www.defensoria.gob.ve\/#\/schema\/person\/fba14293189d7b1933ac7fba9d89e24a"},"breadcrumb":{"@id":"http:\/\/www.defensoria.gob.ve\/?p=2777#breadcrumb"},"inLanguage":"es","potentialAction":[{"@type":"ReadAction","target":["http:\/\/www.defensoria.gob.ve\/?p=2777"]}]},{"@type":"ImageObject","inLanguage":"es","@id":"http:\/\/www.defensoria.gob.ve\/?p=2777#primaryimage","url":"http:\/\/www.defensoria.gob.ve\/wp-content\/uploads\/2023\/11\/21-11-23-TSJ-NNA-3.jpg","contentUrl":"http:\/\/www.defensoria.gob.ve\/wp-content\/uploads\/2023\/11\/21-11-23-TSJ-NNA-3.jpg","width":768,"height":512},{"@type":"BreadcrumbList","@id":"http:\/\/www.defensoria.gob.ve\/?p=2777#breadcrumb","itemListElement":[{"@type":"ListItem","position":1,"name":"Portada","item":"http:\/\/www.defensoria.gob.ve\/"},{"@type":"ListItem","position":2,"name":"Defensor del Pueblo particip\u00f3 en XX Foro \u201cDerechos de la Infancia y la Adolescencia\u201d"}]},{"@type":"WebSite","@id":"http:\/\/www.defensoria.gob.ve\/#website","url":"http:\/\/www.defensoria.gob.ve\/","name":"","description":"Instituci\u00f3n del Poder Ciudadano para la Promoci\u00f3n, Defensa y Vigilancia de los Derechos Humanos. ","potentialAction":[{"@type":"SearchAction","target":{"@type":"EntryPoint","urlTemplate":"http:\/\/www.defensoria.gob.ve\/?s={search_term_string}"},"query-input":{"@type":"PropertyValueSpecification","valueRequired":true,"valueName":"search_term_string"}}],"inLanguage":"es"},{"@type":"Person","@id":"http:\/\/www.defensoria.gob.ve\/#\/schema\/person\/fba14293189d7b1933ac7fba9d89e24a","name":"JC.","image":{"@type":"ImageObject","inLanguage":"es","@id":"https:\/\/secure.gravatar.com\/avatar\/f398a4de948606b38f0299d90ca738c674b648694bc725ed46503c240269dbf8?s=96&d=mm&r=g","url":"https:\/\/secure.gravatar.com\/avatar\/f398a4de948606b38f0299d90ca738c674b648694bc725ed46503c240269dbf8?s=96&d=mm&r=g","contentUrl":"https:\/\/secure.gravatar.com\/avatar\/f398a4de948606b38f0299d90ca738c674b648694bc725ed46503c240269dbf8?s=96&d=mm&r=g","caption":"JC."},"url":"http:\/\/www.defensoria.gob.ve\/?author=5"}]}},"_links":{"self":[{"href":"http:\/\/www.defensoria.gob.ve\/index.php?rest_route=\/wp\/v2\/posts\/2777","targetHints":{"allow":["GET"]}}],"collection":[{"href":"http:\/\/www.defensoria.gob.ve\/index.php?rest_route=\/wp\/v2\/posts"}],"about":[{"href":"http:\/\/www.defensoria.gob.ve\/index.php?rest_route=\/wp\/v2\/types\/post"}],"author":[{"embeddable":true,"href":"http:\/\/www.defensoria.gob.ve\/index.php?rest_route=\/wp\/v2\/users\/5"}],"replies":[{"embeddable":true,"href":"http:\/\/www.defensoria.gob.ve\/index.php?rest_route=%2Fwp%2Fv2%2Fcomments&post=2777"}],"version-history":[{"count":4,"href":"http:\/\/www.defensoria.gob.ve\/index.php?rest_route=\/wp\/v2\/posts\/2777\/revisions"}],"predecessor-version":[{"id":2783,"href":"http:\/\/www.defensoria.gob.ve\/index.php?rest_route=\/wp\/v2\/posts\/2777\/revisions\/2783"}],"wp:featuredmedia":[{"embeddable":true,"href":"http:\/\/www.defensoria.gob.ve\/index.php?rest_route=\/wp\/v2\/media\/2779"}],"wp:attachment":[{"href":"http:\/\/www.defensoria.gob.ve\/index.php?rest_route=%2Fwp%2Fv2%2Fmedia&parent=2777"}],"wp:term":[{"taxonomy":"category","embeddable":true,"href":"http:\/\/www.defensoria.gob.ve\/index.php?rest_route=%2Fwp%2Fv2%2Fcategories&post=2777"},{"taxonomy":"post_tag","embeddable":true,"href":"http:\/\/www.defensoria.gob.ve\/index.php?rest_route=%2Fwp%2Fv2%2Ftags&post=2777"}],"curies":[{"name":"wp","href":"https:\/\/api.w.org\/{rel}","templated":true}]}}