 
{"id":2796,"date":"2023-11-23T12:23:52","date_gmt":"2023-11-23T16:23:52","guid":{"rendered":"http:\/\/www.defensoria.gob.ve\/?p=2796"},"modified":"2023-11-23T12:24:22","modified_gmt":"2023-11-23T16:24:22","slug":"defensoria-delegada-de-miranda-participo-en-la-actividad-mi-identidad-mi-territorio-en-los-teques","status":"publish","type":"post","link":"http:\/\/www.defensoria.gob.ve\/?p=2796","title":{"rendered":"Defensor\u00eda Delegada de Miranda particip\u00f3 en la actividad \u00abMi Identidad, Mi Territorio\u00bb en Los Teques\u00a0"},"content":{"rendered":"\t\t<div data-elementor-type=\"wp-post\" data-elementor-id=\"2796\" class=\"elementor elementor-2796\">\n\t\t\t\t\t\t<section class=\"elementor-section elementor-top-section elementor-element elementor-element-59598092 elementor-section-boxed elementor-section-height-default elementor-section-height-default\" data-id=\"59598092\" data-element_type=\"section\" data-e-type=\"section\">\n\t\t\t\t\t\t<div class=\"elementor-container elementor-column-gap-default\">\n\t\t\t\t\t<div class=\"elementor-column elementor-col-100 elementor-top-column elementor-element elementor-element-3915e27\" data-id=\"3915e27\" data-element_type=\"column\" data-e-type=\"column\">\n\t\t\t<div class=\"elementor-widget-wrap elementor-element-populated\">\n\t\t\t\t\t\t<div class=\"elementor-element elementor-element-3241a6d1 elementor-widget elementor-widget-text-editor\" data-id=\"3241a6d1\" data-element_type=\"widget\" data-e-type=\"widget\" data-widget_type=\"text-editor.default\">\n\t\t\t\t<div class=\"elementor-widget-container\">\n\t\t\t\t\t\t\t\t\t\n<p><strong>(Miranda\/22-Nov-23)<\/strong>\u00a0Este mi\u00e9rcoles, el Defensor adjunto de la sede Los Teques, Ericksson Figueredo y el equipo defensorial, participaron en la actividad \u00abMi Identidad, Mi Territorio\u00bb, con una gran toma del bulevar Berm\u00fadez de Los Teques, en el marco del d\u00eda de los Derechos Universales del Ni\u00f1o, Ni\u00f1a y Adolescentes.\u00a0<\/p>\n\n\n\n<p>Dicha actividad estuvo organizada por la alcald\u00eda del municipio Bolivariano de Guaicaipuro, a trav\u00e9s del Sistema Municipal de Protecci\u00f3n de Ni\u00f1os, Ni\u00f1as y Adolescentes, con la finalidad de difundir los derechos de la infancia y la adolescencia.<\/p>\n\n\n\n<p>La ocasi\u00f3n fue propicia para sensibilizar sobre el buen trato que merecen nuestros ni\u00f1os, ni\u00f1as y adolescentes y el rol fundamental del Estado, la familia y la sociedad en el disfrute de sus derechos.&nbsp;<\/p>\n\n\n\n<p>Durante la actividad se distribuy\u00f3 material educativo y se brindaron charlas a transe\u00fantes, para promover el derecho a la participaci\u00f3n del pr\u00f3ximo domingo 3 de diciembre en el Referendo Consultivo para la defensa de nuestra Guayana Esequiba.<\/p>\n\n\n\n<p>Este encuentro cont\u00f3 con la participaci\u00f3n de la Polic\u00eda del Estado Miranda, la secretar\u00eda de Desarrollo Social de la Gobernaci\u00f3n de Miranda, Centro para el Desarrollo Educativo del municipio Guaicaipuro, IDENNA, Defensa P\u00fablica, Consejo Legislativo del Estado y la Defensor\u00eda del Pueblo.&nbsp;<strong>Fin\/Prensa Defensor\u00eda<\/strong><\/p>\n\t\t\t\t\t\t\t\t<\/div>\n\t\t\t\t<\/div>\n\t\t\t\t\t<\/div>\n\t\t<\/div>\n\t\t\t\t\t<\/div>\n\t\t<\/section>\n\t\t\t\t<\/div>\n\t\t","protected":false},"excerpt":{"rendered":"<p>(Miranda\/22-Nov-23)\u00a0Este mi\u00e9rcoles, el Defensor adjunto de la sede Los Teques, Ericksson Figueredo y el equipo defensorial, participaron en la actividad \u00abMi Identidad, Mi Territorio\u00bb, con una gran toma del bulevar&hellip; <\/p>\n","protected":false},"author":5,"featured_media":2798,"comment_status":"closed","ping_status":"closed","sticky":false,"template":"","format":"standard","meta":{"footnotes":""},"categories":[5],"tags":[],"class_list":["post-2796","post","type-post","status-publish","format-standard","has-post-thumbnail","hentry","category-regionales"],"yoast_head":"<!-- This site is optimized with the Yoast SEO plugin v27.4 - https:\/\/yoast.com\/product\/yoast-seo-wordpress\/ -->\n<title>Defensor\u00eda Delegada de Miranda particip\u00f3 en la actividad &quot;Mi Identidad, Mi Territorio&quot; en Los Teques\u00a0 -<\/title>\n<meta name=\"robots\" content=\"index, follow, max-snippet:-1, max-image-preview:large, max-video-preview:-1\" \/>\n<link rel=\"canonical\" href=\"http:\/\/www.defensoria.gob.ve\/?p=2796\" \/>\n<meta property=\"og:locale\" content=\"es_ES\" \/>\n<meta property=\"og:type\" content=\"article\" \/>\n<meta property=\"og:title\" content=\"Defensor\u00eda Delegada de Miranda particip\u00f3 en la actividad &quot;Mi Identidad, Mi Territorio&quot; en Los Teques\u00a0 -\" \/>\n<meta property=\"og:description\" content=\"(Miranda\/22-Nov-23)\u00a0Este mi\u00e9rcoles, el Defensor adjunto de la sede Los Teques, Ericksson Figueredo y el equipo defensorial, participaron en la actividad \u00abMi Identidad, Mi Territorio\u00bb, con una gran toma del bulevar&hellip;\" \/>\n<meta property=\"og:url\" content=\"http:\/\/www.defensoria.gob.ve\/?p=2796\" \/>\n<meta property=\"article:published_time\" content=\"2023-11-23T16:23:52+00:00\" \/>\n<meta property=\"article:modified_time\" content=\"2023-11-23T16:24:22+00:00\" \/>\n<meta property=\"og:image\" content=\"http:\/\/www.defensoria.gob.ve\/wp-content\/uploads\/2023\/11\/IMG_20231122_205707_525.webp\" \/>\n\t<meta property=\"og:image:width\" content=\"996\" \/>\n\t<meta property=\"og:image:height\" content=\"664\" \/>\n\t<meta property=\"og:image:type\" content=\"image\/webp\" \/>\n<meta name=\"author\" content=\"JC.\" \/>\n<meta name=\"twitter:card\" content=\"summary_large_image\" \/>\n<meta name=\"twitter:label1\" content=\"Escrito por\" \/>\n\t<meta name=\"twitter:data1\" content=\"JC.\" \/>\n\t<meta name=\"twitter:label2\" content=\"Tiempo estimado de lectura\" \/>\n\t<meta name=\"twitter:data2\" content=\"1 minuto\" \/>\n<script type=\"application\/ld+json\" class=\"yoast-schema-graph\">{\"@context\":\"https:\\\/\\\/schema.org\",\"@graph\":[{\"@type\":\"Article\",\"@id\":\"http:\\\/\\\/www.defensoria.gob.ve\\\/?p=2796#article\",\"isPartOf\":{\"@id\":\"http:\\\/\\\/www.defensoria.gob.ve\\\/?p=2796\"},\"author\":{\"name\":\"JC.\",\"@id\":\"http:\\\/\\\/www.defensoria.gob.ve\\\/#\\\/schema\\\/person\\\/fba14293189d7b1933ac7fba9d89e24a\"},\"headline\":\"Defensor\u00eda Delegada de Miranda particip\u00f3 en la actividad \u00abMi Identidad, Mi Territorio\u00bb en Los Teques\u00a0\",\"datePublished\":\"2023-11-23T16:23:52+00:00\",\"dateModified\":\"2023-11-23T16:24:22+00:00\",\"mainEntityOfPage\":{\"@id\":\"http:\\\/\\\/www.defensoria.gob.ve\\\/?p=2796\"},\"wordCount\":243,\"image\":{\"@id\":\"http:\\\/\\\/www.defensoria.gob.ve\\\/?p=2796#primaryimage\"},\"thumbnailUrl\":\"http:\\\/\\\/www.defensoria.gob.ve\\\/wp-content\\\/uploads\\\/2023\\\/11\\\/IMG_20231122_205707_525.webp\",\"articleSection\":[\"REGIONALES\"],\"inLanguage\":\"es\"},{\"@type\":\"WebPage\",\"@id\":\"http:\\\/\\\/www.defensoria.gob.ve\\\/?p=2796\",\"url\":\"http:\\\/\\\/www.defensoria.gob.ve\\\/?p=2796\",\"name\":\"Defensor\u00eda Delegada de Miranda particip\u00f3 en la actividad \\\"Mi Identidad, Mi Territorio\\\" en Los Teques\u00a0 -\",\"isPartOf\":{\"@id\":\"http:\\\/\\\/www.defensoria.gob.ve\\\/#website\"},\"primaryImageOfPage\":{\"@id\":\"http:\\\/\\\/www.defensoria.gob.ve\\\/?p=2796#primaryimage\"},\"image\":{\"@id\":\"http:\\\/\\\/www.defensoria.gob.ve\\\/?p=2796#primaryimage\"},\"thumbnailUrl\":\"http:\\\/\\\/www.defensoria.gob.ve\\\/wp-content\\\/uploads\\\/2023\\\/11\\\/IMG_20231122_205707_525.webp\",\"datePublished\":\"2023-11-23T16:23:52+00:00\",\"dateModified\":\"2023-11-23T16:24:22+00:00\",\"author\":{\"@id\":\"http:\\\/\\\/www.defensoria.gob.ve\\\/#\\\/schema\\\/person\\\/fba14293189d7b1933ac7fba9d89e24a\"},\"breadcrumb\":{\"@id\":\"http:\\\/\\\/www.defensoria.gob.ve\\\/?p=2796#breadcrumb\"},\"inLanguage\":\"es\",\"potentialAction\":[{\"@type\":\"ReadAction\",\"target\":[\"http:\\\/\\\/www.defensoria.gob.ve\\\/?p=2796\"]}]},{\"@type\":\"ImageObject\",\"inLanguage\":\"es\",\"@id\":\"http:\\\/\\\/www.defensoria.gob.ve\\\/?p=2796#primaryimage\",\"url\":\"http:\\\/\\\/www.defensoria.gob.ve\\\/wp-content\\\/uploads\\\/2023\\\/11\\\/IMG_20231122_205707_525.webp\",\"contentUrl\":\"http:\\\/\\\/www.defensoria.gob.ve\\\/wp-content\\\/uploads\\\/2023\\\/11\\\/IMG_20231122_205707_525.webp\",\"width\":996,\"height\":664},{\"@type\":\"BreadcrumbList\",\"@id\":\"http:\\\/\\\/www.defensoria.gob.ve\\\/?p=2796#breadcrumb\",\"itemListElement\":[{\"@type\":\"ListItem\",\"position\":1,\"name\":\"Portada\",\"item\":\"http:\\\/\\\/www.defensoria.gob.ve\\\/\"},{\"@type\":\"ListItem\",\"position\":2,\"name\":\"Defensor\u00eda Delegada de Miranda particip\u00f3 en la actividad \u00abMi Identidad, Mi Territorio\u00bb en Los Teques\u00a0\"}]},{\"@type\":\"WebSite\",\"@id\":\"http:\\\/\\\/www.defensoria.gob.ve\\\/#website\",\"url\":\"http:\\\/\\\/www.defensoria.gob.ve\\\/\",\"name\":\"\",\"description\":\"Instituci\u00f3n del Poder Ciudadano para la Promoci\u00f3n, Defensa y Vigilancia de los Derechos Humanos. \",\"potentialAction\":[{\"@type\":\"SearchAction\",\"target\":{\"@type\":\"EntryPoint\",\"urlTemplate\":\"http:\\\/\\\/www.defensoria.gob.ve\\\/?s={search_term_string}\"},\"query-input\":{\"@type\":\"PropertyValueSpecification\",\"valueRequired\":true,\"valueName\":\"search_term_string\"}}],\"inLanguage\":\"es\"},{\"@type\":\"Person\",\"@id\":\"http:\\\/\\\/www.defensoria.gob.ve\\\/#\\\/schema\\\/person\\\/fba14293189d7b1933ac7fba9d89e24a\",\"name\":\"JC.\",\"image\":{\"@type\":\"ImageObject\",\"inLanguage\":\"es\",\"@id\":\"https:\\\/\\\/secure.gravatar.com\\\/avatar\\\/f398a4de948606b38f0299d90ca738c674b648694bc725ed46503c240269dbf8?s=96&d=mm&r=g\",\"url\":\"https:\\\/\\\/secure.gravatar.com\\\/avatar\\\/f398a4de948606b38f0299d90ca738c674b648694bc725ed46503c240269dbf8?s=96&d=mm&r=g\",\"contentUrl\":\"https:\\\/\\\/secure.gravatar.com\\\/avatar\\\/f398a4de948606b38f0299d90ca738c674b648694bc725ed46503c240269dbf8?s=96&d=mm&r=g\",\"caption\":\"JC.\"},\"url\":\"http:\\\/\\\/www.defensoria.gob.ve\\\/?author=5\"}]}<\/script>\n<!-- \/ Yoast SEO plugin. -->","yoast_head_json":{"title":"Defensor\u00eda Delegada de Miranda particip\u00f3 en la actividad \"Mi Identidad, Mi Territorio\" en Los Teques\u00a0 -","robots":{"index":"index","follow":"follow","max-snippet":"max-snippet:-1","max-image-preview":"max-image-preview:large","max-video-preview":"max-video-preview:-1"},"canonical":"http:\/\/www.defensoria.gob.ve\/?p=2796","og_locale":"es_ES","og_type":"article","og_title":"Defensor\u00eda Delegada de Miranda particip\u00f3 en la actividad \"Mi Identidad, Mi Territorio\" en Los Teques\u00a0 -","og_description":"(Miranda\/22-Nov-23)\u00a0Este mi\u00e9rcoles, el Defensor adjunto de la sede Los Teques, Ericksson Figueredo y el equipo defensorial, participaron en la actividad \u00abMi Identidad, Mi Territorio\u00bb, con una gran toma del bulevar&hellip;","og_url":"http:\/\/www.defensoria.gob.ve\/?p=2796","article_published_time":"2023-11-23T16:23:52+00:00","article_modified_time":"2023-11-23T16:24:22+00:00","og_image":[{"width":996,"height":664,"url":"http:\/\/www.defensoria.gob.ve\/wp-content\/uploads\/2023\/11\/IMG_20231122_205707_525.webp","type":"image\/webp"}],"author":"JC.","twitter_card":"summary_large_image","twitter_misc":{"Escrito por":"JC.","Tiempo estimado de lectura":"1 minuto"},"schema":{"@context":"https:\/\/schema.org","@graph":[{"@type":"Article","@id":"http:\/\/www.defensoria.gob.ve\/?p=2796#article","isPartOf":{"@id":"http:\/\/www.defensoria.gob.ve\/?p=2796"},"author":{"name":"JC.","@id":"http:\/\/www.defensoria.gob.ve\/#\/schema\/person\/fba14293189d7b1933ac7fba9d89e24a"},"headline":"Defensor\u00eda Delegada de Miranda particip\u00f3 en la actividad \u00abMi Identidad, Mi Territorio\u00bb en Los Teques\u00a0","datePublished":"2023-11-23T16:23:52+00:00","dateModified":"2023-11-23T16:24:22+00:00","mainEntityOfPage":{"@id":"http:\/\/www.defensoria.gob.ve\/?p=2796"},"wordCount":243,"image":{"@id":"http:\/\/www.defensoria.gob.ve\/?p=2796#primaryimage"},"thumbnailUrl":"http:\/\/www.defensoria.gob.ve\/wp-content\/uploads\/2023\/11\/IMG_20231122_205707_525.webp","articleSection":["REGIONALES"],"inLanguage":"es"},{"@type":"WebPage","@id":"http:\/\/www.defensoria.gob.ve\/?p=2796","url":"http:\/\/www.defensoria.gob.ve\/?p=2796","name":"Defensor\u00eda Delegada de Miranda particip\u00f3 en la actividad \"Mi Identidad, Mi Territorio\" en Los Teques\u00a0 -","isPartOf":{"@id":"http:\/\/www.defensoria.gob.ve\/#website"},"primaryImageOfPage":{"@id":"http:\/\/www.defensoria.gob.ve\/?p=2796#primaryimage"},"image":{"@id":"http:\/\/www.defensoria.gob.ve\/?p=2796#primaryimage"},"thumbnailUrl":"http:\/\/www.defensoria.gob.ve\/wp-content\/uploads\/2023\/11\/IMG_20231122_205707_525.webp","datePublished":"2023-11-23T16:23:52+00:00","dateModified":"2023-11-23T16:24:22+00:00","author":{"@id":"http:\/\/www.defensoria.gob.ve\/#\/schema\/person\/fba14293189d7b1933ac7fba9d89e24a"},"breadcrumb":{"@id":"http:\/\/www.defensoria.gob.ve\/?p=2796#breadcrumb"},"inLanguage":"es","potentialAction":[{"@type":"ReadAction","target":["http:\/\/www.defensoria.gob.ve\/?p=2796"]}]},{"@type":"ImageObject","inLanguage":"es","@id":"http:\/\/www.defensoria.gob.ve\/?p=2796#primaryimage","url":"http:\/\/www.defensoria.gob.ve\/wp-content\/uploads\/2023\/11\/IMG_20231122_205707_525.webp","contentUrl":"http:\/\/www.defensoria.gob.ve\/wp-content\/uploads\/2023\/11\/IMG_20231122_205707_525.webp","width":996,"height":664},{"@type":"BreadcrumbList","@id":"http:\/\/www.defensoria.gob.ve\/?p=2796#breadcrumb","itemListElement":[{"@type":"ListItem","position":1,"name":"Portada","item":"http:\/\/www.defensoria.gob.ve\/"},{"@type":"ListItem","position":2,"name":"Defensor\u00eda Delegada de Miranda particip\u00f3 en la actividad \u00abMi Identidad, Mi Territorio\u00bb en Los Teques\u00a0"}]},{"@type":"WebSite","@id":"http:\/\/www.defensoria.gob.ve\/#website","url":"http:\/\/www.defensoria.gob.ve\/","name":"","description":"Instituci\u00f3n del Poder Ciudadano para la Promoci\u00f3n, Defensa y Vigilancia de los Derechos Humanos. ","potentialAction":[{"@type":"SearchAction","target":{"@type":"EntryPoint","urlTemplate":"http:\/\/www.defensoria.gob.ve\/?s={search_term_string}"},"query-input":{"@type":"PropertyValueSpecification","valueRequired":true,"valueName":"search_term_string"}}],"inLanguage":"es"},{"@type":"Person","@id":"http:\/\/www.defensoria.gob.ve\/#\/schema\/person\/fba14293189d7b1933ac7fba9d89e24a","name":"JC.","image":{"@type":"ImageObject","inLanguage":"es","@id":"https:\/\/secure.gravatar.com\/avatar\/f398a4de948606b38f0299d90ca738c674b648694bc725ed46503c240269dbf8?s=96&d=mm&r=g","url":"https:\/\/secure.gravatar.com\/avatar\/f398a4de948606b38f0299d90ca738c674b648694bc725ed46503c240269dbf8?s=96&d=mm&r=g","contentUrl":"https:\/\/secure.gravatar.com\/avatar\/f398a4de948606b38f0299d90ca738c674b648694bc725ed46503c240269dbf8?s=96&d=mm&r=g","caption":"JC."},"url":"http:\/\/www.defensoria.gob.ve\/?author=5"}]}},"_links":{"self":[{"href":"http:\/\/www.defensoria.gob.ve\/index.php?rest_route=\/wp\/v2\/posts\/2796","targetHints":{"allow":["GET"]}}],"collection":[{"href":"http:\/\/www.defensoria.gob.ve\/index.php?rest_route=\/wp\/v2\/posts"}],"about":[{"href":"http:\/\/www.defensoria.gob.ve\/index.php?rest_route=\/wp\/v2\/types\/post"}],"author":[{"embeddable":true,"href":"http:\/\/www.defensoria.gob.ve\/index.php?rest_route=\/wp\/v2\/users\/5"}],"replies":[{"embeddable":true,"href":"http:\/\/www.defensoria.gob.ve\/index.php?rest_route=%2Fwp%2Fv2%2Fcomments&post=2796"}],"version-history":[{"count":4,"href":"http:\/\/www.defensoria.gob.ve\/index.php?rest_route=\/wp\/v2\/posts\/2796\/revisions"}],"predecessor-version":[{"id":2802,"href":"http:\/\/www.defensoria.gob.ve\/index.php?rest_route=\/wp\/v2\/posts\/2796\/revisions\/2802"}],"wp:featuredmedia":[{"embeddable":true,"href":"http:\/\/www.defensoria.gob.ve\/index.php?rest_route=\/wp\/v2\/media\/2798"}],"wp:attachment":[{"href":"http:\/\/www.defensoria.gob.ve\/index.php?rest_route=%2Fwp%2Fv2%2Fmedia&parent=2796"}],"wp:term":[{"taxonomy":"category","embeddable":true,"href":"http:\/\/www.defensoria.gob.ve\/index.php?rest_route=%2Fwp%2Fv2%2Fcategories&post=2796"},{"taxonomy":"post_tag","embeddable":true,"href":"http:\/\/www.defensoria.gob.ve\/index.php?rest_route=%2Fwp%2Fv2%2Ftags&post=2796"}],"curies":[{"name":"wp","href":"https:\/\/api.w.org\/{rel}","templated":true}]}}