 
{"id":2929,"date":"2023-11-29T16:06:08","date_gmt":"2023-11-29T20:06:08","guid":{"rendered":"http:\/\/www.defensoria.gob.ve\/?p=2929"},"modified":"2023-11-29T16:06:24","modified_gmt":"2023-11-29T20:06:24","slug":"defensoria-delegada-de-sucre-realizo-foro-movilidad-humana-y-prevencion-de-la-trata-de-personas","status":"publish","type":"post","link":"http:\/\/www.defensoria.gob.ve\/?p=2929","title":{"rendered":"Defensor\u00eda Delegada de Sucre realiz\u00f3 foro \u201cMovilidad Humana y Prevenci\u00f3n de la Trata de Personas\u201d"},"content":{"rendered":"\t\t<div data-elementor-type=\"wp-post\" data-elementor-id=\"2929\" class=\"elementor elementor-2929\">\n\t\t\t\t\t\t<section class=\"elementor-section elementor-top-section elementor-element elementor-element-10e78ab4 elementor-section-boxed elementor-section-height-default elementor-section-height-default\" data-id=\"10e78ab4\" data-element_type=\"section\" data-e-type=\"section\">\n\t\t\t\t\t\t<div class=\"elementor-container elementor-column-gap-default\">\n\t\t\t\t\t<div class=\"elementor-column elementor-col-100 elementor-top-column elementor-element elementor-element-4f64f8d4\" data-id=\"4f64f8d4\" data-element_type=\"column\" data-e-type=\"column\">\n\t\t\t<div class=\"elementor-widget-wrap elementor-element-populated\">\n\t\t\t\t\t\t<div class=\"elementor-element elementor-element-6aa13795 elementor-widget elementor-widget-text-editor\" data-id=\"6aa13795\" data-element_type=\"widget\" data-e-type=\"widget\" data-widget_type=\"text-editor.default\">\n\t\t\t\t<div class=\"elementor-widget-container\">\n\t\t\t\t\t\t\t\t\t\n<p><strong>(Sucre-29-NOV-23)<\/strong> En el marco de las actividades formativas que viene realizando la Defensor\u00eda Delegada del estado Sucre junto al equipo nacional, dirigido por el Director en Materias Especial Atenci\u00f3n de la Defensor\u00eda del Pueblo, Edward Ferrazza, dictaron un foro \u00abMovilidad Humana y Prevenci\u00f3n de la Trata de Personas\u00bb, actividad enmarcada en la conmemoraci\u00f3n del D\u00eda Internacional de la No Violencia en Contra de la Mujer.<\/p>\n\n\n\n<p>Dicho evento se llev\u00f3 acabo en las instalaciones del Teatro \u00abLuis Mariano Rivera\u00bb de Cuman\u00e1, actividad que sirvi\u00f3 para dar a conocer a todos los asistentes acerca de la movilidad humana y la prevenci\u00f3n de la trata de personas, temas de suma importancia para nuestra sociedad como la migraci\u00f3n inducida y el \u00e9xodo migratorio, el derecho de la protecci\u00f3n internacional para las personas refugiadas. Formaci\u00f3n que tuvo mucha receptividad por parte de los presentes que adem\u00e1s pudieron saber m\u00e1s de la Ley Org\u00e1nica sobre Refugiados o Refugiadas y Asilados o Asiladas (LORRA).<\/p>\n\n\n\n<figure class=\"wp-block-image size-full\"><img fetchpriority=\"high\" decoding=\"async\" width=\"768\" height=\"345\" src=\"http:\/\/www.defensoria.gob.ve\/wp-content\/uploads\/2023\/11\/34.jpg\" alt=\"\" class=\"wp-image-2931\" srcset=\"http:\/\/www.defensoria.gob.ve\/wp-content\/uploads\/2023\/11\/34.jpg 768w, http:\/\/www.defensoria.gob.ve\/wp-content\/uploads\/2023\/11\/34-300x135.jpg 300w\" sizes=\"(max-width: 768px) 100vw, 768px\" \/><\/figure>\n\n\n\n<p>Se cont\u00f3 con la presencia de Arecelis Gordons de Pinto, presidenta de la Fundaci\u00f3n Ni\u00f1o Sim\u00f3n- Sucre; 2do Comandante de la ZODI-SUCRE, General Carlos Alexander Borrero Carrillo; Haidee Nava, Directora Estadal del Ministerio del Poder Popular para la Mujer y la Igualdad de G\u00e9nero en Sucre; la Juez Superior en materia de LOPNNA, Mar\u00eda Eugenia Graziani Licet; Gabriela de Freitas, Defensora Delegada Especial con competencia nacional en Protecci\u00f3n de los NNA y Zurelys D\u00edaz, Defensora Delegada Especial con competencia nacional en Protecci\u00f3n a las Personas Migrantes, Refugiados y V\u00edctimas de Trata.<\/p>\n\n\n\n<p>Se pudo conocer a trav\u00e9s de la ponencia del Director en Materias Especial Atenci\u00f3n de la Defensor\u00eda del Pueblo, Edward Ferrazza, sobre la explotaci\u00f3n laboral, el trabajo o servicios forzados como nuevas formas de esclavitud y los principales mecanismos de la trata de personas. As\u00ed como las formas de captura a este tipo de delito, los factores de riesgos que generan y a quien acudir en caso de pasar una situaci\u00f3n similar.<\/p>\n\n\n\n<p>Es importante recordar que la Instituci\u00f3n Nacional de los Derechos Humanos ha continuado con el proceso de formaci\u00f3n en materia de DDHH de las v\u00edctimas de la trata de personas, espec\u00edficamente mujeres, ni\u00f1as y adolescentes, con el apoyo del Fondo de las Naciones Unidas para la Infancia (Unicef). <strong>FIN\/ PRENSA Defensor\u00eda<\/strong><\/p>\n\t\t\t\t\t\t\t\t<\/div>\n\t\t\t\t<\/div>\n\t\t\t\t\t<\/div>\n\t\t<\/div>\n\t\t\t\t\t<\/div>\n\t\t<\/section>\n\t\t\t\t<\/div>\n\t\t","protected":false},"excerpt":{"rendered":"<p>(Sucre-29-NOV-23) En el marco de las actividades formativas que viene realizando la Defensor\u00eda Delegada del estado Sucre junto al equipo nacional, dirigido por el Director en Materias Especial Atenci\u00f3n de&hellip; <\/p>\n","protected":false},"author":5,"featured_media":2932,"comment_status":"closed","ping_status":"closed","sticky":false,"template":"","format":"standard","meta":{"footnotes":""},"categories":[5],"tags":[],"class_list":["post-2929","post","type-post","status-publish","format-standard","has-post-thumbnail","hentry","category-regionales"],"yoast_head":"<!-- This site is optimized with the Yoast SEO plugin v27.4 - https:\/\/yoast.com\/product\/yoast-seo-wordpress\/ -->\n<title>Defensor\u00eda Delegada de Sucre realiz\u00f3 foro \u201cMovilidad Humana y Prevenci\u00f3n de la Trata de Personas\u201d -<\/title>\n<meta name=\"robots\" content=\"index, follow, max-snippet:-1, max-image-preview:large, max-video-preview:-1\" \/>\n<link rel=\"canonical\" href=\"http:\/\/www.defensoria.gob.ve\/?p=2929\" \/>\n<meta property=\"og:locale\" content=\"es_ES\" \/>\n<meta property=\"og:type\" content=\"article\" \/>\n<meta property=\"og:title\" content=\"Defensor\u00eda Delegada de Sucre realiz\u00f3 foro \u201cMovilidad Humana y Prevenci\u00f3n de la Trata de Personas\u201d -\" \/>\n<meta property=\"og:description\" content=\"(Sucre-29-NOV-23) En el marco de las actividades formativas que viene realizando la Defensor\u00eda Delegada del estado Sucre junto al equipo nacional, dirigido por el Director en Materias Especial Atenci\u00f3n de&hellip;\" \/>\n<meta property=\"og:url\" content=\"http:\/\/www.defensoria.gob.ve\/?p=2929\" \/>\n<meta property=\"article:published_time\" content=\"2023-11-29T20:06:08+00:00\" \/>\n<meta property=\"article:modified_time\" content=\"2023-11-29T20:06:24+00:00\" \/>\n<meta property=\"og:image\" content=\"http:\/\/www.defensoria.gob.ve\/wp-content\/uploads\/2023\/11\/35-1.jpg\" \/>\n\t<meta property=\"og:image:width\" content=\"768\" \/>\n\t<meta property=\"og:image:height\" content=\"432\" \/>\n\t<meta property=\"og:image:type\" content=\"image\/jpeg\" \/>\n<meta name=\"author\" content=\"JC.\" \/>\n<meta name=\"twitter:card\" content=\"summary_large_image\" \/>\n<meta name=\"twitter:label1\" content=\"Escrito por\" \/>\n\t<meta name=\"twitter:data1\" content=\"JC.\" \/>\n\t<meta name=\"twitter:label2\" content=\"Tiempo estimado de lectura\" \/>\n\t<meta name=\"twitter:data2\" content=\"2 minutos\" \/>\n<script type=\"application\/ld+json\" class=\"yoast-schema-graph\">{\"@context\":\"https:\\\/\\\/schema.org\",\"@graph\":[{\"@type\":\"Article\",\"@id\":\"http:\\\/\\\/www.defensoria.gob.ve\\\/?p=2929#article\",\"isPartOf\":{\"@id\":\"http:\\\/\\\/www.defensoria.gob.ve\\\/?p=2929\"},\"author\":{\"name\":\"JC.\",\"@id\":\"http:\\\/\\\/www.defensoria.gob.ve\\\/#\\\/schema\\\/person\\\/fba14293189d7b1933ac7fba9d89e24a\"},\"headline\":\"Defensor\u00eda Delegada de Sucre realiz\u00f3 foro \u201cMovilidad Humana y Prevenci\u00f3n de la Trata de Personas\u201d\",\"datePublished\":\"2023-11-29T20:06:08+00:00\",\"dateModified\":\"2023-11-29T20:06:24+00:00\",\"mainEntityOfPage\":{\"@id\":\"http:\\\/\\\/www.defensoria.gob.ve\\\/?p=2929\"},\"wordCount\":422,\"image\":{\"@id\":\"http:\\\/\\\/www.defensoria.gob.ve\\\/?p=2929#primaryimage\"},\"thumbnailUrl\":\"http:\\\/\\\/www.defensoria.gob.ve\\\/wp-content\\\/uploads\\\/2023\\\/11\\\/35-1.jpg\",\"articleSection\":[\"REGIONALES\"],\"inLanguage\":\"es\"},{\"@type\":\"WebPage\",\"@id\":\"http:\\\/\\\/www.defensoria.gob.ve\\\/?p=2929\",\"url\":\"http:\\\/\\\/www.defensoria.gob.ve\\\/?p=2929\",\"name\":\"Defensor\u00eda Delegada de Sucre realiz\u00f3 foro \u201cMovilidad Humana y Prevenci\u00f3n de la Trata de Personas\u201d -\",\"isPartOf\":{\"@id\":\"http:\\\/\\\/www.defensoria.gob.ve\\\/#website\"},\"primaryImageOfPage\":{\"@id\":\"http:\\\/\\\/www.defensoria.gob.ve\\\/?p=2929#primaryimage\"},\"image\":{\"@id\":\"http:\\\/\\\/www.defensoria.gob.ve\\\/?p=2929#primaryimage\"},\"thumbnailUrl\":\"http:\\\/\\\/www.defensoria.gob.ve\\\/wp-content\\\/uploads\\\/2023\\\/11\\\/35-1.jpg\",\"datePublished\":\"2023-11-29T20:06:08+00:00\",\"dateModified\":\"2023-11-29T20:06:24+00:00\",\"author\":{\"@id\":\"http:\\\/\\\/www.defensoria.gob.ve\\\/#\\\/schema\\\/person\\\/fba14293189d7b1933ac7fba9d89e24a\"},\"breadcrumb\":{\"@id\":\"http:\\\/\\\/www.defensoria.gob.ve\\\/?p=2929#breadcrumb\"},\"inLanguage\":\"es\",\"potentialAction\":[{\"@type\":\"ReadAction\",\"target\":[\"http:\\\/\\\/www.defensoria.gob.ve\\\/?p=2929\"]}]},{\"@type\":\"ImageObject\",\"inLanguage\":\"es\",\"@id\":\"http:\\\/\\\/www.defensoria.gob.ve\\\/?p=2929#primaryimage\",\"url\":\"http:\\\/\\\/www.defensoria.gob.ve\\\/wp-content\\\/uploads\\\/2023\\\/11\\\/35-1.jpg\",\"contentUrl\":\"http:\\\/\\\/www.defensoria.gob.ve\\\/wp-content\\\/uploads\\\/2023\\\/11\\\/35-1.jpg\",\"width\":768,\"height\":432},{\"@type\":\"BreadcrumbList\",\"@id\":\"http:\\\/\\\/www.defensoria.gob.ve\\\/?p=2929#breadcrumb\",\"itemListElement\":[{\"@type\":\"ListItem\",\"position\":1,\"name\":\"Portada\",\"item\":\"http:\\\/\\\/www.defensoria.gob.ve\\\/\"},{\"@type\":\"ListItem\",\"position\":2,\"name\":\"Defensor\u00eda Delegada de Sucre realiz\u00f3 foro \u201cMovilidad Humana y Prevenci\u00f3n de la Trata de Personas\u201d\"}]},{\"@type\":\"WebSite\",\"@id\":\"http:\\\/\\\/www.defensoria.gob.ve\\\/#website\",\"url\":\"http:\\\/\\\/www.defensoria.gob.ve\\\/\",\"name\":\"\",\"description\":\"Instituci\u00f3n del Poder Ciudadano para la Promoci\u00f3n, Defensa y Vigilancia de los Derechos Humanos. \",\"potentialAction\":[{\"@type\":\"SearchAction\",\"target\":{\"@type\":\"EntryPoint\",\"urlTemplate\":\"http:\\\/\\\/www.defensoria.gob.ve\\\/?s={search_term_string}\"},\"query-input\":{\"@type\":\"PropertyValueSpecification\",\"valueRequired\":true,\"valueName\":\"search_term_string\"}}],\"inLanguage\":\"es\"},{\"@type\":\"Person\",\"@id\":\"http:\\\/\\\/www.defensoria.gob.ve\\\/#\\\/schema\\\/person\\\/fba14293189d7b1933ac7fba9d89e24a\",\"name\":\"JC.\",\"image\":{\"@type\":\"ImageObject\",\"inLanguage\":\"es\",\"@id\":\"https:\\\/\\\/secure.gravatar.com\\\/avatar\\\/f398a4de948606b38f0299d90ca738c674b648694bc725ed46503c240269dbf8?s=96&d=mm&r=g\",\"url\":\"https:\\\/\\\/secure.gravatar.com\\\/avatar\\\/f398a4de948606b38f0299d90ca738c674b648694bc725ed46503c240269dbf8?s=96&d=mm&r=g\",\"contentUrl\":\"https:\\\/\\\/secure.gravatar.com\\\/avatar\\\/f398a4de948606b38f0299d90ca738c674b648694bc725ed46503c240269dbf8?s=96&d=mm&r=g\",\"caption\":\"JC.\"},\"url\":\"http:\\\/\\\/www.defensoria.gob.ve\\\/?author=5\"}]}<\/script>\n<!-- \/ Yoast SEO plugin. -->","yoast_head_json":{"title":"Defensor\u00eda Delegada de Sucre realiz\u00f3 foro \u201cMovilidad Humana y Prevenci\u00f3n de la Trata de Personas\u201d -","robots":{"index":"index","follow":"follow","max-snippet":"max-snippet:-1","max-image-preview":"max-image-preview:large","max-video-preview":"max-video-preview:-1"},"canonical":"http:\/\/www.defensoria.gob.ve\/?p=2929","og_locale":"es_ES","og_type":"article","og_title":"Defensor\u00eda Delegada de Sucre realiz\u00f3 foro \u201cMovilidad Humana y Prevenci\u00f3n de la Trata de Personas\u201d -","og_description":"(Sucre-29-NOV-23) En el marco de las actividades formativas que viene realizando la Defensor\u00eda Delegada del estado Sucre junto al equipo nacional, dirigido por el Director en Materias Especial Atenci\u00f3n de&hellip;","og_url":"http:\/\/www.defensoria.gob.ve\/?p=2929","article_published_time":"2023-11-29T20:06:08+00:00","article_modified_time":"2023-11-29T20:06:24+00:00","og_image":[{"width":768,"height":432,"url":"http:\/\/www.defensoria.gob.ve\/wp-content\/uploads\/2023\/11\/35-1.jpg","type":"image\/jpeg"}],"author":"JC.","twitter_card":"summary_large_image","twitter_misc":{"Escrito por":"JC.","Tiempo estimado de lectura":"2 minutos"},"schema":{"@context":"https:\/\/schema.org","@graph":[{"@type":"Article","@id":"http:\/\/www.defensoria.gob.ve\/?p=2929#article","isPartOf":{"@id":"http:\/\/www.defensoria.gob.ve\/?p=2929"},"author":{"name":"JC.","@id":"http:\/\/www.defensoria.gob.ve\/#\/schema\/person\/fba14293189d7b1933ac7fba9d89e24a"},"headline":"Defensor\u00eda Delegada de Sucre realiz\u00f3 foro \u201cMovilidad Humana y Prevenci\u00f3n de la Trata de Personas\u201d","datePublished":"2023-11-29T20:06:08+00:00","dateModified":"2023-11-29T20:06:24+00:00","mainEntityOfPage":{"@id":"http:\/\/www.defensoria.gob.ve\/?p=2929"},"wordCount":422,"image":{"@id":"http:\/\/www.defensoria.gob.ve\/?p=2929#primaryimage"},"thumbnailUrl":"http:\/\/www.defensoria.gob.ve\/wp-content\/uploads\/2023\/11\/35-1.jpg","articleSection":["REGIONALES"],"inLanguage":"es"},{"@type":"WebPage","@id":"http:\/\/www.defensoria.gob.ve\/?p=2929","url":"http:\/\/www.defensoria.gob.ve\/?p=2929","name":"Defensor\u00eda Delegada de Sucre realiz\u00f3 foro \u201cMovilidad Humana y Prevenci\u00f3n de la Trata de Personas\u201d -","isPartOf":{"@id":"http:\/\/www.defensoria.gob.ve\/#website"},"primaryImageOfPage":{"@id":"http:\/\/www.defensoria.gob.ve\/?p=2929#primaryimage"},"image":{"@id":"http:\/\/www.defensoria.gob.ve\/?p=2929#primaryimage"},"thumbnailUrl":"http:\/\/www.defensoria.gob.ve\/wp-content\/uploads\/2023\/11\/35-1.jpg","datePublished":"2023-11-29T20:06:08+00:00","dateModified":"2023-11-29T20:06:24+00:00","author":{"@id":"http:\/\/www.defensoria.gob.ve\/#\/schema\/person\/fba14293189d7b1933ac7fba9d89e24a"},"breadcrumb":{"@id":"http:\/\/www.defensoria.gob.ve\/?p=2929#breadcrumb"},"inLanguage":"es","potentialAction":[{"@type":"ReadAction","target":["http:\/\/www.defensoria.gob.ve\/?p=2929"]}]},{"@type":"ImageObject","inLanguage":"es","@id":"http:\/\/www.defensoria.gob.ve\/?p=2929#primaryimage","url":"http:\/\/www.defensoria.gob.ve\/wp-content\/uploads\/2023\/11\/35-1.jpg","contentUrl":"http:\/\/www.defensoria.gob.ve\/wp-content\/uploads\/2023\/11\/35-1.jpg","width":768,"height":432},{"@type":"BreadcrumbList","@id":"http:\/\/www.defensoria.gob.ve\/?p=2929#breadcrumb","itemListElement":[{"@type":"ListItem","position":1,"name":"Portada","item":"http:\/\/www.defensoria.gob.ve\/"},{"@type":"ListItem","position":2,"name":"Defensor\u00eda Delegada de Sucre realiz\u00f3 foro \u201cMovilidad Humana y Prevenci\u00f3n de la Trata de Personas\u201d"}]},{"@type":"WebSite","@id":"http:\/\/www.defensoria.gob.ve\/#website","url":"http:\/\/www.defensoria.gob.ve\/","name":"","description":"Instituci\u00f3n del Poder Ciudadano para la Promoci\u00f3n, Defensa y Vigilancia de los Derechos Humanos. ","potentialAction":[{"@type":"SearchAction","target":{"@type":"EntryPoint","urlTemplate":"http:\/\/www.defensoria.gob.ve\/?s={search_term_string}"},"query-input":{"@type":"PropertyValueSpecification","valueRequired":true,"valueName":"search_term_string"}}],"inLanguage":"es"},{"@type":"Person","@id":"http:\/\/www.defensoria.gob.ve\/#\/schema\/person\/fba14293189d7b1933ac7fba9d89e24a","name":"JC.","image":{"@type":"ImageObject","inLanguage":"es","@id":"https:\/\/secure.gravatar.com\/avatar\/f398a4de948606b38f0299d90ca738c674b648694bc725ed46503c240269dbf8?s=96&d=mm&r=g","url":"https:\/\/secure.gravatar.com\/avatar\/f398a4de948606b38f0299d90ca738c674b648694bc725ed46503c240269dbf8?s=96&d=mm&r=g","contentUrl":"https:\/\/secure.gravatar.com\/avatar\/f398a4de948606b38f0299d90ca738c674b648694bc725ed46503c240269dbf8?s=96&d=mm&r=g","caption":"JC."},"url":"http:\/\/www.defensoria.gob.ve\/?author=5"}]}},"_links":{"self":[{"href":"http:\/\/www.defensoria.gob.ve\/index.php?rest_route=\/wp\/v2\/posts\/2929","targetHints":{"allow":["GET"]}}],"collection":[{"href":"http:\/\/www.defensoria.gob.ve\/index.php?rest_route=\/wp\/v2\/posts"}],"about":[{"href":"http:\/\/www.defensoria.gob.ve\/index.php?rest_route=\/wp\/v2\/types\/post"}],"author":[{"embeddable":true,"href":"http:\/\/www.defensoria.gob.ve\/index.php?rest_route=\/wp\/v2\/users\/5"}],"replies":[{"embeddable":true,"href":"http:\/\/www.defensoria.gob.ve\/index.php?rest_route=%2Fwp%2Fv2%2Fcomments&post=2929"}],"version-history":[{"count":4,"href":"http:\/\/www.defensoria.gob.ve\/index.php?rest_route=\/wp\/v2\/posts\/2929\/revisions"}],"predecessor-version":[{"id":2936,"href":"http:\/\/www.defensoria.gob.ve\/index.php?rest_route=\/wp\/v2\/posts\/2929\/revisions\/2936"}],"wp:featuredmedia":[{"embeddable":true,"href":"http:\/\/www.defensoria.gob.ve\/index.php?rest_route=\/wp\/v2\/media\/2932"}],"wp:attachment":[{"href":"http:\/\/www.defensoria.gob.ve\/index.php?rest_route=%2Fwp%2Fv2%2Fmedia&parent=2929"}],"wp:term":[{"taxonomy":"category","embeddable":true,"href":"http:\/\/www.defensoria.gob.ve\/index.php?rest_route=%2Fwp%2Fv2%2Fcategories&post=2929"},{"taxonomy":"post_tag","embeddable":true,"href":"http:\/\/www.defensoria.gob.ve\/index.php?rest_route=%2Fwp%2Fv2%2Ftags&post=2929"}],"curies":[{"name":"wp","href":"https:\/\/api.w.org\/{rel}","templated":true}]}}