 
{"id":3131,"date":"2023-12-11T09:33:41","date_gmt":"2023-12-11T13:33:41","guid":{"rendered":"http:\/\/www.defensoria.gob.ve\/?p=3131"},"modified":"2023-12-11T09:35:47","modified_gmt":"2023-12-11T13:35:47","slug":"defensoria-del-pueblo-realizo-foro-para-rememorar-el-75o-aniversario-de-la-declaracion-universal-de-los-dd-hh","status":"publish","type":"post","link":"http:\/\/www.defensoria.gob.ve\/?p=3131","title":{"rendered":"Defensor\u00eda del pueblo realiz\u00f3 foro para rememorar el 75\u00ba Aniversario de la Declaraci\u00f3n Universal de los DD.HH."},"content":{"rendered":"\t\t<div data-elementor-type=\"wp-post\" data-elementor-id=\"3131\" class=\"elementor elementor-3131\">\n\t\t\t\t\t\t<section class=\"elementor-section elementor-top-section elementor-element elementor-element-9da982d elementor-section-boxed elementor-section-height-default elementor-section-height-default\" data-id=\"9da982d\" data-element_type=\"section\" data-e-type=\"section\">\n\t\t\t\t\t\t<div class=\"elementor-container elementor-column-gap-default\">\n\t\t\t\t\t<div class=\"elementor-column elementor-col-100 elementor-top-column elementor-element elementor-element-286eba60\" data-id=\"286eba60\" data-element_type=\"column\" data-e-type=\"column\">\n\t\t\t<div class=\"elementor-widget-wrap elementor-element-populated\">\n\t\t\t\t\t\t<div class=\"elementor-element elementor-element-563a44dd elementor-widget elementor-widget-text-editor\" data-id=\"563a44dd\" data-element_type=\"widget\" data-e-type=\"widget\" data-widget_type=\"text-editor.default\">\n\t\t\t\t<div class=\"elementor-widget-container\">\n\t\t\t\t\t\t\t\t\t\n<p><strong>(09-Dic-2023)<\/strong> En el marco de la conmemoraci\u00f3n del 75\u00ba Aniversario de la Declaraci\u00f3n Universal de los Derechos Humanos (10 de diciembre de 1948), el 30\u00b0 aniversario de Los Principios de Par\u00eds y el 39\u00b0 aniversario  de la Convenci\u00f3n contra la Tortura, la Defensor\u00eda del Pueblo realiz\u00f3 un Foro \u201cAniversario de los DD.HH: Un Abrazo por la Paz\u201d, efectuado en el Centro Financiero Latino en Caracas. <\/p>\n\n\n\n<p>Al evento asistieron el Defensor del Pueblo, Alfredo Ruiz Angulo; el Defensor Delegado del estado Miranda, Jos\u00e9 Guzm\u00e1n; la Defensora Delegada del \u00c1rea Metropolitana de Caracas, Pascualina Del Vecchio; los directores generales y defensores especiales, el Viceministro para \u00c1frica, Yuri Pimentel; as\u00ed como los Embajadores de Palestina, Siria, Egipto, Ir\u00e1n, y representantes diplom\u00e1ticos de Indonesia y China, entre otras naciones. <\/p>\n\n\n\n<p>Tambi\u00e9n participaron representantes de varias comunidades religiosas del pa\u00eds, tales como: Gladys Quiroga, Directora de Ceremonia de la Regla Osha; Johan Pinto Moreh, de la Congregaci\u00f3n Hebrea Sefard\u00ed y Eddith Castro Tisoy, Representante del Pueblo Ind\u00edgena Inga. <\/p>\n\n\n\n<figure class=\"wp-block-image size-full\"><img fetchpriority=\"high\" decoding=\"async\" width=\"841\" height=\"552\" src=\"http:\/\/www.defensoria.gob.ve\/wp-content\/uploads\/2023\/12\/3-1.png\" alt=\"\" class=\"wp-image-3132\" srcset=\"http:\/\/www.defensoria.gob.ve\/wp-content\/uploads\/2023\/12\/3-1.png 841w, http:\/\/www.defensoria.gob.ve\/wp-content\/uploads\/2023\/12\/3-1-300x197.png 300w, http:\/\/www.defensoria.gob.ve\/wp-content\/uploads\/2023\/12\/3-1-768x504.png 768w\" sizes=\"(max-width: 841px) 100vw, 841px\" \/><\/figure>\n\n\n\n<p>En sus palabras de apertura, el titular del ente defensorial dijo que \u201ceste d\u00eda es muy importante en muchas pa\u00edses y para muchas personas que est\u00e1n muy pendientes de la celebraci\u00f3n  y la oraci\u00f3n por la paz, celebramos especialmente el 75\u00ba Aniversario de la Declaraci\u00f3n Universal de los DD.HH., recordando que Venezuela y otras 18 naciones est\u00e1n formalizando alianzas y promoviendo volver a los principios que dieron origen a la Organizaci\u00f3n de las Naciones Unidas (ONU), y es por eso que el Viceministro, Yuri Pimentel, nos ha explicado lo que es el Grupo de Amigos de la Carta de la ONU, los principios y objetivos de la ONU y los derechos de los pueblos, donde convergen 19 naciones en defensa de los derechos humanos\u201d. <\/p>\n\n\n\n<p>Igualmente, Ruiz record\u00f3 que los conflictos se deben resolver de manera pac\u00edfica y a favor de la paz y la convivencia. Indic\u00f3 que durante un conflicto b\u00e9lico en cualquier parte del mundo se debe respetar la vida, la integridad y la seguridad de las personas que no participan directamente en el conflicto, especialmente los ni\u00f1os, las ni\u00f1as, el personal de salud, entre otros.  Por lo que culmin\u00f3 diciendo que \u201csin paz y justicia peligran los derechos humanos\u201d, como dijo el pr\u00f3cer mexicano Benito Ju\u00e1rez \u201centre las personas, como entre las naciones, el respeto al derecho ajeno es la paz\u201d. <\/p>\n\n\n\n<p>El Defensor inform\u00f3 que este lunes 11, del presente mes, se estar\u00e1n reuniendo con estudiantes de la Universidad Nacional Experimental de las Fuerzas Armadas (Unefa), para conversar c\u00f3mo se construye la paz en las comunidades, a partir de la justicia comunal, con la creaci\u00f3n de equipos de justicia de paz en las comunas y consejos comunales, contando con la direcci\u00f3n y coordinaci\u00f3n del Tribunal Supremo de Justicia, construyendo la justicia de paz comunal.  <\/p>\n\n\n\n<p>El evento finaliz\u00f3 con oraciones por la paz a cargo de representantes de religiones ancestrales, Yoruba, Ifa, Inga y la comunidad hebrea, con la intenci\u00f3n de promover el reencuentro de todas las comunidades en el pa\u00eds  y en el mundo para una sana convivencia.<strong> FIN \/ PRENSA Defensor\u00eda<\/strong><\/p>\n\t\t\t\t\t\t\t\t<\/div>\n\t\t\t\t<\/div>\n\t\t\t\t\t<\/div>\n\t\t<\/div>\n\t\t\t\t\t<\/div>\n\t\t<\/section>\n\t\t\t\t<\/div>\n\t\t","protected":false},"excerpt":{"rendered":"<p>(09-Dic-2023) En el marco de la conmemoraci\u00f3n del 75\u00ba Aniversario de la Declaraci\u00f3n Universal de los Derechos Humanos (10 de diciembre de 1948), el 30\u00b0 aniversario de Los Principios de&hellip; <\/p>\n","protected":false},"author":5,"featured_media":3133,"comment_status":"closed","ping_status":"closed","sticky":false,"template":"","format":"standard","meta":{"footnotes":""},"categories":[3],"tags":[],"class_list":["post-3131","post","type-post","status-publish","format-standard","has-post-thumbnail","hentry","category-centrales"],"yoast_head":"<!-- This site is optimized with the Yoast SEO plugin v27.4 - https:\/\/yoast.com\/product\/yoast-seo-wordpress\/ -->\n<title>Defensor\u00eda del pueblo realiz\u00f3 foro para rememorar el 75\u00ba Aniversario de la Declaraci\u00f3n Universal de los DD.HH. -<\/title>\n<meta name=\"robots\" content=\"index, follow, max-snippet:-1, max-image-preview:large, max-video-preview:-1\" \/>\n<link rel=\"canonical\" href=\"http:\/\/www.defensoria.gob.ve\/?p=3131\" \/>\n<meta property=\"og:locale\" content=\"es_ES\" \/>\n<meta property=\"og:type\" content=\"article\" \/>\n<meta property=\"og:title\" content=\"Defensor\u00eda del pueblo realiz\u00f3 foro para rememorar el 75\u00ba Aniversario de la Declaraci\u00f3n Universal de los DD.HH. -\" \/>\n<meta property=\"og:description\" content=\"(09-Dic-2023) En el marco de la conmemoraci\u00f3n del 75\u00ba Aniversario de la Declaraci\u00f3n Universal de los Derechos Humanos (10 de diciembre de 1948), el 30\u00b0 aniversario de Los Principios de&hellip;\" \/>\n<meta property=\"og:url\" content=\"http:\/\/www.defensoria.gob.ve\/?p=3131\" \/>\n<meta property=\"article:published_time\" content=\"2023-12-11T13:33:41+00:00\" \/>\n<meta property=\"article:modified_time\" content=\"2023-12-11T13:35:47+00:00\" \/>\n<meta property=\"og:image\" content=\"http:\/\/www.defensoria.gob.ve\/wp-content\/uploads\/2023\/12\/2.png\" \/>\n\t<meta property=\"og:image:width\" content=\"769\" \/>\n\t<meta property=\"og:image:height\" content=\"503\" \/>\n\t<meta property=\"og:image:type\" content=\"image\/png\" \/>\n<meta name=\"author\" content=\"JC.\" \/>\n<meta name=\"twitter:card\" content=\"summary_large_image\" \/>\n<meta name=\"twitter:label1\" content=\"Escrito por\" \/>\n\t<meta name=\"twitter:data1\" content=\"JC.\" \/>\n\t<meta name=\"twitter:label2\" content=\"Tiempo estimado de lectura\" \/>\n\t<meta name=\"twitter:data2\" content=\"3 minutos\" \/>\n<script type=\"application\/ld+json\" class=\"yoast-schema-graph\">{\"@context\":\"https:\\\/\\\/schema.org\",\"@graph\":[{\"@type\":\"Article\",\"@id\":\"http:\\\/\\\/www.defensoria.gob.ve\\\/?p=3131#article\",\"isPartOf\":{\"@id\":\"http:\\\/\\\/www.defensoria.gob.ve\\\/?p=3131\"},\"author\":{\"name\":\"JC.\",\"@id\":\"http:\\\/\\\/www.defensoria.gob.ve\\\/#\\\/schema\\\/person\\\/fba14293189d7b1933ac7fba9d89e24a\"},\"headline\":\"Defensor\u00eda del pueblo realiz\u00f3 foro para rememorar el 75\u00ba Aniversario de la Declaraci\u00f3n Universal de los DD.HH.\",\"datePublished\":\"2023-12-11T13:33:41+00:00\",\"dateModified\":\"2023-12-11T13:35:47+00:00\",\"mainEntityOfPage\":{\"@id\":\"http:\\\/\\\/www.defensoria.gob.ve\\\/?p=3131\"},\"wordCount\":551,\"image\":{\"@id\":\"http:\\\/\\\/www.defensoria.gob.ve\\\/?p=3131#primaryimage\"},\"thumbnailUrl\":\"http:\\\/\\\/www.defensoria.gob.ve\\\/wp-content\\\/uploads\\\/2023\\\/12\\\/2.png\",\"articleSection\":[\"CENTRALES\"],\"inLanguage\":\"es\"},{\"@type\":\"WebPage\",\"@id\":\"http:\\\/\\\/www.defensoria.gob.ve\\\/?p=3131\",\"url\":\"http:\\\/\\\/www.defensoria.gob.ve\\\/?p=3131\",\"name\":\"Defensor\u00eda del pueblo realiz\u00f3 foro para rememorar el 75\u00ba Aniversario de la Declaraci\u00f3n Universal de los DD.HH. -\",\"isPartOf\":{\"@id\":\"http:\\\/\\\/www.defensoria.gob.ve\\\/#website\"},\"primaryImageOfPage\":{\"@id\":\"http:\\\/\\\/www.defensoria.gob.ve\\\/?p=3131#primaryimage\"},\"image\":{\"@id\":\"http:\\\/\\\/www.defensoria.gob.ve\\\/?p=3131#primaryimage\"},\"thumbnailUrl\":\"http:\\\/\\\/www.defensoria.gob.ve\\\/wp-content\\\/uploads\\\/2023\\\/12\\\/2.png\",\"datePublished\":\"2023-12-11T13:33:41+00:00\",\"dateModified\":\"2023-12-11T13:35:47+00:00\",\"author\":{\"@id\":\"http:\\\/\\\/www.defensoria.gob.ve\\\/#\\\/schema\\\/person\\\/fba14293189d7b1933ac7fba9d89e24a\"},\"breadcrumb\":{\"@id\":\"http:\\\/\\\/www.defensoria.gob.ve\\\/?p=3131#breadcrumb\"},\"inLanguage\":\"es\",\"potentialAction\":[{\"@type\":\"ReadAction\",\"target\":[\"http:\\\/\\\/www.defensoria.gob.ve\\\/?p=3131\"]}]},{\"@type\":\"ImageObject\",\"inLanguage\":\"es\",\"@id\":\"http:\\\/\\\/www.defensoria.gob.ve\\\/?p=3131#primaryimage\",\"url\":\"http:\\\/\\\/www.defensoria.gob.ve\\\/wp-content\\\/uploads\\\/2023\\\/12\\\/2.png\",\"contentUrl\":\"http:\\\/\\\/www.defensoria.gob.ve\\\/wp-content\\\/uploads\\\/2023\\\/12\\\/2.png\",\"width\":769,\"height\":503},{\"@type\":\"BreadcrumbList\",\"@id\":\"http:\\\/\\\/www.defensoria.gob.ve\\\/?p=3131#breadcrumb\",\"itemListElement\":[{\"@type\":\"ListItem\",\"position\":1,\"name\":\"Portada\",\"item\":\"http:\\\/\\\/www.defensoria.gob.ve\\\/\"},{\"@type\":\"ListItem\",\"position\":2,\"name\":\"Defensor\u00eda del pueblo realiz\u00f3 foro para rememorar el 75\u00ba Aniversario de la Declaraci\u00f3n Universal de los DD.HH.\"}]},{\"@type\":\"WebSite\",\"@id\":\"http:\\\/\\\/www.defensoria.gob.ve\\\/#website\",\"url\":\"http:\\\/\\\/www.defensoria.gob.ve\\\/\",\"name\":\"\",\"description\":\"Instituci\u00f3n del Poder Ciudadano para la Promoci\u00f3n, Defensa y Vigilancia de los Derechos Humanos. \",\"potentialAction\":[{\"@type\":\"SearchAction\",\"target\":{\"@type\":\"EntryPoint\",\"urlTemplate\":\"http:\\\/\\\/www.defensoria.gob.ve\\\/?s={search_term_string}\"},\"query-input\":{\"@type\":\"PropertyValueSpecification\",\"valueRequired\":true,\"valueName\":\"search_term_string\"}}],\"inLanguage\":\"es\"},{\"@type\":\"Person\",\"@id\":\"http:\\\/\\\/www.defensoria.gob.ve\\\/#\\\/schema\\\/person\\\/fba14293189d7b1933ac7fba9d89e24a\",\"name\":\"JC.\",\"image\":{\"@type\":\"ImageObject\",\"inLanguage\":\"es\",\"@id\":\"https:\\\/\\\/secure.gravatar.com\\\/avatar\\\/f398a4de948606b38f0299d90ca738c674b648694bc725ed46503c240269dbf8?s=96&d=mm&r=g\",\"url\":\"https:\\\/\\\/secure.gravatar.com\\\/avatar\\\/f398a4de948606b38f0299d90ca738c674b648694bc725ed46503c240269dbf8?s=96&d=mm&r=g\",\"contentUrl\":\"https:\\\/\\\/secure.gravatar.com\\\/avatar\\\/f398a4de948606b38f0299d90ca738c674b648694bc725ed46503c240269dbf8?s=96&d=mm&r=g\",\"caption\":\"JC.\"},\"url\":\"http:\\\/\\\/www.defensoria.gob.ve\\\/?author=5\"}]}<\/script>\n<!-- \/ Yoast SEO plugin. -->","yoast_head_json":{"title":"Defensor\u00eda del pueblo realiz\u00f3 foro para rememorar el 75\u00ba Aniversario de la Declaraci\u00f3n Universal de los DD.HH. -","robots":{"index":"index","follow":"follow","max-snippet":"max-snippet:-1","max-image-preview":"max-image-preview:large","max-video-preview":"max-video-preview:-1"},"canonical":"http:\/\/www.defensoria.gob.ve\/?p=3131","og_locale":"es_ES","og_type":"article","og_title":"Defensor\u00eda del pueblo realiz\u00f3 foro para rememorar el 75\u00ba Aniversario de la Declaraci\u00f3n Universal de los DD.HH. -","og_description":"(09-Dic-2023) En el marco de la conmemoraci\u00f3n del 75\u00ba Aniversario de la Declaraci\u00f3n Universal de los Derechos Humanos (10 de diciembre de 1948), el 30\u00b0 aniversario de Los Principios de&hellip;","og_url":"http:\/\/www.defensoria.gob.ve\/?p=3131","article_published_time":"2023-12-11T13:33:41+00:00","article_modified_time":"2023-12-11T13:35:47+00:00","og_image":[{"width":769,"height":503,"url":"http:\/\/www.defensoria.gob.ve\/wp-content\/uploads\/2023\/12\/2.png","type":"image\/png"}],"author":"JC.","twitter_card":"summary_large_image","twitter_misc":{"Escrito por":"JC.","Tiempo estimado de lectura":"3 minutos"},"schema":{"@context":"https:\/\/schema.org","@graph":[{"@type":"Article","@id":"http:\/\/www.defensoria.gob.ve\/?p=3131#article","isPartOf":{"@id":"http:\/\/www.defensoria.gob.ve\/?p=3131"},"author":{"name":"JC.","@id":"http:\/\/www.defensoria.gob.ve\/#\/schema\/person\/fba14293189d7b1933ac7fba9d89e24a"},"headline":"Defensor\u00eda del pueblo realiz\u00f3 foro para rememorar el 75\u00ba Aniversario de la Declaraci\u00f3n Universal de los DD.HH.","datePublished":"2023-12-11T13:33:41+00:00","dateModified":"2023-12-11T13:35:47+00:00","mainEntityOfPage":{"@id":"http:\/\/www.defensoria.gob.ve\/?p=3131"},"wordCount":551,"image":{"@id":"http:\/\/www.defensoria.gob.ve\/?p=3131#primaryimage"},"thumbnailUrl":"http:\/\/www.defensoria.gob.ve\/wp-content\/uploads\/2023\/12\/2.png","articleSection":["CENTRALES"],"inLanguage":"es"},{"@type":"WebPage","@id":"http:\/\/www.defensoria.gob.ve\/?p=3131","url":"http:\/\/www.defensoria.gob.ve\/?p=3131","name":"Defensor\u00eda del pueblo realiz\u00f3 foro para rememorar el 75\u00ba Aniversario de la Declaraci\u00f3n Universal de los DD.HH. -","isPartOf":{"@id":"http:\/\/www.defensoria.gob.ve\/#website"},"primaryImageOfPage":{"@id":"http:\/\/www.defensoria.gob.ve\/?p=3131#primaryimage"},"image":{"@id":"http:\/\/www.defensoria.gob.ve\/?p=3131#primaryimage"},"thumbnailUrl":"http:\/\/www.defensoria.gob.ve\/wp-content\/uploads\/2023\/12\/2.png","datePublished":"2023-12-11T13:33:41+00:00","dateModified":"2023-12-11T13:35:47+00:00","author":{"@id":"http:\/\/www.defensoria.gob.ve\/#\/schema\/person\/fba14293189d7b1933ac7fba9d89e24a"},"breadcrumb":{"@id":"http:\/\/www.defensoria.gob.ve\/?p=3131#breadcrumb"},"inLanguage":"es","potentialAction":[{"@type":"ReadAction","target":["http:\/\/www.defensoria.gob.ve\/?p=3131"]}]},{"@type":"ImageObject","inLanguage":"es","@id":"http:\/\/www.defensoria.gob.ve\/?p=3131#primaryimage","url":"http:\/\/www.defensoria.gob.ve\/wp-content\/uploads\/2023\/12\/2.png","contentUrl":"http:\/\/www.defensoria.gob.ve\/wp-content\/uploads\/2023\/12\/2.png","width":769,"height":503},{"@type":"BreadcrumbList","@id":"http:\/\/www.defensoria.gob.ve\/?p=3131#breadcrumb","itemListElement":[{"@type":"ListItem","position":1,"name":"Portada","item":"http:\/\/www.defensoria.gob.ve\/"},{"@type":"ListItem","position":2,"name":"Defensor\u00eda del pueblo realiz\u00f3 foro para rememorar el 75\u00ba Aniversario de la Declaraci\u00f3n Universal de los DD.HH."}]},{"@type":"WebSite","@id":"http:\/\/www.defensoria.gob.ve\/#website","url":"http:\/\/www.defensoria.gob.ve\/","name":"","description":"Instituci\u00f3n del Poder Ciudadano para la Promoci\u00f3n, Defensa y Vigilancia de los Derechos Humanos. ","potentialAction":[{"@type":"SearchAction","target":{"@type":"EntryPoint","urlTemplate":"http:\/\/www.defensoria.gob.ve\/?s={search_term_string}"},"query-input":{"@type":"PropertyValueSpecification","valueRequired":true,"valueName":"search_term_string"}}],"inLanguage":"es"},{"@type":"Person","@id":"http:\/\/www.defensoria.gob.ve\/#\/schema\/person\/fba14293189d7b1933ac7fba9d89e24a","name":"JC.","image":{"@type":"ImageObject","inLanguage":"es","@id":"https:\/\/secure.gravatar.com\/avatar\/f398a4de948606b38f0299d90ca738c674b648694bc725ed46503c240269dbf8?s=96&d=mm&r=g","url":"https:\/\/secure.gravatar.com\/avatar\/f398a4de948606b38f0299d90ca738c674b648694bc725ed46503c240269dbf8?s=96&d=mm&r=g","contentUrl":"https:\/\/secure.gravatar.com\/avatar\/f398a4de948606b38f0299d90ca738c674b648694bc725ed46503c240269dbf8?s=96&d=mm&r=g","caption":"JC."},"url":"http:\/\/www.defensoria.gob.ve\/?author=5"}]}},"_links":{"self":[{"href":"http:\/\/www.defensoria.gob.ve\/index.php?rest_route=\/wp\/v2\/posts\/3131","targetHints":{"allow":["GET"]}}],"collection":[{"href":"http:\/\/www.defensoria.gob.ve\/index.php?rest_route=\/wp\/v2\/posts"}],"about":[{"href":"http:\/\/www.defensoria.gob.ve\/index.php?rest_route=\/wp\/v2\/types\/post"}],"author":[{"embeddable":true,"href":"http:\/\/www.defensoria.gob.ve\/index.php?rest_route=\/wp\/v2\/users\/5"}],"replies":[{"embeddable":true,"href":"http:\/\/www.defensoria.gob.ve\/index.php?rest_route=%2Fwp%2Fv2%2Fcomments&post=3131"}],"version-history":[{"count":4,"href":"http:\/\/www.defensoria.gob.ve\/index.php?rest_route=\/wp\/v2\/posts\/3131\/revisions"}],"predecessor-version":[{"id":3137,"href":"http:\/\/www.defensoria.gob.ve\/index.php?rest_route=\/wp\/v2\/posts\/3131\/revisions\/3137"}],"wp:featuredmedia":[{"embeddable":true,"href":"http:\/\/www.defensoria.gob.ve\/index.php?rest_route=\/wp\/v2\/media\/3133"}],"wp:attachment":[{"href":"http:\/\/www.defensoria.gob.ve\/index.php?rest_route=%2Fwp%2Fv2%2Fmedia&parent=3131"}],"wp:term":[{"taxonomy":"category","embeddable":true,"href":"http:\/\/www.defensoria.gob.ve\/index.php?rest_route=%2Fwp%2Fv2%2Fcategories&post=3131"},{"taxonomy":"post_tag","embeddable":true,"href":"http:\/\/www.defensoria.gob.ve\/index.php?rest_route=%2Fwp%2Fv2%2Ftags&post=3131"}],"curies":[{"name":"wp","href":"https:\/\/api.w.org\/{rel}","templated":true}]}}