 
{"id":4101,"date":"2024-03-06T17:47:15","date_gmt":"2024-03-06T21:47:15","guid":{"rendered":"http:\/\/www.defensoria.gob.ve\/?p=4101"},"modified":"2024-03-06T17:47:41","modified_gmt":"2024-03-06T21:47:41","slug":"delegada-de-trujillo-realiza-actividades-correspondientes-al-24a-aniversario-de-la-ddp","status":"publish","type":"post","link":"http:\/\/www.defensoria.gob.ve\/?p=4101","title":{"rendered":"Delegada de Trujillo realiza actividades correspondientes al 24\u00aa Aniversario de la DdP"},"content":{"rendered":"\t\t<div data-elementor-type=\"wp-post\" data-elementor-id=\"4101\" class=\"elementor elementor-4101\">\n\t\t\t\t\t\t<section class=\"elementor-section elementor-top-section elementor-element elementor-element-747c832c elementor-section-boxed elementor-section-height-default elementor-section-height-default\" data-id=\"747c832c\" data-element_type=\"section\" data-e-type=\"section\">\n\t\t\t\t\t\t<div class=\"elementor-container elementor-column-gap-default\">\n\t\t\t\t\t<div class=\"elementor-column elementor-col-100 elementor-top-column elementor-element elementor-element-10ae2a6b\" data-id=\"10ae2a6b\" data-element_type=\"column\" data-e-type=\"column\">\n\t\t\t<div class=\"elementor-widget-wrap elementor-element-populated\">\n\t\t\t\t\t\t<div class=\"elementor-element elementor-element-5838bee3 elementor-widget elementor-widget-text-editor\" data-id=\"5838bee3\" data-element_type=\"widget\" data-e-type=\"widget\" data-widget_type=\"text-editor.default\">\n\t\t\t\t<div class=\"elementor-widget-container\">\n\t\t\t\t\t\t\t\t\t\n<p><strong>(Trujillo\/06-Mar-24)&nbsp;<\/strong>Con motivo al 24\u00aa Aniversario de la Defensor\u00eda del Pueblo, la Defensor\u00eda Delegada de Trujillo realiz\u00f3 diversas actividades conmemorativas destacando las atribuciones constitucionales del ente defensorial.<\/p>\n\n\n\n<p>Es as\u00ed como realizaron actividades recreativas con los ni\u00f1os y ni\u00f1as del Preescolar y Maternal del Grupo Escolar Estado Carabobo, ubicado en el estado Trujillo, con la finalidad de garantizar el esparcimiento y recreaci\u00f3n de los infantes.<\/p>\n\n\n\n<p>Tambi\u00e9n servidoras y servidores de la DdP hicieron una toma de calle en la Avenida Bol\u00edvar de Valera en conjunto con funcionarios y funcionarias del Cuerpo de Polic\u00eda Nacional Bolivariana, donde se colocaron a los veh\u00edculos pegatinas alusivas al aniversario #24 de la Instituci\u00f3n Nacional de los Derechos Humanos.<\/p>\n\n\n\n<p>Por su parte, el Defensor Delegado, Jes\u00fas Azuaje, particip\u00f3 en entrevista especial con el periodista Valent\u00edn V\u00e1squez, de la emisora Paisana 92,5 FM, donde convers\u00f3 de la gesti\u00f3n y atribuciones constitucionales de la Defensor\u00eda del Pueblo.<\/p>\n\n\n\n<p>Adem\u00e1s, trabajadores y trabajadoras realizaron siembra de plantas ornamentales en la U.E Dr. Jos\u00e9 Manuel Siso Mart\u00ednez, ubicada en el Sector la Marchantica Municipio Valera.&nbsp;<strong>FIN \/ PRENSA DELEGADA Trujillo<\/strong><\/p>\n\t\t\t\t\t\t\t\t<\/div>\n\t\t\t\t<\/div>\n\t\t\t\t\t<\/div>\n\t\t<\/div>\n\t\t\t\t\t<\/div>\n\t\t<\/section>\n\t\t\t\t<\/div>\n\t\t","protected":false},"excerpt":{"rendered":"<p>(Trujillo\/06-Mar-24)&nbsp;Con motivo al 24\u00aa Aniversario de la Defensor\u00eda del Pueblo, la Defensor\u00eda Delegada de Trujillo realiz\u00f3 diversas actividades conmemorativas destacando las atribuciones constitucionales del ente defensorial. Es as\u00ed como realizaron&hellip; <\/p>\n","protected":false},"author":5,"featured_media":4102,"comment_status":"closed","ping_status":"closed","sticky":false,"template":"","format":"standard","meta":{"footnotes":""},"categories":[5],"tags":[],"class_list":["post-4101","post","type-post","status-publish","format-standard","has-post-thumbnail","hentry","category-regionales"],"yoast_head":"<!-- This site is optimized with the Yoast SEO plugin v27.4 - https:\/\/yoast.com\/product\/yoast-seo-wordpress\/ -->\n<title>Delegada de Trujillo realiza actividades correspondientes al 24\u00aa Aniversario de la DdP -<\/title>\n<meta name=\"robots\" content=\"index, follow, max-snippet:-1, max-image-preview:large, max-video-preview:-1\" \/>\n<link rel=\"canonical\" href=\"http:\/\/www.defensoria.gob.ve\/?p=4101\" \/>\n<meta property=\"og:locale\" content=\"es_ES\" \/>\n<meta property=\"og:type\" content=\"article\" \/>\n<meta property=\"og:title\" content=\"Delegada de Trujillo realiza actividades correspondientes al 24\u00aa Aniversario de la DdP -\" \/>\n<meta property=\"og:description\" content=\"(Trujillo\/06-Mar-24)&nbsp;Con motivo al 24\u00aa Aniversario de la Defensor\u00eda del Pueblo, la Defensor\u00eda Delegada de Trujillo realiz\u00f3 diversas actividades conmemorativas destacando las atribuciones constitucionales del ente defensorial. Es as\u00ed como realizaron&hellip;\" \/>\n<meta property=\"og:url\" content=\"http:\/\/www.defensoria.gob.ve\/?p=4101\" \/>\n<meta property=\"article:published_time\" content=\"2024-03-06T21:47:15+00:00\" \/>\n<meta property=\"article:modified_time\" content=\"2024-03-06T21:47:41+00:00\" \/>\n<meta property=\"og:image\" content=\"http:\/\/www.defensoria.gob.ve\/wp-content\/uploads\/2024\/03\/eee.png\" \/>\n\t<meta property=\"og:image:width\" content=\"399\" \/>\n\t<meta property=\"og:image:height\" content=\"256\" \/>\n\t<meta property=\"og:image:type\" content=\"image\/png\" \/>\n<meta name=\"author\" content=\"JC.\" \/>\n<meta name=\"twitter:card\" content=\"summary_large_image\" \/>\n<meta name=\"twitter:label1\" content=\"Escrito por\" \/>\n\t<meta name=\"twitter:data1\" content=\"JC.\" \/>\n\t<meta name=\"twitter:label2\" content=\"Tiempo estimado de lectura\" \/>\n\t<meta name=\"twitter:data2\" content=\"1 minuto\" \/>\n<script type=\"application\/ld+json\" class=\"yoast-schema-graph\">{\"@context\":\"https:\\\/\\\/schema.org\",\"@graph\":[{\"@type\":\"Article\",\"@id\":\"http:\\\/\\\/www.defensoria.gob.ve\\\/?p=4101#article\",\"isPartOf\":{\"@id\":\"http:\\\/\\\/www.defensoria.gob.ve\\\/?p=4101\"},\"author\":{\"name\":\"JC.\",\"@id\":\"http:\\\/\\\/www.defensoria.gob.ve\\\/#\\\/schema\\\/person\\\/fba14293189d7b1933ac7fba9d89e24a\"},\"headline\":\"Delegada de Trujillo realiza actividades correspondientes al 24\u00aa Aniversario de la DdP\",\"datePublished\":\"2024-03-06T21:47:15+00:00\",\"dateModified\":\"2024-03-06T21:47:41+00:00\",\"mainEntityOfPage\":{\"@id\":\"http:\\\/\\\/www.defensoria.gob.ve\\\/?p=4101\"},\"wordCount\":207,\"image\":{\"@id\":\"http:\\\/\\\/www.defensoria.gob.ve\\\/?p=4101#primaryimage\"},\"thumbnailUrl\":\"http:\\\/\\\/www.defensoria.gob.ve\\\/wp-content\\\/uploads\\\/2024\\\/03\\\/eee.png\",\"articleSection\":[\"REGIONALES\"],\"inLanguage\":\"es\"},{\"@type\":\"WebPage\",\"@id\":\"http:\\\/\\\/www.defensoria.gob.ve\\\/?p=4101\",\"url\":\"http:\\\/\\\/www.defensoria.gob.ve\\\/?p=4101\",\"name\":\"Delegada de Trujillo realiza actividades correspondientes al 24\u00aa Aniversario de la DdP -\",\"isPartOf\":{\"@id\":\"http:\\\/\\\/www.defensoria.gob.ve\\\/#website\"},\"primaryImageOfPage\":{\"@id\":\"http:\\\/\\\/www.defensoria.gob.ve\\\/?p=4101#primaryimage\"},\"image\":{\"@id\":\"http:\\\/\\\/www.defensoria.gob.ve\\\/?p=4101#primaryimage\"},\"thumbnailUrl\":\"http:\\\/\\\/www.defensoria.gob.ve\\\/wp-content\\\/uploads\\\/2024\\\/03\\\/eee.png\",\"datePublished\":\"2024-03-06T21:47:15+00:00\",\"dateModified\":\"2024-03-06T21:47:41+00:00\",\"author\":{\"@id\":\"http:\\\/\\\/www.defensoria.gob.ve\\\/#\\\/schema\\\/person\\\/fba14293189d7b1933ac7fba9d89e24a\"},\"breadcrumb\":{\"@id\":\"http:\\\/\\\/www.defensoria.gob.ve\\\/?p=4101#breadcrumb\"},\"inLanguage\":\"es\",\"potentialAction\":[{\"@type\":\"ReadAction\",\"target\":[\"http:\\\/\\\/www.defensoria.gob.ve\\\/?p=4101\"]}]},{\"@type\":\"ImageObject\",\"inLanguage\":\"es\",\"@id\":\"http:\\\/\\\/www.defensoria.gob.ve\\\/?p=4101#primaryimage\",\"url\":\"http:\\\/\\\/www.defensoria.gob.ve\\\/wp-content\\\/uploads\\\/2024\\\/03\\\/eee.png\",\"contentUrl\":\"http:\\\/\\\/www.defensoria.gob.ve\\\/wp-content\\\/uploads\\\/2024\\\/03\\\/eee.png\",\"width\":399,\"height\":256},{\"@type\":\"BreadcrumbList\",\"@id\":\"http:\\\/\\\/www.defensoria.gob.ve\\\/?p=4101#breadcrumb\",\"itemListElement\":[{\"@type\":\"ListItem\",\"position\":1,\"name\":\"Portada\",\"item\":\"http:\\\/\\\/www.defensoria.gob.ve\\\/\"},{\"@type\":\"ListItem\",\"position\":2,\"name\":\"Delegada de Trujillo realiza actividades correspondientes al 24\u00aa Aniversario de la DdP\"}]},{\"@type\":\"WebSite\",\"@id\":\"http:\\\/\\\/www.defensoria.gob.ve\\\/#website\",\"url\":\"http:\\\/\\\/www.defensoria.gob.ve\\\/\",\"name\":\"\",\"description\":\"Instituci\u00f3n del Poder Ciudadano para la Promoci\u00f3n, Defensa y Vigilancia de los Derechos Humanos. \",\"potentialAction\":[{\"@type\":\"SearchAction\",\"target\":{\"@type\":\"EntryPoint\",\"urlTemplate\":\"http:\\\/\\\/www.defensoria.gob.ve\\\/?s={search_term_string}\"},\"query-input\":{\"@type\":\"PropertyValueSpecification\",\"valueRequired\":true,\"valueName\":\"search_term_string\"}}],\"inLanguage\":\"es\"},{\"@type\":\"Person\",\"@id\":\"http:\\\/\\\/www.defensoria.gob.ve\\\/#\\\/schema\\\/person\\\/fba14293189d7b1933ac7fba9d89e24a\",\"name\":\"JC.\",\"image\":{\"@type\":\"ImageObject\",\"inLanguage\":\"es\",\"@id\":\"https:\\\/\\\/secure.gravatar.com\\\/avatar\\\/f398a4de948606b38f0299d90ca738c674b648694bc725ed46503c240269dbf8?s=96&d=mm&r=g\",\"url\":\"https:\\\/\\\/secure.gravatar.com\\\/avatar\\\/f398a4de948606b38f0299d90ca738c674b648694bc725ed46503c240269dbf8?s=96&d=mm&r=g\",\"contentUrl\":\"https:\\\/\\\/secure.gravatar.com\\\/avatar\\\/f398a4de948606b38f0299d90ca738c674b648694bc725ed46503c240269dbf8?s=96&d=mm&r=g\",\"caption\":\"JC.\"},\"url\":\"http:\\\/\\\/www.defensoria.gob.ve\\\/?author=5\"}]}<\/script>\n<!-- \/ Yoast SEO plugin. -->","yoast_head_json":{"title":"Delegada de Trujillo realiza actividades correspondientes al 24\u00aa Aniversario de la DdP -","robots":{"index":"index","follow":"follow","max-snippet":"max-snippet:-1","max-image-preview":"max-image-preview:large","max-video-preview":"max-video-preview:-1"},"canonical":"http:\/\/www.defensoria.gob.ve\/?p=4101","og_locale":"es_ES","og_type":"article","og_title":"Delegada de Trujillo realiza actividades correspondientes al 24\u00aa Aniversario de la DdP -","og_description":"(Trujillo\/06-Mar-24)&nbsp;Con motivo al 24\u00aa Aniversario de la Defensor\u00eda del Pueblo, la Defensor\u00eda Delegada de Trujillo realiz\u00f3 diversas actividades conmemorativas destacando las atribuciones constitucionales del ente defensorial. Es as\u00ed como realizaron&hellip;","og_url":"http:\/\/www.defensoria.gob.ve\/?p=4101","article_published_time":"2024-03-06T21:47:15+00:00","article_modified_time":"2024-03-06T21:47:41+00:00","og_image":[{"width":399,"height":256,"url":"http:\/\/www.defensoria.gob.ve\/wp-content\/uploads\/2024\/03\/eee.png","type":"image\/png"}],"author":"JC.","twitter_card":"summary_large_image","twitter_misc":{"Escrito por":"JC.","Tiempo estimado de lectura":"1 minuto"},"schema":{"@context":"https:\/\/schema.org","@graph":[{"@type":"Article","@id":"http:\/\/www.defensoria.gob.ve\/?p=4101#article","isPartOf":{"@id":"http:\/\/www.defensoria.gob.ve\/?p=4101"},"author":{"name":"JC.","@id":"http:\/\/www.defensoria.gob.ve\/#\/schema\/person\/fba14293189d7b1933ac7fba9d89e24a"},"headline":"Delegada de Trujillo realiza actividades correspondientes al 24\u00aa Aniversario de la DdP","datePublished":"2024-03-06T21:47:15+00:00","dateModified":"2024-03-06T21:47:41+00:00","mainEntityOfPage":{"@id":"http:\/\/www.defensoria.gob.ve\/?p=4101"},"wordCount":207,"image":{"@id":"http:\/\/www.defensoria.gob.ve\/?p=4101#primaryimage"},"thumbnailUrl":"http:\/\/www.defensoria.gob.ve\/wp-content\/uploads\/2024\/03\/eee.png","articleSection":["REGIONALES"],"inLanguage":"es"},{"@type":"WebPage","@id":"http:\/\/www.defensoria.gob.ve\/?p=4101","url":"http:\/\/www.defensoria.gob.ve\/?p=4101","name":"Delegada de Trujillo realiza actividades correspondientes al 24\u00aa Aniversario de la DdP -","isPartOf":{"@id":"http:\/\/www.defensoria.gob.ve\/#website"},"primaryImageOfPage":{"@id":"http:\/\/www.defensoria.gob.ve\/?p=4101#primaryimage"},"image":{"@id":"http:\/\/www.defensoria.gob.ve\/?p=4101#primaryimage"},"thumbnailUrl":"http:\/\/www.defensoria.gob.ve\/wp-content\/uploads\/2024\/03\/eee.png","datePublished":"2024-03-06T21:47:15+00:00","dateModified":"2024-03-06T21:47:41+00:00","author":{"@id":"http:\/\/www.defensoria.gob.ve\/#\/schema\/person\/fba14293189d7b1933ac7fba9d89e24a"},"breadcrumb":{"@id":"http:\/\/www.defensoria.gob.ve\/?p=4101#breadcrumb"},"inLanguage":"es","potentialAction":[{"@type":"ReadAction","target":["http:\/\/www.defensoria.gob.ve\/?p=4101"]}]},{"@type":"ImageObject","inLanguage":"es","@id":"http:\/\/www.defensoria.gob.ve\/?p=4101#primaryimage","url":"http:\/\/www.defensoria.gob.ve\/wp-content\/uploads\/2024\/03\/eee.png","contentUrl":"http:\/\/www.defensoria.gob.ve\/wp-content\/uploads\/2024\/03\/eee.png","width":399,"height":256},{"@type":"BreadcrumbList","@id":"http:\/\/www.defensoria.gob.ve\/?p=4101#breadcrumb","itemListElement":[{"@type":"ListItem","position":1,"name":"Portada","item":"http:\/\/www.defensoria.gob.ve\/"},{"@type":"ListItem","position":2,"name":"Delegada de Trujillo realiza actividades correspondientes al 24\u00aa Aniversario de la DdP"}]},{"@type":"WebSite","@id":"http:\/\/www.defensoria.gob.ve\/#website","url":"http:\/\/www.defensoria.gob.ve\/","name":"","description":"Instituci\u00f3n del Poder Ciudadano para la Promoci\u00f3n, Defensa y Vigilancia de los Derechos Humanos. ","potentialAction":[{"@type":"SearchAction","target":{"@type":"EntryPoint","urlTemplate":"http:\/\/www.defensoria.gob.ve\/?s={search_term_string}"},"query-input":{"@type":"PropertyValueSpecification","valueRequired":true,"valueName":"search_term_string"}}],"inLanguage":"es"},{"@type":"Person","@id":"http:\/\/www.defensoria.gob.ve\/#\/schema\/person\/fba14293189d7b1933ac7fba9d89e24a","name":"JC.","image":{"@type":"ImageObject","inLanguage":"es","@id":"https:\/\/secure.gravatar.com\/avatar\/f398a4de948606b38f0299d90ca738c674b648694bc725ed46503c240269dbf8?s=96&d=mm&r=g","url":"https:\/\/secure.gravatar.com\/avatar\/f398a4de948606b38f0299d90ca738c674b648694bc725ed46503c240269dbf8?s=96&d=mm&r=g","contentUrl":"https:\/\/secure.gravatar.com\/avatar\/f398a4de948606b38f0299d90ca738c674b648694bc725ed46503c240269dbf8?s=96&d=mm&r=g","caption":"JC."},"url":"http:\/\/www.defensoria.gob.ve\/?author=5"}]}},"_links":{"self":[{"href":"http:\/\/www.defensoria.gob.ve\/index.php?rest_route=\/wp\/v2\/posts\/4101","targetHints":{"allow":["GET"]}}],"collection":[{"href":"http:\/\/www.defensoria.gob.ve\/index.php?rest_route=\/wp\/v2\/posts"}],"about":[{"href":"http:\/\/www.defensoria.gob.ve\/index.php?rest_route=\/wp\/v2\/types\/post"}],"author":[{"embeddable":true,"href":"http:\/\/www.defensoria.gob.ve\/index.php?rest_route=\/wp\/v2\/users\/5"}],"replies":[{"embeddable":true,"href":"http:\/\/www.defensoria.gob.ve\/index.php?rest_route=%2Fwp%2Fv2%2Fcomments&post=4101"}],"version-history":[{"count":4,"href":"http:\/\/www.defensoria.gob.ve\/index.php?rest_route=\/wp\/v2\/posts\/4101\/revisions"}],"predecessor-version":[{"id":4106,"href":"http:\/\/www.defensoria.gob.ve\/index.php?rest_route=\/wp\/v2\/posts\/4101\/revisions\/4106"}],"wp:featuredmedia":[{"embeddable":true,"href":"http:\/\/www.defensoria.gob.ve\/index.php?rest_route=\/wp\/v2\/media\/4102"}],"wp:attachment":[{"href":"http:\/\/www.defensoria.gob.ve\/index.php?rest_route=%2Fwp%2Fv2%2Fmedia&parent=4101"}],"wp:term":[{"taxonomy":"category","embeddable":true,"href":"http:\/\/www.defensoria.gob.ve\/index.php?rest_route=%2Fwp%2Fv2%2Fcategories&post=4101"},{"taxonomy":"post_tag","embeddable":true,"href":"http:\/\/www.defensoria.gob.ve\/index.php?rest_route=%2Fwp%2Fv2%2Ftags&post=4101"}],"curies":[{"name":"wp","href":"https:\/\/api.w.org\/{rel}","templated":true}]}}