 
{"id":4119,"date":"2024-03-07T17:56:21","date_gmt":"2024-03-07T21:56:21","guid":{"rendered":"http:\/\/www.defensoria.gob.ve\/?p=4119"},"modified":"2024-03-07T17:56:51","modified_gmt":"2024-03-07T21:56:51","slug":"delegada-del-area-metropolitana-verifico-situacion-de-privadas-y-privados-de-libertad","status":"publish","type":"post","link":"http:\/\/www.defensoria.gob.ve\/?p=4119","title":{"rendered":"Delegada del \u00c1rea Metropolitana verific\u00f3 situaci\u00f3n de privadas y privados de libertad"},"content":{"rendered":"\t\t<div data-elementor-type=\"wp-post\" data-elementor-id=\"4119\" class=\"elementor elementor-4119\">\n\t\t\t\t\t\t<section class=\"elementor-section elementor-top-section elementor-element elementor-element-6b3e5329 elementor-section-boxed elementor-section-height-default elementor-section-height-default\" data-id=\"6b3e5329\" data-element_type=\"section\" data-e-type=\"section\">\n\t\t\t\t\t\t<div class=\"elementor-container elementor-column-gap-default\">\n\t\t\t\t\t<div class=\"elementor-column elementor-col-100 elementor-top-column elementor-element elementor-element-1b192744\" data-id=\"1b192744\" data-element_type=\"column\" data-e-type=\"column\">\n\t\t\t<div class=\"elementor-widget-wrap elementor-element-populated\">\n\t\t\t\t\t\t<div class=\"elementor-element elementor-element-580fb8a8 elementor-widget elementor-widget-text-editor\" data-id=\"580fb8a8\" data-element_type=\"widget\" data-e-type=\"widget\" data-widget_type=\"text-editor.default\">\n\t\t\t\t<div class=\"elementor-widget-container\">\n\t\t\t\t\t\t\t\t\t\n<p><strong>(AMC\/ 07-Mar-2024)<\/strong> Cumpliendo con sus atribuciones constitucionales, servidores y servidoras de la Defensor\u00eda Delegada del \u00c1rea Metropolitana de Caracas visitaron las instalaciones del Centro de detenci\u00f3n preventivo Departamento de control de aprehendidos de la Polic\u00eda Municipal de Sucre, ubicado en la parroquia Petare, municipio Sucre.<\/p>\n\n\n\n<p>Dicha visita al recinto penitenciario que alberga a 81 privados y privadas de libertad se realiz\u00f3 como parte de la labor de seguimiento y vigilancia de los derechos humanos de esta poblaci\u00f3n.<\/p>\n\n\n\n<p>Vale acotar que las personas privadas de libertad conservan un conjunto de derechos, tales como: el trato que se les da, el r\u00e9gimen de vida que deben llevar, las condiciones de las instalaciones y la seguridad en los centros de detenci\u00f3n, entre otros aspectos. <strong>FIN\/PRENSA Defensor\u00eda<\/strong><\/p>\n\t\t\t\t\t\t\t\t<\/div>\n\t\t\t\t<\/div>\n\t\t\t\t\t<\/div>\n\t\t<\/div>\n\t\t\t\t\t<\/div>\n\t\t<\/section>\n\t\t\t\t<\/div>\n\t\t","protected":false},"excerpt":{"rendered":"<p>(AMC\/ 07-Mar-2024) Cumpliendo con sus atribuciones constitucionales, servidores y servidoras de la Defensor\u00eda Delegada del \u00c1rea Metropolitana de Caracas visitaron las instalaciones del Centro de detenci\u00f3n preventivo Departamento de control&hellip; <\/p>\n","protected":false},"author":5,"featured_media":4120,"comment_status":"closed","ping_status":"closed","sticky":false,"template":"","format":"standard","meta":{"footnotes":""},"categories":[5],"tags":[],"class_list":["post-4119","post","type-post","status-publish","format-standard","has-post-thumbnail","hentry","category-regionales"],"yoast_head":"<!-- This site is optimized with the Yoast SEO plugin v27.4 - https:\/\/yoast.com\/product\/yoast-seo-wordpress\/ -->\n<title>Delegada del \u00c1rea Metropolitana verific\u00f3 situaci\u00f3n de privadas y privados de libertad -<\/title>\n<meta name=\"robots\" content=\"index, follow, max-snippet:-1, max-image-preview:large, max-video-preview:-1\" \/>\n<link rel=\"canonical\" href=\"http:\/\/www.defensoria.gob.ve\/?p=4119\" \/>\n<meta property=\"og:locale\" content=\"es_ES\" \/>\n<meta property=\"og:type\" content=\"article\" \/>\n<meta property=\"og:title\" content=\"Delegada del \u00c1rea Metropolitana verific\u00f3 situaci\u00f3n de privadas y privados de libertad -\" \/>\n<meta property=\"og:description\" content=\"(AMC\/ 07-Mar-2024) Cumpliendo con sus atribuciones constitucionales, servidores y servidoras de la Defensor\u00eda Delegada del \u00c1rea Metropolitana de Caracas visitaron las instalaciones del Centro de detenci\u00f3n preventivo Departamento de control&hellip;\" \/>\n<meta property=\"og:url\" content=\"http:\/\/www.defensoria.gob.ve\/?p=4119\" \/>\n<meta property=\"article:published_time\" content=\"2024-03-07T21:56:21+00:00\" \/>\n<meta property=\"article:modified_time\" content=\"2024-03-07T21:56:51+00:00\" \/>\n<meta property=\"og:image\" content=\"http:\/\/www.defensoria.gob.ve\/wp-content\/uploads\/2024\/03\/dsdsdsdsdsd.jpg\" \/>\n\t<meta property=\"og:image:width\" content=\"747\" \/>\n\t<meta property=\"og:image:height\" content=\"757\" \/>\n\t<meta property=\"og:image:type\" content=\"image\/jpeg\" \/>\n<meta name=\"author\" content=\"JC.\" \/>\n<meta name=\"twitter:card\" content=\"summary_large_image\" \/>\n<meta name=\"twitter:label1\" content=\"Escrito por\" \/>\n\t<meta name=\"twitter:data1\" content=\"JC.\" \/>\n\t<meta name=\"twitter:label2\" content=\"Tiempo estimado de lectura\" \/>\n\t<meta name=\"twitter:data2\" content=\"1 minuto\" \/>\n<script type=\"application\/ld+json\" class=\"yoast-schema-graph\">{\"@context\":\"https:\\\/\\\/schema.org\",\"@graph\":[{\"@type\":\"Article\",\"@id\":\"http:\\\/\\\/www.defensoria.gob.ve\\\/?p=4119#article\",\"isPartOf\":{\"@id\":\"http:\\\/\\\/www.defensoria.gob.ve\\\/?p=4119\"},\"author\":{\"name\":\"JC.\",\"@id\":\"http:\\\/\\\/www.defensoria.gob.ve\\\/#\\\/schema\\\/person\\\/fba14293189d7b1933ac7fba9d89e24a\"},\"headline\":\"Delegada del \u00c1rea Metropolitana verific\u00f3 situaci\u00f3n de privadas y privados de libertad\",\"datePublished\":\"2024-03-07T21:56:21+00:00\",\"dateModified\":\"2024-03-07T21:56:51+00:00\",\"mainEntityOfPage\":{\"@id\":\"http:\\\/\\\/www.defensoria.gob.ve\\\/?p=4119\"},\"wordCount\":143,\"image\":{\"@id\":\"http:\\\/\\\/www.defensoria.gob.ve\\\/?p=4119#primaryimage\"},\"thumbnailUrl\":\"http:\\\/\\\/www.defensoria.gob.ve\\\/wp-content\\\/uploads\\\/2024\\\/03\\\/dsdsdsdsdsd.jpg\",\"articleSection\":[\"REGIONALES\"],\"inLanguage\":\"es\"},{\"@type\":\"WebPage\",\"@id\":\"http:\\\/\\\/www.defensoria.gob.ve\\\/?p=4119\",\"url\":\"http:\\\/\\\/www.defensoria.gob.ve\\\/?p=4119\",\"name\":\"Delegada del \u00c1rea Metropolitana verific\u00f3 situaci\u00f3n de privadas y privados de libertad -\",\"isPartOf\":{\"@id\":\"http:\\\/\\\/www.defensoria.gob.ve\\\/#website\"},\"primaryImageOfPage\":{\"@id\":\"http:\\\/\\\/www.defensoria.gob.ve\\\/?p=4119#primaryimage\"},\"image\":{\"@id\":\"http:\\\/\\\/www.defensoria.gob.ve\\\/?p=4119#primaryimage\"},\"thumbnailUrl\":\"http:\\\/\\\/www.defensoria.gob.ve\\\/wp-content\\\/uploads\\\/2024\\\/03\\\/dsdsdsdsdsd.jpg\",\"datePublished\":\"2024-03-07T21:56:21+00:00\",\"dateModified\":\"2024-03-07T21:56:51+00:00\",\"author\":{\"@id\":\"http:\\\/\\\/www.defensoria.gob.ve\\\/#\\\/schema\\\/person\\\/fba14293189d7b1933ac7fba9d89e24a\"},\"breadcrumb\":{\"@id\":\"http:\\\/\\\/www.defensoria.gob.ve\\\/?p=4119#breadcrumb\"},\"inLanguage\":\"es\",\"potentialAction\":[{\"@type\":\"ReadAction\",\"target\":[\"http:\\\/\\\/www.defensoria.gob.ve\\\/?p=4119\"]}]},{\"@type\":\"ImageObject\",\"inLanguage\":\"es\",\"@id\":\"http:\\\/\\\/www.defensoria.gob.ve\\\/?p=4119#primaryimage\",\"url\":\"http:\\\/\\\/www.defensoria.gob.ve\\\/wp-content\\\/uploads\\\/2024\\\/03\\\/dsdsdsdsdsd.jpg\",\"contentUrl\":\"http:\\\/\\\/www.defensoria.gob.ve\\\/wp-content\\\/uploads\\\/2024\\\/03\\\/dsdsdsdsdsd.jpg\",\"width\":747,\"height\":757},{\"@type\":\"BreadcrumbList\",\"@id\":\"http:\\\/\\\/www.defensoria.gob.ve\\\/?p=4119#breadcrumb\",\"itemListElement\":[{\"@type\":\"ListItem\",\"position\":1,\"name\":\"Portada\",\"item\":\"http:\\\/\\\/www.defensoria.gob.ve\\\/\"},{\"@type\":\"ListItem\",\"position\":2,\"name\":\"Delegada del \u00c1rea Metropolitana verific\u00f3 situaci\u00f3n de privadas y privados de libertad\"}]},{\"@type\":\"WebSite\",\"@id\":\"http:\\\/\\\/www.defensoria.gob.ve\\\/#website\",\"url\":\"http:\\\/\\\/www.defensoria.gob.ve\\\/\",\"name\":\"\",\"description\":\"Instituci\u00f3n del Poder Ciudadano para la Promoci\u00f3n, Defensa y Vigilancia de los Derechos Humanos. \",\"potentialAction\":[{\"@type\":\"SearchAction\",\"target\":{\"@type\":\"EntryPoint\",\"urlTemplate\":\"http:\\\/\\\/www.defensoria.gob.ve\\\/?s={search_term_string}\"},\"query-input\":{\"@type\":\"PropertyValueSpecification\",\"valueRequired\":true,\"valueName\":\"search_term_string\"}}],\"inLanguage\":\"es\"},{\"@type\":\"Person\",\"@id\":\"http:\\\/\\\/www.defensoria.gob.ve\\\/#\\\/schema\\\/person\\\/fba14293189d7b1933ac7fba9d89e24a\",\"name\":\"JC.\",\"image\":{\"@type\":\"ImageObject\",\"inLanguage\":\"es\",\"@id\":\"https:\\\/\\\/secure.gravatar.com\\\/avatar\\\/f398a4de948606b38f0299d90ca738c674b648694bc725ed46503c240269dbf8?s=96&d=mm&r=g\",\"url\":\"https:\\\/\\\/secure.gravatar.com\\\/avatar\\\/f398a4de948606b38f0299d90ca738c674b648694bc725ed46503c240269dbf8?s=96&d=mm&r=g\",\"contentUrl\":\"https:\\\/\\\/secure.gravatar.com\\\/avatar\\\/f398a4de948606b38f0299d90ca738c674b648694bc725ed46503c240269dbf8?s=96&d=mm&r=g\",\"caption\":\"JC.\"},\"url\":\"http:\\\/\\\/www.defensoria.gob.ve\\\/?author=5\"}]}<\/script>\n<!-- \/ Yoast SEO plugin. -->","yoast_head_json":{"title":"Delegada del \u00c1rea Metropolitana verific\u00f3 situaci\u00f3n de privadas y privados de libertad -","robots":{"index":"index","follow":"follow","max-snippet":"max-snippet:-1","max-image-preview":"max-image-preview:large","max-video-preview":"max-video-preview:-1"},"canonical":"http:\/\/www.defensoria.gob.ve\/?p=4119","og_locale":"es_ES","og_type":"article","og_title":"Delegada del \u00c1rea Metropolitana verific\u00f3 situaci\u00f3n de privadas y privados de libertad -","og_description":"(AMC\/ 07-Mar-2024) Cumpliendo con sus atribuciones constitucionales, servidores y servidoras de la Defensor\u00eda Delegada del \u00c1rea Metropolitana de Caracas visitaron las instalaciones del Centro de detenci\u00f3n preventivo Departamento de control&hellip;","og_url":"http:\/\/www.defensoria.gob.ve\/?p=4119","article_published_time":"2024-03-07T21:56:21+00:00","article_modified_time":"2024-03-07T21:56:51+00:00","og_image":[{"width":747,"height":757,"url":"http:\/\/www.defensoria.gob.ve\/wp-content\/uploads\/2024\/03\/dsdsdsdsdsd.jpg","type":"image\/jpeg"}],"author":"JC.","twitter_card":"summary_large_image","twitter_misc":{"Escrito por":"JC.","Tiempo estimado de lectura":"1 minuto"},"schema":{"@context":"https:\/\/schema.org","@graph":[{"@type":"Article","@id":"http:\/\/www.defensoria.gob.ve\/?p=4119#article","isPartOf":{"@id":"http:\/\/www.defensoria.gob.ve\/?p=4119"},"author":{"name":"JC.","@id":"http:\/\/www.defensoria.gob.ve\/#\/schema\/person\/fba14293189d7b1933ac7fba9d89e24a"},"headline":"Delegada del \u00c1rea Metropolitana verific\u00f3 situaci\u00f3n de privadas y privados de libertad","datePublished":"2024-03-07T21:56:21+00:00","dateModified":"2024-03-07T21:56:51+00:00","mainEntityOfPage":{"@id":"http:\/\/www.defensoria.gob.ve\/?p=4119"},"wordCount":143,"image":{"@id":"http:\/\/www.defensoria.gob.ve\/?p=4119#primaryimage"},"thumbnailUrl":"http:\/\/www.defensoria.gob.ve\/wp-content\/uploads\/2024\/03\/dsdsdsdsdsd.jpg","articleSection":["REGIONALES"],"inLanguage":"es"},{"@type":"WebPage","@id":"http:\/\/www.defensoria.gob.ve\/?p=4119","url":"http:\/\/www.defensoria.gob.ve\/?p=4119","name":"Delegada del \u00c1rea Metropolitana verific\u00f3 situaci\u00f3n de privadas y privados de libertad -","isPartOf":{"@id":"http:\/\/www.defensoria.gob.ve\/#website"},"primaryImageOfPage":{"@id":"http:\/\/www.defensoria.gob.ve\/?p=4119#primaryimage"},"image":{"@id":"http:\/\/www.defensoria.gob.ve\/?p=4119#primaryimage"},"thumbnailUrl":"http:\/\/www.defensoria.gob.ve\/wp-content\/uploads\/2024\/03\/dsdsdsdsdsd.jpg","datePublished":"2024-03-07T21:56:21+00:00","dateModified":"2024-03-07T21:56:51+00:00","author":{"@id":"http:\/\/www.defensoria.gob.ve\/#\/schema\/person\/fba14293189d7b1933ac7fba9d89e24a"},"breadcrumb":{"@id":"http:\/\/www.defensoria.gob.ve\/?p=4119#breadcrumb"},"inLanguage":"es","potentialAction":[{"@type":"ReadAction","target":["http:\/\/www.defensoria.gob.ve\/?p=4119"]}]},{"@type":"ImageObject","inLanguage":"es","@id":"http:\/\/www.defensoria.gob.ve\/?p=4119#primaryimage","url":"http:\/\/www.defensoria.gob.ve\/wp-content\/uploads\/2024\/03\/dsdsdsdsdsd.jpg","contentUrl":"http:\/\/www.defensoria.gob.ve\/wp-content\/uploads\/2024\/03\/dsdsdsdsdsd.jpg","width":747,"height":757},{"@type":"BreadcrumbList","@id":"http:\/\/www.defensoria.gob.ve\/?p=4119#breadcrumb","itemListElement":[{"@type":"ListItem","position":1,"name":"Portada","item":"http:\/\/www.defensoria.gob.ve\/"},{"@type":"ListItem","position":2,"name":"Delegada del \u00c1rea Metropolitana verific\u00f3 situaci\u00f3n de privadas y privados de libertad"}]},{"@type":"WebSite","@id":"http:\/\/www.defensoria.gob.ve\/#website","url":"http:\/\/www.defensoria.gob.ve\/","name":"","description":"Instituci\u00f3n del Poder Ciudadano para la Promoci\u00f3n, Defensa y Vigilancia de los Derechos Humanos. ","potentialAction":[{"@type":"SearchAction","target":{"@type":"EntryPoint","urlTemplate":"http:\/\/www.defensoria.gob.ve\/?s={search_term_string}"},"query-input":{"@type":"PropertyValueSpecification","valueRequired":true,"valueName":"search_term_string"}}],"inLanguage":"es"},{"@type":"Person","@id":"http:\/\/www.defensoria.gob.ve\/#\/schema\/person\/fba14293189d7b1933ac7fba9d89e24a","name":"JC.","image":{"@type":"ImageObject","inLanguage":"es","@id":"https:\/\/secure.gravatar.com\/avatar\/f398a4de948606b38f0299d90ca738c674b648694bc725ed46503c240269dbf8?s=96&d=mm&r=g","url":"https:\/\/secure.gravatar.com\/avatar\/f398a4de948606b38f0299d90ca738c674b648694bc725ed46503c240269dbf8?s=96&d=mm&r=g","contentUrl":"https:\/\/secure.gravatar.com\/avatar\/f398a4de948606b38f0299d90ca738c674b648694bc725ed46503c240269dbf8?s=96&d=mm&r=g","caption":"JC."},"url":"http:\/\/www.defensoria.gob.ve\/?author=5"}]}},"_links":{"self":[{"href":"http:\/\/www.defensoria.gob.ve\/index.php?rest_route=\/wp\/v2\/posts\/4119","targetHints":{"allow":["GET"]}}],"collection":[{"href":"http:\/\/www.defensoria.gob.ve\/index.php?rest_route=\/wp\/v2\/posts"}],"about":[{"href":"http:\/\/www.defensoria.gob.ve\/index.php?rest_route=\/wp\/v2\/types\/post"}],"author":[{"embeddable":true,"href":"http:\/\/www.defensoria.gob.ve\/index.php?rest_route=\/wp\/v2\/users\/5"}],"replies":[{"embeddable":true,"href":"http:\/\/www.defensoria.gob.ve\/index.php?rest_route=%2Fwp%2Fv2%2Fcomments&post=4119"}],"version-history":[{"count":4,"href":"http:\/\/www.defensoria.gob.ve\/index.php?rest_route=\/wp\/v2\/posts\/4119\/revisions"}],"predecessor-version":[{"id":4124,"href":"http:\/\/www.defensoria.gob.ve\/index.php?rest_route=\/wp\/v2\/posts\/4119\/revisions\/4124"}],"wp:featuredmedia":[{"embeddable":true,"href":"http:\/\/www.defensoria.gob.ve\/index.php?rest_route=\/wp\/v2\/media\/4120"}],"wp:attachment":[{"href":"http:\/\/www.defensoria.gob.ve\/index.php?rest_route=%2Fwp%2Fv2%2Fmedia&parent=4119"}],"wp:term":[{"taxonomy":"category","embeddable":true,"href":"http:\/\/www.defensoria.gob.ve\/index.php?rest_route=%2Fwp%2Fv2%2Fcategories&post=4119"},{"taxonomy":"post_tag","embeddable":true,"href":"http:\/\/www.defensoria.gob.ve\/index.php?rest_route=%2Fwp%2Fv2%2Ftags&post=4119"}],"curies":[{"name":"wp","href":"https:\/\/api.w.org\/{rel}","templated":true}]}}