 
{"id":467,"date":"2023-09-06T14:33:58","date_gmt":"2023-09-06T18:33:58","guid":{"rendered":"http:\/\/10.70.220.3\/?p=467"},"modified":"2023-09-11T15:27:11","modified_gmt":"2023-09-11T19:27:11","slug":"defensor-del-pueblo-certifico-58-participantes-en-distintos-diplomados-ofertados-por-la-enadddhh","status":"publish","type":"post","link":"http:\/\/www.defensoria.gob.ve\/?p=467","title":{"rendered":"Defensor del Pueblo certific\u00f3 58 participantes en distintos Diplomados ofertados por la ENADDDHH"},"content":{"rendered":"\t\t<div data-elementor-type=\"wp-post\" data-elementor-id=\"467\" class=\"elementor elementor-467\">\n\t\t\t\t\t\t<section class=\"elementor-section elementor-top-section elementor-element elementor-element-39b27471 elementor-section-boxed elementor-section-height-default elementor-section-height-default\" data-id=\"39b27471\" data-element_type=\"section\" data-e-type=\"section\">\n\t\t\t\t\t\t<div class=\"elementor-container elementor-column-gap-default\">\n\t\t\t\t\t<div class=\"elementor-column elementor-col-100 elementor-top-column elementor-element elementor-element-372e75d6\" data-id=\"372e75d6\" data-element_type=\"column\" data-e-type=\"column\">\n\t\t\t<div class=\"elementor-widget-wrap elementor-element-populated\">\n\t\t\t\t\t\t<div class=\"elementor-element elementor-element-3911f52 elementor-widget elementor-widget-text-editor\" data-id=\"3911f52\" data-element_type=\"widget\" data-e-type=\"widget\" data-widget_type=\"text-editor.default\">\n\t\t\t\t<div class=\"elementor-widget-container\">\n\t\t\t\t\t\t\t\t\t\n<figure class=\"wp-block-image size-full\"><img fetchpriority=\"high\" decoding=\"async\" width=\"768\" height=\"474\" src=\"http:\/\/10.70.220.3\/wp-content\/uploads\/2023\/09\/06-07-23-FOTO-2.jpg\" alt=\"\" class=\"wp-image-468\" srcset=\"http:\/\/www.defensoria.gob.ve\/wp-content\/uploads\/2023\/09\/06-07-23-FOTO-2.jpg 768w, http:\/\/www.defensoria.gob.ve\/wp-content\/uploads\/2023\/09\/06-07-23-FOTO-2-300x185.jpg 300w\" sizes=\"(max-width: 768px) 100vw, 768px\" \/><\/figure>\n\n\n\n<p>(<strong>06-Julio-2023)<\/strong>&nbsp;Este jueves el Defensor del Pueblo, Alfredo Ruiz, en compa\u00f1\u00eda de la Presidenta del Consejo Nacional para las Personas con Discapacidad (Conapdis) y la Misi\u00f3n Jos\u00e9 Gregorio Hern\u00e1ndez, Soraida Ram\u00edrez Osorio, hicieron entrega de 58 certificados a los y las participantes de los diplomados ofertados por la Escuela Nacional de Derechos Humanos (ENADDDHH) &nbsp;de la Defensor\u00eda del Pueblo.<\/p>\n\n\n\n<p>En esta oportunidad los Diplomados certificados fueron: Lengua de Se\u00f1as Venezolanas (LSV), Derechos Humanos de Ni\u00f1os, Ni\u00f1as y Adolescentes con Discapacidad, Sistema Brailler, Derechos de Ni\u00f1os, Ni\u00f1as y Adolescentes, Derechos Humanos y Poder Popular, entre otros.<\/p>\n\n\n\n<p>Durante sus palabras de apertura, el Defensor precis\u00f3 que \u201ceste es un momento de celebraci\u00f3n porque se refuerzan los conocimientos de cada uno de ustedes. Con este certificado estamos reconociendo el esfuerzo de cada participante por mejorar los derechos humanos mediante el proceso educativo, y qu\u00e9 mejor forma de hacerlo que en nuestra casa de estudio\u201d.<\/p>\n\n\n\n<p>Seguidamente, destac\u00f3 que este momento es una acci\u00f3n de sinergia entre instituciones del Estado Venezolano y la sociedad, para que tengamos resultados positivos a favor de los derechos humanos.<\/p>\n\n\n\n<p>Ruiz, puntualiz\u00f3 que \u201cel tener una discapacidad no quiere decir que no tienen una habilidad\u201d. Es por ello, que insta a los graduandos y graduandas a ser multiplicadores de conocimientos en cada espacio donde tengan oportunidad de hacerlo.<\/p>\n\n\n\n<p>Por \u00faltimo, invit\u00f3 a los presentes a continuar con el compromiso y el deber de participar en cada proceso educativo, de vigilancia, promoci\u00f3n y divulgaci\u00f3n de los derechos humanos, &nbsp;en la familia, en la comunidad y en los espacios de trabajo, escuelas, de esta manera estaremos impulsando el desarrollo de nuestra sociedad. &nbsp;<\/p>\n\n\n\n<p>Por su parte, Soraida Ram\u00edrez del Conapdis, reconoci\u00f3 y agradeci\u00f3 el esfuerzo que realiza la Escuela Nacional de Derechos Humanos y cada facilitador y facilitadora, por profundizar la cultura de la discapacidad valorando el proceso de inclusi\u00f3n y eliminando los mitos que contin\u00faan presentes en nuestra sociedad. &nbsp;&nbsp;<\/p>\n\n\n\n<p>Al hacer un balance de las actividades acad\u00e9micas de la Escuela Nacional de Derechos Humanos,&nbsp;&nbsp;entre 2010 y junio de 2023, arroja como resultado que form\u00f3 a un total de 450.728 participantes, correspondientes a 327.468 mujeres y 123.260 hombres en diversas \u00e1reas de los Derechos Humanos.<\/p>\n\n\n\n<p>Este evento se llev\u00f3 a cabo en las instalaciones de la Escuela Nacional de Derechos Humanos de la Fundaci\u00f3n Juan Vives Suri\u00e1 adscrita a la Defensor\u00eda del Pueblo, en el aula Ana Soto de la ENADDHH,&nbsp;<strong>FIN\/ PRENSA Defensor\u00eda<\/strong><\/p>\n\t\t\t\t\t\t\t\t<\/div>\n\t\t\t\t<\/div>\n\t\t\t\t\t<\/div>\n\t\t<\/div>\n\t\t\t\t\t<\/div>\n\t\t<\/section>\n\t\t\t\t<\/div>\n\t\t","protected":false},"excerpt":{"rendered":"<p>(06-Julio-2023)&nbsp;Este jueves el Defensor del Pueblo, Alfredo Ruiz, en compa\u00f1\u00eda de la Presidenta del Consejo Nacional para las Personas con Discapacidad (Conapdis) y la Misi\u00f3n Jos\u00e9 Gregorio Hern\u00e1ndez, Soraida Ram\u00edrez&hellip; <\/p>\n","protected":false},"author":2,"featured_media":468,"comment_status":"open","ping_status":"open","sticky":false,"template":"","format":"standard","meta":{"footnotes":""},"categories":[6],"tags":[],"class_list":["post-467","post","type-post","status-publish","format-standard","has-post-thumbnail","hentry","category-escuela-ddhh"],"yoast_head":"<!-- This site is optimized with the Yoast SEO plugin v27.4 - https:\/\/yoast.com\/product\/yoast-seo-wordpress\/ -->\n<title>Defensor del Pueblo certific\u00f3 58 participantes en distintos Diplomados ofertados por la ENADDDHH -<\/title>\n<meta name=\"robots\" content=\"index, follow, max-snippet:-1, max-image-preview:large, max-video-preview:-1\" \/>\n<link rel=\"canonical\" href=\"http:\/\/www.defensoria.gob.ve\/?p=467\" \/>\n<meta property=\"og:locale\" content=\"es_ES\" \/>\n<meta property=\"og:type\" content=\"article\" \/>\n<meta property=\"og:title\" content=\"Defensor del Pueblo certific\u00f3 58 participantes en distintos Diplomados ofertados por la ENADDDHH -\" \/>\n<meta property=\"og:description\" content=\"(06-Julio-2023)&nbsp;Este jueves el Defensor del Pueblo, Alfredo Ruiz, en compa\u00f1\u00eda de la Presidenta del Consejo Nacional para las Personas con Discapacidad (Conapdis) y la Misi\u00f3n Jos\u00e9 Gregorio Hern\u00e1ndez, Soraida Ram\u00edrez&hellip;\" \/>\n<meta property=\"og:url\" content=\"http:\/\/www.defensoria.gob.ve\/?p=467\" \/>\n<meta property=\"article:published_time\" content=\"2023-09-06T18:33:58+00:00\" \/>\n<meta property=\"article:modified_time\" content=\"2023-09-11T19:27:11+00:00\" \/>\n<meta property=\"og:image\" content=\"http:\/\/www.defensoria.gob.ve\/wp-content\/uploads\/2023\/09\/06-07-23-FOTO-2.jpg\" \/>\n\t<meta property=\"og:image:width\" content=\"768\" \/>\n\t<meta property=\"og:image:height\" content=\"474\" \/>\n\t<meta property=\"og:image:type\" content=\"image\/jpeg\" \/>\n<meta name=\"author\" content=\"AM.\" \/>\n<meta name=\"twitter:card\" content=\"summary_large_image\" \/>\n<meta name=\"twitter:label1\" content=\"Escrito por\" \/>\n\t<meta name=\"twitter:data1\" content=\"AM.\" \/>\n\t<meta name=\"twitter:label2\" content=\"Tiempo estimado de lectura\" \/>\n\t<meta name=\"twitter:data2\" content=\"2 minutos\" \/>\n<script type=\"application\/ld+json\" class=\"yoast-schema-graph\">{\"@context\":\"https:\\\/\\\/schema.org\",\"@graph\":[{\"@type\":\"Article\",\"@id\":\"http:\\\/\\\/www.defensoria.gob.ve\\\/?p=467#article\",\"isPartOf\":{\"@id\":\"http:\\\/\\\/www.defensoria.gob.ve\\\/?p=467\"},\"author\":{\"name\":\"AM.\",\"@id\":\"http:\\\/\\\/www.defensoria.gob.ve\\\/#\\\/schema\\\/person\\\/c34d5377141176c9b5d1d4e296a964ea\"},\"headline\":\"Defensor del Pueblo certific\u00f3 58 participantes en distintos Diplomados ofertados por la ENADDDHH\",\"datePublished\":\"2023-09-06T18:33:58+00:00\",\"dateModified\":\"2023-09-11T19:27:11+00:00\",\"mainEntityOfPage\":{\"@id\":\"http:\\\/\\\/www.defensoria.gob.ve\\\/?p=467\"},\"wordCount\":438,\"commentCount\":0,\"image\":{\"@id\":\"http:\\\/\\\/www.defensoria.gob.ve\\\/?p=467#primaryimage\"},\"thumbnailUrl\":\"http:\\\/\\\/www.defensoria.gob.ve\\\/wp-content\\\/uploads\\\/2023\\\/09\\\/06-07-23-FOTO-2.jpg\",\"articleSection\":[\"ESCUELA DDHH\"],\"inLanguage\":\"es\",\"potentialAction\":[{\"@type\":\"CommentAction\",\"name\":\"Comment\",\"target\":[\"http:\\\/\\\/www.defensoria.gob.ve\\\/?p=467#respond\"]}]},{\"@type\":\"WebPage\",\"@id\":\"http:\\\/\\\/www.defensoria.gob.ve\\\/?p=467\",\"url\":\"http:\\\/\\\/www.defensoria.gob.ve\\\/?p=467\",\"name\":\"Defensor del Pueblo certific\u00f3 58 participantes en distintos Diplomados ofertados por la ENADDDHH -\",\"isPartOf\":{\"@id\":\"http:\\\/\\\/www.defensoria.gob.ve\\\/#website\"},\"primaryImageOfPage\":{\"@id\":\"http:\\\/\\\/www.defensoria.gob.ve\\\/?p=467#primaryimage\"},\"image\":{\"@id\":\"http:\\\/\\\/www.defensoria.gob.ve\\\/?p=467#primaryimage\"},\"thumbnailUrl\":\"http:\\\/\\\/www.defensoria.gob.ve\\\/wp-content\\\/uploads\\\/2023\\\/09\\\/06-07-23-FOTO-2.jpg\",\"datePublished\":\"2023-09-06T18:33:58+00:00\",\"dateModified\":\"2023-09-11T19:27:11+00:00\",\"author\":{\"@id\":\"http:\\\/\\\/www.defensoria.gob.ve\\\/#\\\/schema\\\/person\\\/c34d5377141176c9b5d1d4e296a964ea\"},\"breadcrumb\":{\"@id\":\"http:\\\/\\\/www.defensoria.gob.ve\\\/?p=467#breadcrumb\"},\"inLanguage\":\"es\",\"potentialAction\":[{\"@type\":\"ReadAction\",\"target\":[\"http:\\\/\\\/www.defensoria.gob.ve\\\/?p=467\"]}]},{\"@type\":\"ImageObject\",\"inLanguage\":\"es\",\"@id\":\"http:\\\/\\\/www.defensoria.gob.ve\\\/?p=467#primaryimage\",\"url\":\"http:\\\/\\\/www.defensoria.gob.ve\\\/wp-content\\\/uploads\\\/2023\\\/09\\\/06-07-23-FOTO-2.jpg\",\"contentUrl\":\"http:\\\/\\\/www.defensoria.gob.ve\\\/wp-content\\\/uploads\\\/2023\\\/09\\\/06-07-23-FOTO-2.jpg\",\"width\":768,\"height\":474},{\"@type\":\"BreadcrumbList\",\"@id\":\"http:\\\/\\\/www.defensoria.gob.ve\\\/?p=467#breadcrumb\",\"itemListElement\":[{\"@type\":\"ListItem\",\"position\":1,\"name\":\"Portada\",\"item\":\"http:\\\/\\\/www.defensoria.gob.ve\\\/\"},{\"@type\":\"ListItem\",\"position\":2,\"name\":\"Defensor del Pueblo certific\u00f3 58 participantes en distintos Diplomados ofertados por la ENADDDHH\"}]},{\"@type\":\"WebSite\",\"@id\":\"http:\\\/\\\/www.defensoria.gob.ve\\\/#website\",\"url\":\"http:\\\/\\\/www.defensoria.gob.ve\\\/\",\"name\":\"\",\"description\":\"Instituci\u00f3n del Poder Ciudadano para la Promoci\u00f3n, Defensa y Vigilancia de los Derechos Humanos.\",\"potentialAction\":[{\"@type\":\"SearchAction\",\"target\":{\"@type\":\"EntryPoint\",\"urlTemplate\":\"http:\\\/\\\/www.defensoria.gob.ve\\\/?s={search_term_string}\"},\"query-input\":{\"@type\":\"PropertyValueSpecification\",\"valueRequired\":true,\"valueName\":\"search_term_string\"}}],\"inLanguage\":\"es\"},{\"@type\":\"Person\",\"@id\":\"http:\\\/\\\/www.defensoria.gob.ve\\\/#\\\/schema\\\/person\\\/c34d5377141176c9b5d1d4e296a964ea\",\"name\":\"AM.\",\"image\":{\"@type\":\"ImageObject\",\"inLanguage\":\"es\",\"@id\":\"https:\\\/\\\/secure.gravatar.com\\\/avatar\\\/56ff5566c2c815c4e2968e663c2fd64c71704779b5354985ef7caf4b48841448?s=96&d=mm&r=g\",\"url\":\"https:\\\/\\\/secure.gravatar.com\\\/avatar\\\/56ff5566c2c815c4e2968e663c2fd64c71704779b5354985ef7caf4b48841448?s=96&d=mm&r=g\",\"contentUrl\":\"https:\\\/\\\/secure.gravatar.com\\\/avatar\\\/56ff5566c2c815c4e2968e663c2fd64c71704779b5354985ef7caf4b48841448?s=96&d=mm&r=g\",\"caption\":\"AM.\"},\"url\":\"http:\\\/\\\/www.defensoria.gob.ve\\\/?author=2\"}]}<\/script>\n<!-- \/ Yoast SEO plugin. -->","yoast_head_json":{"title":"Defensor del Pueblo certific\u00f3 58 participantes en distintos Diplomados ofertados por la ENADDDHH -","robots":{"index":"index","follow":"follow","max-snippet":"max-snippet:-1","max-image-preview":"max-image-preview:large","max-video-preview":"max-video-preview:-1"},"canonical":"http:\/\/www.defensoria.gob.ve\/?p=467","og_locale":"es_ES","og_type":"article","og_title":"Defensor del Pueblo certific\u00f3 58 participantes en distintos Diplomados ofertados por la ENADDDHH -","og_description":"(06-Julio-2023)&nbsp;Este jueves el Defensor del Pueblo, Alfredo Ruiz, en compa\u00f1\u00eda de la Presidenta del Consejo Nacional para las Personas con Discapacidad (Conapdis) y la Misi\u00f3n Jos\u00e9 Gregorio Hern\u00e1ndez, Soraida Ram\u00edrez&hellip;","og_url":"http:\/\/www.defensoria.gob.ve\/?p=467","article_published_time":"2023-09-06T18:33:58+00:00","article_modified_time":"2023-09-11T19:27:11+00:00","og_image":[{"width":768,"height":474,"url":"http:\/\/www.defensoria.gob.ve\/wp-content\/uploads\/2023\/09\/06-07-23-FOTO-2.jpg","type":"image\/jpeg"}],"author":"AM.","twitter_card":"summary_large_image","twitter_misc":{"Escrito por":"AM.","Tiempo estimado de lectura":"2 minutos"},"schema":{"@context":"https:\/\/schema.org","@graph":[{"@type":"Article","@id":"http:\/\/www.defensoria.gob.ve\/?p=467#article","isPartOf":{"@id":"http:\/\/www.defensoria.gob.ve\/?p=467"},"author":{"name":"AM.","@id":"http:\/\/www.defensoria.gob.ve\/#\/schema\/person\/c34d5377141176c9b5d1d4e296a964ea"},"headline":"Defensor del Pueblo certific\u00f3 58 participantes en distintos Diplomados ofertados por la ENADDDHH","datePublished":"2023-09-06T18:33:58+00:00","dateModified":"2023-09-11T19:27:11+00:00","mainEntityOfPage":{"@id":"http:\/\/www.defensoria.gob.ve\/?p=467"},"wordCount":438,"commentCount":0,"image":{"@id":"http:\/\/www.defensoria.gob.ve\/?p=467#primaryimage"},"thumbnailUrl":"http:\/\/www.defensoria.gob.ve\/wp-content\/uploads\/2023\/09\/06-07-23-FOTO-2.jpg","articleSection":["ESCUELA DDHH"],"inLanguage":"es","potentialAction":[{"@type":"CommentAction","name":"Comment","target":["http:\/\/www.defensoria.gob.ve\/?p=467#respond"]}]},{"@type":"WebPage","@id":"http:\/\/www.defensoria.gob.ve\/?p=467","url":"http:\/\/www.defensoria.gob.ve\/?p=467","name":"Defensor del Pueblo certific\u00f3 58 participantes en distintos Diplomados ofertados por la ENADDDHH -","isPartOf":{"@id":"http:\/\/www.defensoria.gob.ve\/#website"},"primaryImageOfPage":{"@id":"http:\/\/www.defensoria.gob.ve\/?p=467#primaryimage"},"image":{"@id":"http:\/\/www.defensoria.gob.ve\/?p=467#primaryimage"},"thumbnailUrl":"http:\/\/www.defensoria.gob.ve\/wp-content\/uploads\/2023\/09\/06-07-23-FOTO-2.jpg","datePublished":"2023-09-06T18:33:58+00:00","dateModified":"2023-09-11T19:27:11+00:00","author":{"@id":"http:\/\/www.defensoria.gob.ve\/#\/schema\/person\/c34d5377141176c9b5d1d4e296a964ea"},"breadcrumb":{"@id":"http:\/\/www.defensoria.gob.ve\/?p=467#breadcrumb"},"inLanguage":"es","potentialAction":[{"@type":"ReadAction","target":["http:\/\/www.defensoria.gob.ve\/?p=467"]}]},{"@type":"ImageObject","inLanguage":"es","@id":"http:\/\/www.defensoria.gob.ve\/?p=467#primaryimage","url":"http:\/\/www.defensoria.gob.ve\/wp-content\/uploads\/2023\/09\/06-07-23-FOTO-2.jpg","contentUrl":"http:\/\/www.defensoria.gob.ve\/wp-content\/uploads\/2023\/09\/06-07-23-FOTO-2.jpg","width":768,"height":474},{"@type":"BreadcrumbList","@id":"http:\/\/www.defensoria.gob.ve\/?p=467#breadcrumb","itemListElement":[{"@type":"ListItem","position":1,"name":"Portada","item":"http:\/\/www.defensoria.gob.ve\/"},{"@type":"ListItem","position":2,"name":"Defensor del Pueblo certific\u00f3 58 participantes en distintos Diplomados ofertados por la ENADDDHH"}]},{"@type":"WebSite","@id":"http:\/\/www.defensoria.gob.ve\/#website","url":"http:\/\/www.defensoria.gob.ve\/","name":"","description":"Instituci\u00f3n del Poder Ciudadano para la Promoci\u00f3n, Defensa y Vigilancia de los Derechos Humanos.","potentialAction":[{"@type":"SearchAction","target":{"@type":"EntryPoint","urlTemplate":"http:\/\/www.defensoria.gob.ve\/?s={search_term_string}"},"query-input":{"@type":"PropertyValueSpecification","valueRequired":true,"valueName":"search_term_string"}}],"inLanguage":"es"},{"@type":"Person","@id":"http:\/\/www.defensoria.gob.ve\/#\/schema\/person\/c34d5377141176c9b5d1d4e296a964ea","name":"AM.","image":{"@type":"ImageObject","inLanguage":"es","@id":"https:\/\/secure.gravatar.com\/avatar\/56ff5566c2c815c4e2968e663c2fd64c71704779b5354985ef7caf4b48841448?s=96&d=mm&r=g","url":"https:\/\/secure.gravatar.com\/avatar\/56ff5566c2c815c4e2968e663c2fd64c71704779b5354985ef7caf4b48841448?s=96&d=mm&r=g","contentUrl":"https:\/\/secure.gravatar.com\/avatar\/56ff5566c2c815c4e2968e663c2fd64c71704779b5354985ef7caf4b48841448?s=96&d=mm&r=g","caption":"AM."},"url":"http:\/\/www.defensoria.gob.ve\/?author=2"}]}},"_links":{"self":[{"href":"http:\/\/www.defensoria.gob.ve\/index.php?rest_route=\/wp\/v2\/posts\/467","targetHints":{"allow":["GET"]}}],"collection":[{"href":"http:\/\/www.defensoria.gob.ve\/index.php?rest_route=\/wp\/v2\/posts"}],"about":[{"href":"http:\/\/www.defensoria.gob.ve\/index.php?rest_route=\/wp\/v2\/types\/post"}],"author":[{"embeddable":true,"href":"http:\/\/www.defensoria.gob.ve\/index.php?rest_route=\/wp\/v2\/users\/2"}],"replies":[{"embeddable":true,"href":"http:\/\/www.defensoria.gob.ve\/index.php?rest_route=%2Fwp%2Fv2%2Fcomments&post=467"}],"version-history":[{"count":4,"href":"http:\/\/www.defensoria.gob.ve\/index.php?rest_route=\/wp\/v2\/posts\/467\/revisions"}],"predecessor-version":[{"id":1061,"href":"http:\/\/www.defensoria.gob.ve\/index.php?rest_route=\/wp\/v2\/posts\/467\/revisions\/1061"}],"wp:featuredmedia":[{"embeddable":true,"href":"http:\/\/www.defensoria.gob.ve\/index.php?rest_route=\/wp\/v2\/media\/468"}],"wp:attachment":[{"href":"http:\/\/www.defensoria.gob.ve\/index.php?rest_route=%2Fwp%2Fv2%2Fmedia&parent=467"}],"wp:term":[{"taxonomy":"category","embeddable":true,"href":"http:\/\/www.defensoria.gob.ve\/index.php?rest_route=%2Fwp%2Fv2%2Fcategories&post=467"},{"taxonomy":"post_tag","embeddable":true,"href":"http:\/\/www.defensoria.gob.ve\/index.php?rest_route=%2Fwp%2Fv2%2Ftags&post=467"}],"curies":[{"name":"wp","href":"https:\/\/api.w.org\/{rel}","templated":true}]}}