 
{"id":477,"date":"2023-09-06T14:50:17","date_gmt":"2023-09-06T18:50:17","guid":{"rendered":"http:\/\/10.70.220.3\/?p=477"},"modified":"2023-09-11T15:22:39","modified_gmt":"2023-09-11T19:22:39","slug":"ddp-se-suma-a-la-consulta-publica-nacional-sobre-el-proyecto-de-ley-para-personas-sordas-y-con-discapacidad-auditiva","status":"publish","type":"post","link":"http:\/\/www.defensoria.gob.ve\/?p=477","title":{"rendered":"DdP se suma a la consulta p\u00fablica nacional sobre el Proyecto de Ley para personas sordas y con discapacidad auditiva"},"content":{"rendered":"\t\t<div data-elementor-type=\"wp-post\" data-elementor-id=\"477\" class=\"elementor elementor-477\">\n\t\t\t\t\t\t<section class=\"elementor-section elementor-top-section elementor-element elementor-element-2a5e43ce elementor-section-boxed elementor-section-height-default elementor-section-height-default\" data-id=\"2a5e43ce\" data-element_type=\"section\" data-e-type=\"section\">\n\t\t\t\t\t\t<div class=\"elementor-container elementor-column-gap-default\">\n\t\t\t\t\t<div class=\"elementor-column elementor-col-100 elementor-top-column elementor-element elementor-element-4b8d694b\" data-id=\"4b8d694b\" data-element_type=\"column\" data-e-type=\"column\">\n\t\t\t<div class=\"elementor-widget-wrap elementor-element-populated\">\n\t\t\t\t\t\t<div class=\"elementor-element elementor-element-2903a0e3 elementor-widget elementor-widget-text-editor\" data-id=\"2903a0e3\" data-element_type=\"widget\" data-e-type=\"widget\" data-widget_type=\"text-editor.default\">\n\t\t\t\t<div class=\"elementor-widget-container\">\n\t\t\t\t\t\t\t\t\t\n<figure class=\"wp-block-image size-full\"><img fetchpriority=\"high\" decoding=\"async\" width=\"768\" height=\"471\" src=\"http:\/\/10.70.220.3\/wp-content\/uploads\/2023\/09\/20-06-23-ENDDHH.jpg\" alt=\"\" class=\"wp-image-478\" srcset=\"http:\/\/www.defensoria.gob.ve\/wp-content\/uploads\/2023\/09\/20-06-23-ENDDHH.jpg 768w, http:\/\/www.defensoria.gob.ve\/wp-content\/uploads\/2023\/09\/20-06-23-ENDDHH-300x184.jpg 300w\" sizes=\"(max-width: 768px) 100vw, 768px\" \/><\/figure>\n\n\n\n<p><strong>(20-Jun-2023)<\/strong>&nbsp;El Defensor del Pueblo, Alfredo Ruiz, indic\u00f3 que la Instituci\u00f3n Nacional de Derechos Humanos se une a la consulta p\u00fablica que actualmente realiza en todo el territorio venezolano la Asamblea Nacional sobre la Ley para Personas Sordas y con Discapacidad Auditiva.<\/p>\n\n\n\n<p>Tal aseveraci\u00f3n, la realiz\u00f3 el Defensor del Pueblo durante la Jornada sobre Derechos Humanos de las Personas Sordas y Personas con Discapacidad Auditiva. En el marco de la consulta P\u00fablica del Proyecto de Atenci\u00f3n Integral a las Personas Sordas y con Discapacidad Auditiva, organizada conjuntamente con la Subcomisi\u00f3n de Protecci\u00f3n Social del Sistema de Misiones y Grandes Misiones de la Asamblea Nacional, el Ministerio del Poder Popular para el Proceso Social del Trabajo y la CONAPDIS.<\/p>\n\n\n\n<p>Esta actividad se realiz\u00f3 en la sede de la Escuela Nacional de Derechos Humanos (Enaddhh), Fundaci\u00f3n Juan Vives Suria, cuyas&nbsp; instalaciones han sido puestas a la orden de la Asamblea Nacional para que se lleve a cabo la deliberaci\u00f3n p\u00fablica sobre dicha normativa, destac\u00f3 el Defensor del Pueblo.<\/p>\n\n\n\n<p>Ruiz indic\u00f3&nbsp; que se ha planificado que &nbsp;las 24 sedes principales y las 9 subsedes de la Defensor\u00eda del Pueblo a nivel nacional est\u00e9n abiertas para que se incorporen todas las personas interesadas en participar en esta consulta popular y puedan hacer propuestas para que esta ley sea difundida a nivel nacional.<\/p>\n\n\n\n<p>A juicio de Ru\u00edz las \u00e1reas que deben ser fortalecidas en esta ley son las referentes al proceso social del trabajo para incorporar a estas personas con discapacidad auditiva al mundo laboral. Asimismo hay que robustecer la educaci\u00f3n en el nivel superior, para incorporar a las personas con discapacidad en la educaci\u00f3n universitaria y en el mundo cient\u00edfico.<\/p>\n\n\n\n<p>El titular de la instituci\u00f3n nacional de los derechos humanos, record\u00f3 que desde el a\u00f1o 2010 cuando se inici\u00f3 el proceso de formaci\u00f3n en la &nbsp;Enaddhh hasta mayo de 2023 han sido capacitadas 435 mil personas en todas las \u00e1reas de derechos humanos. M\u00e1s de 200 mil en los \u00faltimos 20 a\u00f1os. En cuanto, al tema de las personas con discapacidad se han formado a nivel de diplomado hasta la fecha, 23 mil personas.<\/p>\n\n\n\n<p>Mientras que en el diplomado de Ni\u00f1os, Ni\u00f1as y Adolescentes con discapacidad desde 2014 y hasta la presente fecha se han capacitado a m\u00e1s de 2.700 personas, as\u00ed como en el diplomado de Lengua de Se\u00f1as Venezolana (LSV), Braile y otras modalidades de aprendizaje para dar atenci\u00f3n a las personas con discapacidad auditiva.<\/p>\n\n\n\n<p>El Defensor del Pueblo estuvo acompa\u00f1ado durante esta actividad por la presidenta de la Subcomisi\u00f3n de Protecci\u00f3n Social, Misiones y Grandes Misiones de la Asamblea Nacional, Yurami Quintero; el diputado Ren\u00e9 Coltat, quien present\u00f3 el proyecto de ley ante la Asamblea Nacional; el diputado Dennis Soto; el Viceministro de Previsi\u00f3n Social del Ministerio del Poder Popular para el Proceso Social del Trabajo, Rafael R\u00edos; la presidenta del Consejo Nacional para las Personas con Discapacidad (CONAPDIS) y de la Misi\u00f3n Jos\u00e9 Gregorio Hern\u00e1ndez, Soraida Ram\u00edrez y otros invitados especiales.&nbsp;<strong>Fin\/Prensa Defensor\u00eda<\/strong><\/p>\n\t\t\t\t\t\t\t\t<\/div>\n\t\t\t\t<\/div>\n\t\t\t\t\t<\/div>\n\t\t<\/div>\n\t\t\t\t\t<\/div>\n\t\t<\/section>\n\t\t\t\t<\/div>\n\t\t","protected":false},"excerpt":{"rendered":"<p>(20-Jun-2023)&nbsp;El Defensor del Pueblo, Alfredo Ruiz, indic\u00f3 que la Instituci\u00f3n Nacional de Derechos Humanos se une a la consulta p\u00fablica que actualmente realiza en todo el territorio venezolano la Asamblea&hellip; <\/p>\n","protected":false},"author":2,"featured_media":478,"comment_status":"open","ping_status":"open","sticky":false,"template":"","format":"standard","meta":{"footnotes":""},"categories":[6],"tags":[],"class_list":["post-477","post","type-post","status-publish","format-standard","has-post-thumbnail","hentry","category-escuela-ddhh"],"yoast_head":"<!-- This site is optimized with the Yoast SEO plugin v27.4 - https:\/\/yoast.com\/product\/yoast-seo-wordpress\/ -->\n<title>DdP se suma a la consulta p\u00fablica nacional sobre el Proyecto de Ley para personas sordas y con discapacidad auditiva -<\/title>\n<meta name=\"robots\" content=\"index, follow, max-snippet:-1, max-image-preview:large, max-video-preview:-1\" \/>\n<link rel=\"canonical\" href=\"http:\/\/www.defensoria.gob.ve\/?p=477\" \/>\n<meta property=\"og:locale\" content=\"es_ES\" \/>\n<meta property=\"og:type\" content=\"article\" \/>\n<meta property=\"og:title\" content=\"DdP se suma a la consulta p\u00fablica nacional sobre el Proyecto de Ley para personas sordas y con discapacidad auditiva -\" \/>\n<meta property=\"og:description\" content=\"(20-Jun-2023)&nbsp;El Defensor del Pueblo, Alfredo Ruiz, indic\u00f3 que la Instituci\u00f3n Nacional de Derechos Humanos se une a la consulta p\u00fablica que actualmente realiza en todo el territorio venezolano la Asamblea&hellip;\" \/>\n<meta property=\"og:url\" content=\"http:\/\/www.defensoria.gob.ve\/?p=477\" \/>\n<meta property=\"article:published_time\" content=\"2023-09-06T18:50:17+00:00\" \/>\n<meta property=\"article:modified_time\" content=\"2023-09-11T19:22:39+00:00\" \/>\n<meta property=\"og:image\" content=\"http:\/\/www.defensoria.gob.ve\/wp-content\/uploads\/2023\/09\/20-06-23-ENDDHH.jpg\" \/>\n\t<meta property=\"og:image:width\" content=\"768\" \/>\n\t<meta property=\"og:image:height\" content=\"471\" \/>\n\t<meta property=\"og:image:type\" content=\"image\/jpeg\" \/>\n<meta name=\"author\" content=\"AM.\" \/>\n<meta name=\"twitter:card\" content=\"summary_large_image\" \/>\n<meta name=\"twitter:label1\" content=\"Escrito por\" \/>\n\t<meta name=\"twitter:data1\" content=\"AM.\" \/>\n\t<meta name=\"twitter:label2\" content=\"Tiempo estimado de lectura\" \/>\n\t<meta name=\"twitter:data2\" content=\"3 minutos\" \/>\n<script type=\"application\/ld+json\" class=\"yoast-schema-graph\">{\"@context\":\"https:\\\/\\\/schema.org\",\"@graph\":[{\"@type\":\"Article\",\"@id\":\"http:\\\/\\\/www.defensoria.gob.ve\\\/?p=477#article\",\"isPartOf\":{\"@id\":\"http:\\\/\\\/www.defensoria.gob.ve\\\/?p=477\"},\"author\":{\"name\":\"AM.\",\"@id\":\"http:\\\/\\\/www.defensoria.gob.ve\\\/#\\\/schema\\\/person\\\/c34d5377141176c9b5d1d4e296a964ea\"},\"headline\":\"DdP se suma a la consulta p\u00fablica nacional sobre el Proyecto de Ley para personas sordas y con discapacidad auditiva\",\"datePublished\":\"2023-09-06T18:50:17+00:00\",\"dateModified\":\"2023-09-11T19:22:39+00:00\",\"mainEntityOfPage\":{\"@id\":\"http:\\\/\\\/www.defensoria.gob.ve\\\/?p=477\"},\"wordCount\":546,\"commentCount\":0,\"image\":{\"@id\":\"http:\\\/\\\/www.defensoria.gob.ve\\\/?p=477#primaryimage\"},\"thumbnailUrl\":\"http:\\\/\\\/www.defensoria.gob.ve\\\/wp-content\\\/uploads\\\/2023\\\/09\\\/20-06-23-ENDDHH.jpg\",\"articleSection\":[\"ESCUELA DDHH\"],\"inLanguage\":\"es\",\"potentialAction\":[{\"@type\":\"CommentAction\",\"name\":\"Comment\",\"target\":[\"http:\\\/\\\/www.defensoria.gob.ve\\\/?p=477#respond\"]}]},{\"@type\":\"WebPage\",\"@id\":\"http:\\\/\\\/www.defensoria.gob.ve\\\/?p=477\",\"url\":\"http:\\\/\\\/www.defensoria.gob.ve\\\/?p=477\",\"name\":\"DdP se suma a la consulta p\u00fablica nacional sobre el Proyecto de Ley para personas sordas y con discapacidad auditiva -\",\"isPartOf\":{\"@id\":\"http:\\\/\\\/www.defensoria.gob.ve\\\/#website\"},\"primaryImageOfPage\":{\"@id\":\"http:\\\/\\\/www.defensoria.gob.ve\\\/?p=477#primaryimage\"},\"image\":{\"@id\":\"http:\\\/\\\/www.defensoria.gob.ve\\\/?p=477#primaryimage\"},\"thumbnailUrl\":\"http:\\\/\\\/www.defensoria.gob.ve\\\/wp-content\\\/uploads\\\/2023\\\/09\\\/20-06-23-ENDDHH.jpg\",\"datePublished\":\"2023-09-06T18:50:17+00:00\",\"dateModified\":\"2023-09-11T19:22:39+00:00\",\"author\":{\"@id\":\"http:\\\/\\\/www.defensoria.gob.ve\\\/#\\\/schema\\\/person\\\/c34d5377141176c9b5d1d4e296a964ea\"},\"breadcrumb\":{\"@id\":\"http:\\\/\\\/www.defensoria.gob.ve\\\/?p=477#breadcrumb\"},\"inLanguage\":\"es\",\"potentialAction\":[{\"@type\":\"ReadAction\",\"target\":[\"http:\\\/\\\/www.defensoria.gob.ve\\\/?p=477\"]}]},{\"@type\":\"ImageObject\",\"inLanguage\":\"es\",\"@id\":\"http:\\\/\\\/www.defensoria.gob.ve\\\/?p=477#primaryimage\",\"url\":\"http:\\\/\\\/www.defensoria.gob.ve\\\/wp-content\\\/uploads\\\/2023\\\/09\\\/20-06-23-ENDDHH.jpg\",\"contentUrl\":\"http:\\\/\\\/www.defensoria.gob.ve\\\/wp-content\\\/uploads\\\/2023\\\/09\\\/20-06-23-ENDDHH.jpg\",\"width\":768,\"height\":471},{\"@type\":\"BreadcrumbList\",\"@id\":\"http:\\\/\\\/www.defensoria.gob.ve\\\/?p=477#breadcrumb\",\"itemListElement\":[{\"@type\":\"ListItem\",\"position\":1,\"name\":\"Portada\",\"item\":\"http:\\\/\\\/www.defensoria.gob.ve\\\/\"},{\"@type\":\"ListItem\",\"position\":2,\"name\":\"DdP se suma a la consulta p\u00fablica nacional sobre el Proyecto de Ley para personas sordas y con discapacidad auditiva\"}]},{\"@type\":\"WebSite\",\"@id\":\"http:\\\/\\\/www.defensoria.gob.ve\\\/#website\",\"url\":\"http:\\\/\\\/www.defensoria.gob.ve\\\/\",\"name\":\"\",\"description\":\"Instituci\u00f3n del Poder Ciudadano para la Promoci\u00f3n, Defensa y Vigilancia de los Derechos Humanos.\",\"potentialAction\":[{\"@type\":\"SearchAction\",\"target\":{\"@type\":\"EntryPoint\",\"urlTemplate\":\"http:\\\/\\\/www.defensoria.gob.ve\\\/?s={search_term_string}\"},\"query-input\":{\"@type\":\"PropertyValueSpecification\",\"valueRequired\":true,\"valueName\":\"search_term_string\"}}],\"inLanguage\":\"es\"},{\"@type\":\"Person\",\"@id\":\"http:\\\/\\\/www.defensoria.gob.ve\\\/#\\\/schema\\\/person\\\/c34d5377141176c9b5d1d4e296a964ea\",\"name\":\"AM.\",\"image\":{\"@type\":\"ImageObject\",\"inLanguage\":\"es\",\"@id\":\"https:\\\/\\\/secure.gravatar.com\\\/avatar\\\/56ff5566c2c815c4e2968e663c2fd64c71704779b5354985ef7caf4b48841448?s=96&d=mm&r=g\",\"url\":\"https:\\\/\\\/secure.gravatar.com\\\/avatar\\\/56ff5566c2c815c4e2968e663c2fd64c71704779b5354985ef7caf4b48841448?s=96&d=mm&r=g\",\"contentUrl\":\"https:\\\/\\\/secure.gravatar.com\\\/avatar\\\/56ff5566c2c815c4e2968e663c2fd64c71704779b5354985ef7caf4b48841448?s=96&d=mm&r=g\",\"caption\":\"AM.\"},\"url\":\"http:\\\/\\\/www.defensoria.gob.ve\\\/?author=2\"}]}<\/script>\n<!-- \/ Yoast SEO plugin. -->","yoast_head_json":{"title":"DdP se suma a la consulta p\u00fablica nacional sobre el Proyecto de Ley para personas sordas y con discapacidad auditiva -","robots":{"index":"index","follow":"follow","max-snippet":"max-snippet:-1","max-image-preview":"max-image-preview:large","max-video-preview":"max-video-preview:-1"},"canonical":"http:\/\/www.defensoria.gob.ve\/?p=477","og_locale":"es_ES","og_type":"article","og_title":"DdP se suma a la consulta p\u00fablica nacional sobre el Proyecto de Ley para personas sordas y con discapacidad auditiva -","og_description":"(20-Jun-2023)&nbsp;El Defensor del Pueblo, Alfredo Ruiz, indic\u00f3 que la Instituci\u00f3n Nacional de Derechos Humanos se une a la consulta p\u00fablica que actualmente realiza en todo el territorio venezolano la Asamblea&hellip;","og_url":"http:\/\/www.defensoria.gob.ve\/?p=477","article_published_time":"2023-09-06T18:50:17+00:00","article_modified_time":"2023-09-11T19:22:39+00:00","og_image":[{"width":768,"height":471,"url":"http:\/\/www.defensoria.gob.ve\/wp-content\/uploads\/2023\/09\/20-06-23-ENDDHH.jpg","type":"image\/jpeg"}],"author":"AM.","twitter_card":"summary_large_image","twitter_misc":{"Escrito por":"AM.","Tiempo estimado de lectura":"3 minutos"},"schema":{"@context":"https:\/\/schema.org","@graph":[{"@type":"Article","@id":"http:\/\/www.defensoria.gob.ve\/?p=477#article","isPartOf":{"@id":"http:\/\/www.defensoria.gob.ve\/?p=477"},"author":{"name":"AM.","@id":"http:\/\/www.defensoria.gob.ve\/#\/schema\/person\/c34d5377141176c9b5d1d4e296a964ea"},"headline":"DdP se suma a la consulta p\u00fablica nacional sobre el Proyecto de Ley para personas sordas y con discapacidad auditiva","datePublished":"2023-09-06T18:50:17+00:00","dateModified":"2023-09-11T19:22:39+00:00","mainEntityOfPage":{"@id":"http:\/\/www.defensoria.gob.ve\/?p=477"},"wordCount":546,"commentCount":0,"image":{"@id":"http:\/\/www.defensoria.gob.ve\/?p=477#primaryimage"},"thumbnailUrl":"http:\/\/www.defensoria.gob.ve\/wp-content\/uploads\/2023\/09\/20-06-23-ENDDHH.jpg","articleSection":["ESCUELA DDHH"],"inLanguage":"es","potentialAction":[{"@type":"CommentAction","name":"Comment","target":["http:\/\/www.defensoria.gob.ve\/?p=477#respond"]}]},{"@type":"WebPage","@id":"http:\/\/www.defensoria.gob.ve\/?p=477","url":"http:\/\/www.defensoria.gob.ve\/?p=477","name":"DdP se suma a la consulta p\u00fablica nacional sobre el Proyecto de Ley para personas sordas y con discapacidad auditiva -","isPartOf":{"@id":"http:\/\/www.defensoria.gob.ve\/#website"},"primaryImageOfPage":{"@id":"http:\/\/www.defensoria.gob.ve\/?p=477#primaryimage"},"image":{"@id":"http:\/\/www.defensoria.gob.ve\/?p=477#primaryimage"},"thumbnailUrl":"http:\/\/www.defensoria.gob.ve\/wp-content\/uploads\/2023\/09\/20-06-23-ENDDHH.jpg","datePublished":"2023-09-06T18:50:17+00:00","dateModified":"2023-09-11T19:22:39+00:00","author":{"@id":"http:\/\/www.defensoria.gob.ve\/#\/schema\/person\/c34d5377141176c9b5d1d4e296a964ea"},"breadcrumb":{"@id":"http:\/\/www.defensoria.gob.ve\/?p=477#breadcrumb"},"inLanguage":"es","potentialAction":[{"@type":"ReadAction","target":["http:\/\/www.defensoria.gob.ve\/?p=477"]}]},{"@type":"ImageObject","inLanguage":"es","@id":"http:\/\/www.defensoria.gob.ve\/?p=477#primaryimage","url":"http:\/\/www.defensoria.gob.ve\/wp-content\/uploads\/2023\/09\/20-06-23-ENDDHH.jpg","contentUrl":"http:\/\/www.defensoria.gob.ve\/wp-content\/uploads\/2023\/09\/20-06-23-ENDDHH.jpg","width":768,"height":471},{"@type":"BreadcrumbList","@id":"http:\/\/www.defensoria.gob.ve\/?p=477#breadcrumb","itemListElement":[{"@type":"ListItem","position":1,"name":"Portada","item":"http:\/\/www.defensoria.gob.ve\/"},{"@type":"ListItem","position":2,"name":"DdP se suma a la consulta p\u00fablica nacional sobre el Proyecto de Ley para personas sordas y con discapacidad auditiva"}]},{"@type":"WebSite","@id":"http:\/\/www.defensoria.gob.ve\/#website","url":"http:\/\/www.defensoria.gob.ve\/","name":"","description":"Instituci\u00f3n del Poder Ciudadano para la Promoci\u00f3n, Defensa y Vigilancia de los Derechos Humanos.","potentialAction":[{"@type":"SearchAction","target":{"@type":"EntryPoint","urlTemplate":"http:\/\/www.defensoria.gob.ve\/?s={search_term_string}"},"query-input":{"@type":"PropertyValueSpecification","valueRequired":true,"valueName":"search_term_string"}}],"inLanguage":"es"},{"@type":"Person","@id":"http:\/\/www.defensoria.gob.ve\/#\/schema\/person\/c34d5377141176c9b5d1d4e296a964ea","name":"AM.","image":{"@type":"ImageObject","inLanguage":"es","@id":"https:\/\/secure.gravatar.com\/avatar\/56ff5566c2c815c4e2968e663c2fd64c71704779b5354985ef7caf4b48841448?s=96&d=mm&r=g","url":"https:\/\/secure.gravatar.com\/avatar\/56ff5566c2c815c4e2968e663c2fd64c71704779b5354985ef7caf4b48841448?s=96&d=mm&r=g","contentUrl":"https:\/\/secure.gravatar.com\/avatar\/56ff5566c2c815c4e2968e663c2fd64c71704779b5354985ef7caf4b48841448?s=96&d=mm&r=g","caption":"AM."},"url":"http:\/\/www.defensoria.gob.ve\/?author=2"}]}},"_links":{"self":[{"href":"http:\/\/www.defensoria.gob.ve\/index.php?rest_route=\/wp\/v2\/posts\/477","targetHints":{"allow":["GET"]}}],"collection":[{"href":"http:\/\/www.defensoria.gob.ve\/index.php?rest_route=\/wp\/v2\/posts"}],"about":[{"href":"http:\/\/www.defensoria.gob.ve\/index.php?rest_route=\/wp\/v2\/types\/post"}],"author":[{"embeddable":true,"href":"http:\/\/www.defensoria.gob.ve\/index.php?rest_route=\/wp\/v2\/users\/2"}],"replies":[{"embeddable":true,"href":"http:\/\/www.defensoria.gob.ve\/index.php?rest_route=%2Fwp%2Fv2%2Fcomments&post=477"}],"version-history":[{"count":4,"href":"http:\/\/www.defensoria.gob.ve\/index.php?rest_route=\/wp\/v2\/posts\/477\/revisions"}],"predecessor-version":[{"id":1055,"href":"http:\/\/www.defensoria.gob.ve\/index.php?rest_route=\/wp\/v2\/posts\/477\/revisions\/1055"}],"wp:featuredmedia":[{"embeddable":true,"href":"http:\/\/www.defensoria.gob.ve\/index.php?rest_route=\/wp\/v2\/media\/478"}],"wp:attachment":[{"href":"http:\/\/www.defensoria.gob.ve\/index.php?rest_route=%2Fwp%2Fv2%2Fmedia&parent=477"}],"wp:term":[{"taxonomy":"category","embeddable":true,"href":"http:\/\/www.defensoria.gob.ve\/index.php?rest_route=%2Fwp%2Fv2%2Fcategories&post=477"},{"taxonomy":"post_tag","embeddable":true,"href":"http:\/\/www.defensoria.gob.ve\/index.php?rest_route=%2Fwp%2Fv2%2Ftags&post=477"}],"curies":[{"name":"wp","href":"https:\/\/api.w.org\/{rel}","templated":true}]}}