 
{"id":487,"date":"2023-09-06T15:06:29","date_gmt":"2023-09-06T19:06:29","guid":{"rendered":"http:\/\/10.70.220.3\/?p=487"},"modified":"2023-09-11T15:19:43","modified_gmt":"2023-09-11T19:19:43","slug":"defensor-del-pueblo-presenta-ante-el-cedaw-de-la-onu-informe","status":"publish","type":"post","link":"http:\/\/www.defensoria.gob.ve\/?p=487","title":{"rendered":"Defensor del Pueblo presenta ante el CEDAW de la ONU Informe"},"content":{"rendered":"\t\t<div data-elementor-type=\"wp-post\" data-elementor-id=\"487\" class=\"elementor elementor-487\">\n\t\t\t\t\t\t<section class=\"elementor-section elementor-top-section elementor-element elementor-element-6321448b elementor-section-boxed elementor-section-height-default elementor-section-height-default\" data-id=\"6321448b\" data-element_type=\"section\" data-e-type=\"section\">\n\t\t\t\t\t\t<div class=\"elementor-container elementor-column-gap-default\">\n\t\t\t\t\t<div class=\"elementor-column elementor-col-100 elementor-top-column elementor-element elementor-element-3692430e\" data-id=\"3692430e\" data-element_type=\"column\" data-e-type=\"column\">\n\t\t\t<div class=\"elementor-widget-wrap elementor-element-populated\">\n\t\t\t\t\t\t<div class=\"elementor-element elementor-element-6dc34fef elementor-widget elementor-widget-text-editor\" data-id=\"6dc34fef\" data-element_type=\"widget\" data-e-type=\"widget\" data-widget_type=\"text-editor.default\">\n\t\t\t\t<div class=\"elementor-widget-container\">\n\t\t\t\t\t\t\t\t\t\n<figure class=\"wp-block-image size-full\"><img fetchpriority=\"high\" decoding=\"async\" width=\"768\" height=\"549\" src=\"http:\/\/10.70.220.3\/wp-content\/uploads\/2023\/09\/CEDAW-ANA-PELAEZ.jpg\" alt=\"\" class=\"wp-image-488\" srcset=\"http:\/\/www.defensoria.gob.ve\/wp-content\/uploads\/2023\/09\/CEDAW-ANA-PELAEZ.jpg 768w, http:\/\/www.defensoria.gob.ve\/wp-content\/uploads\/2023\/09\/CEDAW-ANA-PELAEZ-300x214.jpg 300w\" sizes=\"(max-width: 768px) 100vw, 768px\" \/><\/figure>\n\n\n\n<p>@aruizddp&nbsp;presenta ante el CEDAW de la ONU Informe, en el marco de la revisi\u00f3n de la implementaci\u00f3n de la Convenci\u00f3n sobre la Eliminaci\u00f3n de todas las Formas de Discriminaci\u00f3n contra las Mujeres. Si desea conocer m\u00e1s del Informe visite la p\u00e1gina web: www.defensoria.gob.ve o el Link.: http:\/\/www.defensoria.gob.ve\/index.php\/zona-informativa\/informes-anuales&nbsp;<\/p>\n\n\n\n<p><strong>TUITS<\/strong><\/p>\n\n\n\n<p>El Defensor del Pueblo @aruizddp presenta ante el Comit\u00e9 CEDAW de la ONU Informe de la Defensor\u00eda del Pueblo, en el marco de la revisi\u00f3n de la implementaci\u00f3n de la Convenci\u00f3n sobre la Eliminaci\u00f3n de todas las Formas de Discriminaci\u00f3n contra las Mujeres.<\/p>\n\n\n\n<p>Durante su participaci\u00f3n @aruizddp indic\u00f3 que la @Defensoria_vzla desde sus inicio realiza labores &nbsp;de promoci\u00f3n, defensa y vigilancia de los derechos y garant\u00edas de las mujeres, teniendo como base jur\u00eddica lo establecido en los art\u00edculos 280 y 281 de la CRBV.<\/p>\n\n\n\n<p>El m\u00e1ximo representante enfatiz\u00f3 que mediante la labor de vigilancia que realiza permanentemente la @Defensoria_vzla en materia de servicios p\u00fablicos a centros de salud se constat\u00f3 que el Estado Venezolano ha atendido integralmente a las mujeres embarazadas.<\/p>\n\n\n\n<p>Asimismo, precis\u00f3 que a trav\u00e9s del Poder Legislativo se promulg\u00f3 el decreto para la promoci\u00f3n y protecci\u00f3n del Parto y Nacimiento Humanizado. Instrumento que sanciona la violencia obst\u00e9trica, protege y garantiza los #DDHH de las #Mujeres a una gestaci\u00f3n y parto dignos.<\/p>\n\n\n\n<p>El Defensor destac\u00f3 que en materia de promoci\u00f3n y divulgaci\u00f3n de los #DDHH la @Defensoria_vzla a trav\u00e9s de la @Enaddhh_vzla dicta peri\u00f3dicamente diplomados, cursos y talleres sobre Derechos Humanos y parto humanizado totalmente gratuitos.<\/p>\n\n\n\n<p>Al mismo tiempo expres\u00f3 que desde @Defensoria_vzla se han implementado diversas actividades de formaci\u00f3n y capacitaci\u00f3n sobre el abordaje&nbsp; de la violencia contra las mujeres, tomando como referencia el derecho de las mujeres a una vida libre de violencia.<\/p>\n\n\n\n<p>En este sentido se han realizado talleres, charlas, foros, conversatorios y cursos sobre los #DDHH &nbsp;de las mujeres entre ellos: Equidad de G\u00e9nero, G\u00e9nero y Masculinidad, Mujeres y Equidad de G\u00e9nero, Prevenci\u00f3n de la Violencia de G\u00e9nero, entre otros.<\/p>\n\n\n\n<p>Ruiz destac\u00f3 que para el 2022, se realizaron 1.162 actividades de formaci\u00f3n, educaci\u00f3n y promoci\u00f3n en todo el territorio nacional, formando a 42.009 personas, 27.650 femeninas y 14.354 masculinos.<\/p>\n\n\n\n<p>Asimismo, asever\u00f3 que con el apoyo de la @unicefvenezuela se dise\u00f1\u00f3 el Observatorio de las Mujeres Ind\u00edgenas para la promoci\u00f3n, defensa y vigilancia de los #DDHH de esta poblaci\u00f3n, donde se brinda formaci\u00f3n a las mujeres ind\u00edgenas con el objetivo br\u00edndarles las herramientas necesarias para la defensa de sus #DDHH.<\/p>\n\n\n\n<p>Record\u00f3 que la @Defensor\u00eda_vzla tiene especial atenci\u00f3n en los #DDHH de las mujeres a una vida libre de violencia, es por ello, que tuvo participaci\u00f3n activa en las discusiones y aportes para la reforma de la Ley Org\u00e1nica sobre el Derecho de las Mujeres a una Vida Libre de Violencia.&nbsp;<\/p>\n\n\n\n<p>Asegur\u00f3 que la @defensoria_vzla particip\u00f3 en la consulta e instalaci\u00f3n sobre el Sistema Nacional de Justicia de G\u00e9nero. Tuvo presencia en las mesas de trabajo relacionadas al \u00e1rea de formaci\u00f3n y sensibilizaci\u00f3n de servidoras y servidores p\u00fablicos integrada por distintas instituciones del Estado venezolano.<\/p>\n\n\n\n<p>Seguidamente, mencion\u00f3 que la @Defensor\u00eda_vzla mantiene articulaci\u00f3n constante con el Sistema de Justicia especializado en g\u00e9nero, mediante los circuitos judiciales, tribunales, oficinas fiscales, entre otros, a los fines de acompa\u00f1ar y velar por los #DDHH de las mujeres.<\/p>\n\n\n\n<p>En materia de refugiadas y migrantes @aruizddp&nbsp; se\u00f1al\u00f3 que la @Defensoria_vzla mantiene articulaci\u00f3n constante con el Sistema de Justicia especializado en g\u00e9nero, a los fines de coordinar&nbsp; las labores de promoci\u00f3n, defensa, acompa\u00f1amiento y vigilancia de los #DDHH de esta poblaci\u00f3n.<\/p>\n\n\n\n<p>Dentro de las recomendaciones que la @Defensoria_vzla ha elevado al Estado Venezolano est\u00e1 continuar con la promoci\u00f3n de la paridad de g\u00e9nero en todos los cargos de elecci\u00f3n popular.<\/p>\n\n\n\n<p>Tambi\u00e9n se recomend\u00f3 impulsar la Comisi\u00f3n Nacional para Garantizar el Derecho de las Mujeres a una Vida Libre de Violencia&nbsp; a escala nacional.&nbsp;<\/p>\n\n\n\n<p>La Defensor\u00eda del Pueblo hace un llamado permanente a denunciar todas las formas de violencia contra las mujeres. No deben permitir que ning\u00fan maltrato a las mujeres quede sin sanci\u00f3n.<\/p>\n\n\n\n<p>Si desea conocer m\u00e1s del Informe visite la p\u00e1gina web: www.defensoria.gob.ve o el Link.: http:\/\/www.defensoria.gob.ve\/index.php\/zona-informativa\/informes-anuales&nbsp;<strong>\/FIN<\/strong><\/p>\n\t\t\t\t\t\t\t\t<\/div>\n\t\t\t\t<\/div>\n\t\t\t\t\t<\/div>\n\t\t<\/div>\n\t\t\t\t\t<\/div>\n\t\t<\/section>\n\t\t\t\t<\/div>\n\t\t","protected":false},"excerpt":{"rendered":"<p>@aruizddp&nbsp;presenta ante el CEDAW de la ONU Informe, en el marco de la revisi\u00f3n de la implementaci\u00f3n de la Convenci\u00f3n sobre la Eliminaci\u00f3n de todas las Formas de Discriminaci\u00f3n contra&hellip; <\/p>\n","protected":false},"author":2,"featured_media":489,"comment_status":"open","ping_status":"open","sticky":false,"template":"","format":"standard","meta":{"footnotes":""},"categories":[4],"tags":[],"class_list":["post-487","post","type-post","status-publish","format-standard","has-post-thumbnail","hentry","category-internacionales"],"yoast_head":"<!-- This site is optimized with the Yoast SEO plugin v27.4 - https:\/\/yoast.com\/product\/yoast-seo-wordpress\/ -->\n<title>Defensor del Pueblo presenta ante el CEDAW de la ONU Informe -<\/title>\n<meta name=\"robots\" content=\"index, follow, max-snippet:-1, max-image-preview:large, max-video-preview:-1\" \/>\n<link rel=\"canonical\" href=\"http:\/\/www.defensoria.gob.ve\/?p=487\" \/>\n<meta property=\"og:locale\" content=\"es_ES\" \/>\n<meta property=\"og:type\" content=\"article\" \/>\n<meta property=\"og:title\" content=\"Defensor del Pueblo presenta ante el CEDAW de la ONU Informe -\" \/>\n<meta property=\"og:description\" content=\"@aruizddp&nbsp;presenta ante el CEDAW de la ONU Informe, en el marco de la revisi\u00f3n de la implementaci\u00f3n de la Convenci\u00f3n sobre la Eliminaci\u00f3n de todas las Formas de Discriminaci\u00f3n contra&hellip;\" \/>\n<meta property=\"og:url\" content=\"http:\/\/www.defensoria.gob.ve\/?p=487\" \/>\n<meta property=\"article:published_time\" content=\"2023-09-06T19:06:29+00:00\" \/>\n<meta property=\"article:modified_time\" content=\"2023-09-11T19:19:43+00:00\" \/>\n<meta property=\"og:image\" content=\"http:\/\/www.defensoria.gob.ve\/wp-content\/uploads\/2023\/09\/CEDAW-2.jpg\" \/>\n\t<meta property=\"og:image:width\" content=\"680\" \/>\n\t<meta property=\"og:image:height\" content=\"319\" \/>\n\t<meta property=\"og:image:type\" content=\"image\/jpeg\" \/>\n<meta name=\"author\" content=\"AM.\" \/>\n<meta name=\"twitter:card\" content=\"summary_large_image\" \/>\n<meta name=\"twitter:label1\" content=\"Escrito por\" \/>\n\t<meta name=\"twitter:data1\" content=\"AM.\" \/>\n\t<meta name=\"twitter:label2\" content=\"Tiempo estimado de lectura\" \/>\n\t<meta name=\"twitter:data2\" content=\"4 minutos\" \/>\n<script type=\"application\/ld+json\" class=\"yoast-schema-graph\">{\"@context\":\"https:\\\/\\\/schema.org\",\"@graph\":[{\"@type\":\"Article\",\"@id\":\"http:\\\/\\\/www.defensoria.gob.ve\\\/?p=487#article\",\"isPartOf\":{\"@id\":\"http:\\\/\\\/www.defensoria.gob.ve\\\/?p=487\"},\"author\":{\"name\":\"AM.\",\"@id\":\"http:\\\/\\\/www.defensoria.gob.ve\\\/#\\\/schema\\\/person\\\/c34d5377141176c9b5d1d4e296a964ea\"},\"headline\":\"Defensor del Pueblo presenta ante el CEDAW de la ONU Informe\",\"datePublished\":\"2023-09-06T19:06:29+00:00\",\"dateModified\":\"2023-09-11T19:19:43+00:00\",\"mainEntityOfPage\":{\"@id\":\"http:\\\/\\\/www.defensoria.gob.ve\\\/?p=487\"},\"wordCount\":795,\"commentCount\":0,\"image\":{\"@id\":\"http:\\\/\\\/www.defensoria.gob.ve\\\/?p=487#primaryimage\"},\"thumbnailUrl\":\"http:\\\/\\\/www.defensoria.gob.ve\\\/wp-content\\\/uploads\\\/2023\\\/09\\\/CEDAW-2.jpg\",\"articleSection\":[\"INTERNACIONALES\"],\"inLanguage\":\"es\",\"potentialAction\":[{\"@type\":\"CommentAction\",\"name\":\"Comment\",\"target\":[\"http:\\\/\\\/www.defensoria.gob.ve\\\/?p=487#respond\"]}]},{\"@type\":\"WebPage\",\"@id\":\"http:\\\/\\\/www.defensoria.gob.ve\\\/?p=487\",\"url\":\"http:\\\/\\\/www.defensoria.gob.ve\\\/?p=487\",\"name\":\"Defensor del Pueblo presenta ante el CEDAW de la ONU Informe -\",\"isPartOf\":{\"@id\":\"http:\\\/\\\/www.defensoria.gob.ve\\\/#website\"},\"primaryImageOfPage\":{\"@id\":\"http:\\\/\\\/www.defensoria.gob.ve\\\/?p=487#primaryimage\"},\"image\":{\"@id\":\"http:\\\/\\\/www.defensoria.gob.ve\\\/?p=487#primaryimage\"},\"thumbnailUrl\":\"http:\\\/\\\/www.defensoria.gob.ve\\\/wp-content\\\/uploads\\\/2023\\\/09\\\/CEDAW-2.jpg\",\"datePublished\":\"2023-09-06T19:06:29+00:00\",\"dateModified\":\"2023-09-11T19:19:43+00:00\",\"author\":{\"@id\":\"http:\\\/\\\/www.defensoria.gob.ve\\\/#\\\/schema\\\/person\\\/c34d5377141176c9b5d1d4e296a964ea\"},\"breadcrumb\":{\"@id\":\"http:\\\/\\\/www.defensoria.gob.ve\\\/?p=487#breadcrumb\"},\"inLanguage\":\"es\",\"potentialAction\":[{\"@type\":\"ReadAction\",\"target\":[\"http:\\\/\\\/www.defensoria.gob.ve\\\/?p=487\"]}]},{\"@type\":\"ImageObject\",\"inLanguage\":\"es\",\"@id\":\"http:\\\/\\\/www.defensoria.gob.ve\\\/?p=487#primaryimage\",\"url\":\"http:\\\/\\\/www.defensoria.gob.ve\\\/wp-content\\\/uploads\\\/2023\\\/09\\\/CEDAW-2.jpg\",\"contentUrl\":\"http:\\\/\\\/www.defensoria.gob.ve\\\/wp-content\\\/uploads\\\/2023\\\/09\\\/CEDAW-2.jpg\",\"width\":680,\"height\":319},{\"@type\":\"BreadcrumbList\",\"@id\":\"http:\\\/\\\/www.defensoria.gob.ve\\\/?p=487#breadcrumb\",\"itemListElement\":[{\"@type\":\"ListItem\",\"position\":1,\"name\":\"Portada\",\"item\":\"http:\\\/\\\/www.defensoria.gob.ve\\\/\"},{\"@type\":\"ListItem\",\"position\":2,\"name\":\"Defensor del Pueblo presenta ante el CEDAW de la ONU Informe\"}]},{\"@type\":\"WebSite\",\"@id\":\"http:\\\/\\\/www.defensoria.gob.ve\\\/#website\",\"url\":\"http:\\\/\\\/www.defensoria.gob.ve\\\/\",\"name\":\"\",\"description\":\"Instituci\u00f3n del Poder Ciudadano para la Promoci\u00f3n, Defensa y Vigilancia de los Derechos Humanos. \",\"potentialAction\":[{\"@type\":\"SearchAction\",\"target\":{\"@type\":\"EntryPoint\",\"urlTemplate\":\"http:\\\/\\\/www.defensoria.gob.ve\\\/?s={search_term_string}\"},\"query-input\":{\"@type\":\"PropertyValueSpecification\",\"valueRequired\":true,\"valueName\":\"search_term_string\"}}],\"inLanguage\":\"es\"},{\"@type\":\"Person\",\"@id\":\"http:\\\/\\\/www.defensoria.gob.ve\\\/#\\\/schema\\\/person\\\/c34d5377141176c9b5d1d4e296a964ea\",\"name\":\"AM.\",\"image\":{\"@type\":\"ImageObject\",\"inLanguage\":\"es\",\"@id\":\"https:\\\/\\\/secure.gravatar.com\\\/avatar\\\/56ff5566c2c815c4e2968e663c2fd64c71704779b5354985ef7caf4b48841448?s=96&d=mm&r=g\",\"url\":\"https:\\\/\\\/secure.gravatar.com\\\/avatar\\\/56ff5566c2c815c4e2968e663c2fd64c71704779b5354985ef7caf4b48841448?s=96&d=mm&r=g\",\"contentUrl\":\"https:\\\/\\\/secure.gravatar.com\\\/avatar\\\/56ff5566c2c815c4e2968e663c2fd64c71704779b5354985ef7caf4b48841448?s=96&d=mm&r=g\",\"caption\":\"AM.\"},\"url\":\"http:\\\/\\\/www.defensoria.gob.ve\\\/?author=2\"}]}<\/script>\n<!-- \/ Yoast SEO plugin. -->","yoast_head_json":{"title":"Defensor del Pueblo presenta ante el CEDAW de la ONU Informe -","robots":{"index":"index","follow":"follow","max-snippet":"max-snippet:-1","max-image-preview":"max-image-preview:large","max-video-preview":"max-video-preview:-1"},"canonical":"http:\/\/www.defensoria.gob.ve\/?p=487","og_locale":"es_ES","og_type":"article","og_title":"Defensor del Pueblo presenta ante el CEDAW de la ONU Informe -","og_description":"@aruizddp&nbsp;presenta ante el CEDAW de la ONU Informe, en el marco de la revisi\u00f3n de la implementaci\u00f3n de la Convenci\u00f3n sobre la Eliminaci\u00f3n de todas las Formas de Discriminaci\u00f3n contra&hellip;","og_url":"http:\/\/www.defensoria.gob.ve\/?p=487","article_published_time":"2023-09-06T19:06:29+00:00","article_modified_time":"2023-09-11T19:19:43+00:00","og_image":[{"width":680,"height":319,"url":"http:\/\/www.defensoria.gob.ve\/wp-content\/uploads\/2023\/09\/CEDAW-2.jpg","type":"image\/jpeg"}],"author":"AM.","twitter_card":"summary_large_image","twitter_misc":{"Escrito por":"AM.","Tiempo estimado de lectura":"4 minutos"},"schema":{"@context":"https:\/\/schema.org","@graph":[{"@type":"Article","@id":"http:\/\/www.defensoria.gob.ve\/?p=487#article","isPartOf":{"@id":"http:\/\/www.defensoria.gob.ve\/?p=487"},"author":{"name":"AM.","@id":"http:\/\/www.defensoria.gob.ve\/#\/schema\/person\/c34d5377141176c9b5d1d4e296a964ea"},"headline":"Defensor del Pueblo presenta ante el CEDAW de la ONU Informe","datePublished":"2023-09-06T19:06:29+00:00","dateModified":"2023-09-11T19:19:43+00:00","mainEntityOfPage":{"@id":"http:\/\/www.defensoria.gob.ve\/?p=487"},"wordCount":795,"commentCount":0,"image":{"@id":"http:\/\/www.defensoria.gob.ve\/?p=487#primaryimage"},"thumbnailUrl":"http:\/\/www.defensoria.gob.ve\/wp-content\/uploads\/2023\/09\/CEDAW-2.jpg","articleSection":["INTERNACIONALES"],"inLanguage":"es","potentialAction":[{"@type":"CommentAction","name":"Comment","target":["http:\/\/www.defensoria.gob.ve\/?p=487#respond"]}]},{"@type":"WebPage","@id":"http:\/\/www.defensoria.gob.ve\/?p=487","url":"http:\/\/www.defensoria.gob.ve\/?p=487","name":"Defensor del Pueblo presenta ante el CEDAW de la ONU Informe -","isPartOf":{"@id":"http:\/\/www.defensoria.gob.ve\/#website"},"primaryImageOfPage":{"@id":"http:\/\/www.defensoria.gob.ve\/?p=487#primaryimage"},"image":{"@id":"http:\/\/www.defensoria.gob.ve\/?p=487#primaryimage"},"thumbnailUrl":"http:\/\/www.defensoria.gob.ve\/wp-content\/uploads\/2023\/09\/CEDAW-2.jpg","datePublished":"2023-09-06T19:06:29+00:00","dateModified":"2023-09-11T19:19:43+00:00","author":{"@id":"http:\/\/www.defensoria.gob.ve\/#\/schema\/person\/c34d5377141176c9b5d1d4e296a964ea"},"breadcrumb":{"@id":"http:\/\/www.defensoria.gob.ve\/?p=487#breadcrumb"},"inLanguage":"es","potentialAction":[{"@type":"ReadAction","target":["http:\/\/www.defensoria.gob.ve\/?p=487"]}]},{"@type":"ImageObject","inLanguage":"es","@id":"http:\/\/www.defensoria.gob.ve\/?p=487#primaryimage","url":"http:\/\/www.defensoria.gob.ve\/wp-content\/uploads\/2023\/09\/CEDAW-2.jpg","contentUrl":"http:\/\/www.defensoria.gob.ve\/wp-content\/uploads\/2023\/09\/CEDAW-2.jpg","width":680,"height":319},{"@type":"BreadcrumbList","@id":"http:\/\/www.defensoria.gob.ve\/?p=487#breadcrumb","itemListElement":[{"@type":"ListItem","position":1,"name":"Portada","item":"http:\/\/www.defensoria.gob.ve\/"},{"@type":"ListItem","position":2,"name":"Defensor del Pueblo presenta ante el CEDAW de la ONU Informe"}]},{"@type":"WebSite","@id":"http:\/\/www.defensoria.gob.ve\/#website","url":"http:\/\/www.defensoria.gob.ve\/","name":"","description":"Instituci\u00f3n del Poder Ciudadano para la Promoci\u00f3n, Defensa y Vigilancia de los Derechos Humanos. ","potentialAction":[{"@type":"SearchAction","target":{"@type":"EntryPoint","urlTemplate":"http:\/\/www.defensoria.gob.ve\/?s={search_term_string}"},"query-input":{"@type":"PropertyValueSpecification","valueRequired":true,"valueName":"search_term_string"}}],"inLanguage":"es"},{"@type":"Person","@id":"http:\/\/www.defensoria.gob.ve\/#\/schema\/person\/c34d5377141176c9b5d1d4e296a964ea","name":"AM.","image":{"@type":"ImageObject","inLanguage":"es","@id":"https:\/\/secure.gravatar.com\/avatar\/56ff5566c2c815c4e2968e663c2fd64c71704779b5354985ef7caf4b48841448?s=96&d=mm&r=g","url":"https:\/\/secure.gravatar.com\/avatar\/56ff5566c2c815c4e2968e663c2fd64c71704779b5354985ef7caf4b48841448?s=96&d=mm&r=g","contentUrl":"https:\/\/secure.gravatar.com\/avatar\/56ff5566c2c815c4e2968e663c2fd64c71704779b5354985ef7caf4b48841448?s=96&d=mm&r=g","caption":"AM."},"url":"http:\/\/www.defensoria.gob.ve\/?author=2"}]}},"_links":{"self":[{"href":"http:\/\/www.defensoria.gob.ve\/index.php?rest_route=\/wp\/v2\/posts\/487","targetHints":{"allow":["GET"]}}],"collection":[{"href":"http:\/\/www.defensoria.gob.ve\/index.php?rest_route=\/wp\/v2\/posts"}],"about":[{"href":"http:\/\/www.defensoria.gob.ve\/index.php?rest_route=\/wp\/v2\/types\/post"}],"author":[{"embeddable":true,"href":"http:\/\/www.defensoria.gob.ve\/index.php?rest_route=\/wp\/v2\/users\/2"}],"replies":[{"embeddable":true,"href":"http:\/\/www.defensoria.gob.ve\/index.php?rest_route=%2Fwp%2Fv2%2Fcomments&post=487"}],"version-history":[{"count":4,"href":"http:\/\/www.defensoria.gob.ve\/index.php?rest_route=\/wp\/v2\/posts\/487\/revisions"}],"predecessor-version":[{"id":1049,"href":"http:\/\/www.defensoria.gob.ve\/index.php?rest_route=\/wp\/v2\/posts\/487\/revisions\/1049"}],"wp:featuredmedia":[{"embeddable":true,"href":"http:\/\/www.defensoria.gob.ve\/index.php?rest_route=\/wp\/v2\/media\/489"}],"wp:attachment":[{"href":"http:\/\/www.defensoria.gob.ve\/index.php?rest_route=%2Fwp%2Fv2%2Fmedia&parent=487"}],"wp:term":[{"taxonomy":"category","embeddable":true,"href":"http:\/\/www.defensoria.gob.ve\/index.php?rest_route=%2Fwp%2Fv2%2Fcategories&post=487"},{"taxonomy":"post_tag","embeddable":true,"href":"http:\/\/www.defensoria.gob.ve\/index.php?rest_route=%2Fwp%2Fv2%2Ftags&post=487"}],"curies":[{"name":"wp","href":"https:\/\/api.w.org\/{rel}","templated":true}]}}