 
{"id":5227,"date":"2024-06-03T13:38:23","date_gmt":"2024-06-03T17:38:23","guid":{"rendered":"http:\/\/www.defensoria.gob.ve\/?p=5227"},"modified":"2024-06-03T13:38:48","modified_gmt":"2024-06-03T17:38:48","slug":"defensoria-del-pueblo-fortalece-capacidades-policiales-en-materia-de-derechos-de-ninos-ninas-y-adolescentes","status":"publish","type":"post","link":"http:\/\/www.defensoria.gob.ve\/?p=5227","title":{"rendered":"Defensor\u00eda del Pueblo fortalece capacidades policiales en materia de derechos de ni\u00f1os, ni\u00f1as y adolescentes"},"content":{"rendered":"\t\t<div data-elementor-type=\"wp-post\" data-elementor-id=\"5227\" class=\"elementor elementor-5227\">\n\t\t\t\t\t\t<section class=\"elementor-section elementor-top-section elementor-element elementor-element-4ddaf022 elementor-section-boxed elementor-section-height-default elementor-section-height-default\" data-id=\"4ddaf022\" data-element_type=\"section\" data-e-type=\"section\">\n\t\t\t\t\t\t<div class=\"elementor-container elementor-column-gap-default\">\n\t\t\t\t\t<div class=\"elementor-column elementor-col-100 elementor-top-column elementor-element elementor-element-3536c3d1\" data-id=\"3536c3d1\" data-element_type=\"column\" data-e-type=\"column\">\n\t\t\t<div class=\"elementor-widget-wrap elementor-element-populated\">\n\t\t\t\t\t\t<div class=\"elementor-element elementor-element-363a2f88 elementor-widget elementor-widget-text-editor\" data-id=\"363a2f88\" data-element_type=\"widget\" data-e-type=\"widget\" data-widget_type=\"text-editor.default\">\n\t\t\t\t<div class=\"elementor-widget-container\">\n\t\t\t\t\t\t\t\t\t\n<p><strong>(Lara\/03\/Jun\/24)<\/strong> Con el apoyo t\u00e9cnico del Fondo de las Naciones Unidas para la Infancia (Unicef), la Defensor\u00eda del Pueblo dict\u00f3 un taller sobre actuaci\u00f3n policial cuando involucra a los ni\u00f1os, ni\u00f1as y adolescentes (NNA).<\/p>\n\n\n\n<p>Esta iniciativa, enmarcada en el Programa Nacional de Formaci\u00f3n en Derechos Humanos para Funcionarios Policiales, tuvo como ponente a la Dra. Mar\u00eda Reyes, Directora General de promoci\u00f3n y divulgaci\u00f3n del ente defensorial, y cont\u00f3 con la participaci\u00f3n de funcionarios y funcionarias de diversos cuerpos policiales del estado Lara, quienes profundizaron en sus conocimientos sobre los procedimientos policiales adecuados en casos que involucran a NNA, y la Ley para Prevenir y Sancionar la Tortura y Otros Tratos Crueles, Inhumanos o Degradantes.<\/p>\n\n\n\n<figure class=\"wp-block-image size-full\"><img fetchpriority=\"high\" decoding=\"async\" width=\"768\" height=\"622\" src=\"http:\/\/www.defensoria.gob.ve\/wp-content\/uploads\/2024\/06\/1ca50aa3-e8b1-4672-b1a1-5ce25a0cb6ac.jpg\" alt=\"\" class=\"wp-image-5228\" srcset=\"http:\/\/www.defensoria.gob.ve\/wp-content\/uploads\/2024\/06\/1ca50aa3-e8b1-4672-b1a1-5ce25a0cb6ac.jpg 768w, http:\/\/www.defensoria.gob.ve\/wp-content\/uploads\/2024\/06\/1ca50aa3-e8b1-4672-b1a1-5ce25a0cb6ac-300x243.jpg 300w\" sizes=\"(max-width: 768px) 100vw, 768px\" \/><\/figure>\n\n\n\n<p>Tambi\u00e9n, los participantes conversaron la importancia de la actuaci\u00f3n policial con enfoque de g\u00e9nero y edad, los mecanismos de garant\u00eda de los derechos de los NNA en contextos de privaci\u00f3n de libertad, y la prevenci\u00f3n de la violencia contra este sector de la poblaci\u00f3n.<\/p>\n\n\n\n<p>Asimismo, se hizo \u00e9nfasis en la necesidad de fortalecer la coordinaci\u00f3n entre las instituciones que conforman el Sistema de Protecci\u00f3n Integral de NNA, a fin de brindar una respuesta oportuna y efectiva a las situaciones que vulneran sus derechos.<\/p>\n\n\n\n<p>De esta manera, la DdP reafirma su compromiso con la promoci\u00f3n y defensa de los derechos de los NNA en Venezuela. A trav\u00e9s de este tipo de iniciativas, se busca fortalecer las capacidades de los funcionarios policiales para garantizar el trato digno y respetuoso que merecen los ni\u00f1os, ni\u00f1as y adolescentes en cualquier circunstancia. <strong>FIN \/ PRENSA Defensor\u00eda<\/strong><\/p>\n\t\t\t\t\t\t\t\t<\/div>\n\t\t\t\t<\/div>\n\t\t\t\t\t<\/div>\n\t\t<\/div>\n\t\t\t\t\t<\/div>\n\t\t<\/section>\n\t\t\t\t<\/div>\n\t\t","protected":false},"excerpt":{"rendered":"<p>(Lara\/03\/Jun\/24) Con el apoyo t\u00e9cnico del Fondo de las Naciones Unidas para la Infancia (Unicef), la Defensor\u00eda del Pueblo dict\u00f3 un taller sobre actuaci\u00f3n policial cuando involucra a los ni\u00f1os,&hellip; <\/p>\n","protected":false},"author":5,"featured_media":5229,"comment_status":"closed","ping_status":"closed","sticky":false,"template":"","format":"standard","meta":{"footnotes":""},"categories":[5],"tags":[],"class_list":["post-5227","post","type-post","status-publish","format-standard","has-post-thumbnail","hentry","category-regionales"],"yoast_head":"<!-- This site is optimized with the Yoast SEO plugin v27.4 - https:\/\/yoast.com\/product\/yoast-seo-wordpress\/ -->\n<title>Defensor\u00eda del Pueblo fortalece capacidades policiales en materia de derechos de ni\u00f1os, ni\u00f1as y adolescentes -<\/title>\n<meta name=\"robots\" content=\"index, follow, max-snippet:-1, max-image-preview:large, max-video-preview:-1\" \/>\n<link rel=\"canonical\" href=\"http:\/\/www.defensoria.gob.ve\/?p=5227\" \/>\n<meta property=\"og:locale\" content=\"es_ES\" \/>\n<meta property=\"og:type\" content=\"article\" \/>\n<meta property=\"og:title\" content=\"Defensor\u00eda del Pueblo fortalece capacidades policiales en materia de derechos de ni\u00f1os, ni\u00f1as y adolescentes -\" \/>\n<meta property=\"og:description\" content=\"(Lara\/03\/Jun\/24) Con el apoyo t\u00e9cnico del Fondo de las Naciones Unidas para la Infancia (Unicef), la Defensor\u00eda del Pueblo dict\u00f3 un taller sobre actuaci\u00f3n policial cuando involucra a los ni\u00f1os,&hellip;\" \/>\n<meta property=\"og:url\" content=\"http:\/\/www.defensoria.gob.ve\/?p=5227\" \/>\n<meta property=\"article:published_time\" content=\"2024-06-03T17:38:23+00:00\" \/>\n<meta property=\"article:modified_time\" content=\"2024-06-03T17:38:48+00:00\" \/>\n<meta property=\"og:image\" content=\"http:\/\/www.defensoria.gob.ve\/wp-content\/uploads\/2024\/06\/50ce86dd-2523-419b-9d36-0af1581f09fd.jpg\" \/>\n\t<meta property=\"og:image:width\" content=\"1020\" \/>\n\t<meta property=\"og:image:height\" content=\"560\" \/>\n\t<meta property=\"og:image:type\" content=\"image\/jpeg\" \/>\n<meta name=\"author\" content=\"JC.\" \/>\n<meta name=\"twitter:card\" content=\"summary_large_image\" \/>\n<meta name=\"twitter:label1\" content=\"Escrito por\" \/>\n\t<meta name=\"twitter:data1\" content=\"JC.\" \/>\n\t<meta name=\"twitter:label2\" content=\"Tiempo estimado de lectura\" \/>\n\t<meta name=\"twitter:data2\" content=\"2 minutos\" \/>\n<script type=\"application\/ld+json\" class=\"yoast-schema-graph\">{\"@context\":\"https:\\\/\\\/schema.org\",\"@graph\":[{\"@type\":\"Article\",\"@id\":\"http:\\\/\\\/www.defensoria.gob.ve\\\/?p=5227#article\",\"isPartOf\":{\"@id\":\"http:\\\/\\\/www.defensoria.gob.ve\\\/?p=5227\"},\"author\":{\"name\":\"JC.\",\"@id\":\"http:\\\/\\\/www.defensoria.gob.ve\\\/#\\\/schema\\\/person\\\/fba14293189d7b1933ac7fba9d89e24a\"},\"headline\":\"Defensor\u00eda del Pueblo fortalece capacidades policiales en materia de derechos de ni\u00f1os, ni\u00f1as y adolescentes\",\"datePublished\":\"2024-06-03T17:38:23+00:00\",\"dateModified\":\"2024-06-03T17:38:48+00:00\",\"mainEntityOfPage\":{\"@id\":\"http:\\\/\\\/www.defensoria.gob.ve\\\/?p=5227\"},\"wordCount\":297,\"image\":{\"@id\":\"http:\\\/\\\/www.defensoria.gob.ve\\\/?p=5227#primaryimage\"},\"thumbnailUrl\":\"http:\\\/\\\/www.defensoria.gob.ve\\\/wp-content\\\/uploads\\\/2024\\\/06\\\/50ce86dd-2523-419b-9d36-0af1581f09fd.jpg\",\"articleSection\":[\"REGIONALES\"],\"inLanguage\":\"es\"},{\"@type\":\"WebPage\",\"@id\":\"http:\\\/\\\/www.defensoria.gob.ve\\\/?p=5227\",\"url\":\"http:\\\/\\\/www.defensoria.gob.ve\\\/?p=5227\",\"name\":\"Defensor\u00eda del Pueblo fortalece capacidades policiales en materia de derechos de ni\u00f1os, ni\u00f1as y adolescentes -\",\"isPartOf\":{\"@id\":\"http:\\\/\\\/www.defensoria.gob.ve\\\/#website\"},\"primaryImageOfPage\":{\"@id\":\"http:\\\/\\\/www.defensoria.gob.ve\\\/?p=5227#primaryimage\"},\"image\":{\"@id\":\"http:\\\/\\\/www.defensoria.gob.ve\\\/?p=5227#primaryimage\"},\"thumbnailUrl\":\"http:\\\/\\\/www.defensoria.gob.ve\\\/wp-content\\\/uploads\\\/2024\\\/06\\\/50ce86dd-2523-419b-9d36-0af1581f09fd.jpg\",\"datePublished\":\"2024-06-03T17:38:23+00:00\",\"dateModified\":\"2024-06-03T17:38:48+00:00\",\"author\":{\"@id\":\"http:\\\/\\\/www.defensoria.gob.ve\\\/#\\\/schema\\\/person\\\/fba14293189d7b1933ac7fba9d89e24a\"},\"breadcrumb\":{\"@id\":\"http:\\\/\\\/www.defensoria.gob.ve\\\/?p=5227#breadcrumb\"},\"inLanguage\":\"es\",\"potentialAction\":[{\"@type\":\"ReadAction\",\"target\":[\"http:\\\/\\\/www.defensoria.gob.ve\\\/?p=5227\"]}]},{\"@type\":\"ImageObject\",\"inLanguage\":\"es\",\"@id\":\"http:\\\/\\\/www.defensoria.gob.ve\\\/?p=5227#primaryimage\",\"url\":\"http:\\\/\\\/www.defensoria.gob.ve\\\/wp-content\\\/uploads\\\/2024\\\/06\\\/50ce86dd-2523-419b-9d36-0af1581f09fd.jpg\",\"contentUrl\":\"http:\\\/\\\/www.defensoria.gob.ve\\\/wp-content\\\/uploads\\\/2024\\\/06\\\/50ce86dd-2523-419b-9d36-0af1581f09fd.jpg\",\"width\":1020,\"height\":560},{\"@type\":\"BreadcrumbList\",\"@id\":\"http:\\\/\\\/www.defensoria.gob.ve\\\/?p=5227#breadcrumb\",\"itemListElement\":[{\"@type\":\"ListItem\",\"position\":1,\"name\":\"Portada\",\"item\":\"http:\\\/\\\/www.defensoria.gob.ve\\\/\"},{\"@type\":\"ListItem\",\"position\":2,\"name\":\"Defensor\u00eda del Pueblo fortalece capacidades policiales en materia de derechos de ni\u00f1os, ni\u00f1as y adolescentes\"}]},{\"@type\":\"WebSite\",\"@id\":\"http:\\\/\\\/www.defensoria.gob.ve\\\/#website\",\"url\":\"http:\\\/\\\/www.defensoria.gob.ve\\\/\",\"name\":\"\",\"description\":\"Instituci\u00f3n del Poder Ciudadano para la Promoci\u00f3n, Defensa y Vigilancia de los Derechos Humanos. \",\"potentialAction\":[{\"@type\":\"SearchAction\",\"target\":{\"@type\":\"EntryPoint\",\"urlTemplate\":\"http:\\\/\\\/www.defensoria.gob.ve\\\/?s={search_term_string}\"},\"query-input\":{\"@type\":\"PropertyValueSpecification\",\"valueRequired\":true,\"valueName\":\"search_term_string\"}}],\"inLanguage\":\"es\"},{\"@type\":\"Person\",\"@id\":\"http:\\\/\\\/www.defensoria.gob.ve\\\/#\\\/schema\\\/person\\\/fba14293189d7b1933ac7fba9d89e24a\",\"name\":\"JC.\",\"image\":{\"@type\":\"ImageObject\",\"inLanguage\":\"es\",\"@id\":\"https:\\\/\\\/secure.gravatar.com\\\/avatar\\\/f398a4de948606b38f0299d90ca738c674b648694bc725ed46503c240269dbf8?s=96&d=mm&r=g\",\"url\":\"https:\\\/\\\/secure.gravatar.com\\\/avatar\\\/f398a4de948606b38f0299d90ca738c674b648694bc725ed46503c240269dbf8?s=96&d=mm&r=g\",\"contentUrl\":\"https:\\\/\\\/secure.gravatar.com\\\/avatar\\\/f398a4de948606b38f0299d90ca738c674b648694bc725ed46503c240269dbf8?s=96&d=mm&r=g\",\"caption\":\"JC.\"},\"url\":\"http:\\\/\\\/www.defensoria.gob.ve\\\/?author=5\"}]}<\/script>\n<!-- \/ Yoast SEO plugin. -->","yoast_head_json":{"title":"Defensor\u00eda del Pueblo fortalece capacidades policiales en materia de derechos de ni\u00f1os, ni\u00f1as y adolescentes -","robots":{"index":"index","follow":"follow","max-snippet":"max-snippet:-1","max-image-preview":"max-image-preview:large","max-video-preview":"max-video-preview:-1"},"canonical":"http:\/\/www.defensoria.gob.ve\/?p=5227","og_locale":"es_ES","og_type":"article","og_title":"Defensor\u00eda del Pueblo fortalece capacidades policiales en materia de derechos de ni\u00f1os, ni\u00f1as y adolescentes -","og_description":"(Lara\/03\/Jun\/24) Con el apoyo t\u00e9cnico del Fondo de las Naciones Unidas para la Infancia (Unicef), la Defensor\u00eda del Pueblo dict\u00f3 un taller sobre actuaci\u00f3n policial cuando involucra a los ni\u00f1os,&hellip;","og_url":"http:\/\/www.defensoria.gob.ve\/?p=5227","article_published_time":"2024-06-03T17:38:23+00:00","article_modified_time":"2024-06-03T17:38:48+00:00","og_image":[{"width":1020,"height":560,"url":"http:\/\/www.defensoria.gob.ve\/wp-content\/uploads\/2024\/06\/50ce86dd-2523-419b-9d36-0af1581f09fd.jpg","type":"image\/jpeg"}],"author":"JC.","twitter_card":"summary_large_image","twitter_misc":{"Escrito por":"JC.","Tiempo estimado de lectura":"2 minutos"},"schema":{"@context":"https:\/\/schema.org","@graph":[{"@type":"Article","@id":"http:\/\/www.defensoria.gob.ve\/?p=5227#article","isPartOf":{"@id":"http:\/\/www.defensoria.gob.ve\/?p=5227"},"author":{"name":"JC.","@id":"http:\/\/www.defensoria.gob.ve\/#\/schema\/person\/fba14293189d7b1933ac7fba9d89e24a"},"headline":"Defensor\u00eda del Pueblo fortalece capacidades policiales en materia de derechos de ni\u00f1os, ni\u00f1as y adolescentes","datePublished":"2024-06-03T17:38:23+00:00","dateModified":"2024-06-03T17:38:48+00:00","mainEntityOfPage":{"@id":"http:\/\/www.defensoria.gob.ve\/?p=5227"},"wordCount":297,"image":{"@id":"http:\/\/www.defensoria.gob.ve\/?p=5227#primaryimage"},"thumbnailUrl":"http:\/\/www.defensoria.gob.ve\/wp-content\/uploads\/2024\/06\/50ce86dd-2523-419b-9d36-0af1581f09fd.jpg","articleSection":["REGIONALES"],"inLanguage":"es"},{"@type":"WebPage","@id":"http:\/\/www.defensoria.gob.ve\/?p=5227","url":"http:\/\/www.defensoria.gob.ve\/?p=5227","name":"Defensor\u00eda del Pueblo fortalece capacidades policiales en materia de derechos de ni\u00f1os, ni\u00f1as y adolescentes -","isPartOf":{"@id":"http:\/\/www.defensoria.gob.ve\/#website"},"primaryImageOfPage":{"@id":"http:\/\/www.defensoria.gob.ve\/?p=5227#primaryimage"},"image":{"@id":"http:\/\/www.defensoria.gob.ve\/?p=5227#primaryimage"},"thumbnailUrl":"http:\/\/www.defensoria.gob.ve\/wp-content\/uploads\/2024\/06\/50ce86dd-2523-419b-9d36-0af1581f09fd.jpg","datePublished":"2024-06-03T17:38:23+00:00","dateModified":"2024-06-03T17:38:48+00:00","author":{"@id":"http:\/\/www.defensoria.gob.ve\/#\/schema\/person\/fba14293189d7b1933ac7fba9d89e24a"},"breadcrumb":{"@id":"http:\/\/www.defensoria.gob.ve\/?p=5227#breadcrumb"},"inLanguage":"es","potentialAction":[{"@type":"ReadAction","target":["http:\/\/www.defensoria.gob.ve\/?p=5227"]}]},{"@type":"ImageObject","inLanguage":"es","@id":"http:\/\/www.defensoria.gob.ve\/?p=5227#primaryimage","url":"http:\/\/www.defensoria.gob.ve\/wp-content\/uploads\/2024\/06\/50ce86dd-2523-419b-9d36-0af1581f09fd.jpg","contentUrl":"http:\/\/www.defensoria.gob.ve\/wp-content\/uploads\/2024\/06\/50ce86dd-2523-419b-9d36-0af1581f09fd.jpg","width":1020,"height":560},{"@type":"BreadcrumbList","@id":"http:\/\/www.defensoria.gob.ve\/?p=5227#breadcrumb","itemListElement":[{"@type":"ListItem","position":1,"name":"Portada","item":"http:\/\/www.defensoria.gob.ve\/"},{"@type":"ListItem","position":2,"name":"Defensor\u00eda del Pueblo fortalece capacidades policiales en materia de derechos de ni\u00f1os, ni\u00f1as y adolescentes"}]},{"@type":"WebSite","@id":"http:\/\/www.defensoria.gob.ve\/#website","url":"http:\/\/www.defensoria.gob.ve\/","name":"","description":"Instituci\u00f3n del Poder Ciudadano para la Promoci\u00f3n, Defensa y Vigilancia de los Derechos Humanos. ","potentialAction":[{"@type":"SearchAction","target":{"@type":"EntryPoint","urlTemplate":"http:\/\/www.defensoria.gob.ve\/?s={search_term_string}"},"query-input":{"@type":"PropertyValueSpecification","valueRequired":true,"valueName":"search_term_string"}}],"inLanguage":"es"},{"@type":"Person","@id":"http:\/\/www.defensoria.gob.ve\/#\/schema\/person\/fba14293189d7b1933ac7fba9d89e24a","name":"JC.","image":{"@type":"ImageObject","inLanguage":"es","@id":"https:\/\/secure.gravatar.com\/avatar\/f398a4de948606b38f0299d90ca738c674b648694bc725ed46503c240269dbf8?s=96&d=mm&r=g","url":"https:\/\/secure.gravatar.com\/avatar\/f398a4de948606b38f0299d90ca738c674b648694bc725ed46503c240269dbf8?s=96&d=mm&r=g","contentUrl":"https:\/\/secure.gravatar.com\/avatar\/f398a4de948606b38f0299d90ca738c674b648694bc725ed46503c240269dbf8?s=96&d=mm&r=g","caption":"JC."},"url":"http:\/\/www.defensoria.gob.ve\/?author=5"}]}},"_links":{"self":[{"href":"http:\/\/www.defensoria.gob.ve\/index.php?rest_route=\/wp\/v2\/posts\/5227","targetHints":{"allow":["GET"]}}],"collection":[{"href":"http:\/\/www.defensoria.gob.ve\/index.php?rest_route=\/wp\/v2\/posts"}],"about":[{"href":"http:\/\/www.defensoria.gob.ve\/index.php?rest_route=\/wp\/v2\/types\/post"}],"author":[{"embeddable":true,"href":"http:\/\/www.defensoria.gob.ve\/index.php?rest_route=\/wp\/v2\/users\/5"}],"replies":[{"embeddable":true,"href":"http:\/\/www.defensoria.gob.ve\/index.php?rest_route=%2Fwp%2Fv2%2Fcomments&post=5227"}],"version-history":[{"count":4,"href":"http:\/\/www.defensoria.gob.ve\/index.php?rest_route=\/wp\/v2\/posts\/5227\/revisions"}],"predecessor-version":[{"id":5233,"href":"http:\/\/www.defensoria.gob.ve\/index.php?rest_route=\/wp\/v2\/posts\/5227\/revisions\/5233"}],"wp:featuredmedia":[{"embeddable":true,"href":"http:\/\/www.defensoria.gob.ve\/index.php?rest_route=\/wp\/v2\/media\/5229"}],"wp:attachment":[{"href":"http:\/\/www.defensoria.gob.ve\/index.php?rest_route=%2Fwp%2Fv2%2Fmedia&parent=5227"}],"wp:term":[{"taxonomy":"category","embeddable":true,"href":"http:\/\/www.defensoria.gob.ve\/index.php?rest_route=%2Fwp%2Fv2%2Fcategories&post=5227"},{"taxonomy":"post_tag","embeddable":true,"href":"http:\/\/www.defensoria.gob.ve\/index.php?rest_route=%2Fwp%2Fv2%2Ftags&post=5227"}],"curies":[{"name":"wp","href":"https:\/\/api.w.org\/{rel}","templated":true}]}}