 
{"id":5789,"date":"2024-07-08T16:11:07","date_gmt":"2024-07-08T20:11:07","guid":{"rendered":"http:\/\/www.defensoria.gob.ve\/?p=5789"},"modified":"2024-07-08T16:11:26","modified_gmt":"2024-07-08T20:11:26","slug":"defensoria-delegada-de-miranda-realiza-acciones-defensoriales-para-divulgar-dd-hh","status":"publish","type":"post","link":"http:\/\/www.defensoria.gob.ve\/?p=5789","title":{"rendered":"Defensor\u00eda delegada de Miranda realiza acciones defensoriales para divulgar DD.HH."},"content":{"rendered":"\t\t<div data-elementor-type=\"wp-post\" data-elementor-id=\"5789\" class=\"elementor elementor-5789\">\n\t\t\t\t\t\t<section class=\"elementor-section elementor-top-section elementor-element elementor-element-7aa5baa2 elementor-section-boxed elementor-section-height-default elementor-section-height-default\" data-id=\"7aa5baa2\" data-element_type=\"section\" data-e-type=\"section\">\n\t\t\t\t\t\t<div class=\"elementor-container elementor-column-gap-default\">\n\t\t\t\t\t<div class=\"elementor-column elementor-col-100 elementor-top-column elementor-element elementor-element-1f76ab7b\" data-id=\"1f76ab7b\" data-element_type=\"column\" data-e-type=\"column\">\n\t\t\t<div class=\"elementor-widget-wrap elementor-element-populated\">\n\t\t\t\t\t\t<div class=\"elementor-element elementor-element-23919590 elementor-widget elementor-widget-text-editor\" data-id=\"23919590\" data-element_type=\"widget\" data-e-type=\"widget\" data-widget_type=\"text-editor.default\">\n\t\t\t\t<div class=\"elementor-widget-container\">\n\t\t\t\t\t\t\t\t\t\n<p><strong>(Miranda\/08-Jul-24)<\/strong> La Defensor\u00eda delegada del estado Miranda, junto a sus Subsedes de Charallave y Los Teques, realizaron actividades de promoci\u00f3n y divulgaci\u00f3n de los derechos humanos, conforme a sus competencias constitucionales.  <\/p>\n\n\n\n<p>Es as\u00ed como la Defensora Adjunta de la Subsede Charallave, Dra. Marcia Miranda, dict\u00f3 un Taller sobre Derecho al Voto y Delitos Electorales, dirigido a m\u00e1s de 30 funcionarios y funcionarias de diversos organismos de seguridad ciudadana, el cual se realiz\u00f3 en el auditorio de la U.E.N. Juan Antonio P\u00e9rez Bonalde, ubicada en Ocumare del Tuy, municipio Tom\u00e1s Lander. <\/p>\n\n\n\n<figure class=\"wp-block-image size-full\"><img fetchpriority=\"high\" decoding=\"async\" width=\"789\" height=\"409\" src=\"http:\/\/www.defensoria.gob.ve\/wp-content\/uploads\/2024\/07\/dsadasd.png\" alt=\"\" class=\"wp-image-5790\" srcset=\"http:\/\/www.defensoria.gob.ve\/wp-content\/uploads\/2024\/07\/dsadasd.png 789w, http:\/\/www.defensoria.gob.ve\/wp-content\/uploads\/2024\/07\/dsadasd-300x156.png 300w, http:\/\/www.defensoria.gob.ve\/wp-content\/uploads\/2024\/07\/dsadasd-768x398.png 768w\" sizes=\"(max-width: 789px) 100vw, 789px\" \/><\/figure>\n\n\n\n<p>Durante el mencionado evento particip\u00f3 por parte del Ministerio P\u00fablico, Jos\u00e9 Aponte, abordando la tem\u00e1tica de los Delitos Electorales, mientras que la Defensora adjunta explic\u00f3 el derecho al voto como un derecho humano y detall\u00f3 el rol que debe cumplir la Defensor\u00eda del Pueblo en los procesos electorales.  <\/p>\n\n\n\n<p>Vale destacar que el Comandante del Destacamento de la Guardia del Pueblo en Charallave, Teniente Coronel Randolph Raga Flores, agradeci\u00f3 la participaci\u00f3n de las y los asistentes, as\u00ed como a las instituciones ponentes, debido a la importancia de la formaci\u00f3n en esta materia, en v\u00edsperas de las elecciones presidenciales del pr\u00f3ximo 28 de Julio.  <\/p>\n\n\n\n<p>Entre los \u00f3rganos de seguridad participantes, se cont\u00f3 con el CONAS, Bomberos de Miranda, Protecci\u00f3n Civil, SEBIN, Polic\u00eda Municipal de Tom\u00e1s Lander, Guardia del Pueblo, CICPC, Polic\u00eda del estado Miranda y Guardia Nacional Bolivariana. <\/p>\n\n\n\n<p>Por otro lado, el Defensor adjunto de la sede Los Teques, Abog. Erickson Figueredo, acudi\u00f3 a la sesi\u00f3n especial con motivo del D\u00eda del Abogado y la Abogada, por parte de la C\u00e1mara Municipal de Carrizal, evento realizado en el sal\u00f3n de sesiones \u00abJos\u00e9 Manuel \u00c1lvarez\u00bb del Concejo Municipal del referido municipio. <\/p>\n\n\n\n<p>La oradora de orden de este acto, fue la Dra. Indira Cardozo, Jueza Rectora de los Tribunales Laborales en la entidad mirandina, qui\u00e9n exhort\u00f3 a sus colegas a mantener la \u00e9tica y la responsabilidad como pilares fundamentales de su ejercicio profesional. <\/p>\n\n\n\n<p>Vale destacar que el ente Legislativo municipal, reconoci\u00f3 al Defensor Delegado de Miranda, Dr. Jos\u00e9 Guzm\u00e1n, con pergamino y bot\u00f3n al m\u00e9rito por su destacada labor en el ejercicio de su carrera profesional como abogado, por su aporte y dedicaci\u00f3n a la defensa de la Ley y la promoci\u00f3n de los valores democr\u00e1ticos, y los derechos humanos<strong> FIN \/ PRENSA Defensor\u00eda<\/strong><\/p>\n\t\t\t\t\t\t\t\t<\/div>\n\t\t\t\t<\/div>\n\t\t\t\t\t<\/div>\n\t\t<\/div>\n\t\t\t\t\t<\/div>\n\t\t<\/section>\n\t\t\t\t<\/div>\n\t\t","protected":false},"excerpt":{"rendered":"<p>(Miranda\/08-Jul-24) La Defensor\u00eda delegada del estado Miranda, junto a sus Subsedes de Charallave y Los Teques, realizaron actividades de promoci\u00f3n y divulgaci\u00f3n de los derechos humanos, conforme a sus competencias&hellip; <\/p>\n","protected":false},"author":5,"featured_media":5791,"comment_status":"closed","ping_status":"closed","sticky":false,"template":"","format":"standard","meta":{"footnotes":""},"categories":[5],"tags":[],"class_list":["post-5789","post","type-post","status-publish","format-standard","has-post-thumbnail","hentry","category-regionales"],"yoast_head":"<!-- This site is optimized with the Yoast SEO plugin v27.4 - https:\/\/yoast.com\/product\/yoast-seo-wordpress\/ -->\n<title>Defensor\u00eda delegada de Miranda realiza acciones defensoriales para divulgar DD.HH. -<\/title>\n<meta name=\"robots\" content=\"index, follow, max-snippet:-1, max-image-preview:large, max-video-preview:-1\" \/>\n<link rel=\"canonical\" href=\"http:\/\/www.defensoria.gob.ve\/?p=5789\" \/>\n<meta property=\"og:locale\" content=\"es_ES\" \/>\n<meta property=\"og:type\" content=\"article\" \/>\n<meta property=\"og:title\" content=\"Defensor\u00eda delegada de Miranda realiza acciones defensoriales para divulgar DD.HH. -\" \/>\n<meta property=\"og:description\" content=\"(Miranda\/08-Jul-24) La Defensor\u00eda delegada del estado Miranda, junto a sus Subsedes de Charallave y Los Teques, realizaron actividades de promoci\u00f3n y divulgaci\u00f3n de los derechos humanos, conforme a sus competencias&hellip;\" \/>\n<meta property=\"og:url\" content=\"http:\/\/www.defensoria.gob.ve\/?p=5789\" \/>\n<meta property=\"article:published_time\" content=\"2024-07-08T20:11:07+00:00\" \/>\n<meta property=\"article:modified_time\" content=\"2024-07-08T20:11:26+00:00\" \/>\n<meta property=\"og:image\" content=\"http:\/\/www.defensoria.gob.ve\/wp-content\/uploads\/2024\/07\/ddfdd.png\" \/>\n\t<meta property=\"og:image:width\" content=\"631\" \/>\n\t<meta property=\"og:image:height\" content=\"548\" \/>\n\t<meta property=\"og:image:type\" content=\"image\/png\" \/>\n<meta name=\"author\" content=\"JC.\" \/>\n<meta name=\"twitter:card\" content=\"summary_large_image\" \/>\n<meta name=\"twitter:label1\" content=\"Escrito por\" \/>\n\t<meta name=\"twitter:data1\" content=\"JC.\" \/>\n\t<meta name=\"twitter:label2\" content=\"Tiempo estimado de lectura\" \/>\n\t<meta name=\"twitter:data2\" content=\"2 minutos\" \/>\n<script type=\"application\/ld+json\" class=\"yoast-schema-graph\">{\"@context\":\"https:\\\/\\\/schema.org\",\"@graph\":[{\"@type\":\"Article\",\"@id\":\"http:\\\/\\\/www.defensoria.gob.ve\\\/?p=5789#article\",\"isPartOf\":{\"@id\":\"http:\\\/\\\/www.defensoria.gob.ve\\\/?p=5789\"},\"author\":{\"name\":\"JC.\",\"@id\":\"http:\\\/\\\/www.defensoria.gob.ve\\\/#\\\/schema\\\/person\\\/fba14293189d7b1933ac7fba9d89e24a\"},\"headline\":\"Defensor\u00eda delegada de Miranda realiza acciones defensoriales para divulgar DD.HH.\",\"datePublished\":\"2024-07-08T20:11:07+00:00\",\"dateModified\":\"2024-07-08T20:11:26+00:00\",\"mainEntityOfPage\":{\"@id\":\"http:\\\/\\\/www.defensoria.gob.ve\\\/?p=5789\"},\"wordCount\":421,\"image\":{\"@id\":\"http:\\\/\\\/www.defensoria.gob.ve\\\/?p=5789#primaryimage\"},\"thumbnailUrl\":\"http:\\\/\\\/www.defensoria.gob.ve\\\/wp-content\\\/uploads\\\/2024\\\/07\\\/ddfdd.png\",\"articleSection\":[\"REGIONALES\"],\"inLanguage\":\"es\"},{\"@type\":\"WebPage\",\"@id\":\"http:\\\/\\\/www.defensoria.gob.ve\\\/?p=5789\",\"url\":\"http:\\\/\\\/www.defensoria.gob.ve\\\/?p=5789\",\"name\":\"Defensor\u00eda delegada de Miranda realiza acciones defensoriales para divulgar DD.HH. -\",\"isPartOf\":{\"@id\":\"http:\\\/\\\/www.defensoria.gob.ve\\\/#website\"},\"primaryImageOfPage\":{\"@id\":\"http:\\\/\\\/www.defensoria.gob.ve\\\/?p=5789#primaryimage\"},\"image\":{\"@id\":\"http:\\\/\\\/www.defensoria.gob.ve\\\/?p=5789#primaryimage\"},\"thumbnailUrl\":\"http:\\\/\\\/www.defensoria.gob.ve\\\/wp-content\\\/uploads\\\/2024\\\/07\\\/ddfdd.png\",\"datePublished\":\"2024-07-08T20:11:07+00:00\",\"dateModified\":\"2024-07-08T20:11:26+00:00\",\"author\":{\"@id\":\"http:\\\/\\\/www.defensoria.gob.ve\\\/#\\\/schema\\\/person\\\/fba14293189d7b1933ac7fba9d89e24a\"},\"breadcrumb\":{\"@id\":\"http:\\\/\\\/www.defensoria.gob.ve\\\/?p=5789#breadcrumb\"},\"inLanguage\":\"es\",\"potentialAction\":[{\"@type\":\"ReadAction\",\"target\":[\"http:\\\/\\\/www.defensoria.gob.ve\\\/?p=5789\"]}]},{\"@type\":\"ImageObject\",\"inLanguage\":\"es\",\"@id\":\"http:\\\/\\\/www.defensoria.gob.ve\\\/?p=5789#primaryimage\",\"url\":\"http:\\\/\\\/www.defensoria.gob.ve\\\/wp-content\\\/uploads\\\/2024\\\/07\\\/ddfdd.png\",\"contentUrl\":\"http:\\\/\\\/www.defensoria.gob.ve\\\/wp-content\\\/uploads\\\/2024\\\/07\\\/ddfdd.png\",\"width\":631,\"height\":548},{\"@type\":\"BreadcrumbList\",\"@id\":\"http:\\\/\\\/www.defensoria.gob.ve\\\/?p=5789#breadcrumb\",\"itemListElement\":[{\"@type\":\"ListItem\",\"position\":1,\"name\":\"Portada\",\"item\":\"http:\\\/\\\/www.defensoria.gob.ve\\\/\"},{\"@type\":\"ListItem\",\"position\":2,\"name\":\"Defensor\u00eda delegada de Miranda realiza acciones defensoriales para divulgar DD.HH.\"}]},{\"@type\":\"WebSite\",\"@id\":\"http:\\\/\\\/www.defensoria.gob.ve\\\/#website\",\"url\":\"http:\\\/\\\/www.defensoria.gob.ve\\\/\",\"name\":\"\",\"description\":\"Instituci\u00f3n del Poder Ciudadano para la Promoci\u00f3n, Defensa y Vigilancia de los Derechos Humanos.\",\"potentialAction\":[{\"@type\":\"SearchAction\",\"target\":{\"@type\":\"EntryPoint\",\"urlTemplate\":\"http:\\\/\\\/www.defensoria.gob.ve\\\/?s={search_term_string}\"},\"query-input\":{\"@type\":\"PropertyValueSpecification\",\"valueRequired\":true,\"valueName\":\"search_term_string\"}}],\"inLanguage\":\"es\"},{\"@type\":\"Person\",\"@id\":\"http:\\\/\\\/www.defensoria.gob.ve\\\/#\\\/schema\\\/person\\\/fba14293189d7b1933ac7fba9d89e24a\",\"name\":\"JC.\",\"image\":{\"@type\":\"ImageObject\",\"inLanguage\":\"es\",\"@id\":\"https:\\\/\\\/secure.gravatar.com\\\/avatar\\\/f398a4de948606b38f0299d90ca738c674b648694bc725ed46503c240269dbf8?s=96&d=mm&r=g\",\"url\":\"https:\\\/\\\/secure.gravatar.com\\\/avatar\\\/f398a4de948606b38f0299d90ca738c674b648694bc725ed46503c240269dbf8?s=96&d=mm&r=g\",\"contentUrl\":\"https:\\\/\\\/secure.gravatar.com\\\/avatar\\\/f398a4de948606b38f0299d90ca738c674b648694bc725ed46503c240269dbf8?s=96&d=mm&r=g\",\"caption\":\"JC.\"},\"url\":\"http:\\\/\\\/www.defensoria.gob.ve\\\/?author=5\"}]}<\/script>\n<!-- \/ Yoast SEO plugin. -->","yoast_head_json":{"title":"Defensor\u00eda delegada de Miranda realiza acciones defensoriales para divulgar DD.HH. -","robots":{"index":"index","follow":"follow","max-snippet":"max-snippet:-1","max-image-preview":"max-image-preview:large","max-video-preview":"max-video-preview:-1"},"canonical":"http:\/\/www.defensoria.gob.ve\/?p=5789","og_locale":"es_ES","og_type":"article","og_title":"Defensor\u00eda delegada de Miranda realiza acciones defensoriales para divulgar DD.HH. -","og_description":"(Miranda\/08-Jul-24) La Defensor\u00eda delegada del estado Miranda, junto a sus Subsedes de Charallave y Los Teques, realizaron actividades de promoci\u00f3n y divulgaci\u00f3n de los derechos humanos, conforme a sus competencias&hellip;","og_url":"http:\/\/www.defensoria.gob.ve\/?p=5789","article_published_time":"2024-07-08T20:11:07+00:00","article_modified_time":"2024-07-08T20:11:26+00:00","og_image":[{"width":631,"height":548,"url":"http:\/\/www.defensoria.gob.ve\/wp-content\/uploads\/2024\/07\/ddfdd.png","type":"image\/png"}],"author":"JC.","twitter_card":"summary_large_image","twitter_misc":{"Escrito por":"JC.","Tiempo estimado de lectura":"2 minutos"},"schema":{"@context":"https:\/\/schema.org","@graph":[{"@type":"Article","@id":"http:\/\/www.defensoria.gob.ve\/?p=5789#article","isPartOf":{"@id":"http:\/\/www.defensoria.gob.ve\/?p=5789"},"author":{"name":"JC.","@id":"http:\/\/www.defensoria.gob.ve\/#\/schema\/person\/fba14293189d7b1933ac7fba9d89e24a"},"headline":"Defensor\u00eda delegada de Miranda realiza acciones defensoriales para divulgar DD.HH.","datePublished":"2024-07-08T20:11:07+00:00","dateModified":"2024-07-08T20:11:26+00:00","mainEntityOfPage":{"@id":"http:\/\/www.defensoria.gob.ve\/?p=5789"},"wordCount":421,"image":{"@id":"http:\/\/www.defensoria.gob.ve\/?p=5789#primaryimage"},"thumbnailUrl":"http:\/\/www.defensoria.gob.ve\/wp-content\/uploads\/2024\/07\/ddfdd.png","articleSection":["REGIONALES"],"inLanguage":"es"},{"@type":"WebPage","@id":"http:\/\/www.defensoria.gob.ve\/?p=5789","url":"http:\/\/www.defensoria.gob.ve\/?p=5789","name":"Defensor\u00eda delegada de Miranda realiza acciones defensoriales para divulgar DD.HH. -","isPartOf":{"@id":"http:\/\/www.defensoria.gob.ve\/#website"},"primaryImageOfPage":{"@id":"http:\/\/www.defensoria.gob.ve\/?p=5789#primaryimage"},"image":{"@id":"http:\/\/www.defensoria.gob.ve\/?p=5789#primaryimage"},"thumbnailUrl":"http:\/\/www.defensoria.gob.ve\/wp-content\/uploads\/2024\/07\/ddfdd.png","datePublished":"2024-07-08T20:11:07+00:00","dateModified":"2024-07-08T20:11:26+00:00","author":{"@id":"http:\/\/www.defensoria.gob.ve\/#\/schema\/person\/fba14293189d7b1933ac7fba9d89e24a"},"breadcrumb":{"@id":"http:\/\/www.defensoria.gob.ve\/?p=5789#breadcrumb"},"inLanguage":"es","potentialAction":[{"@type":"ReadAction","target":["http:\/\/www.defensoria.gob.ve\/?p=5789"]}]},{"@type":"ImageObject","inLanguage":"es","@id":"http:\/\/www.defensoria.gob.ve\/?p=5789#primaryimage","url":"http:\/\/www.defensoria.gob.ve\/wp-content\/uploads\/2024\/07\/ddfdd.png","contentUrl":"http:\/\/www.defensoria.gob.ve\/wp-content\/uploads\/2024\/07\/ddfdd.png","width":631,"height":548},{"@type":"BreadcrumbList","@id":"http:\/\/www.defensoria.gob.ve\/?p=5789#breadcrumb","itemListElement":[{"@type":"ListItem","position":1,"name":"Portada","item":"http:\/\/www.defensoria.gob.ve\/"},{"@type":"ListItem","position":2,"name":"Defensor\u00eda delegada de Miranda realiza acciones defensoriales para divulgar DD.HH."}]},{"@type":"WebSite","@id":"http:\/\/www.defensoria.gob.ve\/#website","url":"http:\/\/www.defensoria.gob.ve\/","name":"","description":"Instituci\u00f3n del Poder Ciudadano para la Promoci\u00f3n, Defensa y Vigilancia de los Derechos Humanos.","potentialAction":[{"@type":"SearchAction","target":{"@type":"EntryPoint","urlTemplate":"http:\/\/www.defensoria.gob.ve\/?s={search_term_string}"},"query-input":{"@type":"PropertyValueSpecification","valueRequired":true,"valueName":"search_term_string"}}],"inLanguage":"es"},{"@type":"Person","@id":"http:\/\/www.defensoria.gob.ve\/#\/schema\/person\/fba14293189d7b1933ac7fba9d89e24a","name":"JC.","image":{"@type":"ImageObject","inLanguage":"es","@id":"https:\/\/secure.gravatar.com\/avatar\/f398a4de948606b38f0299d90ca738c674b648694bc725ed46503c240269dbf8?s=96&d=mm&r=g","url":"https:\/\/secure.gravatar.com\/avatar\/f398a4de948606b38f0299d90ca738c674b648694bc725ed46503c240269dbf8?s=96&d=mm&r=g","contentUrl":"https:\/\/secure.gravatar.com\/avatar\/f398a4de948606b38f0299d90ca738c674b648694bc725ed46503c240269dbf8?s=96&d=mm&r=g","caption":"JC."},"url":"http:\/\/www.defensoria.gob.ve\/?author=5"}]}},"_links":{"self":[{"href":"http:\/\/www.defensoria.gob.ve\/index.php?rest_route=\/wp\/v2\/posts\/5789","targetHints":{"allow":["GET"]}}],"collection":[{"href":"http:\/\/www.defensoria.gob.ve\/index.php?rest_route=\/wp\/v2\/posts"}],"about":[{"href":"http:\/\/www.defensoria.gob.ve\/index.php?rest_route=\/wp\/v2\/types\/post"}],"author":[{"embeddable":true,"href":"http:\/\/www.defensoria.gob.ve\/index.php?rest_route=\/wp\/v2\/users\/5"}],"replies":[{"embeddable":true,"href":"http:\/\/www.defensoria.gob.ve\/index.php?rest_route=%2Fwp%2Fv2%2Fcomments&post=5789"}],"version-history":[{"count":4,"href":"http:\/\/www.defensoria.gob.ve\/index.php?rest_route=\/wp\/v2\/posts\/5789\/revisions"}],"predecessor-version":[{"id":5795,"href":"http:\/\/www.defensoria.gob.ve\/index.php?rest_route=\/wp\/v2\/posts\/5789\/revisions\/5795"}],"wp:featuredmedia":[{"embeddable":true,"href":"http:\/\/www.defensoria.gob.ve\/index.php?rest_route=\/wp\/v2\/media\/5791"}],"wp:attachment":[{"href":"http:\/\/www.defensoria.gob.ve\/index.php?rest_route=%2Fwp%2Fv2%2Fmedia&parent=5789"}],"wp:term":[{"taxonomy":"category","embeddable":true,"href":"http:\/\/www.defensoria.gob.ve\/index.php?rest_route=%2Fwp%2Fv2%2Fcategories&post=5789"},{"taxonomy":"post_tag","embeddable":true,"href":"http:\/\/www.defensoria.gob.ve\/index.php?rest_route=%2Fwp%2Fv2%2Ftags&post=5789"}],"curies":[{"name":"wp","href":"https:\/\/api.w.org\/{rel}","templated":true}]}}