 
{"id":5809,"date":"2024-07-11T15:18:39","date_gmt":"2024-07-11T19:18:39","guid":{"rendered":"http:\/\/www.defensoria.gob.ve\/?p=5809"},"modified":"2024-07-12T09:30:49","modified_gmt":"2024-07-12T13:30:49","slug":"proyectan-film-sobre-la-pintora-frida-khalo-que-sobrellevo-su-discapacidad-a-traves-de-sus-habilidades-artisticas","status":"publish","type":"post","link":"http:\/\/www.defensoria.gob.ve\/?p=5809","title":{"rendered":"Proyectan film sobre la pintora Frida Khalo que sobrellevo su discapacidad a trav\u00e9s de sus habilidades art\u00edsticas"},"content":{"rendered":"\t\t<div data-elementor-type=\"wp-post\" data-elementor-id=\"5809\" class=\"elementor elementor-5809\">\n\t\t\t\t\t\t<section class=\"elementor-section elementor-top-section elementor-element elementor-element-145ccae7 elementor-section-boxed elementor-section-height-default elementor-section-height-default\" data-id=\"145ccae7\" data-element_type=\"section\" data-e-type=\"section\">\n\t\t\t\t\t\t<div class=\"elementor-container elementor-column-gap-default\">\n\t\t\t\t\t<div class=\"elementor-column elementor-col-100 elementor-top-column elementor-element elementor-element-57dc39d1\" data-id=\"57dc39d1\" data-element_type=\"column\" data-e-type=\"column\">\n\t\t\t<div class=\"elementor-widget-wrap elementor-element-populated\">\n\t\t\t\t\t\t<div class=\"elementor-element elementor-element-58130f10 elementor-widget elementor-widget-text-editor\" data-id=\"58130f10\" data-element_type=\"widget\" data-e-type=\"widget\" data-widget_type=\"text-editor.default\">\n\t\t\t\t<div class=\"elementor-widget-container\">\n\t\t\t\t\t\t\t\t\t<p><\/p>\n<p><strong>(11-Jul-2024)<\/strong> La Direcci\u00f3n General de Promoci\u00f3n y Divulgaci\u00f3n de los DD.HH. en conjunto con la Direcci\u00f3n de Materias Especial Atenci\u00f3n de la Defensor\u00eda del Pueblo realizaron un foro: Mujeres y Discapacidad en el marco del natalicio de la reconocida pintora mexicana Frida Khalo, que sufri\u00f3 de discapacidad motora y se destac\u00f3 en sus habilidades art\u00edsticas.<\/p>\n<p><\/p>\n<p><\/p>\n<figure class=\"wp-block-image size-full\"><img fetchpriority=\"high\" decoding=\"async\" width=\"800\" height=\"405\" class=\"wp-image-5810\" src=\"http:\/\/www.defensoria.gob.ve\/wp-content\/uploads\/2024\/07\/WhatsApp-Image-2024-07-11-at-3.12.21-PM-1.jpeg\" alt=\"\" srcset=\"http:\/\/www.defensoria.gob.ve\/wp-content\/uploads\/2024\/07\/WhatsApp-Image-2024-07-11-at-3.12.21-PM-1.jpeg 800w, http:\/\/www.defensoria.gob.ve\/wp-content\/uploads\/2024\/07\/WhatsApp-Image-2024-07-11-at-3.12.21-PM-1-300x152.jpeg 300w, http:\/\/www.defensoria.gob.ve\/wp-content\/uploads\/2024\/07\/WhatsApp-Image-2024-07-11-at-3.12.21-PM-1-768x389.jpeg 768w\" sizes=\"(max-width: 800px) 100vw, 800px\" \/><\/figure>\n<p><\/p>\n<p><\/p>\n<p><br \/>La actividad se realiz\u00f3 con el fin de visibilizar la vida y obra de Frida Khalo cuyas pinturas giraron en torno a las vivencias de su vida personal. Fue autora de 150 obras, principalmente autorretratos, en los que proyect\u00f3 sus dificultades para poder desplazarse y sobrevivir.<\/p>\n<p><\/p>\n<p><\/p>\n<figure class=\"wp-block-image size-full\"><img decoding=\"async\" width=\"800\" height=\"335\" class=\"wp-image-5811\" src=\"http:\/\/www.defensoria.gob.ve\/wp-content\/uploads\/2024\/07\/WhatsApp-Image-2024-07-11-at-3.12.21-PM-2.jpeg\" alt=\"\" srcset=\"http:\/\/www.defensoria.gob.ve\/wp-content\/uploads\/2024\/07\/WhatsApp-Image-2024-07-11-at-3.12.21-PM-2.jpeg 800w, http:\/\/www.defensoria.gob.ve\/wp-content\/uploads\/2024\/07\/WhatsApp-Image-2024-07-11-at-3.12.21-PM-2-300x126.jpeg 300w, http:\/\/www.defensoria.gob.ve\/wp-content\/uploads\/2024\/07\/WhatsApp-Image-2024-07-11-at-3.12.21-PM-2-768x322.jpeg 768w\" sizes=\"(max-width: 800px) 100vw, 800px\" \/><\/figure>\n<p><\/p>\n<p><\/p>\n<p><br \/>La Defensor\u00eda del Pueblo quiso celebrar su natalicio que fue el pasado 06 de julio y conmemorar su muerte que es este 13 de julio y as\u00ed visibilizar que las personas con discapacidad desarrollan habilidades y destrezas que deben ser resaltadas y reconocidas como parte de su desarrollo integral. As\u00ed mismo, destacar que el apoyo de la familia es fundamental y juega un rol muy importante en el desarrollo de las personas que sobrellevan alguna discapacidad. <strong>FIN\/ PRENSA Defensor\u00eda<\/strong><\/p>\n<p><\/p>\t\t\t\t\t\t\t\t<\/div>\n\t\t\t\t<\/div>\n\t\t\t\t\t<\/div>\n\t\t<\/div>\n\t\t\t\t\t<\/div>\n\t\t<\/section>\n\t\t\t\t<\/div>\n\t\t","protected":false},"excerpt":{"rendered":"<p>(11-Jul-2024) La Direcci\u00f3n General de Promoci\u00f3n y Divulgaci\u00f3n de los DD.HH. en conjunto con la Direcci\u00f3n de Materias Especial Atenci\u00f3n de la Defensor\u00eda del Pueblo realizaron un foro: Mujeres y&hellip; <\/p>\n","protected":false},"author":14,"featured_media":5812,"comment_status":"closed","ping_status":"closed","sticky":false,"template":"","format":"standard","meta":{"footnotes":""},"categories":[5],"tags":[],"class_list":["post-5809","post","type-post","status-publish","format-standard","has-post-thumbnail","hentry","category-regionales"],"yoast_head":"<!-- This site is optimized with the Yoast SEO plugin v27.4 - https:\/\/yoast.com\/product\/yoast-seo-wordpress\/ -->\n<title>Proyectan film sobre la pintora Frida Khalo que sobrellevo su discapacidad a trav\u00e9s de sus habilidades art\u00edsticas -<\/title>\n<meta name=\"robots\" content=\"index, follow, max-snippet:-1, max-image-preview:large, max-video-preview:-1\" \/>\n<link rel=\"canonical\" href=\"http:\/\/www.defensoria.gob.ve\/?p=5809\" \/>\n<meta property=\"og:locale\" content=\"es_ES\" \/>\n<meta property=\"og:type\" content=\"article\" \/>\n<meta property=\"og:title\" content=\"Proyectan film sobre la pintora Frida Khalo que sobrellevo su discapacidad a trav\u00e9s de sus habilidades art\u00edsticas -\" \/>\n<meta property=\"og:description\" content=\"(11-Jul-2024) La Direcci\u00f3n General de Promoci\u00f3n y Divulgaci\u00f3n de los DD.HH. en conjunto con la Direcci\u00f3n de Materias Especial Atenci\u00f3n de la Defensor\u00eda del Pueblo realizaron un foro: Mujeres y&hellip;\" \/>\n<meta property=\"og:url\" content=\"http:\/\/www.defensoria.gob.ve\/?p=5809\" \/>\n<meta property=\"article:published_time\" content=\"2024-07-11T19:18:39+00:00\" \/>\n<meta property=\"article:modified_time\" content=\"2024-07-12T13:30:49+00:00\" \/>\n<meta property=\"og:image\" content=\"http:\/\/www.defensoria.gob.ve\/wp-content\/uploads\/2024\/07\/WhatsApp-Image-2024-07-11-at-3.12.21-PM.jpeg\" \/>\n\t<meta property=\"og:image:width\" content=\"800\" \/>\n\t<meta property=\"og:image:height\" content=\"428\" \/>\n\t<meta property=\"og:image:type\" content=\"image\/jpeg\" \/>\n<meta name=\"author\" content=\"KF.\" \/>\n<meta name=\"twitter:card\" content=\"summary_large_image\" \/>\n<meta name=\"twitter:label1\" content=\"Escrito por\" \/>\n\t<meta name=\"twitter:data1\" content=\"KF.\" \/>\n\t<meta name=\"twitter:label2\" content=\"Tiempo estimado de lectura\" \/>\n\t<meta name=\"twitter:data2\" content=\"2 minutos\" \/>\n<script type=\"application\/ld+json\" class=\"yoast-schema-graph\">{\"@context\":\"https:\\\/\\\/schema.org\",\"@graph\":[{\"@type\":\"Article\",\"@id\":\"http:\\\/\\\/www.defensoria.gob.ve\\\/?p=5809#article\",\"isPartOf\":{\"@id\":\"http:\\\/\\\/www.defensoria.gob.ve\\\/?p=5809\"},\"author\":{\"name\":\"KF.\",\"@id\":\"http:\\\/\\\/www.defensoria.gob.ve\\\/#\\\/schema\\\/person\\\/0fcc680c550d91982c4c009f5b19b8ec\"},\"headline\":\"Proyectan film sobre la pintora Frida Khalo que sobrellevo su discapacidad a trav\u00e9s de sus habilidades art\u00edsticas\",\"datePublished\":\"2024-07-11T19:18:39+00:00\",\"dateModified\":\"2024-07-12T13:30:49+00:00\",\"mainEntityOfPage\":{\"@id\":\"http:\\\/\\\/www.defensoria.gob.ve\\\/?p=5809\"},\"wordCount\":206,\"image\":{\"@id\":\"http:\\\/\\\/www.defensoria.gob.ve\\\/?p=5809#primaryimage\"},\"thumbnailUrl\":\"http:\\\/\\\/www.defensoria.gob.ve\\\/wp-content\\\/uploads\\\/2024\\\/07\\\/WhatsApp-Image-2024-07-11-at-3.12.21-PM.jpeg\",\"articleSection\":[\"REGIONALES\"],\"inLanguage\":\"es\"},{\"@type\":\"WebPage\",\"@id\":\"http:\\\/\\\/www.defensoria.gob.ve\\\/?p=5809\",\"url\":\"http:\\\/\\\/www.defensoria.gob.ve\\\/?p=5809\",\"name\":\"Proyectan film sobre la pintora Frida Khalo que sobrellevo su discapacidad a trav\u00e9s de sus habilidades art\u00edsticas -\",\"isPartOf\":{\"@id\":\"http:\\\/\\\/www.defensoria.gob.ve\\\/#website\"},\"primaryImageOfPage\":{\"@id\":\"http:\\\/\\\/www.defensoria.gob.ve\\\/?p=5809#primaryimage\"},\"image\":{\"@id\":\"http:\\\/\\\/www.defensoria.gob.ve\\\/?p=5809#primaryimage\"},\"thumbnailUrl\":\"http:\\\/\\\/www.defensoria.gob.ve\\\/wp-content\\\/uploads\\\/2024\\\/07\\\/WhatsApp-Image-2024-07-11-at-3.12.21-PM.jpeg\",\"datePublished\":\"2024-07-11T19:18:39+00:00\",\"dateModified\":\"2024-07-12T13:30:49+00:00\",\"author\":{\"@id\":\"http:\\\/\\\/www.defensoria.gob.ve\\\/#\\\/schema\\\/person\\\/0fcc680c550d91982c4c009f5b19b8ec\"},\"breadcrumb\":{\"@id\":\"http:\\\/\\\/www.defensoria.gob.ve\\\/?p=5809#breadcrumb\"},\"inLanguage\":\"es\",\"potentialAction\":[{\"@type\":\"ReadAction\",\"target\":[\"http:\\\/\\\/www.defensoria.gob.ve\\\/?p=5809\"]}]},{\"@type\":\"ImageObject\",\"inLanguage\":\"es\",\"@id\":\"http:\\\/\\\/www.defensoria.gob.ve\\\/?p=5809#primaryimage\",\"url\":\"http:\\\/\\\/www.defensoria.gob.ve\\\/wp-content\\\/uploads\\\/2024\\\/07\\\/WhatsApp-Image-2024-07-11-at-3.12.21-PM.jpeg\",\"contentUrl\":\"http:\\\/\\\/www.defensoria.gob.ve\\\/wp-content\\\/uploads\\\/2024\\\/07\\\/WhatsApp-Image-2024-07-11-at-3.12.21-PM.jpeg\",\"width\":800,\"height\":428},{\"@type\":\"BreadcrumbList\",\"@id\":\"http:\\\/\\\/www.defensoria.gob.ve\\\/?p=5809#breadcrumb\",\"itemListElement\":[{\"@type\":\"ListItem\",\"position\":1,\"name\":\"Portada\",\"item\":\"http:\\\/\\\/www.defensoria.gob.ve\\\/\"},{\"@type\":\"ListItem\",\"position\":2,\"name\":\"Proyectan film sobre la pintora Frida Khalo que sobrellevo su discapacidad a trav\u00e9s de sus habilidades art\u00edsticas\"}]},{\"@type\":\"WebSite\",\"@id\":\"http:\\\/\\\/www.defensoria.gob.ve\\\/#website\",\"url\":\"http:\\\/\\\/www.defensoria.gob.ve\\\/\",\"name\":\"\",\"description\":\"Instituci\u00f3n del Poder Ciudadano para la Promoci\u00f3n, Defensa y Vigilancia de los Derechos Humanos.\",\"potentialAction\":[{\"@type\":\"SearchAction\",\"target\":{\"@type\":\"EntryPoint\",\"urlTemplate\":\"http:\\\/\\\/www.defensoria.gob.ve\\\/?s={search_term_string}\"},\"query-input\":{\"@type\":\"PropertyValueSpecification\",\"valueRequired\":true,\"valueName\":\"search_term_string\"}}],\"inLanguage\":\"es\"},{\"@type\":\"Person\",\"@id\":\"http:\\\/\\\/www.defensoria.gob.ve\\\/#\\\/schema\\\/person\\\/0fcc680c550d91982c4c009f5b19b8ec\",\"name\":\"KF.\",\"image\":{\"@type\":\"ImageObject\",\"inLanguage\":\"es\",\"@id\":\"https:\\\/\\\/secure.gravatar.com\\\/avatar\\\/d7d0d6b70133abf46e0bf5e7f5f63f5ae46353601f9ad9a981c38691d4b186b0?s=96&d=mm&r=g\",\"url\":\"https:\\\/\\\/secure.gravatar.com\\\/avatar\\\/d7d0d6b70133abf46e0bf5e7f5f63f5ae46353601f9ad9a981c38691d4b186b0?s=96&d=mm&r=g\",\"contentUrl\":\"https:\\\/\\\/secure.gravatar.com\\\/avatar\\\/d7d0d6b70133abf46e0bf5e7f5f63f5ae46353601f9ad9a981c38691d4b186b0?s=96&d=mm&r=g\",\"caption\":\"KF.\"},\"url\":\"http:\\\/\\\/www.defensoria.gob.ve\\\/?author=14\"}]}<\/script>\n<!-- \/ Yoast SEO plugin. -->","yoast_head_json":{"title":"Proyectan film sobre la pintora Frida Khalo que sobrellevo su discapacidad a trav\u00e9s de sus habilidades art\u00edsticas -","robots":{"index":"index","follow":"follow","max-snippet":"max-snippet:-1","max-image-preview":"max-image-preview:large","max-video-preview":"max-video-preview:-1"},"canonical":"http:\/\/www.defensoria.gob.ve\/?p=5809","og_locale":"es_ES","og_type":"article","og_title":"Proyectan film sobre la pintora Frida Khalo que sobrellevo su discapacidad a trav\u00e9s de sus habilidades art\u00edsticas -","og_description":"(11-Jul-2024) La Direcci\u00f3n General de Promoci\u00f3n y Divulgaci\u00f3n de los DD.HH. en conjunto con la Direcci\u00f3n de Materias Especial Atenci\u00f3n de la Defensor\u00eda del Pueblo realizaron un foro: Mujeres y&hellip;","og_url":"http:\/\/www.defensoria.gob.ve\/?p=5809","article_published_time":"2024-07-11T19:18:39+00:00","article_modified_time":"2024-07-12T13:30:49+00:00","og_image":[{"width":800,"height":428,"url":"http:\/\/www.defensoria.gob.ve\/wp-content\/uploads\/2024\/07\/WhatsApp-Image-2024-07-11-at-3.12.21-PM.jpeg","type":"image\/jpeg"}],"author":"KF.","twitter_card":"summary_large_image","twitter_misc":{"Escrito por":"KF.","Tiempo estimado de lectura":"2 minutos"},"schema":{"@context":"https:\/\/schema.org","@graph":[{"@type":"Article","@id":"http:\/\/www.defensoria.gob.ve\/?p=5809#article","isPartOf":{"@id":"http:\/\/www.defensoria.gob.ve\/?p=5809"},"author":{"name":"KF.","@id":"http:\/\/www.defensoria.gob.ve\/#\/schema\/person\/0fcc680c550d91982c4c009f5b19b8ec"},"headline":"Proyectan film sobre la pintora Frida Khalo que sobrellevo su discapacidad a trav\u00e9s de sus habilidades art\u00edsticas","datePublished":"2024-07-11T19:18:39+00:00","dateModified":"2024-07-12T13:30:49+00:00","mainEntityOfPage":{"@id":"http:\/\/www.defensoria.gob.ve\/?p=5809"},"wordCount":206,"image":{"@id":"http:\/\/www.defensoria.gob.ve\/?p=5809#primaryimage"},"thumbnailUrl":"http:\/\/www.defensoria.gob.ve\/wp-content\/uploads\/2024\/07\/WhatsApp-Image-2024-07-11-at-3.12.21-PM.jpeg","articleSection":["REGIONALES"],"inLanguage":"es"},{"@type":"WebPage","@id":"http:\/\/www.defensoria.gob.ve\/?p=5809","url":"http:\/\/www.defensoria.gob.ve\/?p=5809","name":"Proyectan film sobre la pintora Frida Khalo que sobrellevo su discapacidad a trav\u00e9s de sus habilidades art\u00edsticas -","isPartOf":{"@id":"http:\/\/www.defensoria.gob.ve\/#website"},"primaryImageOfPage":{"@id":"http:\/\/www.defensoria.gob.ve\/?p=5809#primaryimage"},"image":{"@id":"http:\/\/www.defensoria.gob.ve\/?p=5809#primaryimage"},"thumbnailUrl":"http:\/\/www.defensoria.gob.ve\/wp-content\/uploads\/2024\/07\/WhatsApp-Image-2024-07-11-at-3.12.21-PM.jpeg","datePublished":"2024-07-11T19:18:39+00:00","dateModified":"2024-07-12T13:30:49+00:00","author":{"@id":"http:\/\/www.defensoria.gob.ve\/#\/schema\/person\/0fcc680c550d91982c4c009f5b19b8ec"},"breadcrumb":{"@id":"http:\/\/www.defensoria.gob.ve\/?p=5809#breadcrumb"},"inLanguage":"es","potentialAction":[{"@type":"ReadAction","target":["http:\/\/www.defensoria.gob.ve\/?p=5809"]}]},{"@type":"ImageObject","inLanguage":"es","@id":"http:\/\/www.defensoria.gob.ve\/?p=5809#primaryimage","url":"http:\/\/www.defensoria.gob.ve\/wp-content\/uploads\/2024\/07\/WhatsApp-Image-2024-07-11-at-3.12.21-PM.jpeg","contentUrl":"http:\/\/www.defensoria.gob.ve\/wp-content\/uploads\/2024\/07\/WhatsApp-Image-2024-07-11-at-3.12.21-PM.jpeg","width":800,"height":428},{"@type":"BreadcrumbList","@id":"http:\/\/www.defensoria.gob.ve\/?p=5809#breadcrumb","itemListElement":[{"@type":"ListItem","position":1,"name":"Portada","item":"http:\/\/www.defensoria.gob.ve\/"},{"@type":"ListItem","position":2,"name":"Proyectan film sobre la pintora Frida Khalo que sobrellevo su discapacidad a trav\u00e9s de sus habilidades art\u00edsticas"}]},{"@type":"WebSite","@id":"http:\/\/www.defensoria.gob.ve\/#website","url":"http:\/\/www.defensoria.gob.ve\/","name":"","description":"Instituci\u00f3n del Poder Ciudadano para la Promoci\u00f3n, Defensa y Vigilancia de los Derechos Humanos.","potentialAction":[{"@type":"SearchAction","target":{"@type":"EntryPoint","urlTemplate":"http:\/\/www.defensoria.gob.ve\/?s={search_term_string}"},"query-input":{"@type":"PropertyValueSpecification","valueRequired":true,"valueName":"search_term_string"}}],"inLanguage":"es"},{"@type":"Person","@id":"http:\/\/www.defensoria.gob.ve\/#\/schema\/person\/0fcc680c550d91982c4c009f5b19b8ec","name":"KF.","image":{"@type":"ImageObject","inLanguage":"es","@id":"https:\/\/secure.gravatar.com\/avatar\/d7d0d6b70133abf46e0bf5e7f5f63f5ae46353601f9ad9a981c38691d4b186b0?s=96&d=mm&r=g","url":"https:\/\/secure.gravatar.com\/avatar\/d7d0d6b70133abf46e0bf5e7f5f63f5ae46353601f9ad9a981c38691d4b186b0?s=96&d=mm&r=g","contentUrl":"https:\/\/secure.gravatar.com\/avatar\/d7d0d6b70133abf46e0bf5e7f5f63f5ae46353601f9ad9a981c38691d4b186b0?s=96&d=mm&r=g","caption":"KF."},"url":"http:\/\/www.defensoria.gob.ve\/?author=14"}]}},"_links":{"self":[{"href":"http:\/\/www.defensoria.gob.ve\/index.php?rest_route=\/wp\/v2\/posts\/5809","targetHints":{"allow":["GET"]}}],"collection":[{"href":"http:\/\/www.defensoria.gob.ve\/index.php?rest_route=\/wp\/v2\/posts"}],"about":[{"href":"http:\/\/www.defensoria.gob.ve\/index.php?rest_route=\/wp\/v2\/types\/post"}],"author":[{"embeddable":true,"href":"http:\/\/www.defensoria.gob.ve\/index.php?rest_route=\/wp\/v2\/users\/14"}],"replies":[{"embeddable":true,"href":"http:\/\/www.defensoria.gob.ve\/index.php?rest_route=%2Fwp%2Fv2%2Fcomments&post=5809"}],"version-history":[{"count":10,"href":"http:\/\/www.defensoria.gob.ve\/index.php?rest_route=\/wp\/v2\/posts\/5809\/revisions"}],"predecessor-version":[{"id":5822,"href":"http:\/\/www.defensoria.gob.ve\/index.php?rest_route=\/wp\/v2\/posts\/5809\/revisions\/5822"}],"wp:featuredmedia":[{"embeddable":true,"href":"http:\/\/www.defensoria.gob.ve\/index.php?rest_route=\/wp\/v2\/media\/5812"}],"wp:attachment":[{"href":"http:\/\/www.defensoria.gob.ve\/index.php?rest_route=%2Fwp%2Fv2%2Fmedia&parent=5809"}],"wp:term":[{"taxonomy":"category","embeddable":true,"href":"http:\/\/www.defensoria.gob.ve\/index.php?rest_route=%2Fwp%2Fv2%2Fcategories&post=5809"},{"taxonomy":"post_tag","embeddable":true,"href":"http:\/\/www.defensoria.gob.ve\/index.php?rest_route=%2Fwp%2Fv2%2Ftags&post=5809"}],"curies":[{"name":"wp","href":"https:\/\/api.w.org\/{rel}","templated":true}]}}