 
{"id":5873,"date":"2024-07-15T14:24:45","date_gmt":"2024-07-15T18:24:45","guid":{"rendered":"http:\/\/www.defensoria.gob.ve\/?p=5873"},"modified":"2024-07-15T14:26:03","modified_gmt":"2024-07-15T18:26:03","slug":"delegada-de-sucre-visito-refugios-en-cumanacoa","status":"publish","type":"post","link":"http:\/\/www.defensoria.gob.ve\/?p=5873","title":{"rendered":"Delegada de Sucre visit\u00f3 refugios en Cumanacoa"},"content":{"rendered":"\t\t<div data-elementor-type=\"wp-post\" data-elementor-id=\"5873\" class=\"elementor elementor-5873\">\n\t\t\t\t\t\t<section class=\"elementor-section elementor-top-section elementor-element elementor-element-1a7ecbd4 elementor-section-boxed elementor-section-height-default elementor-section-height-default\" data-id=\"1a7ecbd4\" data-element_type=\"section\" data-e-type=\"section\">\n\t\t\t\t\t\t<div class=\"elementor-container elementor-column-gap-default\">\n\t\t\t\t\t<div class=\"elementor-column elementor-col-100 elementor-top-column elementor-element elementor-element-7dd00e3e\" data-id=\"7dd00e3e\" data-element_type=\"column\" data-e-type=\"column\">\n\t\t\t<div class=\"elementor-widget-wrap elementor-element-populated\">\n\t\t\t\t\t\t<div class=\"elementor-element elementor-element-3cb8a828 elementor-widget elementor-widget-text-editor\" data-id=\"3cb8a828\" data-element_type=\"widget\" data-e-type=\"widget\" data-widget_type=\"text-editor.default\">\n\t\t\t\t<div class=\"elementor-widget-container\">\n\t\t\t\t\t\t\t\t\t\n<p><strong>(Sucre\/15-Jun-24)<\/strong> Servidores y servidoras de la Defensor\u00eda Delegada de Sucre, durante el fin de semana, realizaron labores de acompa\u00f1amiento, vigilancia y protecci\u00f3n de los derechos humanos de la poblaci\u00f3n afectada por el Hurac\u00e1n Berly en Cumanacoa, municipio Montes de la entidad oriental.<\/p>\n\n\n\n<p>Es as\u00ed como los funcionarios Milagros Oteros, Jos\u00e9 Miguel Mart\u00ednez y Alvertano Olvera se trasladaron al mencionado poblado para prestar atenci\u00f3n y apoyo a los ciudadanos y las ciudadanas, luego de verse afectadas casi veinte mil (20.000) familias.<\/p>\n\n\n\n<p>Igualmente, al menos 145 comercios resultaron afectados por este fuerte temporal que caus\u00f3 el hurac\u00e1n, adem\u00e1s se reportaron las lamentables p\u00e9rdidas humanas de ciudadanos confirmadas por el gobierno nacional.<\/p>\n\n\n<div class=\"wp-block-image\">\n<figure class=\"aligncenter size-full\"><img fetchpriority=\"high\" decoding=\"async\" width=\"472\" height=\"605\" src=\"http:\/\/www.defensoria.gob.ve\/wp-content\/uploads\/2024\/07\/CCCCCC.png\" alt=\"\" class=\"wp-image-5874\" srcset=\"http:\/\/www.defensoria.gob.ve\/wp-content\/uploads\/2024\/07\/CCCCCC.png 472w, http:\/\/www.defensoria.gob.ve\/wp-content\/uploads\/2024\/07\/CCCCCC-234x300.png 234w\" sizes=\"(max-width: 472px) 100vw, 472px\" \/><\/figure><\/div>\n\n\n<p>Asimismo, los mismos servidores y servidoras asistieron a los dos refugios habilitados para tal fin motivado a esta contingencia, siendo uno de ellos el Liceo Bolivariano Jos\u00e9 Juli\u00e1n Villafranca, el cual sirve como albergue a unas 24 familias en las que se encuentran 25 ni\u00f1os, 6 adolescentes y 29 adultos.<\/p>\n\n\n\n<p>Durante esa visita se constat\u00f3 que todav\u00eda no han llegado todos los implementos e insumos de ayuda humanitaria necesarios para poder solventar la situaci\u00f3n de emergencia que se vive en la zona, a pesar que est\u00e1n en proceso de llegada de los mismos.<\/p>\n\n\n\n<p>Posteriormente visitaron el albergue que fue habilitado en la Escuela Bolivariana Isa\u00edas Ruiz Coronado, en la que se encuentran 17 familias, para un total de 69 personas. Adem\u00e1s, se constat\u00f3 que el albergue necesita un mantenimiento general de la infraestructura para la protecci\u00f3n de los afectados. <strong>FIN \/ PRENSA Defensor\u00eda<\/strong><\/p>\n\t\t\t\t\t\t\t\t<\/div>\n\t\t\t\t<\/div>\n\t\t\t\t\t<\/div>\n\t\t<\/div>\n\t\t\t\t\t<\/div>\n\t\t<\/section>\n\t\t\t\t<\/div>\n\t\t","protected":false},"excerpt":{"rendered":"<p>(Sucre\/15-Jun-24) Servidores y servidoras de la Defensor\u00eda Delegada de Sucre, durante el fin de semana, realizaron labores de acompa\u00f1amiento, vigilancia y protecci\u00f3n de los derechos humanos de la poblaci\u00f3n afectada&hellip; <\/p>\n","protected":false},"author":5,"featured_media":5875,"comment_status":"closed","ping_status":"closed","sticky":false,"template":"","format":"standard","meta":{"footnotes":""},"categories":[5],"tags":[],"class_list":["post-5873","post","type-post","status-publish","format-standard","has-post-thumbnail","hentry","category-regionales"],"yoast_head":"<!-- This site is optimized with the Yoast SEO plugin v27.4 - https:\/\/yoast.com\/product\/yoast-seo-wordpress\/ -->\n<title>Delegada de Sucre visit\u00f3 refugios en Cumanacoa -<\/title>\n<meta name=\"robots\" content=\"index, follow, max-snippet:-1, max-image-preview:large, max-video-preview:-1\" \/>\n<link rel=\"canonical\" href=\"http:\/\/www.defensoria.gob.ve\/?p=5873\" \/>\n<meta property=\"og:locale\" content=\"es_ES\" \/>\n<meta property=\"og:type\" content=\"article\" \/>\n<meta property=\"og:title\" content=\"Delegada de Sucre visit\u00f3 refugios en Cumanacoa -\" \/>\n<meta property=\"og:description\" content=\"(Sucre\/15-Jun-24) Servidores y servidoras de la Defensor\u00eda Delegada de Sucre, durante el fin de semana, realizaron labores de acompa\u00f1amiento, vigilancia y protecci\u00f3n de los derechos humanos de la poblaci\u00f3n afectada&hellip;\" \/>\n<meta property=\"og:url\" content=\"http:\/\/www.defensoria.gob.ve\/?p=5873\" \/>\n<meta property=\"article:published_time\" content=\"2024-07-15T18:24:45+00:00\" \/>\n<meta property=\"article:modified_time\" content=\"2024-07-15T18:26:03+00:00\" \/>\n<meta property=\"og:image\" content=\"http:\/\/www.defensoria.gob.ve\/wp-content\/uploads\/2024\/07\/SSSSSS.png\" \/>\n\t<meta property=\"og:image:width\" content=\"475\" \/>\n\t<meta property=\"og:image:height\" content=\"628\" \/>\n\t<meta property=\"og:image:type\" content=\"image\/png\" \/>\n<meta name=\"author\" content=\"JC.\" \/>\n<meta name=\"twitter:card\" content=\"summary_large_image\" \/>\n<meta name=\"twitter:label1\" content=\"Escrito por\" \/>\n\t<meta name=\"twitter:data1\" content=\"JC.\" \/>\n\t<meta name=\"twitter:label2\" content=\"Tiempo estimado de lectura\" \/>\n\t<meta name=\"twitter:data2\" content=\"2 minutos\" \/>\n<script type=\"application\/ld+json\" class=\"yoast-schema-graph\">{\"@context\":\"https:\\\/\\\/schema.org\",\"@graph\":[{\"@type\":\"Article\",\"@id\":\"http:\\\/\\\/www.defensoria.gob.ve\\\/?p=5873#article\",\"isPartOf\":{\"@id\":\"http:\\\/\\\/www.defensoria.gob.ve\\\/?p=5873\"},\"author\":{\"name\":\"JC.\",\"@id\":\"http:\\\/\\\/www.defensoria.gob.ve\\\/#\\\/schema\\\/person\\\/fba14293189d7b1933ac7fba9d89e24a\"},\"headline\":\"Delegada de Sucre visit\u00f3 refugios en Cumanacoa\",\"datePublished\":\"2024-07-15T18:24:45+00:00\",\"dateModified\":\"2024-07-15T18:26:03+00:00\",\"mainEntityOfPage\":{\"@id\":\"http:\\\/\\\/www.defensoria.gob.ve\\\/?p=5873\"},\"wordCount\":270,\"image\":{\"@id\":\"http:\\\/\\\/www.defensoria.gob.ve\\\/?p=5873#primaryimage\"},\"thumbnailUrl\":\"http:\\\/\\\/www.defensoria.gob.ve\\\/wp-content\\\/uploads\\\/2024\\\/07\\\/SSSSSS.png\",\"articleSection\":[\"REGIONALES\"],\"inLanguage\":\"es\"},{\"@type\":\"WebPage\",\"@id\":\"http:\\\/\\\/www.defensoria.gob.ve\\\/?p=5873\",\"url\":\"http:\\\/\\\/www.defensoria.gob.ve\\\/?p=5873\",\"name\":\"Delegada de Sucre visit\u00f3 refugios en Cumanacoa -\",\"isPartOf\":{\"@id\":\"http:\\\/\\\/www.defensoria.gob.ve\\\/#website\"},\"primaryImageOfPage\":{\"@id\":\"http:\\\/\\\/www.defensoria.gob.ve\\\/?p=5873#primaryimage\"},\"image\":{\"@id\":\"http:\\\/\\\/www.defensoria.gob.ve\\\/?p=5873#primaryimage\"},\"thumbnailUrl\":\"http:\\\/\\\/www.defensoria.gob.ve\\\/wp-content\\\/uploads\\\/2024\\\/07\\\/SSSSSS.png\",\"datePublished\":\"2024-07-15T18:24:45+00:00\",\"dateModified\":\"2024-07-15T18:26:03+00:00\",\"author\":{\"@id\":\"http:\\\/\\\/www.defensoria.gob.ve\\\/#\\\/schema\\\/person\\\/fba14293189d7b1933ac7fba9d89e24a\"},\"breadcrumb\":{\"@id\":\"http:\\\/\\\/www.defensoria.gob.ve\\\/?p=5873#breadcrumb\"},\"inLanguage\":\"es\",\"potentialAction\":[{\"@type\":\"ReadAction\",\"target\":[\"http:\\\/\\\/www.defensoria.gob.ve\\\/?p=5873\"]}]},{\"@type\":\"ImageObject\",\"inLanguage\":\"es\",\"@id\":\"http:\\\/\\\/www.defensoria.gob.ve\\\/?p=5873#primaryimage\",\"url\":\"http:\\\/\\\/www.defensoria.gob.ve\\\/wp-content\\\/uploads\\\/2024\\\/07\\\/SSSSSS.png\",\"contentUrl\":\"http:\\\/\\\/www.defensoria.gob.ve\\\/wp-content\\\/uploads\\\/2024\\\/07\\\/SSSSSS.png\",\"width\":475,\"height\":628},{\"@type\":\"BreadcrumbList\",\"@id\":\"http:\\\/\\\/www.defensoria.gob.ve\\\/?p=5873#breadcrumb\",\"itemListElement\":[{\"@type\":\"ListItem\",\"position\":1,\"name\":\"Portada\",\"item\":\"http:\\\/\\\/www.defensoria.gob.ve\\\/\"},{\"@type\":\"ListItem\",\"position\":2,\"name\":\"Delegada de Sucre visit\u00f3 refugios en Cumanacoa\"}]},{\"@type\":\"WebSite\",\"@id\":\"http:\\\/\\\/www.defensoria.gob.ve\\\/#website\",\"url\":\"http:\\\/\\\/www.defensoria.gob.ve\\\/\",\"name\":\"\",\"description\":\"Instituci\u00f3n del Poder Ciudadano para la Promoci\u00f3n, Defensa y Vigilancia de los Derechos Humanos.\",\"potentialAction\":[{\"@type\":\"SearchAction\",\"target\":{\"@type\":\"EntryPoint\",\"urlTemplate\":\"http:\\\/\\\/www.defensoria.gob.ve\\\/?s={search_term_string}\"},\"query-input\":{\"@type\":\"PropertyValueSpecification\",\"valueRequired\":true,\"valueName\":\"search_term_string\"}}],\"inLanguage\":\"es\"},{\"@type\":\"Person\",\"@id\":\"http:\\\/\\\/www.defensoria.gob.ve\\\/#\\\/schema\\\/person\\\/fba14293189d7b1933ac7fba9d89e24a\",\"name\":\"JC.\",\"image\":{\"@type\":\"ImageObject\",\"inLanguage\":\"es\",\"@id\":\"https:\\\/\\\/secure.gravatar.com\\\/avatar\\\/f398a4de948606b38f0299d90ca738c674b648694bc725ed46503c240269dbf8?s=96&d=mm&r=g\",\"url\":\"https:\\\/\\\/secure.gravatar.com\\\/avatar\\\/f398a4de948606b38f0299d90ca738c674b648694bc725ed46503c240269dbf8?s=96&d=mm&r=g\",\"contentUrl\":\"https:\\\/\\\/secure.gravatar.com\\\/avatar\\\/f398a4de948606b38f0299d90ca738c674b648694bc725ed46503c240269dbf8?s=96&d=mm&r=g\",\"caption\":\"JC.\"},\"url\":\"http:\\\/\\\/www.defensoria.gob.ve\\\/?author=5\"}]}<\/script>\n<!-- \/ Yoast SEO plugin. -->","yoast_head_json":{"title":"Delegada de Sucre visit\u00f3 refugios en Cumanacoa -","robots":{"index":"index","follow":"follow","max-snippet":"max-snippet:-1","max-image-preview":"max-image-preview:large","max-video-preview":"max-video-preview:-1"},"canonical":"http:\/\/www.defensoria.gob.ve\/?p=5873","og_locale":"es_ES","og_type":"article","og_title":"Delegada de Sucre visit\u00f3 refugios en Cumanacoa -","og_description":"(Sucre\/15-Jun-24) Servidores y servidoras de la Defensor\u00eda Delegada de Sucre, durante el fin de semana, realizaron labores de acompa\u00f1amiento, vigilancia y protecci\u00f3n de los derechos humanos de la poblaci\u00f3n afectada&hellip;","og_url":"http:\/\/www.defensoria.gob.ve\/?p=5873","article_published_time":"2024-07-15T18:24:45+00:00","article_modified_time":"2024-07-15T18:26:03+00:00","og_image":[{"width":475,"height":628,"url":"http:\/\/www.defensoria.gob.ve\/wp-content\/uploads\/2024\/07\/SSSSSS.png","type":"image\/png"}],"author":"JC.","twitter_card":"summary_large_image","twitter_misc":{"Escrito por":"JC.","Tiempo estimado de lectura":"2 minutos"},"schema":{"@context":"https:\/\/schema.org","@graph":[{"@type":"Article","@id":"http:\/\/www.defensoria.gob.ve\/?p=5873#article","isPartOf":{"@id":"http:\/\/www.defensoria.gob.ve\/?p=5873"},"author":{"name":"JC.","@id":"http:\/\/www.defensoria.gob.ve\/#\/schema\/person\/fba14293189d7b1933ac7fba9d89e24a"},"headline":"Delegada de Sucre visit\u00f3 refugios en Cumanacoa","datePublished":"2024-07-15T18:24:45+00:00","dateModified":"2024-07-15T18:26:03+00:00","mainEntityOfPage":{"@id":"http:\/\/www.defensoria.gob.ve\/?p=5873"},"wordCount":270,"image":{"@id":"http:\/\/www.defensoria.gob.ve\/?p=5873#primaryimage"},"thumbnailUrl":"http:\/\/www.defensoria.gob.ve\/wp-content\/uploads\/2024\/07\/SSSSSS.png","articleSection":["REGIONALES"],"inLanguage":"es"},{"@type":"WebPage","@id":"http:\/\/www.defensoria.gob.ve\/?p=5873","url":"http:\/\/www.defensoria.gob.ve\/?p=5873","name":"Delegada de Sucre visit\u00f3 refugios en Cumanacoa -","isPartOf":{"@id":"http:\/\/www.defensoria.gob.ve\/#website"},"primaryImageOfPage":{"@id":"http:\/\/www.defensoria.gob.ve\/?p=5873#primaryimage"},"image":{"@id":"http:\/\/www.defensoria.gob.ve\/?p=5873#primaryimage"},"thumbnailUrl":"http:\/\/www.defensoria.gob.ve\/wp-content\/uploads\/2024\/07\/SSSSSS.png","datePublished":"2024-07-15T18:24:45+00:00","dateModified":"2024-07-15T18:26:03+00:00","author":{"@id":"http:\/\/www.defensoria.gob.ve\/#\/schema\/person\/fba14293189d7b1933ac7fba9d89e24a"},"breadcrumb":{"@id":"http:\/\/www.defensoria.gob.ve\/?p=5873#breadcrumb"},"inLanguage":"es","potentialAction":[{"@type":"ReadAction","target":["http:\/\/www.defensoria.gob.ve\/?p=5873"]}]},{"@type":"ImageObject","inLanguage":"es","@id":"http:\/\/www.defensoria.gob.ve\/?p=5873#primaryimage","url":"http:\/\/www.defensoria.gob.ve\/wp-content\/uploads\/2024\/07\/SSSSSS.png","contentUrl":"http:\/\/www.defensoria.gob.ve\/wp-content\/uploads\/2024\/07\/SSSSSS.png","width":475,"height":628},{"@type":"BreadcrumbList","@id":"http:\/\/www.defensoria.gob.ve\/?p=5873#breadcrumb","itemListElement":[{"@type":"ListItem","position":1,"name":"Portada","item":"http:\/\/www.defensoria.gob.ve\/"},{"@type":"ListItem","position":2,"name":"Delegada de Sucre visit\u00f3 refugios en Cumanacoa"}]},{"@type":"WebSite","@id":"http:\/\/www.defensoria.gob.ve\/#website","url":"http:\/\/www.defensoria.gob.ve\/","name":"","description":"Instituci\u00f3n del Poder Ciudadano para la Promoci\u00f3n, Defensa y Vigilancia de los Derechos Humanos.","potentialAction":[{"@type":"SearchAction","target":{"@type":"EntryPoint","urlTemplate":"http:\/\/www.defensoria.gob.ve\/?s={search_term_string}"},"query-input":{"@type":"PropertyValueSpecification","valueRequired":true,"valueName":"search_term_string"}}],"inLanguage":"es"},{"@type":"Person","@id":"http:\/\/www.defensoria.gob.ve\/#\/schema\/person\/fba14293189d7b1933ac7fba9d89e24a","name":"JC.","image":{"@type":"ImageObject","inLanguage":"es","@id":"https:\/\/secure.gravatar.com\/avatar\/f398a4de948606b38f0299d90ca738c674b648694bc725ed46503c240269dbf8?s=96&d=mm&r=g","url":"https:\/\/secure.gravatar.com\/avatar\/f398a4de948606b38f0299d90ca738c674b648694bc725ed46503c240269dbf8?s=96&d=mm&r=g","contentUrl":"https:\/\/secure.gravatar.com\/avatar\/f398a4de948606b38f0299d90ca738c674b648694bc725ed46503c240269dbf8?s=96&d=mm&r=g","caption":"JC."},"url":"http:\/\/www.defensoria.gob.ve\/?author=5"}]}},"_links":{"self":[{"href":"http:\/\/www.defensoria.gob.ve\/index.php?rest_route=\/wp\/v2\/posts\/5873","targetHints":{"allow":["GET"]}}],"collection":[{"href":"http:\/\/www.defensoria.gob.ve\/index.php?rest_route=\/wp\/v2\/posts"}],"about":[{"href":"http:\/\/www.defensoria.gob.ve\/index.php?rest_route=\/wp\/v2\/types\/post"}],"author":[{"embeddable":true,"href":"http:\/\/www.defensoria.gob.ve\/index.php?rest_route=\/wp\/v2\/users\/5"}],"replies":[{"embeddable":true,"href":"http:\/\/www.defensoria.gob.ve\/index.php?rest_route=%2Fwp%2Fv2%2Fcomments&post=5873"}],"version-history":[{"count":4,"href":"http:\/\/www.defensoria.gob.ve\/index.php?rest_route=\/wp\/v2\/posts\/5873\/revisions"}],"predecessor-version":[{"id":5879,"href":"http:\/\/www.defensoria.gob.ve\/index.php?rest_route=\/wp\/v2\/posts\/5873\/revisions\/5879"}],"wp:featuredmedia":[{"embeddable":true,"href":"http:\/\/www.defensoria.gob.ve\/index.php?rest_route=\/wp\/v2\/media\/5875"}],"wp:attachment":[{"href":"http:\/\/www.defensoria.gob.ve\/index.php?rest_route=%2Fwp%2Fv2%2Fmedia&parent=5873"}],"wp:term":[{"taxonomy":"category","embeddable":true,"href":"http:\/\/www.defensoria.gob.ve\/index.php?rest_route=%2Fwp%2Fv2%2Fcategories&post=5873"},{"taxonomy":"post_tag","embeddable":true,"href":"http:\/\/www.defensoria.gob.ve\/index.php?rest_route=%2Fwp%2Fv2%2Ftags&post=5873"}],"curies":[{"name":"wp","href":"https:\/\/api.w.org\/{rel}","templated":true}]}}