 
{"id":5953,"date":"2024-07-18T12:28:42","date_gmt":"2024-07-18T16:28:42","guid":{"rendered":"http:\/\/www.defensoria.gob.ve\/?p=5953"},"modified":"2024-07-18T12:29:05","modified_gmt":"2024-07-18T16:29:05","slug":"delegada-de-nueva-esparta-inicia-taller-de-proteccion-internacional-de-las-personas-refugiadas","status":"publish","type":"post","link":"http:\/\/www.defensoria.gob.ve\/?p=5953","title":{"rendered":"Delegada de Nueva Esparta inicia Taller de Protecci\u00f3n Internacional de las Personas Refugiadas"},"content":{"rendered":"\t\t<div data-elementor-type=\"wp-post\" data-elementor-id=\"5953\" class=\"elementor elementor-5953\">\n\t\t\t\t\t\t<section class=\"elementor-section elementor-top-section elementor-element elementor-element-2ae680bd elementor-section-boxed elementor-section-height-default elementor-section-height-default\" data-id=\"2ae680bd\" data-element_type=\"section\" data-e-type=\"section\">\n\t\t\t\t\t\t<div class=\"elementor-container elementor-column-gap-default\">\n\t\t\t\t\t<div class=\"elementor-column elementor-col-100 elementor-top-column elementor-element elementor-element-512d1e5b\" data-id=\"512d1e5b\" data-element_type=\"column\" data-e-type=\"column\">\n\t\t\t<div class=\"elementor-widget-wrap elementor-element-populated\">\n\t\t\t\t\t\t<div class=\"elementor-element elementor-element-330a29a5 elementor-widget elementor-widget-text-editor\" data-id=\"330a29a5\" data-element_type=\"widget\" data-e-type=\"widget\" data-widget_type=\"text-editor.default\">\n\t\t\t\t<div class=\"elementor-widget-container\">\n\t\t\t\t\t\t\t\t\t\n<p><strong>(Nueva Esparta\/18-Jun-24) <\/strong>La Defensor\u00eda delegada del estado Nueva Esparta dio inicio a unTaller de Protecci\u00f3n Internacional de las Personas Refugiadas, el cual se viene desarrollando en varias entidades el pa\u00eds con el apoyo de la Agencia de la ONU para los Refugiados (Acnur).<\/p>\n\n\n\n<p>El taller lo dictaron servidores y servidoras del ente defensorial como la Dra. Mar\u00eda Reyes, Directora General de Promoci\u00f3n y Divulgaci\u00f3n de los Derechos Humanos; Dr. Edward Ferrazza, Director de Materias de Especial Atenci\u00f3n.<\/p>\n\n\n\n<p>Tambi\u00e9n estuvieron presentes la Dra. Geisha Camacaro, Delegada de Nueva Esparta y todo su equipo de trabajo, as\u00ed como la Dra. Mariel Diaz, representante de Acnur. La actividad estuvo dirigida a las funcionarias y los funcionarios del Tribunal Supremo de Justicia, Ministerio P\u00fablico, Defensa P\u00fablica, REDI, ZODI, GNB, Cicpc, Interpol, Saime, CNE, Prevenci\u00f3n del Delito y Polic\u00eda Migratoria, entre otros organismos del Estado venezolano. <strong>FIN \/ PRENSA Defensor\u00eda<\/strong><\/p>\n\t\t\t\t\t\t\t\t<\/div>\n\t\t\t\t<\/div>\n\t\t\t\t\t<\/div>\n\t\t<\/div>\n\t\t\t\t\t<\/div>\n\t\t<\/section>\n\t\t\t\t<\/div>\n\t\t","protected":false},"excerpt":{"rendered":"<p>(Nueva Esparta\/18-Jun-24) La Defensor\u00eda delegada del estado Nueva Esparta dio inicio a unTaller de Protecci\u00f3n Internacional de las Personas Refugiadas, el cual se viene desarrollando en varias entidades el pa\u00eds&hellip; <\/p>\n","protected":false},"author":5,"featured_media":5954,"comment_status":"closed","ping_status":"closed","sticky":false,"template":"","format":"standard","meta":{"footnotes":""},"categories":[5],"tags":[],"class_list":["post-5953","post","type-post","status-publish","format-standard","has-post-thumbnail","hentry","category-regionales"],"yoast_head":"<!-- This site is optimized with the Yoast SEO plugin v27.4 - https:\/\/yoast.com\/product\/yoast-seo-wordpress\/ -->\n<title>Delegada de Nueva Esparta inicia Taller de Protecci\u00f3n Internacional de las Personas Refugiadas -<\/title>\n<meta name=\"robots\" content=\"index, follow, max-snippet:-1, max-image-preview:large, max-video-preview:-1\" \/>\n<link rel=\"canonical\" href=\"http:\/\/www.defensoria.gob.ve\/?p=5953\" \/>\n<meta property=\"og:locale\" content=\"es_ES\" \/>\n<meta property=\"og:type\" content=\"article\" \/>\n<meta property=\"og:title\" content=\"Delegada de Nueva Esparta inicia Taller de Protecci\u00f3n Internacional de las Personas Refugiadas -\" \/>\n<meta property=\"og:description\" content=\"(Nueva Esparta\/18-Jun-24) La Defensor\u00eda delegada del estado Nueva Esparta dio inicio a unTaller de Protecci\u00f3n Internacional de las Personas Refugiadas, el cual se viene desarrollando en varias entidades el pa\u00eds&hellip;\" \/>\n<meta property=\"og:url\" content=\"http:\/\/www.defensoria.gob.ve\/?p=5953\" \/>\n<meta property=\"article:published_time\" content=\"2024-07-18T16:28:42+00:00\" \/>\n<meta property=\"article:modified_time\" content=\"2024-07-18T16:29:05+00:00\" \/>\n<meta property=\"og:image\" content=\"http:\/\/www.defensoria.gob.ve\/wp-content\/uploads\/2024\/07\/b922ec60-8d9e-410c-b191-3065615d4dc5.jpg\" \/>\n\t<meta property=\"og:image:width\" content=\"1080\" \/>\n\t<meta property=\"og:image:height\" content=\"608\" \/>\n\t<meta property=\"og:image:type\" content=\"image\/jpeg\" \/>\n<meta name=\"author\" content=\"JC.\" \/>\n<meta name=\"twitter:card\" content=\"summary_large_image\" \/>\n<meta name=\"twitter:label1\" content=\"Escrito por\" \/>\n\t<meta name=\"twitter:data1\" content=\"JC.\" \/>\n\t<meta name=\"twitter:label2\" content=\"Tiempo estimado de lectura\" \/>\n\t<meta name=\"twitter:data2\" content=\"1 minuto\" \/>\n<script type=\"application\/ld+json\" class=\"yoast-schema-graph\">{\"@context\":\"https:\\\/\\\/schema.org\",\"@graph\":[{\"@type\":\"Article\",\"@id\":\"http:\\\/\\\/www.defensoria.gob.ve\\\/?p=5953#article\",\"isPartOf\":{\"@id\":\"http:\\\/\\\/www.defensoria.gob.ve\\\/?p=5953\"},\"author\":{\"name\":\"JC.\",\"@id\":\"http:\\\/\\\/www.defensoria.gob.ve\\\/#\\\/schema\\\/person\\\/fba14293189d7b1933ac7fba9d89e24a\"},\"headline\":\"Delegada de Nueva Esparta inicia Taller de Protecci\u00f3n Internacional de las Personas Refugiadas\",\"datePublished\":\"2024-07-18T16:28:42+00:00\",\"dateModified\":\"2024-07-18T16:29:05+00:00\",\"mainEntityOfPage\":{\"@id\":\"http:\\\/\\\/www.defensoria.gob.ve\\\/?p=5953\"},\"wordCount\":172,\"image\":{\"@id\":\"http:\\\/\\\/www.defensoria.gob.ve\\\/?p=5953#primaryimage\"},\"thumbnailUrl\":\"http:\\\/\\\/www.defensoria.gob.ve\\\/wp-content\\\/uploads\\\/2024\\\/07\\\/b922ec60-8d9e-410c-b191-3065615d4dc5.jpg\",\"articleSection\":[\"REGIONALES\"],\"inLanguage\":\"es\"},{\"@type\":\"WebPage\",\"@id\":\"http:\\\/\\\/www.defensoria.gob.ve\\\/?p=5953\",\"url\":\"http:\\\/\\\/www.defensoria.gob.ve\\\/?p=5953\",\"name\":\"Delegada de Nueva Esparta inicia Taller de Protecci\u00f3n Internacional de las Personas Refugiadas -\",\"isPartOf\":{\"@id\":\"http:\\\/\\\/www.defensoria.gob.ve\\\/#website\"},\"primaryImageOfPage\":{\"@id\":\"http:\\\/\\\/www.defensoria.gob.ve\\\/?p=5953#primaryimage\"},\"image\":{\"@id\":\"http:\\\/\\\/www.defensoria.gob.ve\\\/?p=5953#primaryimage\"},\"thumbnailUrl\":\"http:\\\/\\\/www.defensoria.gob.ve\\\/wp-content\\\/uploads\\\/2024\\\/07\\\/b922ec60-8d9e-410c-b191-3065615d4dc5.jpg\",\"datePublished\":\"2024-07-18T16:28:42+00:00\",\"dateModified\":\"2024-07-18T16:29:05+00:00\",\"author\":{\"@id\":\"http:\\\/\\\/www.defensoria.gob.ve\\\/#\\\/schema\\\/person\\\/fba14293189d7b1933ac7fba9d89e24a\"},\"breadcrumb\":{\"@id\":\"http:\\\/\\\/www.defensoria.gob.ve\\\/?p=5953#breadcrumb\"},\"inLanguage\":\"es\",\"potentialAction\":[{\"@type\":\"ReadAction\",\"target\":[\"http:\\\/\\\/www.defensoria.gob.ve\\\/?p=5953\"]}]},{\"@type\":\"ImageObject\",\"inLanguage\":\"es\",\"@id\":\"http:\\\/\\\/www.defensoria.gob.ve\\\/?p=5953#primaryimage\",\"url\":\"http:\\\/\\\/www.defensoria.gob.ve\\\/wp-content\\\/uploads\\\/2024\\\/07\\\/b922ec60-8d9e-410c-b191-3065615d4dc5.jpg\",\"contentUrl\":\"http:\\\/\\\/www.defensoria.gob.ve\\\/wp-content\\\/uploads\\\/2024\\\/07\\\/b922ec60-8d9e-410c-b191-3065615d4dc5.jpg\",\"width\":1080,\"height\":608},{\"@type\":\"BreadcrumbList\",\"@id\":\"http:\\\/\\\/www.defensoria.gob.ve\\\/?p=5953#breadcrumb\",\"itemListElement\":[{\"@type\":\"ListItem\",\"position\":1,\"name\":\"Portada\",\"item\":\"http:\\\/\\\/www.defensoria.gob.ve\\\/\"},{\"@type\":\"ListItem\",\"position\":2,\"name\":\"Delegada de Nueva Esparta inicia Taller de Protecci\u00f3n Internacional de las Personas Refugiadas\"}]},{\"@type\":\"WebSite\",\"@id\":\"http:\\\/\\\/www.defensoria.gob.ve\\\/#website\",\"url\":\"http:\\\/\\\/www.defensoria.gob.ve\\\/\",\"name\":\"\",\"description\":\"Instituci\u00f3n del Poder Ciudadano para la Promoci\u00f3n, Defensa y Vigilancia de los Derechos Humanos. \",\"potentialAction\":[{\"@type\":\"SearchAction\",\"target\":{\"@type\":\"EntryPoint\",\"urlTemplate\":\"http:\\\/\\\/www.defensoria.gob.ve\\\/?s={search_term_string}\"},\"query-input\":{\"@type\":\"PropertyValueSpecification\",\"valueRequired\":true,\"valueName\":\"search_term_string\"}}],\"inLanguage\":\"es\"},{\"@type\":\"Person\",\"@id\":\"http:\\\/\\\/www.defensoria.gob.ve\\\/#\\\/schema\\\/person\\\/fba14293189d7b1933ac7fba9d89e24a\",\"name\":\"JC.\",\"image\":{\"@type\":\"ImageObject\",\"inLanguage\":\"es\",\"@id\":\"https:\\\/\\\/secure.gravatar.com\\\/avatar\\\/f398a4de948606b38f0299d90ca738c674b648694bc725ed46503c240269dbf8?s=96&d=mm&r=g\",\"url\":\"https:\\\/\\\/secure.gravatar.com\\\/avatar\\\/f398a4de948606b38f0299d90ca738c674b648694bc725ed46503c240269dbf8?s=96&d=mm&r=g\",\"contentUrl\":\"https:\\\/\\\/secure.gravatar.com\\\/avatar\\\/f398a4de948606b38f0299d90ca738c674b648694bc725ed46503c240269dbf8?s=96&d=mm&r=g\",\"caption\":\"JC.\"},\"url\":\"http:\\\/\\\/www.defensoria.gob.ve\\\/?author=5\"}]}<\/script>\n<!-- \/ Yoast SEO plugin. -->","yoast_head_json":{"title":"Delegada de Nueva Esparta inicia Taller de Protecci\u00f3n Internacional de las Personas Refugiadas -","robots":{"index":"index","follow":"follow","max-snippet":"max-snippet:-1","max-image-preview":"max-image-preview:large","max-video-preview":"max-video-preview:-1"},"canonical":"http:\/\/www.defensoria.gob.ve\/?p=5953","og_locale":"es_ES","og_type":"article","og_title":"Delegada de Nueva Esparta inicia Taller de Protecci\u00f3n Internacional de las Personas Refugiadas -","og_description":"(Nueva Esparta\/18-Jun-24) La Defensor\u00eda delegada del estado Nueva Esparta dio inicio a unTaller de Protecci\u00f3n Internacional de las Personas Refugiadas, el cual se viene desarrollando en varias entidades el pa\u00eds&hellip;","og_url":"http:\/\/www.defensoria.gob.ve\/?p=5953","article_published_time":"2024-07-18T16:28:42+00:00","article_modified_time":"2024-07-18T16:29:05+00:00","og_image":[{"width":1080,"height":608,"url":"http:\/\/www.defensoria.gob.ve\/wp-content\/uploads\/2024\/07\/b922ec60-8d9e-410c-b191-3065615d4dc5.jpg","type":"image\/jpeg"}],"author":"JC.","twitter_card":"summary_large_image","twitter_misc":{"Escrito por":"JC.","Tiempo estimado de lectura":"1 minuto"},"schema":{"@context":"https:\/\/schema.org","@graph":[{"@type":"Article","@id":"http:\/\/www.defensoria.gob.ve\/?p=5953#article","isPartOf":{"@id":"http:\/\/www.defensoria.gob.ve\/?p=5953"},"author":{"name":"JC.","@id":"http:\/\/www.defensoria.gob.ve\/#\/schema\/person\/fba14293189d7b1933ac7fba9d89e24a"},"headline":"Delegada de Nueva Esparta inicia Taller de Protecci\u00f3n Internacional de las Personas Refugiadas","datePublished":"2024-07-18T16:28:42+00:00","dateModified":"2024-07-18T16:29:05+00:00","mainEntityOfPage":{"@id":"http:\/\/www.defensoria.gob.ve\/?p=5953"},"wordCount":172,"image":{"@id":"http:\/\/www.defensoria.gob.ve\/?p=5953#primaryimage"},"thumbnailUrl":"http:\/\/www.defensoria.gob.ve\/wp-content\/uploads\/2024\/07\/b922ec60-8d9e-410c-b191-3065615d4dc5.jpg","articleSection":["REGIONALES"],"inLanguage":"es"},{"@type":"WebPage","@id":"http:\/\/www.defensoria.gob.ve\/?p=5953","url":"http:\/\/www.defensoria.gob.ve\/?p=5953","name":"Delegada de Nueva Esparta inicia Taller de Protecci\u00f3n Internacional de las Personas Refugiadas -","isPartOf":{"@id":"http:\/\/www.defensoria.gob.ve\/#website"},"primaryImageOfPage":{"@id":"http:\/\/www.defensoria.gob.ve\/?p=5953#primaryimage"},"image":{"@id":"http:\/\/www.defensoria.gob.ve\/?p=5953#primaryimage"},"thumbnailUrl":"http:\/\/www.defensoria.gob.ve\/wp-content\/uploads\/2024\/07\/b922ec60-8d9e-410c-b191-3065615d4dc5.jpg","datePublished":"2024-07-18T16:28:42+00:00","dateModified":"2024-07-18T16:29:05+00:00","author":{"@id":"http:\/\/www.defensoria.gob.ve\/#\/schema\/person\/fba14293189d7b1933ac7fba9d89e24a"},"breadcrumb":{"@id":"http:\/\/www.defensoria.gob.ve\/?p=5953#breadcrumb"},"inLanguage":"es","potentialAction":[{"@type":"ReadAction","target":["http:\/\/www.defensoria.gob.ve\/?p=5953"]}]},{"@type":"ImageObject","inLanguage":"es","@id":"http:\/\/www.defensoria.gob.ve\/?p=5953#primaryimage","url":"http:\/\/www.defensoria.gob.ve\/wp-content\/uploads\/2024\/07\/b922ec60-8d9e-410c-b191-3065615d4dc5.jpg","contentUrl":"http:\/\/www.defensoria.gob.ve\/wp-content\/uploads\/2024\/07\/b922ec60-8d9e-410c-b191-3065615d4dc5.jpg","width":1080,"height":608},{"@type":"BreadcrumbList","@id":"http:\/\/www.defensoria.gob.ve\/?p=5953#breadcrumb","itemListElement":[{"@type":"ListItem","position":1,"name":"Portada","item":"http:\/\/www.defensoria.gob.ve\/"},{"@type":"ListItem","position":2,"name":"Delegada de Nueva Esparta inicia Taller de Protecci\u00f3n Internacional de las Personas Refugiadas"}]},{"@type":"WebSite","@id":"http:\/\/www.defensoria.gob.ve\/#website","url":"http:\/\/www.defensoria.gob.ve\/","name":"","description":"Instituci\u00f3n del Poder Ciudadano para la Promoci\u00f3n, Defensa y Vigilancia de los Derechos Humanos. ","potentialAction":[{"@type":"SearchAction","target":{"@type":"EntryPoint","urlTemplate":"http:\/\/www.defensoria.gob.ve\/?s={search_term_string}"},"query-input":{"@type":"PropertyValueSpecification","valueRequired":true,"valueName":"search_term_string"}}],"inLanguage":"es"},{"@type":"Person","@id":"http:\/\/www.defensoria.gob.ve\/#\/schema\/person\/fba14293189d7b1933ac7fba9d89e24a","name":"JC.","image":{"@type":"ImageObject","inLanguage":"es","@id":"https:\/\/secure.gravatar.com\/avatar\/f398a4de948606b38f0299d90ca738c674b648694bc725ed46503c240269dbf8?s=96&d=mm&r=g","url":"https:\/\/secure.gravatar.com\/avatar\/f398a4de948606b38f0299d90ca738c674b648694bc725ed46503c240269dbf8?s=96&d=mm&r=g","contentUrl":"https:\/\/secure.gravatar.com\/avatar\/f398a4de948606b38f0299d90ca738c674b648694bc725ed46503c240269dbf8?s=96&d=mm&r=g","caption":"JC."},"url":"http:\/\/www.defensoria.gob.ve\/?author=5"}]}},"_links":{"self":[{"href":"http:\/\/www.defensoria.gob.ve\/index.php?rest_route=\/wp\/v2\/posts\/5953","targetHints":{"allow":["GET"]}}],"collection":[{"href":"http:\/\/www.defensoria.gob.ve\/index.php?rest_route=\/wp\/v2\/posts"}],"about":[{"href":"http:\/\/www.defensoria.gob.ve\/index.php?rest_route=\/wp\/v2\/types\/post"}],"author":[{"embeddable":true,"href":"http:\/\/www.defensoria.gob.ve\/index.php?rest_route=\/wp\/v2\/users\/5"}],"replies":[{"embeddable":true,"href":"http:\/\/www.defensoria.gob.ve\/index.php?rest_route=%2Fwp%2Fv2%2Fcomments&post=5953"}],"version-history":[{"count":4,"href":"http:\/\/www.defensoria.gob.ve\/index.php?rest_route=\/wp\/v2\/posts\/5953\/revisions"}],"predecessor-version":[{"id":5958,"href":"http:\/\/www.defensoria.gob.ve\/index.php?rest_route=\/wp\/v2\/posts\/5953\/revisions\/5958"}],"wp:featuredmedia":[{"embeddable":true,"href":"http:\/\/www.defensoria.gob.ve\/index.php?rest_route=\/wp\/v2\/media\/5954"}],"wp:attachment":[{"href":"http:\/\/www.defensoria.gob.ve\/index.php?rest_route=%2Fwp%2Fv2%2Fmedia&parent=5953"}],"wp:term":[{"taxonomy":"category","embeddable":true,"href":"http:\/\/www.defensoria.gob.ve\/index.php?rest_route=%2Fwp%2Fv2%2Fcategories&post=5953"},{"taxonomy":"post_tag","embeddable":true,"href":"http:\/\/www.defensoria.gob.ve\/index.php?rest_route=%2Fwp%2Fv2%2Ftags&post=5953"}],"curies":[{"name":"wp","href":"https:\/\/api.w.org\/{rel}","templated":true}]}}