 
{"id":6074,"date":"2024-07-27T14:20:58","date_gmt":"2024-07-27T18:20:58","guid":{"rendered":"http:\/\/www.defensoria.gob.ve\/?p=6074"},"modified":"2024-07-27T14:20:59","modified_gmt":"2024-07-27T18:20:59","slug":"defensores-del-pueblo-de-venezuela-y-turkiye-firman-memorando-de-entendimiento-en-materia-de-dd-hh","status":"publish","type":"post","link":"http:\/\/www.defensoria.gob.ve\/?p=6074","title":{"rendered":"Defensores del Pueblo de Venezuela y T\u00fcrkiye firman memorando de entendimiento en materia de DD.HH."},"content":{"rendered":"\n<p> <p class=\"MsoNormal\" style=\"margin-bottom:0cm;margin-bottom:.0001pt;text-align:\njustify;line-height:normal\"><b><span style=\"font-size:12.0pt;font-family:&quot;Arial&quot;,&quot;sans-serif&quot;;\nmso-fareast-font-family:&quot;Times New Roman&quot;;mso-fareast-language:ES-VE\">(27-Jul-24)<\/span><\/b><span style=\"font-size:12.0pt;font-family:&quot;Arial&quot;,&quot;sans-serif&quot;;mso-fareast-font-family:\n&quot;Times New Roman&quot;;mso-fareast-language:ES-VE\"> El Defensor del Pueblo de Venezuela, Alfredo Ruiz Angulo, y su hom\u00f3logo de T\u00fcrkiye, \u015eeref Malko\u00e7, firmaron un memorando de entendimiento a los fines de fortalecer las alianzas de cooperaci\u00f3n e intercambio en materia de buenas pr\u00e1cticas de derechos humanos entre ambas instituciones. La firma se llev\u00f3 a cabo en la sede de la Defensor\u00eda del Pueblo en el \u00c1rea Metropolitana de Caracas, ubicada en la Plaza Morelos, Av. M\u00e9xico.<\/span><\/p><\/p>\n\n\n\n<p><p class=\"MsoNormal\" style=\"margin-bottom:0cm;margin-bottom:.0001pt;text-align:\njustify;line-height:normal\"><span style=\"font-size:12.0pt;font-family:&quot;Arial&quot;,&quot;sans-serif&quot;;\nmso-fareast-font-family:&quot;Times New Roman&quot;;mso-fareast-language:ES-VE\">Como instituciones aut\u00f3nomas e independientes, con mandatos constitucionales y legales, este acuerdo de colaboraci\u00f3n se inscribe tambi\u00e9n en los convenios de amistad entre las naciones, y forma parte de un \u201cAcuerdo Marco de Cooperaci\u00f3n\u201d suscrito entre la Rep\u00fablica Bolivariana de Venezuela y la Rep\u00fablica de T\u00fcrkiye\u201d, el pasado 23 de octubre de 2009, que fortalece las relaciones fraternales entre ambas Rep\u00fablicas.<\/span><\/p><\/p>\n\n\n\n<p><p class=\"MsoNormal\" style=\"margin-bottom:0cm;margin-bottom:.0001pt;text-align:\njustify;line-height:normal\"><span style=\"font-size:12.0pt;font-family:&quot;Arial&quot;,&quot;sans-serif&quot;;\nmso-fareast-font-family:&quot;Times New Roman&quot;;mso-fareast-language:ES-VE\">En este memorando de entendimiento se busca ampliar y fortalecer las relaciones de amistad y cooperaci\u00f3n entre las dos instituciones cuya vocaci\u00f3n es la protecci\u00f3n de los derechos humanos de todos los ciudadanos y las ciudadanas; la promoci\u00f3n del di\u00e1logo como mecanismo de resoluci\u00f3n de conflictos; as\u00ed como el fortalecimiento de nuestros sistemas democr\u00e1ticos y participativos.Alianza que a su vez, busca conciliar mecanismos institucionales de protecci\u00f3n de los derechos humanos entre ambas naciones para el intercambio de buenas pr\u00e1cticas; adem\u00e1s de promover y conciliar programas educativos y de investigaci\u00f3n para la protecci\u00f3n efectiva de los derechos humanos. Para ello, se llevar\u00e1n a cabo actividades conjuntas de investigaci\u00f3n, conferencias, seminarios y cursos de formaci\u00f3n para mejorar los mecanismos de protecci\u00f3n de los DD.HH. <\/span><\/p><\/p>\n\n\n\n<p><\/p>\n\n\n\n<p><\/p>\n\n\n\n<p><p class=\"MsoNormal\" style=\"margin-bottom:0cm;margin-bottom:.0001pt;text-align:\njustify;line-height:normal\"><span style=\"font-size:12.0pt;font-family:&quot;Arial&quot;,&quot;sans-serif&quot;;\nmso-fareast-font-family:&quot;Times New Roman&quot;;mso-fareast-language:ES-VE\">La Defensor\u00eda del Pueblo de la Rep\u00fablica Bolivariana de Venezuela y la Defensor\u00eda del Pueblo de la Rep\u00fablica de T\u00fcrkiye coordinar\u00e1n la ejecuci\u00f3n de proyectos de capacitaci\u00f3n, en las siguientes \u00e1reas: derechos de la ni\u00f1ez y adolescencia, derechos de las mujeres, mecanismos alternativos de resoluci\u00f3n de conflictos, reconciliaci\u00f3n y procesos de compensaci\u00f3n, derecho a la igualdad y no discriminaci\u00f3n y derecho de acceso a los servicios p\u00fablicos.  Asimismo, ambas instituciones utilizar\u00e1n las herramientas y los recursos tecnol\u00f3gicos de comunicaci\u00f3n a su alcance para materializar el intercambio de conocimientos, experiencias, buenas pr\u00e1cticas o consultas que surjan en el marco de las relaciones institucionales establecidas.Igualmente, es una oportunidad para la profundizaci\u00f3n de la amistad, la confianza, y el entendimiento mutuo en el fortalecimiento de las relaciones diplom\u00e1ticas entre los pueblos de T\u00fcrkiye y Venezuela a favor de los derechos humanos; basada en el respeto, solidaridad, tolerancia, di\u00e1logo, cooperaci\u00f3n, corresponsabilidad, coexistencia y la convivencia pac\u00edfica, mutuamente beneficiosa en la esfera de la protecci\u00f3n de los derechos humanos.\u00a0 FIN \/ PRENSA Defensor\u00eda  <\/span><span style=\"font-family:&quot;Arial&quot;,&quot;sans-serif&quot;\">\u00a0<\/span><\/p><\/p>\n","protected":false},"excerpt":{"rendered":"<p>(27-Jul-24) El Defensor del Pueblo de Venezuela, Alfredo Ruiz Angulo, y su hom\u00f3logo de T\u00fcrkiye, \u015eeref Malko\u00e7, firmaron un memorando de entendimiento a los fines de fortalecer las alianzas de&hellip; <\/p>\n","protected":false},"author":3,"featured_media":6076,"comment_status":"closed","ping_status":"closed","sticky":false,"template":"","format":"standard","meta":{"footnotes":""},"categories":[3],"tags":[],"class_list":["post-6074","post","type-post","status-publish","format-standard","has-post-thumbnail","hentry","category-centrales"],"yoast_head":"<!-- This site is optimized with the Yoast SEO plugin v27.4 - https:\/\/yoast.com\/product\/yoast-seo-wordpress\/ -->\n<title>Defensores del Pueblo de Venezuela y T\u00fcrkiye firman memorando de entendimiento en materia de DD.HH. -<\/title>\n<meta name=\"robots\" content=\"index, follow, max-snippet:-1, max-image-preview:large, max-video-preview:-1\" \/>\n<link rel=\"canonical\" href=\"http:\/\/www.defensoria.gob.ve\/?p=6074\" \/>\n<meta property=\"og:locale\" content=\"es_ES\" \/>\n<meta property=\"og:type\" content=\"article\" \/>\n<meta property=\"og:title\" content=\"Defensores del Pueblo de Venezuela y T\u00fcrkiye firman memorando de entendimiento en materia de DD.HH. -\" \/>\n<meta property=\"og:description\" content=\"(27-Jul-24) El Defensor del Pueblo de Venezuela, Alfredo Ruiz Angulo, y su hom\u00f3logo de T\u00fcrkiye, \u015eeref Malko\u00e7, firmaron un memorando de entendimiento a los fines de fortalecer las alianzas de&hellip;\" \/>\n<meta property=\"og:url\" content=\"http:\/\/www.defensoria.gob.ve\/?p=6074\" \/>\n<meta property=\"article:published_time\" content=\"2024-07-27T18:20:58+00:00\" \/>\n<meta property=\"article:modified_time\" content=\"2024-07-27T18:20:59+00:00\" \/>\n<meta property=\"og:image\" content=\"http:\/\/www.defensoria.gob.ve\/wp-content\/uploads\/2024\/07\/FOTO-1.jpg\" \/>\n\t<meta property=\"og:image:width\" content=\"1280\" \/>\n\t<meta property=\"og:image:height\" content=\"853\" \/>\n\t<meta property=\"og:image:type\" content=\"image\/jpeg\" \/>\n<meta name=\"author\" content=\"Mirella Malpica\" \/>\n<meta name=\"twitter:card\" content=\"summary_large_image\" \/>\n<meta name=\"twitter:label1\" content=\"Escrito por\" \/>\n\t<meta name=\"twitter:data1\" content=\"Mirella Malpica\" \/>\n\t<meta name=\"twitter:label2\" content=\"Tiempo estimado de lectura\" \/>\n\t<meta name=\"twitter:data2\" content=\"3 minutos\" \/>\n<script type=\"application\/ld+json\" class=\"yoast-schema-graph\">{\"@context\":\"https:\\\/\\\/schema.org\",\"@graph\":[{\"@type\":\"Article\",\"@id\":\"http:\\\/\\\/www.defensoria.gob.ve\\\/?p=6074#article\",\"isPartOf\":{\"@id\":\"http:\\\/\\\/www.defensoria.gob.ve\\\/?p=6074\"},\"author\":{\"name\":\"Mirella Malpica\",\"@id\":\"http:\\\/\\\/www.defensoria.gob.ve\\\/#\\\/schema\\\/person\\\/fa223a8963849d8738378c5acc5bd98b\"},\"headline\":\"Defensores del Pueblo de Venezuela y T\u00fcrkiye firman memorando de entendimiento en materia de DD.HH.\",\"datePublished\":\"2024-07-27T18:20:58+00:00\",\"dateModified\":\"2024-07-27T18:20:59+00:00\",\"mainEntityOfPage\":{\"@id\":\"http:\\\/\\\/www.defensoria.gob.ve\\\/?p=6074\"},\"wordCount\":495,\"image\":{\"@id\":\"http:\\\/\\\/www.defensoria.gob.ve\\\/?p=6074#primaryimage\"},\"thumbnailUrl\":\"http:\\\/\\\/www.defensoria.gob.ve\\\/wp-content\\\/uploads\\\/2024\\\/07\\\/FOTO-1.jpg\",\"articleSection\":[\"CENTRALES\"],\"inLanguage\":\"es\"},{\"@type\":\"WebPage\",\"@id\":\"http:\\\/\\\/www.defensoria.gob.ve\\\/?p=6074\",\"url\":\"http:\\\/\\\/www.defensoria.gob.ve\\\/?p=6074\",\"name\":\"Defensores del Pueblo de Venezuela y T\u00fcrkiye firman memorando de entendimiento en materia de DD.HH. -\",\"isPartOf\":{\"@id\":\"http:\\\/\\\/www.defensoria.gob.ve\\\/#website\"},\"primaryImageOfPage\":{\"@id\":\"http:\\\/\\\/www.defensoria.gob.ve\\\/?p=6074#primaryimage\"},\"image\":{\"@id\":\"http:\\\/\\\/www.defensoria.gob.ve\\\/?p=6074#primaryimage\"},\"thumbnailUrl\":\"http:\\\/\\\/www.defensoria.gob.ve\\\/wp-content\\\/uploads\\\/2024\\\/07\\\/FOTO-1.jpg\",\"datePublished\":\"2024-07-27T18:20:58+00:00\",\"dateModified\":\"2024-07-27T18:20:59+00:00\",\"author\":{\"@id\":\"http:\\\/\\\/www.defensoria.gob.ve\\\/#\\\/schema\\\/person\\\/fa223a8963849d8738378c5acc5bd98b\"},\"breadcrumb\":{\"@id\":\"http:\\\/\\\/www.defensoria.gob.ve\\\/?p=6074#breadcrumb\"},\"inLanguage\":\"es\",\"potentialAction\":[{\"@type\":\"ReadAction\",\"target\":[\"http:\\\/\\\/www.defensoria.gob.ve\\\/?p=6074\"]}]},{\"@type\":\"ImageObject\",\"inLanguage\":\"es\",\"@id\":\"http:\\\/\\\/www.defensoria.gob.ve\\\/?p=6074#primaryimage\",\"url\":\"http:\\\/\\\/www.defensoria.gob.ve\\\/wp-content\\\/uploads\\\/2024\\\/07\\\/FOTO-1.jpg\",\"contentUrl\":\"http:\\\/\\\/www.defensoria.gob.ve\\\/wp-content\\\/uploads\\\/2024\\\/07\\\/FOTO-1.jpg\",\"width\":1280,\"height\":853},{\"@type\":\"BreadcrumbList\",\"@id\":\"http:\\\/\\\/www.defensoria.gob.ve\\\/?p=6074#breadcrumb\",\"itemListElement\":[{\"@type\":\"ListItem\",\"position\":1,\"name\":\"Portada\",\"item\":\"http:\\\/\\\/www.defensoria.gob.ve\\\/\"},{\"@type\":\"ListItem\",\"position\":2,\"name\":\"Defensores del Pueblo de Venezuela y T\u00fcrkiye firman memorando de entendimiento en materia de DD.HH.\"}]},{\"@type\":\"WebSite\",\"@id\":\"http:\\\/\\\/www.defensoria.gob.ve\\\/#website\",\"url\":\"http:\\\/\\\/www.defensoria.gob.ve\\\/\",\"name\":\"\",\"description\":\"Instituci\u00f3n del Poder Ciudadano para la Promoci\u00f3n, Defensa y Vigilancia de los Derechos Humanos. \",\"potentialAction\":[{\"@type\":\"SearchAction\",\"target\":{\"@type\":\"EntryPoint\",\"urlTemplate\":\"http:\\\/\\\/www.defensoria.gob.ve\\\/?s={search_term_string}\"},\"query-input\":{\"@type\":\"PropertyValueSpecification\",\"valueRequired\":true,\"valueName\":\"search_term_string\"}}],\"inLanguage\":\"es\"},{\"@type\":\"Person\",\"@id\":\"http:\\\/\\\/www.defensoria.gob.ve\\\/#\\\/schema\\\/person\\\/fa223a8963849d8738378c5acc5bd98b\",\"name\":\"Mirella Malpica\",\"image\":{\"@type\":\"ImageObject\",\"inLanguage\":\"es\",\"@id\":\"https:\\\/\\\/secure.gravatar.com\\\/avatar\\\/d9db8c79fa2f4f658da168f3fe659eb5a7fcf6bc9aaa72d892a39c9f17f917b5?s=96&d=mm&r=g\",\"url\":\"https:\\\/\\\/secure.gravatar.com\\\/avatar\\\/d9db8c79fa2f4f658da168f3fe659eb5a7fcf6bc9aaa72d892a39c9f17f917b5?s=96&d=mm&r=g\",\"contentUrl\":\"https:\\\/\\\/secure.gravatar.com\\\/avatar\\\/d9db8c79fa2f4f658da168f3fe659eb5a7fcf6bc9aaa72d892a39c9f17f917b5?s=96&d=mm&r=g\",\"caption\":\"Mirella Malpica\"},\"url\":\"http:\\\/\\\/www.defensoria.gob.ve\\\/?author=3\"}]}<\/script>\n<!-- \/ Yoast SEO plugin. -->","yoast_head_json":{"title":"Defensores del Pueblo de Venezuela y T\u00fcrkiye firman memorando de entendimiento en materia de DD.HH. -","robots":{"index":"index","follow":"follow","max-snippet":"max-snippet:-1","max-image-preview":"max-image-preview:large","max-video-preview":"max-video-preview:-1"},"canonical":"http:\/\/www.defensoria.gob.ve\/?p=6074","og_locale":"es_ES","og_type":"article","og_title":"Defensores del Pueblo de Venezuela y T\u00fcrkiye firman memorando de entendimiento en materia de DD.HH. -","og_description":"(27-Jul-24) El Defensor del Pueblo de Venezuela, Alfredo Ruiz Angulo, y su hom\u00f3logo de T\u00fcrkiye, \u015eeref Malko\u00e7, firmaron un memorando de entendimiento a los fines de fortalecer las alianzas de&hellip;","og_url":"http:\/\/www.defensoria.gob.ve\/?p=6074","article_published_time":"2024-07-27T18:20:58+00:00","article_modified_time":"2024-07-27T18:20:59+00:00","og_image":[{"width":1280,"height":853,"url":"http:\/\/www.defensoria.gob.ve\/wp-content\/uploads\/2024\/07\/FOTO-1.jpg","type":"image\/jpeg"}],"author":"Mirella Malpica","twitter_card":"summary_large_image","twitter_misc":{"Escrito por":"Mirella Malpica","Tiempo estimado de lectura":"3 minutos"},"schema":{"@context":"https:\/\/schema.org","@graph":[{"@type":"Article","@id":"http:\/\/www.defensoria.gob.ve\/?p=6074#article","isPartOf":{"@id":"http:\/\/www.defensoria.gob.ve\/?p=6074"},"author":{"name":"Mirella Malpica","@id":"http:\/\/www.defensoria.gob.ve\/#\/schema\/person\/fa223a8963849d8738378c5acc5bd98b"},"headline":"Defensores del Pueblo de Venezuela y T\u00fcrkiye firman memorando de entendimiento en materia de DD.HH.","datePublished":"2024-07-27T18:20:58+00:00","dateModified":"2024-07-27T18:20:59+00:00","mainEntityOfPage":{"@id":"http:\/\/www.defensoria.gob.ve\/?p=6074"},"wordCount":495,"image":{"@id":"http:\/\/www.defensoria.gob.ve\/?p=6074#primaryimage"},"thumbnailUrl":"http:\/\/www.defensoria.gob.ve\/wp-content\/uploads\/2024\/07\/FOTO-1.jpg","articleSection":["CENTRALES"],"inLanguage":"es"},{"@type":"WebPage","@id":"http:\/\/www.defensoria.gob.ve\/?p=6074","url":"http:\/\/www.defensoria.gob.ve\/?p=6074","name":"Defensores del Pueblo de Venezuela y T\u00fcrkiye firman memorando de entendimiento en materia de DD.HH. -","isPartOf":{"@id":"http:\/\/www.defensoria.gob.ve\/#website"},"primaryImageOfPage":{"@id":"http:\/\/www.defensoria.gob.ve\/?p=6074#primaryimage"},"image":{"@id":"http:\/\/www.defensoria.gob.ve\/?p=6074#primaryimage"},"thumbnailUrl":"http:\/\/www.defensoria.gob.ve\/wp-content\/uploads\/2024\/07\/FOTO-1.jpg","datePublished":"2024-07-27T18:20:58+00:00","dateModified":"2024-07-27T18:20:59+00:00","author":{"@id":"http:\/\/www.defensoria.gob.ve\/#\/schema\/person\/fa223a8963849d8738378c5acc5bd98b"},"breadcrumb":{"@id":"http:\/\/www.defensoria.gob.ve\/?p=6074#breadcrumb"},"inLanguage":"es","potentialAction":[{"@type":"ReadAction","target":["http:\/\/www.defensoria.gob.ve\/?p=6074"]}]},{"@type":"ImageObject","inLanguage":"es","@id":"http:\/\/www.defensoria.gob.ve\/?p=6074#primaryimage","url":"http:\/\/www.defensoria.gob.ve\/wp-content\/uploads\/2024\/07\/FOTO-1.jpg","contentUrl":"http:\/\/www.defensoria.gob.ve\/wp-content\/uploads\/2024\/07\/FOTO-1.jpg","width":1280,"height":853},{"@type":"BreadcrumbList","@id":"http:\/\/www.defensoria.gob.ve\/?p=6074#breadcrumb","itemListElement":[{"@type":"ListItem","position":1,"name":"Portada","item":"http:\/\/www.defensoria.gob.ve\/"},{"@type":"ListItem","position":2,"name":"Defensores del Pueblo de Venezuela y T\u00fcrkiye firman memorando de entendimiento en materia de DD.HH."}]},{"@type":"WebSite","@id":"http:\/\/www.defensoria.gob.ve\/#website","url":"http:\/\/www.defensoria.gob.ve\/","name":"","description":"Instituci\u00f3n del Poder Ciudadano para la Promoci\u00f3n, Defensa y Vigilancia de los Derechos Humanos. ","potentialAction":[{"@type":"SearchAction","target":{"@type":"EntryPoint","urlTemplate":"http:\/\/www.defensoria.gob.ve\/?s={search_term_string}"},"query-input":{"@type":"PropertyValueSpecification","valueRequired":true,"valueName":"search_term_string"}}],"inLanguage":"es"},{"@type":"Person","@id":"http:\/\/www.defensoria.gob.ve\/#\/schema\/person\/fa223a8963849d8738378c5acc5bd98b","name":"Mirella Malpica","image":{"@type":"ImageObject","inLanguage":"es","@id":"https:\/\/secure.gravatar.com\/avatar\/d9db8c79fa2f4f658da168f3fe659eb5a7fcf6bc9aaa72d892a39c9f17f917b5?s=96&d=mm&r=g","url":"https:\/\/secure.gravatar.com\/avatar\/d9db8c79fa2f4f658da168f3fe659eb5a7fcf6bc9aaa72d892a39c9f17f917b5?s=96&d=mm&r=g","contentUrl":"https:\/\/secure.gravatar.com\/avatar\/d9db8c79fa2f4f658da168f3fe659eb5a7fcf6bc9aaa72d892a39c9f17f917b5?s=96&d=mm&r=g","caption":"Mirella Malpica"},"url":"http:\/\/www.defensoria.gob.ve\/?author=3"}]}},"_links":{"self":[{"href":"http:\/\/www.defensoria.gob.ve\/index.php?rest_route=\/wp\/v2\/posts\/6074","targetHints":{"allow":["GET"]}}],"collection":[{"href":"http:\/\/www.defensoria.gob.ve\/index.php?rest_route=\/wp\/v2\/posts"}],"about":[{"href":"http:\/\/www.defensoria.gob.ve\/index.php?rest_route=\/wp\/v2\/types\/post"}],"author":[{"embeddable":true,"href":"http:\/\/www.defensoria.gob.ve\/index.php?rest_route=\/wp\/v2\/users\/3"}],"replies":[{"embeddable":true,"href":"http:\/\/www.defensoria.gob.ve\/index.php?rest_route=%2Fwp%2Fv2%2Fcomments&post=6074"}],"version-history":[{"count":2,"href":"http:\/\/www.defensoria.gob.ve\/index.php?rest_route=\/wp\/v2\/posts\/6074\/revisions"}],"predecessor-version":[{"id":6077,"href":"http:\/\/www.defensoria.gob.ve\/index.php?rest_route=\/wp\/v2\/posts\/6074\/revisions\/6077"}],"wp:featuredmedia":[{"embeddable":true,"href":"http:\/\/www.defensoria.gob.ve\/index.php?rest_route=\/wp\/v2\/media\/6076"}],"wp:attachment":[{"href":"http:\/\/www.defensoria.gob.ve\/index.php?rest_route=%2Fwp%2Fv2%2Fmedia&parent=6074"}],"wp:term":[{"taxonomy":"category","embeddable":true,"href":"http:\/\/www.defensoria.gob.ve\/index.php?rest_route=%2Fwp%2Fv2%2Fcategories&post=6074"},{"taxonomy":"post_tag","embeddable":true,"href":"http:\/\/www.defensoria.gob.ve\/index.php?rest_route=%2Fwp%2Fv2%2Ftags&post=6074"}],"curies":[{"name":"wp","href":"https:\/\/api.w.org\/{rel}","templated":true}]}}