 
{"id":6458,"date":"2024-08-22T16:51:22","date_gmt":"2024-08-22T20:51:22","guid":{"rendered":"http:\/\/www.defensoria.gob.ve\/?p=6458"},"modified":"2024-08-22T16:51:45","modified_gmt":"2024-08-22T20:51:45","slug":"delegada-del-area-metropolitana-de-caracas-sostuvo-reunion-el-comite-de-la-cruz-roja-internacional-en-venezuela","status":"publish","type":"post","link":"http:\/\/www.defensoria.gob.ve\/?p=6458","title":{"rendered":"Delegada del \u00c1rea Metropolitana de Caracas sostuvo reuni\u00f3n el Comit\u00e9 de la Cruz Roja Internacional en Venezuela"},"content":{"rendered":"\t\t<div data-elementor-type=\"wp-post\" data-elementor-id=\"6458\" class=\"elementor elementor-6458\">\n\t\t\t\t\t\t<section class=\"elementor-section elementor-top-section elementor-element elementor-element-7ed990df elementor-section-boxed elementor-section-height-default elementor-section-height-default\" data-id=\"7ed990df\" data-element_type=\"section\" data-e-type=\"section\">\n\t\t\t\t\t\t<div class=\"elementor-container elementor-column-gap-default\">\n\t\t\t\t\t<div class=\"elementor-column elementor-col-100 elementor-top-column elementor-element elementor-element-335c3bc9\" data-id=\"335c3bc9\" data-element_type=\"column\" data-e-type=\"column\">\n\t\t\t<div class=\"elementor-widget-wrap elementor-element-populated\">\n\t\t\t\t\t\t<div class=\"elementor-element elementor-element-2bd9ebed elementor-widget elementor-widget-text-editor\" data-id=\"2bd9ebed\" data-element_type=\"widget\" data-e-type=\"widget\" data-widget_type=\"text-editor.default\">\n\t\t\t\t<div class=\"elementor-widget-container\">\n\t\t\t\t\t\t\t\t\t\n<p>(AMC\/22-Agos-24) Defensora delegada del \u00c1rea Metropolitana de Caracas Abg. Pasqualina De Vecchio sostuvo una reuni\u00f3n interinstitucional con representantes del Comit\u00e9 Internacional de la Cruz Roja en Venezuela con el objetivo de coordinar actividades inherentes a los derechos humanos con fin humanitario.   <\/p>\n\n\n<div class=\"wp-block-image\">\n<figure class=\"aligncenter size-full\"><img fetchpriority=\"high\" decoding=\"async\" width=\"773\" height=\"591\" src=\"http:\/\/www.defensoria.gob.ve\/wp-content\/uploads\/2024\/08\/DTTO.png\" alt=\"\" class=\"wp-image-6459\" srcset=\"http:\/\/www.defensoria.gob.ve\/wp-content\/uploads\/2024\/08\/DTTO.png 773w, http:\/\/www.defensoria.gob.ve\/wp-content\/uploads\/2024\/08\/DTTO-300x229.png 300w, http:\/\/www.defensoria.gob.ve\/wp-content\/uploads\/2024\/08\/DTTO-768x587.png 768w\" sizes=\"(max-width: 773px) 100vw, 773px\" \/><\/figure><\/div>\n\n\n<p>Con el prop\u00f3sito de ayudar y fortalecer la capacidad de prestar servicios a los estados del pa\u00eds, abarcando medidas concretas y necesarias para la implementaci\u00f3n de los Convenios de Ginebra y sus Protocolos adicionales, en Derechos Humanos.   <\/p>\n\n\n\n<p><strong>Diplomados en materia de DDHH<\/strong><\/p>\n\n\n\n<p>En aras de continuar fortaleciendo los conocimientos en materia de derechos humanos, la Defensor\u00eda delegada del \u00c1rea Metropolitana de Caracas imparte los diplomados: Lengua de Se\u00f1as Venezolanas y Resoluci\u00f3n de Conflictos dirigido a los servidores y servidoras p\u00fablicas de las diferentes instituciones del Estado, dichas clases acad\u00e9micas son desarrolladas en su modalidad presencial. <\/p>\n\n\n\n<p>En ese sentido, esta formaci\u00f3n sirve para nutrir y fortalecer los conocimientos y avances en materia de derechos humanos a los fines de proteger a la ciudadan\u00eda.  <strong>FIN\/PRENSA Defensor\u00eda<\/strong><\/p>\n\t\t\t\t\t\t\t\t<\/div>\n\t\t\t\t<\/div>\n\t\t\t\t\t<\/div>\n\t\t<\/div>\n\t\t\t\t\t<\/div>\n\t\t<\/section>\n\t\t\t\t<\/div>\n\t\t","protected":false},"excerpt":{"rendered":"<p>(AMC\/22-Agos-24) Defensora delegada del \u00c1rea Metropolitana de Caracas Abg. Pasqualina De Vecchio sostuvo una reuni\u00f3n interinstitucional con representantes del Comit\u00e9 Internacional de la Cruz Roja en Venezuela con el objetivo&hellip; <\/p>\n","protected":false},"author":5,"featured_media":6460,"comment_status":"closed","ping_status":"closed","sticky":false,"template":"","format":"standard","meta":{"footnotes":""},"categories":[5],"tags":[],"class_list":["post-6458","post","type-post","status-publish","format-standard","has-post-thumbnail","hentry","category-regionales"],"yoast_head":"<!-- This site is optimized with the Yoast SEO plugin v27.4 - https:\/\/yoast.com\/product\/yoast-seo-wordpress\/ -->\n<title>Delegada del \u00c1rea Metropolitana de Caracas sostuvo reuni\u00f3n el Comit\u00e9 de la Cruz Roja Internacional en Venezuela -<\/title>\n<meta name=\"robots\" content=\"index, follow, max-snippet:-1, max-image-preview:large, max-video-preview:-1\" \/>\n<link rel=\"canonical\" href=\"http:\/\/www.defensoria.gob.ve\/?p=6458\" \/>\n<meta property=\"og:locale\" content=\"es_ES\" \/>\n<meta property=\"og:type\" content=\"article\" \/>\n<meta property=\"og:title\" content=\"Delegada del \u00c1rea Metropolitana de Caracas sostuvo reuni\u00f3n el Comit\u00e9 de la Cruz Roja Internacional en Venezuela -\" \/>\n<meta property=\"og:description\" content=\"(AMC\/22-Agos-24) Defensora delegada del \u00c1rea Metropolitana de Caracas Abg. Pasqualina De Vecchio sostuvo una reuni\u00f3n interinstitucional con representantes del Comit\u00e9 Internacional de la Cruz Roja en Venezuela con el objetivo&hellip;\" \/>\n<meta property=\"og:url\" content=\"http:\/\/www.defensoria.gob.ve\/?p=6458\" \/>\n<meta property=\"article:published_time\" content=\"2024-08-22T20:51:22+00:00\" \/>\n<meta property=\"article:modified_time\" content=\"2024-08-22T20:51:45+00:00\" \/>\n<meta property=\"og:image\" content=\"http:\/\/www.defensoria.gob.ve\/wp-content\/uploads\/2024\/08\/DTTO-1.png\" \/>\n\t<meta property=\"og:image:width\" content=\"810\" \/>\n\t<meta property=\"og:image:height\" content=\"579\" \/>\n\t<meta property=\"og:image:type\" content=\"image\/png\" \/>\n<meta name=\"author\" content=\"JC.\" \/>\n<meta name=\"twitter:card\" content=\"summary_large_image\" \/>\n<meta name=\"twitter:label1\" content=\"Escrito por\" \/>\n\t<meta name=\"twitter:data1\" content=\"JC.\" \/>\n\t<meta name=\"twitter:label2\" content=\"Tiempo estimado de lectura\" \/>\n\t<meta name=\"twitter:data2\" content=\"1 minuto\" \/>\n<script type=\"application\/ld+json\" class=\"yoast-schema-graph\">{\"@context\":\"https:\\\/\\\/schema.org\",\"@graph\":[{\"@type\":\"Article\",\"@id\":\"http:\\\/\\\/www.defensoria.gob.ve\\\/?p=6458#article\",\"isPartOf\":{\"@id\":\"http:\\\/\\\/www.defensoria.gob.ve\\\/?p=6458\"},\"author\":{\"name\":\"JC.\",\"@id\":\"http:\\\/\\\/www.defensoria.gob.ve\\\/#\\\/schema\\\/person\\\/fba14293189d7b1933ac7fba9d89e24a\"},\"headline\":\"Delegada del \u00c1rea Metropolitana de Caracas sostuvo reuni\u00f3n el Comit\u00e9 de la Cruz Roja Internacional en Venezuela\",\"datePublished\":\"2024-08-22T20:51:22+00:00\",\"dateModified\":\"2024-08-22T20:51:45+00:00\",\"mainEntityOfPage\":{\"@id\":\"http:\\\/\\\/www.defensoria.gob.ve\\\/?p=6458\"},\"wordCount\":197,\"image\":{\"@id\":\"http:\\\/\\\/www.defensoria.gob.ve\\\/?p=6458#primaryimage\"},\"thumbnailUrl\":\"http:\\\/\\\/www.defensoria.gob.ve\\\/wp-content\\\/uploads\\\/2024\\\/08\\\/DTTO-1.png\",\"articleSection\":[\"REGIONALES\"],\"inLanguage\":\"es\"},{\"@type\":\"WebPage\",\"@id\":\"http:\\\/\\\/www.defensoria.gob.ve\\\/?p=6458\",\"url\":\"http:\\\/\\\/www.defensoria.gob.ve\\\/?p=6458\",\"name\":\"Delegada del \u00c1rea Metropolitana de Caracas sostuvo reuni\u00f3n el Comit\u00e9 de la Cruz Roja Internacional en Venezuela -\",\"isPartOf\":{\"@id\":\"http:\\\/\\\/www.defensoria.gob.ve\\\/#website\"},\"primaryImageOfPage\":{\"@id\":\"http:\\\/\\\/www.defensoria.gob.ve\\\/?p=6458#primaryimage\"},\"image\":{\"@id\":\"http:\\\/\\\/www.defensoria.gob.ve\\\/?p=6458#primaryimage\"},\"thumbnailUrl\":\"http:\\\/\\\/www.defensoria.gob.ve\\\/wp-content\\\/uploads\\\/2024\\\/08\\\/DTTO-1.png\",\"datePublished\":\"2024-08-22T20:51:22+00:00\",\"dateModified\":\"2024-08-22T20:51:45+00:00\",\"author\":{\"@id\":\"http:\\\/\\\/www.defensoria.gob.ve\\\/#\\\/schema\\\/person\\\/fba14293189d7b1933ac7fba9d89e24a\"},\"breadcrumb\":{\"@id\":\"http:\\\/\\\/www.defensoria.gob.ve\\\/?p=6458#breadcrumb\"},\"inLanguage\":\"es\",\"potentialAction\":[{\"@type\":\"ReadAction\",\"target\":[\"http:\\\/\\\/www.defensoria.gob.ve\\\/?p=6458\"]}]},{\"@type\":\"ImageObject\",\"inLanguage\":\"es\",\"@id\":\"http:\\\/\\\/www.defensoria.gob.ve\\\/?p=6458#primaryimage\",\"url\":\"http:\\\/\\\/www.defensoria.gob.ve\\\/wp-content\\\/uploads\\\/2024\\\/08\\\/DTTO-1.png\",\"contentUrl\":\"http:\\\/\\\/www.defensoria.gob.ve\\\/wp-content\\\/uploads\\\/2024\\\/08\\\/DTTO-1.png\",\"width\":810,\"height\":579},{\"@type\":\"BreadcrumbList\",\"@id\":\"http:\\\/\\\/www.defensoria.gob.ve\\\/?p=6458#breadcrumb\",\"itemListElement\":[{\"@type\":\"ListItem\",\"position\":1,\"name\":\"Portada\",\"item\":\"http:\\\/\\\/www.defensoria.gob.ve\\\/\"},{\"@type\":\"ListItem\",\"position\":2,\"name\":\"Delegada del \u00c1rea Metropolitana de Caracas sostuvo reuni\u00f3n el Comit\u00e9 de la Cruz Roja Internacional en Venezuela\"}]},{\"@type\":\"WebSite\",\"@id\":\"http:\\\/\\\/www.defensoria.gob.ve\\\/#website\",\"url\":\"http:\\\/\\\/www.defensoria.gob.ve\\\/\",\"name\":\"\",\"description\":\"Instituci\u00f3n del Poder Ciudadano para la Promoci\u00f3n, Defensa y Vigilancia de los Derechos Humanos. \",\"potentialAction\":[{\"@type\":\"SearchAction\",\"target\":{\"@type\":\"EntryPoint\",\"urlTemplate\":\"http:\\\/\\\/www.defensoria.gob.ve\\\/?s={search_term_string}\"},\"query-input\":{\"@type\":\"PropertyValueSpecification\",\"valueRequired\":true,\"valueName\":\"search_term_string\"}}],\"inLanguage\":\"es\"},{\"@type\":\"Person\",\"@id\":\"http:\\\/\\\/www.defensoria.gob.ve\\\/#\\\/schema\\\/person\\\/fba14293189d7b1933ac7fba9d89e24a\",\"name\":\"JC.\",\"image\":{\"@type\":\"ImageObject\",\"inLanguage\":\"es\",\"@id\":\"https:\\\/\\\/secure.gravatar.com\\\/avatar\\\/f398a4de948606b38f0299d90ca738c674b648694bc725ed46503c240269dbf8?s=96&d=mm&r=g\",\"url\":\"https:\\\/\\\/secure.gravatar.com\\\/avatar\\\/f398a4de948606b38f0299d90ca738c674b648694bc725ed46503c240269dbf8?s=96&d=mm&r=g\",\"contentUrl\":\"https:\\\/\\\/secure.gravatar.com\\\/avatar\\\/f398a4de948606b38f0299d90ca738c674b648694bc725ed46503c240269dbf8?s=96&d=mm&r=g\",\"caption\":\"JC.\"},\"url\":\"http:\\\/\\\/www.defensoria.gob.ve\\\/?author=5\"}]}<\/script>\n<!-- \/ Yoast SEO plugin. -->","yoast_head_json":{"title":"Delegada del \u00c1rea Metropolitana de Caracas sostuvo reuni\u00f3n el Comit\u00e9 de la Cruz Roja Internacional en Venezuela -","robots":{"index":"index","follow":"follow","max-snippet":"max-snippet:-1","max-image-preview":"max-image-preview:large","max-video-preview":"max-video-preview:-1"},"canonical":"http:\/\/www.defensoria.gob.ve\/?p=6458","og_locale":"es_ES","og_type":"article","og_title":"Delegada del \u00c1rea Metropolitana de Caracas sostuvo reuni\u00f3n el Comit\u00e9 de la Cruz Roja Internacional en Venezuela -","og_description":"(AMC\/22-Agos-24) Defensora delegada del \u00c1rea Metropolitana de Caracas Abg. Pasqualina De Vecchio sostuvo una reuni\u00f3n interinstitucional con representantes del Comit\u00e9 Internacional de la Cruz Roja en Venezuela con el objetivo&hellip;","og_url":"http:\/\/www.defensoria.gob.ve\/?p=6458","article_published_time":"2024-08-22T20:51:22+00:00","article_modified_time":"2024-08-22T20:51:45+00:00","og_image":[{"width":810,"height":579,"url":"http:\/\/www.defensoria.gob.ve\/wp-content\/uploads\/2024\/08\/DTTO-1.png","type":"image\/png"}],"author":"JC.","twitter_card":"summary_large_image","twitter_misc":{"Escrito por":"JC.","Tiempo estimado de lectura":"1 minuto"},"schema":{"@context":"https:\/\/schema.org","@graph":[{"@type":"Article","@id":"http:\/\/www.defensoria.gob.ve\/?p=6458#article","isPartOf":{"@id":"http:\/\/www.defensoria.gob.ve\/?p=6458"},"author":{"name":"JC.","@id":"http:\/\/www.defensoria.gob.ve\/#\/schema\/person\/fba14293189d7b1933ac7fba9d89e24a"},"headline":"Delegada del \u00c1rea Metropolitana de Caracas sostuvo reuni\u00f3n el Comit\u00e9 de la Cruz Roja Internacional en Venezuela","datePublished":"2024-08-22T20:51:22+00:00","dateModified":"2024-08-22T20:51:45+00:00","mainEntityOfPage":{"@id":"http:\/\/www.defensoria.gob.ve\/?p=6458"},"wordCount":197,"image":{"@id":"http:\/\/www.defensoria.gob.ve\/?p=6458#primaryimage"},"thumbnailUrl":"http:\/\/www.defensoria.gob.ve\/wp-content\/uploads\/2024\/08\/DTTO-1.png","articleSection":["REGIONALES"],"inLanguage":"es"},{"@type":"WebPage","@id":"http:\/\/www.defensoria.gob.ve\/?p=6458","url":"http:\/\/www.defensoria.gob.ve\/?p=6458","name":"Delegada del \u00c1rea Metropolitana de Caracas sostuvo reuni\u00f3n el Comit\u00e9 de la Cruz Roja Internacional en Venezuela -","isPartOf":{"@id":"http:\/\/www.defensoria.gob.ve\/#website"},"primaryImageOfPage":{"@id":"http:\/\/www.defensoria.gob.ve\/?p=6458#primaryimage"},"image":{"@id":"http:\/\/www.defensoria.gob.ve\/?p=6458#primaryimage"},"thumbnailUrl":"http:\/\/www.defensoria.gob.ve\/wp-content\/uploads\/2024\/08\/DTTO-1.png","datePublished":"2024-08-22T20:51:22+00:00","dateModified":"2024-08-22T20:51:45+00:00","author":{"@id":"http:\/\/www.defensoria.gob.ve\/#\/schema\/person\/fba14293189d7b1933ac7fba9d89e24a"},"breadcrumb":{"@id":"http:\/\/www.defensoria.gob.ve\/?p=6458#breadcrumb"},"inLanguage":"es","potentialAction":[{"@type":"ReadAction","target":["http:\/\/www.defensoria.gob.ve\/?p=6458"]}]},{"@type":"ImageObject","inLanguage":"es","@id":"http:\/\/www.defensoria.gob.ve\/?p=6458#primaryimage","url":"http:\/\/www.defensoria.gob.ve\/wp-content\/uploads\/2024\/08\/DTTO-1.png","contentUrl":"http:\/\/www.defensoria.gob.ve\/wp-content\/uploads\/2024\/08\/DTTO-1.png","width":810,"height":579},{"@type":"BreadcrumbList","@id":"http:\/\/www.defensoria.gob.ve\/?p=6458#breadcrumb","itemListElement":[{"@type":"ListItem","position":1,"name":"Portada","item":"http:\/\/www.defensoria.gob.ve\/"},{"@type":"ListItem","position":2,"name":"Delegada del \u00c1rea Metropolitana de Caracas sostuvo reuni\u00f3n el Comit\u00e9 de la Cruz Roja Internacional en Venezuela"}]},{"@type":"WebSite","@id":"http:\/\/www.defensoria.gob.ve\/#website","url":"http:\/\/www.defensoria.gob.ve\/","name":"","description":"Instituci\u00f3n del Poder Ciudadano para la Promoci\u00f3n, Defensa y Vigilancia de los Derechos Humanos. ","potentialAction":[{"@type":"SearchAction","target":{"@type":"EntryPoint","urlTemplate":"http:\/\/www.defensoria.gob.ve\/?s={search_term_string}"},"query-input":{"@type":"PropertyValueSpecification","valueRequired":true,"valueName":"search_term_string"}}],"inLanguage":"es"},{"@type":"Person","@id":"http:\/\/www.defensoria.gob.ve\/#\/schema\/person\/fba14293189d7b1933ac7fba9d89e24a","name":"JC.","image":{"@type":"ImageObject","inLanguage":"es","@id":"https:\/\/secure.gravatar.com\/avatar\/f398a4de948606b38f0299d90ca738c674b648694bc725ed46503c240269dbf8?s=96&d=mm&r=g","url":"https:\/\/secure.gravatar.com\/avatar\/f398a4de948606b38f0299d90ca738c674b648694bc725ed46503c240269dbf8?s=96&d=mm&r=g","contentUrl":"https:\/\/secure.gravatar.com\/avatar\/f398a4de948606b38f0299d90ca738c674b648694bc725ed46503c240269dbf8?s=96&d=mm&r=g","caption":"JC."},"url":"http:\/\/www.defensoria.gob.ve\/?author=5"}]}},"_links":{"self":[{"href":"http:\/\/www.defensoria.gob.ve\/index.php?rest_route=\/wp\/v2\/posts\/6458","targetHints":{"allow":["GET"]}}],"collection":[{"href":"http:\/\/www.defensoria.gob.ve\/index.php?rest_route=\/wp\/v2\/posts"}],"about":[{"href":"http:\/\/www.defensoria.gob.ve\/index.php?rest_route=\/wp\/v2\/types\/post"}],"author":[{"embeddable":true,"href":"http:\/\/www.defensoria.gob.ve\/index.php?rest_route=\/wp\/v2\/users\/5"}],"replies":[{"embeddable":true,"href":"http:\/\/www.defensoria.gob.ve\/index.php?rest_route=%2Fwp%2Fv2%2Fcomments&post=6458"}],"version-history":[{"count":4,"href":"http:\/\/www.defensoria.gob.ve\/index.php?rest_route=\/wp\/v2\/posts\/6458\/revisions"}],"predecessor-version":[{"id":6464,"href":"http:\/\/www.defensoria.gob.ve\/index.php?rest_route=\/wp\/v2\/posts\/6458\/revisions\/6464"}],"wp:featuredmedia":[{"embeddable":true,"href":"http:\/\/www.defensoria.gob.ve\/index.php?rest_route=\/wp\/v2\/media\/6460"}],"wp:attachment":[{"href":"http:\/\/www.defensoria.gob.ve\/index.php?rest_route=%2Fwp%2Fv2%2Fmedia&parent=6458"}],"wp:term":[{"taxonomy":"category","embeddable":true,"href":"http:\/\/www.defensoria.gob.ve\/index.php?rest_route=%2Fwp%2Fv2%2Fcategories&post=6458"},{"taxonomy":"post_tag","embeddable":true,"href":"http:\/\/www.defensoria.gob.ve\/index.php?rest_route=%2Fwp%2Fv2%2Ftags&post=6458"}],"curies":[{"name":"wp","href":"https:\/\/api.w.org\/{rel}","templated":true}]}}