 
{"id":6595,"date":"2024-08-27T14:26:30","date_gmt":"2024-08-27T18:26:30","guid":{"rendered":"http:\/\/www.defensoria.gob.ve\/?p=6595"},"modified":"2024-08-27T14:27:20","modified_gmt":"2024-08-27T18:27:20","slug":"defensoria-delegada-la-guaira-participo-en-asamblea-de-trabajadores-y-trabajadoras-del-club-oricao","status":"publish","type":"post","link":"http:\/\/www.defensoria.gob.ve\/?p=6595","title":{"rendered":"Defensor\u00eda delegada La Guaira particip\u00f3 en asamblea de trabajadores y trabajadoras del Club Oricao"},"content":{"rendered":"\t\t<div data-elementor-type=\"wp-post\" data-elementor-id=\"6595\" class=\"elementor elementor-6595\">\n\t\t\t\t\t\t<section class=\"elementor-section elementor-top-section elementor-element elementor-element-1f736dfe elementor-section-boxed elementor-section-height-default elementor-section-height-default\" data-id=\"1f736dfe\" data-element_type=\"section\" data-e-type=\"section\">\n\t\t\t\t\t\t<div class=\"elementor-container elementor-column-gap-default\">\n\t\t\t\t\t<div class=\"elementor-column elementor-col-100 elementor-top-column elementor-element elementor-element-1883908e\" data-id=\"1883908e\" data-element_type=\"column\" data-e-type=\"column\">\n\t\t\t<div class=\"elementor-widget-wrap elementor-element-populated\">\n\t\t\t\t\t\t<div class=\"elementor-element elementor-element-60a1ada2 elementor-widget elementor-widget-text-editor\" data-id=\"60a1ada2\" data-element_type=\"widget\" data-e-type=\"widget\" data-widget_type=\"text-editor.default\">\n\t\t\t\t<div class=\"elementor-widget-container\">\n\t\t\t\t\t\t\t\t\t\n<p><strong>(La Guaira\/27-Agos-24) <\/strong>Como parte de su labor de defensa y vigilancia de los derechos humanos en materia laboral, la Defensor\u00eda Delegada del estado La Guaira particip\u00f3 en una asamblea general de trabajadores y trabajadoras del Club Oricao, ubicado en la parroquia Carayaca de la entidad.<\/p>\n\n\n\n<p>En esta asamblea participaron cerca de 50 personas y el mismo permiti\u00f3 tratar diversos temas relevantes tanto para la organizaci\u00f3n, como para la fuerza laboral.<\/p>\n\n\n\n<figure class=\"wp-block-image size-full\"><img fetchpriority=\"high\" decoding=\"async\" width=\"857\" height=\"565\" src=\"http:\/\/www.defensoria.gob.ve\/wp-content\/uploads\/2024\/08\/Vargas-1.png\" alt=\"\" class=\"wp-image-6596\" srcset=\"http:\/\/www.defensoria.gob.ve\/wp-content\/uploads\/2024\/08\/Vargas-1.png 857w, http:\/\/www.defensoria.gob.ve\/wp-content\/uploads\/2024\/08\/Vargas-1-300x198.png 300w, http:\/\/www.defensoria.gob.ve\/wp-content\/uploads\/2024\/08\/Vargas-1-768x506.png 768w\" sizes=\"(max-width: 857px) 100vw, 857px\" \/><\/figure>\n\n\n\n<p>La junta directiva del Club Oricao, representada por el presidente del club, inform\u00f3 a los presentes sobre la situaci\u00f3n de la empresa y prometi\u00f3 tomar las mejores decisiones para procurar el desarrollo necesario y garant\u00eda de sus derechos laborales.<\/p>\n\n\n\n<p>En este sentido, el ente defensorial dio sus recomendaciones a los fines de garantizar los derechos humanos de los trabajadores y trabajadores, que en su mayor\u00eda est\u00e1 conformado por adultos y adultas mayores. <strong>FIN \/ PRENSA Defensor\u00eda<\/strong><\/p>\n\n\n\n<p><\/p>\n\t\t\t\t\t\t\t\t<\/div>\n\t\t\t\t<\/div>\n\t\t\t\t\t<\/div>\n\t\t<\/div>\n\t\t\t\t\t<\/div>\n\t\t<\/section>\n\t\t\t\t<\/div>\n\t\t","protected":false},"excerpt":{"rendered":"<p>(La Guaira\/27-Agos-24) Como parte de su labor de defensa y vigilancia de los derechos humanos en materia laboral, la Defensor\u00eda Delegada del estado La Guaira particip\u00f3 en una asamblea general&hellip; <\/p>\n","protected":false},"author":5,"featured_media":6597,"comment_status":"closed","ping_status":"closed","sticky":false,"template":"","format":"standard","meta":{"footnotes":""},"categories":[5],"tags":[],"class_list":["post-6595","post","type-post","status-publish","format-standard","has-post-thumbnail","hentry","category-regionales"],"yoast_head":"<!-- This site is optimized with the Yoast SEO plugin v27.4 - https:\/\/yoast.com\/product\/yoast-seo-wordpress\/ -->\n<title>Defensor\u00eda delegada La Guaira particip\u00f3 en asamblea de trabajadores y trabajadoras del Club Oricao -<\/title>\n<meta name=\"robots\" content=\"index, follow, max-snippet:-1, max-image-preview:large, max-video-preview:-1\" \/>\n<link rel=\"canonical\" href=\"http:\/\/www.defensoria.gob.ve\/?p=6595\" \/>\n<meta property=\"og:locale\" content=\"es_ES\" \/>\n<meta property=\"og:type\" content=\"article\" \/>\n<meta property=\"og:title\" content=\"Defensor\u00eda delegada La Guaira particip\u00f3 en asamblea de trabajadores y trabajadoras del Club Oricao -\" \/>\n<meta property=\"og:description\" content=\"(La Guaira\/27-Agos-24) Como parte de su labor de defensa y vigilancia de los derechos humanos en materia laboral, la Defensor\u00eda Delegada del estado La Guaira particip\u00f3 en una asamblea general&hellip;\" \/>\n<meta property=\"og:url\" content=\"http:\/\/www.defensoria.gob.ve\/?p=6595\" \/>\n<meta property=\"article:published_time\" content=\"2024-08-27T18:26:30+00:00\" \/>\n<meta property=\"article:modified_time\" content=\"2024-08-27T18:27:20+00:00\" \/>\n<meta property=\"og:image\" content=\"http:\/\/www.defensoria.gob.ve\/wp-content\/uploads\/2024\/08\/Vargas.png\" \/>\n\t<meta property=\"og:image:width\" content=\"889\" \/>\n\t<meta property=\"og:image:height\" content=\"581\" \/>\n\t<meta property=\"og:image:type\" content=\"image\/png\" \/>\n<meta name=\"author\" content=\"JC.\" \/>\n<meta name=\"twitter:card\" content=\"summary_large_image\" \/>\n<meta name=\"twitter:label1\" content=\"Escrito por\" \/>\n\t<meta name=\"twitter:data1\" content=\"JC.\" \/>\n\t<meta name=\"twitter:label2\" content=\"Tiempo estimado de lectura\" \/>\n\t<meta name=\"twitter:data2\" content=\"1 minuto\" \/>\n<script type=\"application\/ld+json\" class=\"yoast-schema-graph\">{\"@context\":\"https:\\\/\\\/schema.org\",\"@graph\":[{\"@type\":\"Article\",\"@id\":\"http:\\\/\\\/www.defensoria.gob.ve\\\/?p=6595#article\",\"isPartOf\":{\"@id\":\"http:\\\/\\\/www.defensoria.gob.ve\\\/?p=6595\"},\"author\":{\"name\":\"JC.\",\"@id\":\"http:\\\/\\\/www.defensoria.gob.ve\\\/#\\\/schema\\\/person\\\/fba14293189d7b1933ac7fba9d89e24a\"},\"headline\":\"Defensor\u00eda delegada La Guaira particip\u00f3 en asamblea de trabajadores y trabajadoras del Club Oricao\",\"datePublished\":\"2024-08-27T18:26:30+00:00\",\"dateModified\":\"2024-08-27T18:27:20+00:00\",\"mainEntityOfPage\":{\"@id\":\"http:\\\/\\\/www.defensoria.gob.ve\\\/?p=6595\"},\"wordCount\":166,\"image\":{\"@id\":\"http:\\\/\\\/www.defensoria.gob.ve\\\/?p=6595#primaryimage\"},\"thumbnailUrl\":\"http:\\\/\\\/www.defensoria.gob.ve\\\/wp-content\\\/uploads\\\/2024\\\/08\\\/Vargas.png\",\"articleSection\":[\"REGIONALES\"],\"inLanguage\":\"es\"},{\"@type\":\"WebPage\",\"@id\":\"http:\\\/\\\/www.defensoria.gob.ve\\\/?p=6595\",\"url\":\"http:\\\/\\\/www.defensoria.gob.ve\\\/?p=6595\",\"name\":\"Defensor\u00eda delegada La Guaira particip\u00f3 en asamblea de trabajadores y trabajadoras del Club Oricao -\",\"isPartOf\":{\"@id\":\"http:\\\/\\\/www.defensoria.gob.ve\\\/#website\"},\"primaryImageOfPage\":{\"@id\":\"http:\\\/\\\/www.defensoria.gob.ve\\\/?p=6595#primaryimage\"},\"image\":{\"@id\":\"http:\\\/\\\/www.defensoria.gob.ve\\\/?p=6595#primaryimage\"},\"thumbnailUrl\":\"http:\\\/\\\/www.defensoria.gob.ve\\\/wp-content\\\/uploads\\\/2024\\\/08\\\/Vargas.png\",\"datePublished\":\"2024-08-27T18:26:30+00:00\",\"dateModified\":\"2024-08-27T18:27:20+00:00\",\"author\":{\"@id\":\"http:\\\/\\\/www.defensoria.gob.ve\\\/#\\\/schema\\\/person\\\/fba14293189d7b1933ac7fba9d89e24a\"},\"breadcrumb\":{\"@id\":\"http:\\\/\\\/www.defensoria.gob.ve\\\/?p=6595#breadcrumb\"},\"inLanguage\":\"es\",\"potentialAction\":[{\"@type\":\"ReadAction\",\"target\":[\"http:\\\/\\\/www.defensoria.gob.ve\\\/?p=6595\"]}]},{\"@type\":\"ImageObject\",\"inLanguage\":\"es\",\"@id\":\"http:\\\/\\\/www.defensoria.gob.ve\\\/?p=6595#primaryimage\",\"url\":\"http:\\\/\\\/www.defensoria.gob.ve\\\/wp-content\\\/uploads\\\/2024\\\/08\\\/Vargas.png\",\"contentUrl\":\"http:\\\/\\\/www.defensoria.gob.ve\\\/wp-content\\\/uploads\\\/2024\\\/08\\\/Vargas.png\",\"width\":889,\"height\":581},{\"@type\":\"BreadcrumbList\",\"@id\":\"http:\\\/\\\/www.defensoria.gob.ve\\\/?p=6595#breadcrumb\",\"itemListElement\":[{\"@type\":\"ListItem\",\"position\":1,\"name\":\"Portada\",\"item\":\"http:\\\/\\\/www.defensoria.gob.ve\\\/\"},{\"@type\":\"ListItem\",\"position\":2,\"name\":\"Defensor\u00eda delegada La Guaira particip\u00f3 en asamblea de trabajadores y trabajadoras del Club Oricao\"}]},{\"@type\":\"WebSite\",\"@id\":\"http:\\\/\\\/www.defensoria.gob.ve\\\/#website\",\"url\":\"http:\\\/\\\/www.defensoria.gob.ve\\\/\",\"name\":\"\",\"description\":\"Instituci\u00f3n del Poder Ciudadano para la Promoci\u00f3n, Defensa y Vigilancia de los Derechos Humanos. \",\"potentialAction\":[{\"@type\":\"SearchAction\",\"target\":{\"@type\":\"EntryPoint\",\"urlTemplate\":\"http:\\\/\\\/www.defensoria.gob.ve\\\/?s={search_term_string}\"},\"query-input\":{\"@type\":\"PropertyValueSpecification\",\"valueRequired\":true,\"valueName\":\"search_term_string\"}}],\"inLanguage\":\"es\"},{\"@type\":\"Person\",\"@id\":\"http:\\\/\\\/www.defensoria.gob.ve\\\/#\\\/schema\\\/person\\\/fba14293189d7b1933ac7fba9d89e24a\",\"name\":\"JC.\",\"image\":{\"@type\":\"ImageObject\",\"inLanguage\":\"es\",\"@id\":\"https:\\\/\\\/secure.gravatar.com\\\/avatar\\\/f398a4de948606b38f0299d90ca738c674b648694bc725ed46503c240269dbf8?s=96&d=mm&r=g\",\"url\":\"https:\\\/\\\/secure.gravatar.com\\\/avatar\\\/f398a4de948606b38f0299d90ca738c674b648694bc725ed46503c240269dbf8?s=96&d=mm&r=g\",\"contentUrl\":\"https:\\\/\\\/secure.gravatar.com\\\/avatar\\\/f398a4de948606b38f0299d90ca738c674b648694bc725ed46503c240269dbf8?s=96&d=mm&r=g\",\"caption\":\"JC.\"},\"url\":\"http:\\\/\\\/www.defensoria.gob.ve\\\/?author=5\"}]}<\/script>\n<!-- \/ Yoast SEO plugin. -->","yoast_head_json":{"title":"Defensor\u00eda delegada La Guaira particip\u00f3 en asamblea de trabajadores y trabajadoras del Club Oricao -","robots":{"index":"index","follow":"follow","max-snippet":"max-snippet:-1","max-image-preview":"max-image-preview:large","max-video-preview":"max-video-preview:-1"},"canonical":"http:\/\/www.defensoria.gob.ve\/?p=6595","og_locale":"es_ES","og_type":"article","og_title":"Defensor\u00eda delegada La Guaira particip\u00f3 en asamblea de trabajadores y trabajadoras del Club Oricao -","og_description":"(La Guaira\/27-Agos-24) Como parte de su labor de defensa y vigilancia de los derechos humanos en materia laboral, la Defensor\u00eda Delegada del estado La Guaira particip\u00f3 en una asamblea general&hellip;","og_url":"http:\/\/www.defensoria.gob.ve\/?p=6595","article_published_time":"2024-08-27T18:26:30+00:00","article_modified_time":"2024-08-27T18:27:20+00:00","og_image":[{"width":889,"height":581,"url":"http:\/\/www.defensoria.gob.ve\/wp-content\/uploads\/2024\/08\/Vargas.png","type":"image\/png"}],"author":"JC.","twitter_card":"summary_large_image","twitter_misc":{"Escrito por":"JC.","Tiempo estimado de lectura":"1 minuto"},"schema":{"@context":"https:\/\/schema.org","@graph":[{"@type":"Article","@id":"http:\/\/www.defensoria.gob.ve\/?p=6595#article","isPartOf":{"@id":"http:\/\/www.defensoria.gob.ve\/?p=6595"},"author":{"name":"JC.","@id":"http:\/\/www.defensoria.gob.ve\/#\/schema\/person\/fba14293189d7b1933ac7fba9d89e24a"},"headline":"Defensor\u00eda delegada La Guaira particip\u00f3 en asamblea de trabajadores y trabajadoras del Club Oricao","datePublished":"2024-08-27T18:26:30+00:00","dateModified":"2024-08-27T18:27:20+00:00","mainEntityOfPage":{"@id":"http:\/\/www.defensoria.gob.ve\/?p=6595"},"wordCount":166,"image":{"@id":"http:\/\/www.defensoria.gob.ve\/?p=6595#primaryimage"},"thumbnailUrl":"http:\/\/www.defensoria.gob.ve\/wp-content\/uploads\/2024\/08\/Vargas.png","articleSection":["REGIONALES"],"inLanguage":"es"},{"@type":"WebPage","@id":"http:\/\/www.defensoria.gob.ve\/?p=6595","url":"http:\/\/www.defensoria.gob.ve\/?p=6595","name":"Defensor\u00eda delegada La Guaira particip\u00f3 en asamblea de trabajadores y trabajadoras del Club Oricao -","isPartOf":{"@id":"http:\/\/www.defensoria.gob.ve\/#website"},"primaryImageOfPage":{"@id":"http:\/\/www.defensoria.gob.ve\/?p=6595#primaryimage"},"image":{"@id":"http:\/\/www.defensoria.gob.ve\/?p=6595#primaryimage"},"thumbnailUrl":"http:\/\/www.defensoria.gob.ve\/wp-content\/uploads\/2024\/08\/Vargas.png","datePublished":"2024-08-27T18:26:30+00:00","dateModified":"2024-08-27T18:27:20+00:00","author":{"@id":"http:\/\/www.defensoria.gob.ve\/#\/schema\/person\/fba14293189d7b1933ac7fba9d89e24a"},"breadcrumb":{"@id":"http:\/\/www.defensoria.gob.ve\/?p=6595#breadcrumb"},"inLanguage":"es","potentialAction":[{"@type":"ReadAction","target":["http:\/\/www.defensoria.gob.ve\/?p=6595"]}]},{"@type":"ImageObject","inLanguage":"es","@id":"http:\/\/www.defensoria.gob.ve\/?p=6595#primaryimage","url":"http:\/\/www.defensoria.gob.ve\/wp-content\/uploads\/2024\/08\/Vargas.png","contentUrl":"http:\/\/www.defensoria.gob.ve\/wp-content\/uploads\/2024\/08\/Vargas.png","width":889,"height":581},{"@type":"BreadcrumbList","@id":"http:\/\/www.defensoria.gob.ve\/?p=6595#breadcrumb","itemListElement":[{"@type":"ListItem","position":1,"name":"Portada","item":"http:\/\/www.defensoria.gob.ve\/"},{"@type":"ListItem","position":2,"name":"Defensor\u00eda delegada La Guaira particip\u00f3 en asamblea de trabajadores y trabajadoras del Club Oricao"}]},{"@type":"WebSite","@id":"http:\/\/www.defensoria.gob.ve\/#website","url":"http:\/\/www.defensoria.gob.ve\/","name":"","description":"Instituci\u00f3n del Poder Ciudadano para la Promoci\u00f3n, Defensa y Vigilancia de los Derechos Humanos. ","potentialAction":[{"@type":"SearchAction","target":{"@type":"EntryPoint","urlTemplate":"http:\/\/www.defensoria.gob.ve\/?s={search_term_string}"},"query-input":{"@type":"PropertyValueSpecification","valueRequired":true,"valueName":"search_term_string"}}],"inLanguage":"es"},{"@type":"Person","@id":"http:\/\/www.defensoria.gob.ve\/#\/schema\/person\/fba14293189d7b1933ac7fba9d89e24a","name":"JC.","image":{"@type":"ImageObject","inLanguage":"es","@id":"https:\/\/secure.gravatar.com\/avatar\/f398a4de948606b38f0299d90ca738c674b648694bc725ed46503c240269dbf8?s=96&d=mm&r=g","url":"https:\/\/secure.gravatar.com\/avatar\/f398a4de948606b38f0299d90ca738c674b648694bc725ed46503c240269dbf8?s=96&d=mm&r=g","contentUrl":"https:\/\/secure.gravatar.com\/avatar\/f398a4de948606b38f0299d90ca738c674b648694bc725ed46503c240269dbf8?s=96&d=mm&r=g","caption":"JC."},"url":"http:\/\/www.defensoria.gob.ve\/?author=5"}]}},"_links":{"self":[{"href":"http:\/\/www.defensoria.gob.ve\/index.php?rest_route=\/wp\/v2\/posts\/6595","targetHints":{"allow":["GET"]}}],"collection":[{"href":"http:\/\/www.defensoria.gob.ve\/index.php?rest_route=\/wp\/v2\/posts"}],"about":[{"href":"http:\/\/www.defensoria.gob.ve\/index.php?rest_route=\/wp\/v2\/types\/post"}],"author":[{"embeddable":true,"href":"http:\/\/www.defensoria.gob.ve\/index.php?rest_route=\/wp\/v2\/users\/5"}],"replies":[{"embeddable":true,"href":"http:\/\/www.defensoria.gob.ve\/index.php?rest_route=%2Fwp%2Fv2%2Fcomments&post=6595"}],"version-history":[{"count":4,"href":"http:\/\/www.defensoria.gob.ve\/index.php?rest_route=\/wp\/v2\/posts\/6595\/revisions"}],"predecessor-version":[{"id":6601,"href":"http:\/\/www.defensoria.gob.ve\/index.php?rest_route=\/wp\/v2\/posts\/6595\/revisions\/6601"}],"wp:featuredmedia":[{"embeddable":true,"href":"http:\/\/www.defensoria.gob.ve\/index.php?rest_route=\/wp\/v2\/media\/6597"}],"wp:attachment":[{"href":"http:\/\/www.defensoria.gob.ve\/index.php?rest_route=%2Fwp%2Fv2%2Fmedia&parent=6595"}],"wp:term":[{"taxonomy":"category","embeddable":true,"href":"http:\/\/www.defensoria.gob.ve\/index.php?rest_route=%2Fwp%2Fv2%2Fcategories&post=6595"},{"taxonomy":"post_tag","embeddable":true,"href":"http:\/\/www.defensoria.gob.ve\/index.php?rest_route=%2Fwp%2Fv2%2Ftags&post=6595"}],"curies":[{"name":"wp","href":"https:\/\/api.w.org\/{rel}","templated":true}]}}