 
{"id":6614,"date":"2024-08-27T16:38:56","date_gmt":"2024-08-27T20:38:56","guid":{"rendered":"http:\/\/www.defensoria.gob.ve\/?p=6614"},"modified":"2024-08-27T16:39:25","modified_gmt":"2024-08-27T20:39:25","slug":"delegada-de-miranda-realizo-acciones-en-materia-de-ninez-y-jornada-de-atencion-social","status":"publish","type":"post","link":"http:\/\/www.defensoria.gob.ve\/?p=6614","title":{"rendered":"Delegada de Miranda realiz\u00f3 acciones en materia de ni\u00f1ez y jornada de atenci\u00f3n social"},"content":{"rendered":"\t\t<div data-elementor-type=\"wp-post\" data-elementor-id=\"6614\" class=\"elementor elementor-6614\">\n\t\t\t\t\t\t<section class=\"elementor-section elementor-top-section elementor-element elementor-element-20024fb8 elementor-section-boxed elementor-section-height-default elementor-section-height-default\" data-id=\"20024fb8\" data-element_type=\"section\" data-e-type=\"section\">\n\t\t\t\t\t\t<div class=\"elementor-container elementor-column-gap-default\">\n\t\t\t\t\t<div class=\"elementor-column elementor-col-100 elementor-top-column elementor-element elementor-element-198a7107\" data-id=\"198a7107\" data-element_type=\"column\" data-e-type=\"column\">\n\t\t\t<div class=\"elementor-widget-wrap elementor-element-populated\">\n\t\t\t\t\t\t<div class=\"elementor-element elementor-element-5ee0f67e elementor-widget elementor-widget-text-editor\" data-id=\"5ee0f67e\" data-element_type=\"widget\" data-e-type=\"widget\" data-widget_type=\"text-editor.default\">\n\t\t\t\t<div class=\"elementor-widget-container\">\n\t\t\t\t\t\t\t\t\t\n<p><strong>(Miranda\/27-Agos-24)<\/strong>&nbsp;La Defensor\u00eda delegada del estado Miranda realiz\u00f3 varias acciones defensoriales, enmarcadas dentro de sus atribuciones constitucionales.<\/p>\n\n\n\n<p>Es as\u00ed como el pasado martes 20 de agosto se celebr\u00f3 el Encuentro del Estado Mayor de Protecci\u00f3n de Ni\u00f1os, Ni\u00f1as y Adolescentes, al que asisti\u00f3 el Defensor Delegado, Dr. Jos\u00e9 Guzm\u00e1n, junto a la Defensora I, Abog. Nohelia Castro, adscrita a la Subsede Charallave, en aras de emprender acciones que garanticen los Derechos de la infancia y la adolescencia del eje.<\/p>\n\n\n\n<figure class=\"wp-block-image size-full\"><img fetchpriority=\"high\" decoding=\"async\" width=\"855\" height=\"615\" src=\"http:\/\/www.defensoria.gob.ve\/wp-content\/uploads\/2024\/08\/KIKIKIKIKIKI.png\" alt=\"\" class=\"wp-image-6615\" srcset=\"http:\/\/www.defensoria.gob.ve\/wp-content\/uploads\/2024\/08\/KIKIKIKIKIKI.png 855w, http:\/\/www.defensoria.gob.ve\/wp-content\/uploads\/2024\/08\/KIKIKIKIKIKI-300x216.png 300w, http:\/\/www.defensoria.gob.ve\/wp-content\/uploads\/2024\/08\/KIKIKIKIKIKI-768x552.png 768w\" sizes=\"(max-width: 855px) 100vw, 855px\" \/><\/figure>\n\n\n\n<p>Entre los acuerdos suscritos por las y los presentes, destacan un pr\u00f3ximo encuentro con transportistas, realizar formaci\u00f3n conjunta a la Brigada Ferroviaria y organismos de seguridad ciudadana, crear por parte de la Defensor\u00eda del Pueblo un Protocolo de Actuaci\u00f3n para el abordaje de ni\u00f1os, ni\u00f1as y adolescentes que hacen uso del ferrocarril de los Valles del Tuy, sin el acompa\u00f1amiento de una persona adulta, entre otros.<\/p>\n\n\n\n<p><strong>Jornada de atenci\u00f3n social<\/strong><\/p>\n\n\n\n<p>Asimismo, Jos\u00e9 Guzm\u00e1n y su equipo defensorial acompa\u00f1\u00f3 al&nbsp;Director Presidente de PoliMiranda, C\/G Jos\u00e9 Luis Garc\u00eda Pinto, en Jornada de Atenci\u00f3n Social desde la Plaza Hugo Ch\u00e1vez del Urbanismo Ayacucho (El Chorrito), Los Teques, municipio Guaicaipuro, celebrada el pasado martes 20 de agosto.&nbsp;<\/p>\n\n\n\n<p>Durante la jornada se&nbsp;brind\u00f3 orientaci\u00f3n en materia de Derechos Humanos, as\u00ed como diversas actividades formativas y recreativas, atenci\u00f3n de salud y otras, dirigida a toda la poblaci\u00f3n y en la que los ni\u00f1os, ni\u00f1as y adolescentes disfrutaron de las din\u00e1micas, as\u00ed como tambi\u00e9n se hizo un reconocimiento al experimentado equipo del liderazgo popular del urbanismo.&nbsp;<\/p>\n\n\n\n<p>Las instituciones participantes del evento fueron: Polic\u00eda del Estado Miranda; Casa de Justicia Penal y Paz; Misi\u00f3n Barrio Adentro; Instituto Nacional de Transporte Terrestre; Instituto Regional de la Mujer; Prevenci\u00f3n del Delito; Alcald\u00eda de Guaicaipuro; Gobernaci\u00f3n de Miranda y la Defensor\u00eda del Pueblo.&nbsp;<strong>FIN \/ PRENSA Defensor\u00eda<\/strong><\/p>\n\t\t\t\t\t\t\t\t<\/div>\n\t\t\t\t<\/div>\n\t\t\t\t\t<\/div>\n\t\t<\/div>\n\t\t\t\t\t<\/div>\n\t\t<\/section>\n\t\t\t\t<\/div>\n\t\t","protected":false},"excerpt":{"rendered":"<p>(Miranda\/27-Agos-24)&nbsp;La Defensor\u00eda delegada del estado Miranda realiz\u00f3 varias acciones defensoriales, enmarcadas dentro de sus atribuciones constitucionales. Es as\u00ed como el pasado martes 20 de agosto se celebr\u00f3 el Encuentro del&hellip; <\/p>\n","protected":false},"author":5,"featured_media":6616,"comment_status":"closed","ping_status":"closed","sticky":false,"template":"","format":"standard","meta":{"footnotes":""},"categories":[5],"tags":[],"class_list":["post-6614","post","type-post","status-publish","format-standard","has-post-thumbnail","hentry","category-regionales"],"yoast_head":"<!-- This site is optimized with the Yoast SEO plugin v27.4 - https:\/\/yoast.com\/product\/yoast-seo-wordpress\/ -->\n<title>Delegada de Miranda realiz\u00f3 acciones en materia de ni\u00f1ez y jornada de atenci\u00f3n social -<\/title>\n<meta name=\"robots\" content=\"index, follow, max-snippet:-1, max-image-preview:large, max-video-preview:-1\" \/>\n<link rel=\"canonical\" href=\"http:\/\/www.defensoria.gob.ve\/?p=6614\" \/>\n<meta property=\"og:locale\" content=\"es_ES\" \/>\n<meta property=\"og:type\" content=\"article\" \/>\n<meta property=\"og:title\" content=\"Delegada de Miranda realiz\u00f3 acciones en materia de ni\u00f1ez y jornada de atenci\u00f3n social -\" \/>\n<meta property=\"og:description\" content=\"(Miranda\/27-Agos-24)&nbsp;La Defensor\u00eda delegada del estado Miranda realiz\u00f3 varias acciones defensoriales, enmarcadas dentro de sus atribuciones constitucionales. Es as\u00ed como el pasado martes 20 de agosto se celebr\u00f3 el Encuentro del&hellip;\" \/>\n<meta property=\"og:url\" content=\"http:\/\/www.defensoria.gob.ve\/?p=6614\" \/>\n<meta property=\"article:published_time\" content=\"2024-08-27T20:38:56+00:00\" \/>\n<meta property=\"article:modified_time\" content=\"2024-08-27T20:39:25+00:00\" \/>\n<meta property=\"og:image\" content=\"http:\/\/www.defensoria.gob.ve\/wp-content\/uploads\/2024\/08\/FDFDFDFDFDFDFDFDDD.png\" \/>\n\t<meta property=\"og:image:width\" content=\"839\" \/>\n\t<meta property=\"og:image:height\" content=\"611\" \/>\n\t<meta property=\"og:image:type\" content=\"image\/png\" \/>\n<meta name=\"author\" content=\"JC.\" \/>\n<meta name=\"twitter:card\" content=\"summary_large_image\" \/>\n<meta name=\"twitter:label1\" content=\"Escrito por\" \/>\n\t<meta name=\"twitter:data1\" content=\"JC.\" \/>\n\t<meta name=\"twitter:label2\" content=\"Tiempo estimado de lectura\" \/>\n\t<meta name=\"twitter:data2\" content=\"2 minutos\" \/>\n<script type=\"application\/ld+json\" class=\"yoast-schema-graph\">{\"@context\":\"https:\\\/\\\/schema.org\",\"@graph\":[{\"@type\":\"Article\",\"@id\":\"http:\\\/\\\/www.defensoria.gob.ve\\\/?p=6614#article\",\"isPartOf\":{\"@id\":\"http:\\\/\\\/www.defensoria.gob.ve\\\/?p=6614\"},\"author\":{\"name\":\"JC.\",\"@id\":\"http:\\\/\\\/www.defensoria.gob.ve\\\/#\\\/schema\\\/person\\\/fba14293189d7b1933ac7fba9d89e24a\"},\"headline\":\"Delegada de Miranda realiz\u00f3 acciones en materia de ni\u00f1ez y jornada de atenci\u00f3n social\",\"datePublished\":\"2024-08-27T20:38:56+00:00\",\"dateModified\":\"2024-08-27T20:39:25+00:00\",\"mainEntityOfPage\":{\"@id\":\"http:\\\/\\\/www.defensoria.gob.ve\\\/?p=6614\"},\"wordCount\":348,\"image\":{\"@id\":\"http:\\\/\\\/www.defensoria.gob.ve\\\/?p=6614#primaryimage\"},\"thumbnailUrl\":\"http:\\\/\\\/www.defensoria.gob.ve\\\/wp-content\\\/uploads\\\/2024\\\/08\\\/FDFDFDFDFDFDFDFDDD.png\",\"articleSection\":[\"REGIONALES\"],\"inLanguage\":\"es\"},{\"@type\":\"WebPage\",\"@id\":\"http:\\\/\\\/www.defensoria.gob.ve\\\/?p=6614\",\"url\":\"http:\\\/\\\/www.defensoria.gob.ve\\\/?p=6614\",\"name\":\"Delegada de Miranda realiz\u00f3 acciones en materia de ni\u00f1ez y jornada de atenci\u00f3n social -\",\"isPartOf\":{\"@id\":\"http:\\\/\\\/www.defensoria.gob.ve\\\/#website\"},\"primaryImageOfPage\":{\"@id\":\"http:\\\/\\\/www.defensoria.gob.ve\\\/?p=6614#primaryimage\"},\"image\":{\"@id\":\"http:\\\/\\\/www.defensoria.gob.ve\\\/?p=6614#primaryimage\"},\"thumbnailUrl\":\"http:\\\/\\\/www.defensoria.gob.ve\\\/wp-content\\\/uploads\\\/2024\\\/08\\\/FDFDFDFDFDFDFDFDDD.png\",\"datePublished\":\"2024-08-27T20:38:56+00:00\",\"dateModified\":\"2024-08-27T20:39:25+00:00\",\"author\":{\"@id\":\"http:\\\/\\\/www.defensoria.gob.ve\\\/#\\\/schema\\\/person\\\/fba14293189d7b1933ac7fba9d89e24a\"},\"breadcrumb\":{\"@id\":\"http:\\\/\\\/www.defensoria.gob.ve\\\/?p=6614#breadcrumb\"},\"inLanguage\":\"es\",\"potentialAction\":[{\"@type\":\"ReadAction\",\"target\":[\"http:\\\/\\\/www.defensoria.gob.ve\\\/?p=6614\"]}]},{\"@type\":\"ImageObject\",\"inLanguage\":\"es\",\"@id\":\"http:\\\/\\\/www.defensoria.gob.ve\\\/?p=6614#primaryimage\",\"url\":\"http:\\\/\\\/www.defensoria.gob.ve\\\/wp-content\\\/uploads\\\/2024\\\/08\\\/FDFDFDFDFDFDFDFDDD.png\",\"contentUrl\":\"http:\\\/\\\/www.defensoria.gob.ve\\\/wp-content\\\/uploads\\\/2024\\\/08\\\/FDFDFDFDFDFDFDFDDD.png\",\"width\":839,\"height\":611},{\"@type\":\"BreadcrumbList\",\"@id\":\"http:\\\/\\\/www.defensoria.gob.ve\\\/?p=6614#breadcrumb\",\"itemListElement\":[{\"@type\":\"ListItem\",\"position\":1,\"name\":\"Portada\",\"item\":\"http:\\\/\\\/www.defensoria.gob.ve\\\/\"},{\"@type\":\"ListItem\",\"position\":2,\"name\":\"Delegada de Miranda realiz\u00f3 acciones en materia de ni\u00f1ez y jornada de atenci\u00f3n social\"}]},{\"@type\":\"WebSite\",\"@id\":\"http:\\\/\\\/www.defensoria.gob.ve\\\/#website\",\"url\":\"http:\\\/\\\/www.defensoria.gob.ve\\\/\",\"name\":\"\",\"description\":\"Instituci\u00f3n del Poder Ciudadano para la Promoci\u00f3n, Defensa y Vigilancia de los Derechos Humanos. \",\"potentialAction\":[{\"@type\":\"SearchAction\",\"target\":{\"@type\":\"EntryPoint\",\"urlTemplate\":\"http:\\\/\\\/www.defensoria.gob.ve\\\/?s={search_term_string}\"},\"query-input\":{\"@type\":\"PropertyValueSpecification\",\"valueRequired\":true,\"valueName\":\"search_term_string\"}}],\"inLanguage\":\"es\"},{\"@type\":\"Person\",\"@id\":\"http:\\\/\\\/www.defensoria.gob.ve\\\/#\\\/schema\\\/person\\\/fba14293189d7b1933ac7fba9d89e24a\",\"name\":\"JC.\",\"image\":{\"@type\":\"ImageObject\",\"inLanguage\":\"es\",\"@id\":\"https:\\\/\\\/secure.gravatar.com\\\/avatar\\\/f398a4de948606b38f0299d90ca738c674b648694bc725ed46503c240269dbf8?s=96&d=mm&r=g\",\"url\":\"https:\\\/\\\/secure.gravatar.com\\\/avatar\\\/f398a4de948606b38f0299d90ca738c674b648694bc725ed46503c240269dbf8?s=96&d=mm&r=g\",\"contentUrl\":\"https:\\\/\\\/secure.gravatar.com\\\/avatar\\\/f398a4de948606b38f0299d90ca738c674b648694bc725ed46503c240269dbf8?s=96&d=mm&r=g\",\"caption\":\"JC.\"},\"url\":\"http:\\\/\\\/www.defensoria.gob.ve\\\/?author=5\"}]}<\/script>\n<!-- \/ Yoast SEO plugin. -->","yoast_head_json":{"title":"Delegada de Miranda realiz\u00f3 acciones en materia de ni\u00f1ez y jornada de atenci\u00f3n social -","robots":{"index":"index","follow":"follow","max-snippet":"max-snippet:-1","max-image-preview":"max-image-preview:large","max-video-preview":"max-video-preview:-1"},"canonical":"http:\/\/www.defensoria.gob.ve\/?p=6614","og_locale":"es_ES","og_type":"article","og_title":"Delegada de Miranda realiz\u00f3 acciones en materia de ni\u00f1ez y jornada de atenci\u00f3n social -","og_description":"(Miranda\/27-Agos-24)&nbsp;La Defensor\u00eda delegada del estado Miranda realiz\u00f3 varias acciones defensoriales, enmarcadas dentro de sus atribuciones constitucionales. Es as\u00ed como el pasado martes 20 de agosto se celebr\u00f3 el Encuentro del&hellip;","og_url":"http:\/\/www.defensoria.gob.ve\/?p=6614","article_published_time":"2024-08-27T20:38:56+00:00","article_modified_time":"2024-08-27T20:39:25+00:00","og_image":[{"width":839,"height":611,"url":"http:\/\/www.defensoria.gob.ve\/wp-content\/uploads\/2024\/08\/FDFDFDFDFDFDFDFDDD.png","type":"image\/png"}],"author":"JC.","twitter_card":"summary_large_image","twitter_misc":{"Escrito por":"JC.","Tiempo estimado de lectura":"2 minutos"},"schema":{"@context":"https:\/\/schema.org","@graph":[{"@type":"Article","@id":"http:\/\/www.defensoria.gob.ve\/?p=6614#article","isPartOf":{"@id":"http:\/\/www.defensoria.gob.ve\/?p=6614"},"author":{"name":"JC.","@id":"http:\/\/www.defensoria.gob.ve\/#\/schema\/person\/fba14293189d7b1933ac7fba9d89e24a"},"headline":"Delegada de Miranda realiz\u00f3 acciones en materia de ni\u00f1ez y jornada de atenci\u00f3n social","datePublished":"2024-08-27T20:38:56+00:00","dateModified":"2024-08-27T20:39:25+00:00","mainEntityOfPage":{"@id":"http:\/\/www.defensoria.gob.ve\/?p=6614"},"wordCount":348,"image":{"@id":"http:\/\/www.defensoria.gob.ve\/?p=6614#primaryimage"},"thumbnailUrl":"http:\/\/www.defensoria.gob.ve\/wp-content\/uploads\/2024\/08\/FDFDFDFDFDFDFDFDDD.png","articleSection":["REGIONALES"],"inLanguage":"es"},{"@type":"WebPage","@id":"http:\/\/www.defensoria.gob.ve\/?p=6614","url":"http:\/\/www.defensoria.gob.ve\/?p=6614","name":"Delegada de Miranda realiz\u00f3 acciones en materia de ni\u00f1ez y jornada de atenci\u00f3n social -","isPartOf":{"@id":"http:\/\/www.defensoria.gob.ve\/#website"},"primaryImageOfPage":{"@id":"http:\/\/www.defensoria.gob.ve\/?p=6614#primaryimage"},"image":{"@id":"http:\/\/www.defensoria.gob.ve\/?p=6614#primaryimage"},"thumbnailUrl":"http:\/\/www.defensoria.gob.ve\/wp-content\/uploads\/2024\/08\/FDFDFDFDFDFDFDFDDD.png","datePublished":"2024-08-27T20:38:56+00:00","dateModified":"2024-08-27T20:39:25+00:00","author":{"@id":"http:\/\/www.defensoria.gob.ve\/#\/schema\/person\/fba14293189d7b1933ac7fba9d89e24a"},"breadcrumb":{"@id":"http:\/\/www.defensoria.gob.ve\/?p=6614#breadcrumb"},"inLanguage":"es","potentialAction":[{"@type":"ReadAction","target":["http:\/\/www.defensoria.gob.ve\/?p=6614"]}]},{"@type":"ImageObject","inLanguage":"es","@id":"http:\/\/www.defensoria.gob.ve\/?p=6614#primaryimage","url":"http:\/\/www.defensoria.gob.ve\/wp-content\/uploads\/2024\/08\/FDFDFDFDFDFDFDFDDD.png","contentUrl":"http:\/\/www.defensoria.gob.ve\/wp-content\/uploads\/2024\/08\/FDFDFDFDFDFDFDFDDD.png","width":839,"height":611},{"@type":"BreadcrumbList","@id":"http:\/\/www.defensoria.gob.ve\/?p=6614#breadcrumb","itemListElement":[{"@type":"ListItem","position":1,"name":"Portada","item":"http:\/\/www.defensoria.gob.ve\/"},{"@type":"ListItem","position":2,"name":"Delegada de Miranda realiz\u00f3 acciones en materia de ni\u00f1ez y jornada de atenci\u00f3n social"}]},{"@type":"WebSite","@id":"http:\/\/www.defensoria.gob.ve\/#website","url":"http:\/\/www.defensoria.gob.ve\/","name":"","description":"Instituci\u00f3n del Poder Ciudadano para la Promoci\u00f3n, Defensa y Vigilancia de los Derechos Humanos. ","potentialAction":[{"@type":"SearchAction","target":{"@type":"EntryPoint","urlTemplate":"http:\/\/www.defensoria.gob.ve\/?s={search_term_string}"},"query-input":{"@type":"PropertyValueSpecification","valueRequired":true,"valueName":"search_term_string"}}],"inLanguage":"es"},{"@type":"Person","@id":"http:\/\/www.defensoria.gob.ve\/#\/schema\/person\/fba14293189d7b1933ac7fba9d89e24a","name":"JC.","image":{"@type":"ImageObject","inLanguage":"es","@id":"https:\/\/secure.gravatar.com\/avatar\/f398a4de948606b38f0299d90ca738c674b648694bc725ed46503c240269dbf8?s=96&d=mm&r=g","url":"https:\/\/secure.gravatar.com\/avatar\/f398a4de948606b38f0299d90ca738c674b648694bc725ed46503c240269dbf8?s=96&d=mm&r=g","contentUrl":"https:\/\/secure.gravatar.com\/avatar\/f398a4de948606b38f0299d90ca738c674b648694bc725ed46503c240269dbf8?s=96&d=mm&r=g","caption":"JC."},"url":"http:\/\/www.defensoria.gob.ve\/?author=5"}]}},"_links":{"self":[{"href":"http:\/\/www.defensoria.gob.ve\/index.php?rest_route=\/wp\/v2\/posts\/6614","targetHints":{"allow":["GET"]}}],"collection":[{"href":"http:\/\/www.defensoria.gob.ve\/index.php?rest_route=\/wp\/v2\/posts"}],"about":[{"href":"http:\/\/www.defensoria.gob.ve\/index.php?rest_route=\/wp\/v2\/types\/post"}],"author":[{"embeddable":true,"href":"http:\/\/www.defensoria.gob.ve\/index.php?rest_route=\/wp\/v2\/users\/5"}],"replies":[{"embeddable":true,"href":"http:\/\/www.defensoria.gob.ve\/index.php?rest_route=%2Fwp%2Fv2%2Fcomments&post=6614"}],"version-history":[{"count":4,"href":"http:\/\/www.defensoria.gob.ve\/index.php?rest_route=\/wp\/v2\/posts\/6614\/revisions"}],"predecessor-version":[{"id":6620,"href":"http:\/\/www.defensoria.gob.ve\/index.php?rest_route=\/wp\/v2\/posts\/6614\/revisions\/6620"}],"wp:featuredmedia":[{"embeddable":true,"href":"http:\/\/www.defensoria.gob.ve\/index.php?rest_route=\/wp\/v2\/media\/6616"}],"wp:attachment":[{"href":"http:\/\/www.defensoria.gob.ve\/index.php?rest_route=%2Fwp%2Fv2%2Fmedia&parent=6614"}],"wp:term":[{"taxonomy":"category","embeddable":true,"href":"http:\/\/www.defensoria.gob.ve\/index.php?rest_route=%2Fwp%2Fv2%2Fcategories&post=6614"},{"taxonomy":"post_tag","embeddable":true,"href":"http:\/\/www.defensoria.gob.ve\/index.php?rest_route=%2Fwp%2Fv2%2Ftags&post=6614"}],"curies":[{"name":"wp","href":"https:\/\/api.w.org\/{rel}","templated":true}]}}