 
{"id":6626,"date":"2024-08-29T14:26:49","date_gmt":"2024-08-29T18:26:49","guid":{"rendered":"http:\/\/www.defensoria.gob.ve\/?p=6626"},"modified":"2024-08-29T14:27:16","modified_gmt":"2024-08-29T18:27:16","slug":"defensor-del-pueblo-participo-en-foro-la-praxis-antipatriarcal","status":"publish","type":"post","link":"http:\/\/www.defensoria.gob.ve\/?p=6626","title":{"rendered":"Defensor del\u00a0 Pueblo particip\u00f3 en foro la praxis antipatriarcal"},"content":{"rendered":"\t\t<div data-elementor-type=\"wp-post\" data-elementor-id=\"6626\" class=\"elementor elementor-6626\">\n\t\t\t\t\t\t<section class=\"elementor-section elementor-top-section elementor-element elementor-element-78dd307d elementor-section-boxed elementor-section-height-default elementor-section-height-default\" data-id=\"78dd307d\" data-element_type=\"section\" data-e-type=\"section\">\n\t\t\t\t\t\t<div class=\"elementor-container elementor-column-gap-default\">\n\t\t\t\t\t<div class=\"elementor-column elementor-col-100 elementor-top-column elementor-element elementor-element-427a5714\" data-id=\"427a5714\" data-element_type=\"column\" data-e-type=\"column\">\n\t\t\t<div class=\"elementor-widget-wrap elementor-element-populated\">\n\t\t\t\t\t\t<div class=\"elementor-element elementor-element-6a4cdf1b elementor-widget elementor-widget-text-editor\" data-id=\"6a4cdf1b\" data-element_type=\"widget\" data-e-type=\"widget\" data-widget_type=\"text-editor.default\">\n\t\t\t\t<div class=\"elementor-widget-container\">\n\t\t\t\t\t\t\t\t\t\n<p><strong>(27-Agos-24)<\/strong>&nbsp;El Defensor del Pueblo, Alfredo Ruiz, estuvo presente en un foro: &nbsp;La praxis antipatriarcal de la liberaci\u00f3n antisist\u00e9mica y la autocr\u00edtica de los hombres contra el machismo, pistas comunes para una educaci\u00f3n revolucionaria, presentada por el investigador y Dr. H\u00e9ctor Guti\u00e9rrez Garc\u00eda, adem\u00e1s facilitador de la Escuela Nacional de los Derechos Humanos de la Fundaci\u00f3n Juan Vives Suri\u00e1, adscrita a la Defensor\u00eda del Pueblo.<\/p>\n\n\n\n<p>Durante el evento, Ruiz dirigi\u00f3 unas palabras al p\u00fablico presente se\u00f1alando que tenemos el compromiso de reducir y acabar con la violencia contra la mujer, desmontar la cultura patriarcal y machista que por a\u00f1os se ha mantenido en nuestra sociedad.<\/p>\n\n\n\n<figure class=\"wp-block-image size-full\"><img fetchpriority=\"high\" decoding=\"async\" width=\"938\" height=\"619\" src=\"http:\/\/www.defensoria.gob.ve\/wp-content\/uploads\/2024\/08\/Foto-c.png\" alt=\"\" class=\"wp-image-6627\" srcset=\"http:\/\/www.defensoria.gob.ve\/wp-content\/uploads\/2024\/08\/Foto-c.png 938w, http:\/\/www.defensoria.gob.ve\/wp-content\/uploads\/2024\/08\/Foto-c-300x198.png 300w, http:\/\/www.defensoria.gob.ve\/wp-content\/uploads\/2024\/08\/Foto-c-768x507.png 768w\" sizes=\"(max-width: 938px) 100vw, 938px\" \/><\/figure>\n\n\n\n<p>Ruiz asegur\u00f3 que es importante el acompa\u00f1amiento a las v\u00edctimas de violencia de g\u00e9nero y avanzar efectivamente en este tema, visibilizando a las m\u00e1s vulnerables y difundiendo los avances en materia de protecci\u00f3n de las mujeres como es la Ley Org\u00e1nica sobre el Derecho de las Mujeres a una Vida Libre de Violencia. &nbsp;<\/p>\n\n\n\n<p>Por su parte, H\u00e9ctor Guti\u00e9rrez, en su presentaci\u00f3n hizo un recorrido hist\u00f3rico sobre la corriente feminista y profeminista, mencionando a hombres y mujeres anti patriarcales que han estudiado y aportado sobre el tema, haciendo una revisi\u00f3n exhaustiva en la materia que ha llevado a la liberaci\u00f3n de las mujeres y el respeto a la diversidad cultural.<\/p>\n\n\n\n<figure class=\"wp-block-image size-full\"><img decoding=\"async\" width=\"941\" height=\"623\" src=\"http:\/\/www.defensoria.gob.ve\/wp-content\/uploads\/2024\/08\/Foto-b.png\" alt=\"\" class=\"wp-image-6628\" srcset=\"http:\/\/www.defensoria.gob.ve\/wp-content\/uploads\/2024\/08\/Foto-b.png 941w, http:\/\/www.defensoria.gob.ve\/wp-content\/uploads\/2024\/08\/Foto-b-300x199.png 300w, http:\/\/www.defensoria.gob.ve\/wp-content\/uploads\/2024\/08\/Foto-b-768x508.png 768w\" sizes=\"(max-width: 941px) 100vw, 941px\" \/><\/figure>\n\n\n\n<p>Guti\u00e9rrez indic\u00f3 que se deben crear espacios de reflexi\u00f3n para el cambio cultural, en el cual los hombres participen m\u00e1s y puedan entender a las mujeres y acabar con la cultura de la sumisi\u00f3n, para avanzar en sociedades m\u00e1s justas, inclusivas con equidad e igualdad de derechos.<\/p>\n\n\n\n<p>Dicha actividad cont\u00f3 con la presencia de las servidoras y servidores p\u00fablicos de la Defensor\u00eda del Pueblo, quienes tuvieron la oportunidad de formarse en esta tem\u00e1tica de inter\u00e9s nacional. &nbsp;&nbsp;<strong>Fin\/ PRENSA Defensor\u00eda<\/strong><\/p>\n\t\t\t\t\t\t\t\t<\/div>\n\t\t\t\t<\/div>\n\t\t\t\t\t<\/div>\n\t\t<\/div>\n\t\t\t\t\t<\/div>\n\t\t<\/section>\n\t\t\t\t<\/div>\n\t\t","protected":false},"excerpt":{"rendered":"<p>(27-Agos-24)&nbsp;El Defensor del Pueblo, Alfredo Ruiz, estuvo presente en un foro: &nbsp;La praxis antipatriarcal de la liberaci\u00f3n antisist\u00e9mica y la autocr\u00edtica de los hombres contra el machismo, pistas comunes para&hellip; <\/p>\n","protected":false},"author":5,"featured_media":6629,"comment_status":"closed","ping_status":"closed","sticky":false,"template":"","format":"standard","meta":{"footnotes":""},"categories":[3],"tags":[],"class_list":["post-6626","post","type-post","status-publish","format-standard","has-post-thumbnail","hentry","category-centrales"],"yoast_head":"<!-- This site is optimized with the Yoast SEO plugin v27.4 - https:\/\/yoast.com\/product\/yoast-seo-wordpress\/ -->\n<title>Defensor del\u00a0 Pueblo particip\u00f3 en foro la praxis antipatriarcal -<\/title>\n<meta name=\"robots\" content=\"index, follow, max-snippet:-1, max-image-preview:large, max-video-preview:-1\" \/>\n<link rel=\"canonical\" href=\"http:\/\/www.defensoria.gob.ve\/?p=6626\" \/>\n<meta property=\"og:locale\" content=\"es_ES\" \/>\n<meta property=\"og:type\" content=\"article\" \/>\n<meta property=\"og:title\" content=\"Defensor del\u00a0 Pueblo particip\u00f3 en foro la praxis antipatriarcal -\" \/>\n<meta property=\"og:description\" content=\"(27-Agos-24)&nbsp;El Defensor del Pueblo, Alfredo Ruiz, estuvo presente en un foro: &nbsp;La praxis antipatriarcal de la liberaci\u00f3n antisist\u00e9mica y la autocr\u00edtica de los hombres contra el machismo, pistas comunes para&hellip;\" \/>\n<meta property=\"og:url\" content=\"http:\/\/www.defensoria.gob.ve\/?p=6626\" \/>\n<meta property=\"article:published_time\" content=\"2024-08-29T18:26:49+00:00\" \/>\n<meta property=\"article:modified_time\" content=\"2024-08-29T18:27:16+00:00\" \/>\n<meta property=\"og:image\" content=\"http:\/\/www.defensoria.gob.ve\/wp-content\/uploads\/2024\/08\/Foto-a.png\" \/>\n\t<meta property=\"og:image:width\" content=\"911\" \/>\n\t<meta property=\"og:image:height\" content=\"617\" \/>\n\t<meta property=\"og:image:type\" content=\"image\/png\" \/>\n<meta name=\"author\" content=\"JC.\" \/>\n<meta name=\"twitter:card\" content=\"summary_large_image\" \/>\n<meta name=\"twitter:label1\" content=\"Escrito por\" \/>\n\t<meta name=\"twitter:data1\" content=\"JC.\" \/>\n\t<meta name=\"twitter:label2\" content=\"Tiempo estimado de lectura\" \/>\n\t<meta name=\"twitter:data2\" content=\"2 minutos\" \/>\n<script type=\"application\/ld+json\" class=\"yoast-schema-graph\">{\"@context\":\"https:\\\/\\\/schema.org\",\"@graph\":[{\"@type\":\"Article\",\"@id\":\"http:\\\/\\\/www.defensoria.gob.ve\\\/?p=6626#article\",\"isPartOf\":{\"@id\":\"http:\\\/\\\/www.defensoria.gob.ve\\\/?p=6626\"},\"author\":{\"name\":\"JC.\",\"@id\":\"http:\\\/\\\/www.defensoria.gob.ve\\\/#\\\/schema\\\/person\\\/fba14293189d7b1933ac7fba9d89e24a\"},\"headline\":\"Defensor del\u00a0 Pueblo particip\u00f3 en foro la praxis antipatriarcal\",\"datePublished\":\"2024-08-29T18:26:49+00:00\",\"dateModified\":\"2024-08-29T18:27:16+00:00\",\"mainEntityOfPage\":{\"@id\":\"http:\\\/\\\/www.defensoria.gob.ve\\\/?p=6626\"},\"wordCount\":342,\"image\":{\"@id\":\"http:\\\/\\\/www.defensoria.gob.ve\\\/?p=6626#primaryimage\"},\"thumbnailUrl\":\"http:\\\/\\\/www.defensoria.gob.ve\\\/wp-content\\\/uploads\\\/2024\\\/08\\\/Foto-a.png\",\"articleSection\":[\"CENTRALES\"],\"inLanguage\":\"es\"},{\"@type\":\"WebPage\",\"@id\":\"http:\\\/\\\/www.defensoria.gob.ve\\\/?p=6626\",\"url\":\"http:\\\/\\\/www.defensoria.gob.ve\\\/?p=6626\",\"name\":\"Defensor del\u00a0 Pueblo particip\u00f3 en foro la praxis antipatriarcal -\",\"isPartOf\":{\"@id\":\"http:\\\/\\\/www.defensoria.gob.ve\\\/#website\"},\"primaryImageOfPage\":{\"@id\":\"http:\\\/\\\/www.defensoria.gob.ve\\\/?p=6626#primaryimage\"},\"image\":{\"@id\":\"http:\\\/\\\/www.defensoria.gob.ve\\\/?p=6626#primaryimage\"},\"thumbnailUrl\":\"http:\\\/\\\/www.defensoria.gob.ve\\\/wp-content\\\/uploads\\\/2024\\\/08\\\/Foto-a.png\",\"datePublished\":\"2024-08-29T18:26:49+00:00\",\"dateModified\":\"2024-08-29T18:27:16+00:00\",\"author\":{\"@id\":\"http:\\\/\\\/www.defensoria.gob.ve\\\/#\\\/schema\\\/person\\\/fba14293189d7b1933ac7fba9d89e24a\"},\"breadcrumb\":{\"@id\":\"http:\\\/\\\/www.defensoria.gob.ve\\\/?p=6626#breadcrumb\"},\"inLanguage\":\"es\",\"potentialAction\":[{\"@type\":\"ReadAction\",\"target\":[\"http:\\\/\\\/www.defensoria.gob.ve\\\/?p=6626\"]}]},{\"@type\":\"ImageObject\",\"inLanguage\":\"es\",\"@id\":\"http:\\\/\\\/www.defensoria.gob.ve\\\/?p=6626#primaryimage\",\"url\":\"http:\\\/\\\/www.defensoria.gob.ve\\\/wp-content\\\/uploads\\\/2024\\\/08\\\/Foto-a.png\",\"contentUrl\":\"http:\\\/\\\/www.defensoria.gob.ve\\\/wp-content\\\/uploads\\\/2024\\\/08\\\/Foto-a.png\",\"width\":911,\"height\":617},{\"@type\":\"BreadcrumbList\",\"@id\":\"http:\\\/\\\/www.defensoria.gob.ve\\\/?p=6626#breadcrumb\",\"itemListElement\":[{\"@type\":\"ListItem\",\"position\":1,\"name\":\"Portada\",\"item\":\"http:\\\/\\\/www.defensoria.gob.ve\\\/\"},{\"@type\":\"ListItem\",\"position\":2,\"name\":\"Defensor del\u00a0 Pueblo particip\u00f3 en foro la praxis antipatriarcal\"}]},{\"@type\":\"WebSite\",\"@id\":\"http:\\\/\\\/www.defensoria.gob.ve\\\/#website\",\"url\":\"http:\\\/\\\/www.defensoria.gob.ve\\\/\",\"name\":\"\",\"description\":\"Instituci\u00f3n del Poder Ciudadano para la Promoci\u00f3n, Defensa y Vigilancia de los Derechos Humanos. \",\"potentialAction\":[{\"@type\":\"SearchAction\",\"target\":{\"@type\":\"EntryPoint\",\"urlTemplate\":\"http:\\\/\\\/www.defensoria.gob.ve\\\/?s={search_term_string}\"},\"query-input\":{\"@type\":\"PropertyValueSpecification\",\"valueRequired\":true,\"valueName\":\"search_term_string\"}}],\"inLanguage\":\"es\"},{\"@type\":\"Person\",\"@id\":\"http:\\\/\\\/www.defensoria.gob.ve\\\/#\\\/schema\\\/person\\\/fba14293189d7b1933ac7fba9d89e24a\",\"name\":\"JC.\",\"image\":{\"@type\":\"ImageObject\",\"inLanguage\":\"es\",\"@id\":\"https:\\\/\\\/secure.gravatar.com\\\/avatar\\\/f398a4de948606b38f0299d90ca738c674b648694bc725ed46503c240269dbf8?s=96&d=mm&r=g\",\"url\":\"https:\\\/\\\/secure.gravatar.com\\\/avatar\\\/f398a4de948606b38f0299d90ca738c674b648694bc725ed46503c240269dbf8?s=96&d=mm&r=g\",\"contentUrl\":\"https:\\\/\\\/secure.gravatar.com\\\/avatar\\\/f398a4de948606b38f0299d90ca738c674b648694bc725ed46503c240269dbf8?s=96&d=mm&r=g\",\"caption\":\"JC.\"},\"url\":\"http:\\\/\\\/www.defensoria.gob.ve\\\/?author=5\"}]}<\/script>\n<!-- \/ Yoast SEO plugin. -->","yoast_head_json":{"title":"Defensor del\u00a0 Pueblo particip\u00f3 en foro la praxis antipatriarcal -","robots":{"index":"index","follow":"follow","max-snippet":"max-snippet:-1","max-image-preview":"max-image-preview:large","max-video-preview":"max-video-preview:-1"},"canonical":"http:\/\/www.defensoria.gob.ve\/?p=6626","og_locale":"es_ES","og_type":"article","og_title":"Defensor del\u00a0 Pueblo particip\u00f3 en foro la praxis antipatriarcal -","og_description":"(27-Agos-24)&nbsp;El Defensor del Pueblo, Alfredo Ruiz, estuvo presente en un foro: &nbsp;La praxis antipatriarcal de la liberaci\u00f3n antisist\u00e9mica y la autocr\u00edtica de los hombres contra el machismo, pistas comunes para&hellip;","og_url":"http:\/\/www.defensoria.gob.ve\/?p=6626","article_published_time":"2024-08-29T18:26:49+00:00","article_modified_time":"2024-08-29T18:27:16+00:00","og_image":[{"width":911,"height":617,"url":"http:\/\/www.defensoria.gob.ve\/wp-content\/uploads\/2024\/08\/Foto-a.png","type":"image\/png"}],"author":"JC.","twitter_card":"summary_large_image","twitter_misc":{"Escrito por":"JC.","Tiempo estimado de lectura":"2 minutos"},"schema":{"@context":"https:\/\/schema.org","@graph":[{"@type":"Article","@id":"http:\/\/www.defensoria.gob.ve\/?p=6626#article","isPartOf":{"@id":"http:\/\/www.defensoria.gob.ve\/?p=6626"},"author":{"name":"JC.","@id":"http:\/\/www.defensoria.gob.ve\/#\/schema\/person\/fba14293189d7b1933ac7fba9d89e24a"},"headline":"Defensor del\u00a0 Pueblo particip\u00f3 en foro la praxis antipatriarcal","datePublished":"2024-08-29T18:26:49+00:00","dateModified":"2024-08-29T18:27:16+00:00","mainEntityOfPage":{"@id":"http:\/\/www.defensoria.gob.ve\/?p=6626"},"wordCount":342,"image":{"@id":"http:\/\/www.defensoria.gob.ve\/?p=6626#primaryimage"},"thumbnailUrl":"http:\/\/www.defensoria.gob.ve\/wp-content\/uploads\/2024\/08\/Foto-a.png","articleSection":["CENTRALES"],"inLanguage":"es"},{"@type":"WebPage","@id":"http:\/\/www.defensoria.gob.ve\/?p=6626","url":"http:\/\/www.defensoria.gob.ve\/?p=6626","name":"Defensor del\u00a0 Pueblo particip\u00f3 en foro la praxis antipatriarcal -","isPartOf":{"@id":"http:\/\/www.defensoria.gob.ve\/#website"},"primaryImageOfPage":{"@id":"http:\/\/www.defensoria.gob.ve\/?p=6626#primaryimage"},"image":{"@id":"http:\/\/www.defensoria.gob.ve\/?p=6626#primaryimage"},"thumbnailUrl":"http:\/\/www.defensoria.gob.ve\/wp-content\/uploads\/2024\/08\/Foto-a.png","datePublished":"2024-08-29T18:26:49+00:00","dateModified":"2024-08-29T18:27:16+00:00","author":{"@id":"http:\/\/www.defensoria.gob.ve\/#\/schema\/person\/fba14293189d7b1933ac7fba9d89e24a"},"breadcrumb":{"@id":"http:\/\/www.defensoria.gob.ve\/?p=6626#breadcrumb"},"inLanguage":"es","potentialAction":[{"@type":"ReadAction","target":["http:\/\/www.defensoria.gob.ve\/?p=6626"]}]},{"@type":"ImageObject","inLanguage":"es","@id":"http:\/\/www.defensoria.gob.ve\/?p=6626#primaryimage","url":"http:\/\/www.defensoria.gob.ve\/wp-content\/uploads\/2024\/08\/Foto-a.png","contentUrl":"http:\/\/www.defensoria.gob.ve\/wp-content\/uploads\/2024\/08\/Foto-a.png","width":911,"height":617},{"@type":"BreadcrumbList","@id":"http:\/\/www.defensoria.gob.ve\/?p=6626#breadcrumb","itemListElement":[{"@type":"ListItem","position":1,"name":"Portada","item":"http:\/\/www.defensoria.gob.ve\/"},{"@type":"ListItem","position":2,"name":"Defensor del\u00a0 Pueblo particip\u00f3 en foro la praxis antipatriarcal"}]},{"@type":"WebSite","@id":"http:\/\/www.defensoria.gob.ve\/#website","url":"http:\/\/www.defensoria.gob.ve\/","name":"","description":"Instituci\u00f3n del Poder Ciudadano para la Promoci\u00f3n, Defensa y Vigilancia de los Derechos Humanos. ","potentialAction":[{"@type":"SearchAction","target":{"@type":"EntryPoint","urlTemplate":"http:\/\/www.defensoria.gob.ve\/?s={search_term_string}"},"query-input":{"@type":"PropertyValueSpecification","valueRequired":true,"valueName":"search_term_string"}}],"inLanguage":"es"},{"@type":"Person","@id":"http:\/\/www.defensoria.gob.ve\/#\/schema\/person\/fba14293189d7b1933ac7fba9d89e24a","name":"JC.","image":{"@type":"ImageObject","inLanguage":"es","@id":"https:\/\/secure.gravatar.com\/avatar\/f398a4de948606b38f0299d90ca738c674b648694bc725ed46503c240269dbf8?s=96&d=mm&r=g","url":"https:\/\/secure.gravatar.com\/avatar\/f398a4de948606b38f0299d90ca738c674b648694bc725ed46503c240269dbf8?s=96&d=mm&r=g","contentUrl":"https:\/\/secure.gravatar.com\/avatar\/f398a4de948606b38f0299d90ca738c674b648694bc725ed46503c240269dbf8?s=96&d=mm&r=g","caption":"JC."},"url":"http:\/\/www.defensoria.gob.ve\/?author=5"}]}},"_links":{"self":[{"href":"http:\/\/www.defensoria.gob.ve\/index.php?rest_route=\/wp\/v2\/posts\/6626","targetHints":{"allow":["GET"]}}],"collection":[{"href":"http:\/\/www.defensoria.gob.ve\/index.php?rest_route=\/wp\/v2\/posts"}],"about":[{"href":"http:\/\/www.defensoria.gob.ve\/index.php?rest_route=\/wp\/v2\/types\/post"}],"author":[{"embeddable":true,"href":"http:\/\/www.defensoria.gob.ve\/index.php?rest_route=\/wp\/v2\/users\/5"}],"replies":[{"embeddable":true,"href":"http:\/\/www.defensoria.gob.ve\/index.php?rest_route=%2Fwp%2Fv2%2Fcomments&post=6626"}],"version-history":[{"count":4,"href":"http:\/\/www.defensoria.gob.ve\/index.php?rest_route=\/wp\/v2\/posts\/6626\/revisions"}],"predecessor-version":[{"id":6633,"href":"http:\/\/www.defensoria.gob.ve\/index.php?rest_route=\/wp\/v2\/posts\/6626\/revisions\/6633"}],"wp:featuredmedia":[{"embeddable":true,"href":"http:\/\/www.defensoria.gob.ve\/index.php?rest_route=\/wp\/v2\/media\/6629"}],"wp:attachment":[{"href":"http:\/\/www.defensoria.gob.ve\/index.php?rest_route=%2Fwp%2Fv2%2Fmedia&parent=6626"}],"wp:term":[{"taxonomy":"category","embeddable":true,"href":"http:\/\/www.defensoria.gob.ve\/index.php?rest_route=%2Fwp%2Fv2%2Fcategories&post=6626"},{"taxonomy":"post_tag","embeddable":true,"href":"http:\/\/www.defensoria.gob.ve\/index.php?rest_route=%2Fwp%2Fv2%2Ftags&post=6626"}],"curies":[{"name":"wp","href":"https:\/\/api.w.org\/{rel}","templated":true}]}}