 
{"id":6723,"date":"2024-09-04T16:12:53","date_gmt":"2024-09-04T20:12:53","guid":{"rendered":"http:\/\/www.defensoria.gob.ve\/?p=6723"},"modified":"2024-09-04T16:13:19","modified_gmt":"2024-09-04T20:13:19","slug":"delegada-de-la-guaira-entrego-certificados-e-impartio-clase-magistral-de-dd-hh","status":"publish","type":"post","link":"http:\/\/www.defensoria.gob.ve\/?p=6723","title":{"rendered":"Delegada de La Guaira entreg\u00f3 certificados e imparti\u00f3 clase magistral de DD.HH."},"content":{"rendered":"\t\t<div data-elementor-type=\"wp-post\" data-elementor-id=\"6723\" class=\"elementor elementor-6723\">\n\t\t\t\t\t\t<section class=\"elementor-section elementor-top-section elementor-element elementor-element-1749fd40 elementor-section-boxed elementor-section-height-default elementor-section-height-default\" data-id=\"1749fd40\" data-element_type=\"section\" data-e-type=\"section\">\n\t\t\t\t\t\t<div class=\"elementor-container elementor-column-gap-default\">\n\t\t\t\t\t<div class=\"elementor-column elementor-col-100 elementor-top-column elementor-element elementor-element-5dfc6926\" data-id=\"5dfc6926\" data-element_type=\"column\" data-e-type=\"column\">\n\t\t\t<div class=\"elementor-widget-wrap elementor-element-populated\">\n\t\t\t\t\t\t<div class=\"elementor-element elementor-element-7d68ca2e elementor-widget elementor-widget-text-editor\" data-id=\"7d68ca2e\" data-element_type=\"widget\" data-e-type=\"widget\" data-widget_type=\"text-editor.default\">\n\t\t\t\t<div class=\"elementor-widget-container\">\n\t\t\t\t\t\t\t\t\t\n<p><strong>(La Guaira\/04-Sep-24)\u00a0<\/strong>La Defensor\u00eda delegada del estado La Guaira particip\u00f3 en varias actividades para promover y garantizar los derechos humanos en la regi\u00f3n.<\/p>\n\n\n\n<p>Es as\u00ed como la\u00a0Defensora del Pueblo delegada del estado La Guaira, Dra. Dianorka Malav\u00e9, asisti\u00f3 al acto de entrega de certificados a los graduandos y graduandas de los diplomados: Derechos Humanos y Actuaci\u00f3n Policial cohorte 2023.<\/p>\n\n\n\n<p>La actividad tuvo lugar en el auditorio del Complejo Cultural Cruz Felipe Iriarte, ubicado en la parroquia Maiquet\u00eda, donde un total de 16 participantes en medio de un ambiente cargado de alegr\u00eda y entusiasmo recibieron sus certificados.<\/p>\n\n\n<div class=\"wp-block-image\">\n<figure class=\"aligncenter size-full\"><img fetchpriority=\"high\" decoding=\"async\" width=\"671\" height=\"482\" src=\"http:\/\/www.defensoria.gob.ve\/wp-content\/uploads\/2024\/09\/La-Guaira-04092024.png\" alt=\"\" class=\"wp-image-6724\" srcset=\"http:\/\/www.defensoria.gob.ve\/wp-content\/uploads\/2024\/09\/La-Guaira-04092024.png 671w, http:\/\/www.defensoria.gob.ve\/wp-content\/uploads\/2024\/09\/La-Guaira-04092024-300x215.png 300w\" sizes=\"(max-width: 671px) 100vw, 671px\" \/><\/figure><\/div>\n\n\n<p>Vale resaltar que el ente defensorial, a trav\u00e9s de la Escuela Nacional de Derechos Humanos, tambi\u00e9n celebra la culminaci\u00f3n de estos diplomados como parte de las metas trazadas y as\u00ed seguir avanzando en la promoci\u00f3n, defensa y vigilancia de los DD.HH. como lo establece la Constituci\u00f3n de la Rep\u00fablica Bolivariana de Venezuela.<\/p>\n\n\n\n<p><strong>Clase Magistral sobre Personas con Discapacidad<\/strong><\/p>\n\n\n\n<p>Por otra parte, integrantes de la Delegada de La Guaira participaron en una Clase Magistral \u201cPol\u00edticas P\u00fablicas para Personas con Discapacidad\u201d, dirigido a los servidores y las servidoras de la Alcald\u00eda de Caracas y p\u00fablico en general.<\/p>\n\n\n\n<p>Dicha actividad fue organizada por la Direcci\u00f3n General de Salud Integral para las Personas con Discapacidad en conjunto con la Direcci\u00f3n para la Atenci\u00f3n de Personas con Discapacidad del ayuntamiento caraque\u00f1o.<\/p>\n\n\n<div class=\"wp-block-image\">\n<figure class=\"aligncenter size-full\"><img decoding=\"async\" width=\"642\" height=\"586\" src=\"http:\/\/www.defensoria.gob.ve\/wp-content\/uploads\/2024\/09\/la-guaira-2-1.png\" alt=\"\" class=\"wp-image-6727\" srcset=\"http:\/\/www.defensoria.gob.ve\/wp-content\/uploads\/2024\/09\/la-guaira-2-1.png 642w, http:\/\/www.defensoria.gob.ve\/wp-content\/uploads\/2024\/09\/la-guaira-2-1-300x274.png 300w\" sizes=\"(max-width: 642px) 100vw, 642px\" \/><\/figure><\/div>\n\n\n<p>Los participantes conocieron las formas adecuadas de dirigirse y brindar un buen trato a las personas con alguna discapacidad, as\u00ed como tambi\u00e9n fue propicio para educar sobre c\u00f3mo dise\u00f1ar las pol\u00edticas p\u00fablicas desde las estructuras comunitarias y del poder popular.\u00a0<strong>FIN \/ PRENSA Defensor\u00eda<\/strong><\/p>\n\t\t\t\t\t\t\t\t<\/div>\n\t\t\t\t<\/div>\n\t\t\t\t\t<\/div>\n\t\t<\/div>\n\t\t\t\t\t<\/div>\n\t\t<\/section>\n\t\t\t\t<\/div>\n\t\t","protected":false},"excerpt":{"rendered":"<p>(La Guaira\/04-Sep-24)\u00a0La Defensor\u00eda delegada del estado La Guaira particip\u00f3 en varias actividades para promover y garantizar los derechos humanos en la regi\u00f3n. Es as\u00ed como la\u00a0Defensora del Pueblo delegada del&hellip; <\/p>\n","protected":false},"author":5,"featured_media":6726,"comment_status":"closed","ping_status":"closed","sticky":false,"template":"","format":"standard","meta":{"footnotes":""},"categories":[5],"tags":[],"class_list":["post-6723","post","type-post","status-publish","format-standard","has-post-thumbnail","hentry","category-regionales"],"yoast_head":"<!-- This site is optimized with the Yoast SEO plugin v27.4 - https:\/\/yoast.com\/product\/yoast-seo-wordpress\/ -->\n<title>Delegada de La Guaira entreg\u00f3 certificados e imparti\u00f3 clase magistral de DD.HH. -<\/title>\n<meta name=\"robots\" content=\"index, follow, max-snippet:-1, max-image-preview:large, max-video-preview:-1\" \/>\n<link rel=\"canonical\" href=\"http:\/\/www.defensoria.gob.ve\/?p=6723\" \/>\n<meta property=\"og:locale\" content=\"es_ES\" \/>\n<meta property=\"og:type\" content=\"article\" \/>\n<meta property=\"og:title\" content=\"Delegada de La Guaira entreg\u00f3 certificados e imparti\u00f3 clase magistral de DD.HH. -\" \/>\n<meta property=\"og:description\" content=\"(La Guaira\/04-Sep-24)\u00a0La Defensor\u00eda delegada del estado La Guaira particip\u00f3 en varias actividades para promover y garantizar los derechos humanos en la regi\u00f3n. Es as\u00ed como la\u00a0Defensora del Pueblo delegada del&hellip;\" \/>\n<meta property=\"og:url\" content=\"http:\/\/www.defensoria.gob.ve\/?p=6723\" \/>\n<meta property=\"article:published_time\" content=\"2024-09-04T20:12:53+00:00\" \/>\n<meta property=\"article:modified_time\" content=\"2024-09-04T20:13:19+00:00\" \/>\n<meta property=\"og:image\" content=\"http:\/\/www.defensoria.gob.ve\/wp-content\/uploads\/2024\/09\/la-gauira-3.png\" \/>\n\t<meta property=\"og:image:width\" content=\"771\" \/>\n\t<meta property=\"og:image:height\" content=\"546\" \/>\n\t<meta property=\"og:image:type\" content=\"image\/png\" \/>\n<meta name=\"author\" content=\"JC.\" \/>\n<meta name=\"twitter:card\" content=\"summary_large_image\" \/>\n<meta name=\"twitter:label1\" content=\"Escrito por\" \/>\n\t<meta name=\"twitter:data1\" content=\"JC.\" \/>\n\t<meta name=\"twitter:label2\" content=\"Tiempo estimado de lectura\" \/>\n\t<meta name=\"twitter:data2\" content=\"2 minutos\" \/>\n<script type=\"application\/ld+json\" class=\"yoast-schema-graph\">{\"@context\":\"https:\\\/\\\/schema.org\",\"@graph\":[{\"@type\":\"Article\",\"@id\":\"http:\\\/\\\/www.defensoria.gob.ve\\\/?p=6723#article\",\"isPartOf\":{\"@id\":\"http:\\\/\\\/www.defensoria.gob.ve\\\/?p=6723\"},\"author\":{\"name\":\"JC.\",\"@id\":\"http:\\\/\\\/www.defensoria.gob.ve\\\/#\\\/schema\\\/person\\\/fba14293189d7b1933ac7fba9d89e24a\"},\"headline\":\"Delegada de La Guaira entreg\u00f3 certificados e imparti\u00f3 clase magistral de DD.HH.\",\"datePublished\":\"2024-09-04T20:12:53+00:00\",\"dateModified\":\"2024-09-04T20:13:19+00:00\",\"mainEntityOfPage\":{\"@id\":\"http:\\\/\\\/www.defensoria.gob.ve\\\/?p=6723\"},\"wordCount\":304,\"image\":{\"@id\":\"http:\\\/\\\/www.defensoria.gob.ve\\\/?p=6723#primaryimage\"},\"thumbnailUrl\":\"http:\\\/\\\/www.defensoria.gob.ve\\\/wp-content\\\/uploads\\\/2024\\\/09\\\/la-gauira-3.png\",\"articleSection\":[\"REGIONALES\"],\"inLanguage\":\"es\"},{\"@type\":\"WebPage\",\"@id\":\"http:\\\/\\\/www.defensoria.gob.ve\\\/?p=6723\",\"url\":\"http:\\\/\\\/www.defensoria.gob.ve\\\/?p=6723\",\"name\":\"Delegada de La Guaira entreg\u00f3 certificados e imparti\u00f3 clase magistral de DD.HH. -\",\"isPartOf\":{\"@id\":\"http:\\\/\\\/www.defensoria.gob.ve\\\/#website\"},\"primaryImageOfPage\":{\"@id\":\"http:\\\/\\\/www.defensoria.gob.ve\\\/?p=6723#primaryimage\"},\"image\":{\"@id\":\"http:\\\/\\\/www.defensoria.gob.ve\\\/?p=6723#primaryimage\"},\"thumbnailUrl\":\"http:\\\/\\\/www.defensoria.gob.ve\\\/wp-content\\\/uploads\\\/2024\\\/09\\\/la-gauira-3.png\",\"datePublished\":\"2024-09-04T20:12:53+00:00\",\"dateModified\":\"2024-09-04T20:13:19+00:00\",\"author\":{\"@id\":\"http:\\\/\\\/www.defensoria.gob.ve\\\/#\\\/schema\\\/person\\\/fba14293189d7b1933ac7fba9d89e24a\"},\"breadcrumb\":{\"@id\":\"http:\\\/\\\/www.defensoria.gob.ve\\\/?p=6723#breadcrumb\"},\"inLanguage\":\"es\",\"potentialAction\":[{\"@type\":\"ReadAction\",\"target\":[\"http:\\\/\\\/www.defensoria.gob.ve\\\/?p=6723\"]}]},{\"@type\":\"ImageObject\",\"inLanguage\":\"es\",\"@id\":\"http:\\\/\\\/www.defensoria.gob.ve\\\/?p=6723#primaryimage\",\"url\":\"http:\\\/\\\/www.defensoria.gob.ve\\\/wp-content\\\/uploads\\\/2024\\\/09\\\/la-gauira-3.png\",\"contentUrl\":\"http:\\\/\\\/www.defensoria.gob.ve\\\/wp-content\\\/uploads\\\/2024\\\/09\\\/la-gauira-3.png\",\"width\":771,\"height\":546},{\"@type\":\"BreadcrumbList\",\"@id\":\"http:\\\/\\\/www.defensoria.gob.ve\\\/?p=6723#breadcrumb\",\"itemListElement\":[{\"@type\":\"ListItem\",\"position\":1,\"name\":\"Portada\",\"item\":\"http:\\\/\\\/www.defensoria.gob.ve\\\/\"},{\"@type\":\"ListItem\",\"position\":2,\"name\":\"Delegada de La Guaira entreg\u00f3 certificados e imparti\u00f3 clase magistral de DD.HH.\"}]},{\"@type\":\"WebSite\",\"@id\":\"http:\\\/\\\/www.defensoria.gob.ve\\\/#website\",\"url\":\"http:\\\/\\\/www.defensoria.gob.ve\\\/\",\"name\":\"\",\"description\":\"Instituci\u00f3n del Poder Ciudadano para la Promoci\u00f3n, Defensa y Vigilancia de los Derechos Humanos. \",\"potentialAction\":[{\"@type\":\"SearchAction\",\"target\":{\"@type\":\"EntryPoint\",\"urlTemplate\":\"http:\\\/\\\/www.defensoria.gob.ve\\\/?s={search_term_string}\"},\"query-input\":{\"@type\":\"PropertyValueSpecification\",\"valueRequired\":true,\"valueName\":\"search_term_string\"}}],\"inLanguage\":\"es\"},{\"@type\":\"Person\",\"@id\":\"http:\\\/\\\/www.defensoria.gob.ve\\\/#\\\/schema\\\/person\\\/fba14293189d7b1933ac7fba9d89e24a\",\"name\":\"JC.\",\"image\":{\"@type\":\"ImageObject\",\"inLanguage\":\"es\",\"@id\":\"https:\\\/\\\/secure.gravatar.com\\\/avatar\\\/f398a4de948606b38f0299d90ca738c674b648694bc725ed46503c240269dbf8?s=96&d=mm&r=g\",\"url\":\"https:\\\/\\\/secure.gravatar.com\\\/avatar\\\/f398a4de948606b38f0299d90ca738c674b648694bc725ed46503c240269dbf8?s=96&d=mm&r=g\",\"contentUrl\":\"https:\\\/\\\/secure.gravatar.com\\\/avatar\\\/f398a4de948606b38f0299d90ca738c674b648694bc725ed46503c240269dbf8?s=96&d=mm&r=g\",\"caption\":\"JC.\"},\"url\":\"http:\\\/\\\/www.defensoria.gob.ve\\\/?author=5\"}]}<\/script>\n<!-- \/ Yoast SEO plugin. -->","yoast_head_json":{"title":"Delegada de La Guaira entreg\u00f3 certificados e imparti\u00f3 clase magistral de DD.HH. -","robots":{"index":"index","follow":"follow","max-snippet":"max-snippet:-1","max-image-preview":"max-image-preview:large","max-video-preview":"max-video-preview:-1"},"canonical":"http:\/\/www.defensoria.gob.ve\/?p=6723","og_locale":"es_ES","og_type":"article","og_title":"Delegada de La Guaira entreg\u00f3 certificados e imparti\u00f3 clase magistral de DD.HH. -","og_description":"(La Guaira\/04-Sep-24)\u00a0La Defensor\u00eda delegada del estado La Guaira particip\u00f3 en varias actividades para promover y garantizar los derechos humanos en la regi\u00f3n. Es as\u00ed como la\u00a0Defensora del Pueblo delegada del&hellip;","og_url":"http:\/\/www.defensoria.gob.ve\/?p=6723","article_published_time":"2024-09-04T20:12:53+00:00","article_modified_time":"2024-09-04T20:13:19+00:00","og_image":[{"width":771,"height":546,"url":"http:\/\/www.defensoria.gob.ve\/wp-content\/uploads\/2024\/09\/la-gauira-3.png","type":"image\/png"}],"author":"JC.","twitter_card":"summary_large_image","twitter_misc":{"Escrito por":"JC.","Tiempo estimado de lectura":"2 minutos"},"schema":{"@context":"https:\/\/schema.org","@graph":[{"@type":"Article","@id":"http:\/\/www.defensoria.gob.ve\/?p=6723#article","isPartOf":{"@id":"http:\/\/www.defensoria.gob.ve\/?p=6723"},"author":{"name":"JC.","@id":"http:\/\/www.defensoria.gob.ve\/#\/schema\/person\/fba14293189d7b1933ac7fba9d89e24a"},"headline":"Delegada de La Guaira entreg\u00f3 certificados e imparti\u00f3 clase magistral de DD.HH.","datePublished":"2024-09-04T20:12:53+00:00","dateModified":"2024-09-04T20:13:19+00:00","mainEntityOfPage":{"@id":"http:\/\/www.defensoria.gob.ve\/?p=6723"},"wordCount":304,"image":{"@id":"http:\/\/www.defensoria.gob.ve\/?p=6723#primaryimage"},"thumbnailUrl":"http:\/\/www.defensoria.gob.ve\/wp-content\/uploads\/2024\/09\/la-gauira-3.png","articleSection":["REGIONALES"],"inLanguage":"es"},{"@type":"WebPage","@id":"http:\/\/www.defensoria.gob.ve\/?p=6723","url":"http:\/\/www.defensoria.gob.ve\/?p=6723","name":"Delegada de La Guaira entreg\u00f3 certificados e imparti\u00f3 clase magistral de DD.HH. -","isPartOf":{"@id":"http:\/\/www.defensoria.gob.ve\/#website"},"primaryImageOfPage":{"@id":"http:\/\/www.defensoria.gob.ve\/?p=6723#primaryimage"},"image":{"@id":"http:\/\/www.defensoria.gob.ve\/?p=6723#primaryimage"},"thumbnailUrl":"http:\/\/www.defensoria.gob.ve\/wp-content\/uploads\/2024\/09\/la-gauira-3.png","datePublished":"2024-09-04T20:12:53+00:00","dateModified":"2024-09-04T20:13:19+00:00","author":{"@id":"http:\/\/www.defensoria.gob.ve\/#\/schema\/person\/fba14293189d7b1933ac7fba9d89e24a"},"breadcrumb":{"@id":"http:\/\/www.defensoria.gob.ve\/?p=6723#breadcrumb"},"inLanguage":"es","potentialAction":[{"@type":"ReadAction","target":["http:\/\/www.defensoria.gob.ve\/?p=6723"]}]},{"@type":"ImageObject","inLanguage":"es","@id":"http:\/\/www.defensoria.gob.ve\/?p=6723#primaryimage","url":"http:\/\/www.defensoria.gob.ve\/wp-content\/uploads\/2024\/09\/la-gauira-3.png","contentUrl":"http:\/\/www.defensoria.gob.ve\/wp-content\/uploads\/2024\/09\/la-gauira-3.png","width":771,"height":546},{"@type":"BreadcrumbList","@id":"http:\/\/www.defensoria.gob.ve\/?p=6723#breadcrumb","itemListElement":[{"@type":"ListItem","position":1,"name":"Portada","item":"http:\/\/www.defensoria.gob.ve\/"},{"@type":"ListItem","position":2,"name":"Delegada de La Guaira entreg\u00f3 certificados e imparti\u00f3 clase magistral de DD.HH."}]},{"@type":"WebSite","@id":"http:\/\/www.defensoria.gob.ve\/#website","url":"http:\/\/www.defensoria.gob.ve\/","name":"","description":"Instituci\u00f3n del Poder Ciudadano para la Promoci\u00f3n, Defensa y Vigilancia de los Derechos Humanos. ","potentialAction":[{"@type":"SearchAction","target":{"@type":"EntryPoint","urlTemplate":"http:\/\/www.defensoria.gob.ve\/?s={search_term_string}"},"query-input":{"@type":"PropertyValueSpecification","valueRequired":true,"valueName":"search_term_string"}}],"inLanguage":"es"},{"@type":"Person","@id":"http:\/\/www.defensoria.gob.ve\/#\/schema\/person\/fba14293189d7b1933ac7fba9d89e24a","name":"JC.","image":{"@type":"ImageObject","inLanguage":"es","@id":"https:\/\/secure.gravatar.com\/avatar\/f398a4de948606b38f0299d90ca738c674b648694bc725ed46503c240269dbf8?s=96&d=mm&r=g","url":"https:\/\/secure.gravatar.com\/avatar\/f398a4de948606b38f0299d90ca738c674b648694bc725ed46503c240269dbf8?s=96&d=mm&r=g","contentUrl":"https:\/\/secure.gravatar.com\/avatar\/f398a4de948606b38f0299d90ca738c674b648694bc725ed46503c240269dbf8?s=96&d=mm&r=g","caption":"JC."},"url":"http:\/\/www.defensoria.gob.ve\/?author=5"}]}},"_links":{"self":[{"href":"http:\/\/www.defensoria.gob.ve\/index.php?rest_route=\/wp\/v2\/posts\/6723","targetHints":{"allow":["GET"]}}],"collection":[{"href":"http:\/\/www.defensoria.gob.ve\/index.php?rest_route=\/wp\/v2\/posts"}],"about":[{"href":"http:\/\/www.defensoria.gob.ve\/index.php?rest_route=\/wp\/v2\/types\/post"}],"author":[{"embeddable":true,"href":"http:\/\/www.defensoria.gob.ve\/index.php?rest_route=\/wp\/v2\/users\/5"}],"replies":[{"embeddable":true,"href":"http:\/\/www.defensoria.gob.ve\/index.php?rest_route=%2Fwp%2Fv2%2Fcomments&post=6723"}],"version-history":[{"count":4,"href":"http:\/\/www.defensoria.gob.ve\/index.php?rest_route=\/wp\/v2\/posts\/6723\/revisions"}],"predecessor-version":[{"id":6731,"href":"http:\/\/www.defensoria.gob.ve\/index.php?rest_route=\/wp\/v2\/posts\/6723\/revisions\/6731"}],"wp:featuredmedia":[{"embeddable":true,"href":"http:\/\/www.defensoria.gob.ve\/index.php?rest_route=\/wp\/v2\/media\/6726"}],"wp:attachment":[{"href":"http:\/\/www.defensoria.gob.ve\/index.php?rest_route=%2Fwp%2Fv2%2Fmedia&parent=6723"}],"wp:term":[{"taxonomy":"category","embeddable":true,"href":"http:\/\/www.defensoria.gob.ve\/index.php?rest_route=%2Fwp%2Fv2%2Fcategories&post=6723"},{"taxonomy":"post_tag","embeddable":true,"href":"http:\/\/www.defensoria.gob.ve\/index.php?rest_route=%2Fwp%2Fv2%2Ftags&post=6723"}],"curies":[{"name":"wp","href":"https:\/\/api.w.org\/{rel}","templated":true}]}}