 
{"id":6734,"date":"2024-09-04T17:45:56","date_gmt":"2024-09-04T21:45:56","guid":{"rendered":"http:\/\/www.defensoria.gob.ve\/?p=6734"},"modified":"2024-09-04T17:46:20","modified_gmt":"2024-09-04T21:46:20","slug":"defensor-del-pueblo-acompano-al-diputado-a-la-an-carlos-sierra-en-la-presentacion-de-su-libro-con-que-moral","status":"publish","type":"post","link":"http:\/\/www.defensoria.gob.ve\/?p=6734","title":{"rendered":"Defensor del Pueblo acompa\u00f1\u00f3 al diputado a la AN Carlos Sierra en la presentaci\u00f3n de su libro: \u00bfCon qu\u00e9 moral?"},"content":{"rendered":"\t\t<div data-elementor-type=\"wp-post\" data-elementor-id=\"6734\" class=\"elementor elementor-6734\">\n\t\t\t\t\t\t<section class=\"elementor-section elementor-top-section elementor-element elementor-element-38540825 elementor-section-boxed elementor-section-height-default elementor-section-height-default\" data-id=\"38540825\" data-element_type=\"section\" data-e-type=\"section\">\n\t\t\t\t\t\t<div class=\"elementor-container elementor-column-gap-default\">\n\t\t\t\t\t<div class=\"elementor-column elementor-col-100 elementor-top-column elementor-element elementor-element-107958bf\" data-id=\"107958bf\" data-element_type=\"column\" data-e-type=\"column\">\n\t\t\t<div class=\"elementor-widget-wrap elementor-element-populated\">\n\t\t\t\t\t\t<div class=\"elementor-element elementor-element-12ee75b3 elementor-widget elementor-widget-text-editor\" data-id=\"12ee75b3\" data-element_type=\"widget\" data-e-type=\"widget\" data-widget_type=\"text-editor.default\">\n\t\t\t\t<div class=\"elementor-widget-container\">\n\t\t\t\t\t\t\t\t\t\n<p><strong>(08-Sep-2024)<\/strong> Este martes 04 de septiembre, en las instalaciones de la Defensor\u00eda del Pueblo en el Centro Financiero Latino, el Diputado a la Asamblea Nacional y comunicador social, Carlos Sierra, present\u00f3 el libro: \u00bfCon qu\u00e9 moral?, \u00e9tica y valores para una nueva \u00e9poca.<\/p>\n\n\n\n<p>En la presentaci\u00f3n del libro estaban presentes el Defensor del Pueblo, Alfredo Ruiz; el Contralor General de la Rep\u00fablica, Jhosnel Peraza y la Secretaria Permanente del Consejo Moral Republicano, Dra. Milagros Salcedo, una obra publicada por la editorial Vadell Hermanos Editores.<\/p>\n\n\n\n<figure class=\"wp-block-image size-full\"><img fetchpriority=\"high\" decoding=\"async\" width=\"945\" height=\"616\" src=\"http:\/\/www.defensoria.gob.ve\/wp-content\/uploads\/2024\/09\/Con-que-moral-4.png\" alt=\"\" class=\"wp-image-6735\" srcset=\"http:\/\/www.defensoria.gob.ve\/wp-content\/uploads\/2024\/09\/Con-que-moral-4.png 945w, http:\/\/www.defensoria.gob.ve\/wp-content\/uploads\/2024\/09\/Con-que-moral-4-300x196.png 300w, http:\/\/www.defensoria.gob.ve\/wp-content\/uploads\/2024\/09\/Con-que-moral-4-768x501.png 768w\" sizes=\"(max-width: 945px) 100vw, 945px\" \/><\/figure>\n\n\n\n<p>El Defensor del Pueblo destac\u00f3 que se trata de un libro de especial inter\u00e9s para las servidoras y servidores p\u00fablicos porque habla de la \u00e9tica p\u00fablica y la moral, particularmente de la \u00e9tica de la cotidianidad que se expresa en la labor que a diario cumplen los funcionarios y funcionarias en su funci\u00f3n p\u00fablica.<\/p>\n\n\n\n<p>Por ello, acot\u00f3 que se deben promover los valores y la moral para ser cada d\u00eda mejores servidores p\u00fablicos, y seguir mejorando en la atenci\u00f3n y el servicio que se presta a quienes acuden a las instituciones del Estado venezolano.<\/p>\n\n\n\n<p>El Contralor General de la Rep\u00fablica (E), Jhosnel Peraza, indic\u00f3 que se debe mantener la vocaci\u00f3n de ser servidores p\u00fablicos, y seguir fomentando la revoluci\u00f3n pedag\u00f3gica, de continuar formando a los funcionarios y funcionarias para un mejor desempe\u00f1o en sus funciones en el cargo que ocupan en la administraci\u00f3n p\u00fablica.<\/p>\n\n\n\n<figure class=\"wp-block-image size-full\"><img decoding=\"async\" width=\"946\" height=\"630\" src=\"http:\/\/www.defensoria.gob.ve\/wp-content\/uploads\/2024\/09\/Con-que-moral-1.png\" alt=\"\" class=\"wp-image-6736\" srcset=\"http:\/\/www.defensoria.gob.ve\/wp-content\/uploads\/2024\/09\/Con-que-moral-1.png 946w, http:\/\/www.defensoria.gob.ve\/wp-content\/uploads\/2024\/09\/Con-que-moral-1-300x200.png 300w, http:\/\/www.defensoria.gob.ve\/wp-content\/uploads\/2024\/09\/Con-que-moral-1-768x511.png 768w\" sizes=\"(max-width: 946px) 100vw, 946px\" \/><\/figure>\n\n\n\n<p>Por su parte, Valentina Vadell, representante de Vadell Hermanos Editores, se\u00f1al\u00f3 que esta obra destaca por contar con tres pr\u00f3logos, uno de Aleida Guevara March, hija del comandante Ernesto \u201cCh\u00e9\u201d Guevara; otro de Fernando Soto Rojas, referente a la moral y \u00e9tica revolucionaria y otro del Padre Numa Molina, quien habla de la \u00e9tica espiritual y la moral.<\/p>\n\n\n\n<p>Por \u00faltimo, Carlos Sierra, asegur\u00f3 que la sociedad necesita de ciudadanos y ciudadanas con valores \u00e9ticos, pues hay que predicar con el ejemplo para ser buenos servidores y servidoras p\u00fablicas y actuar con conciencia social.<\/p>\n\n\n\n<figure class=\"wp-block-image size-full\"><img decoding=\"async\" width=\"958\" height=\"639\" src=\"http:\/\/www.defensoria.gob.ve\/wp-content\/uploads\/2024\/09\/Con-que-moral-3.png\" alt=\"\" class=\"wp-image-6737\" srcset=\"http:\/\/www.defensoria.gob.ve\/wp-content\/uploads\/2024\/09\/Con-que-moral-3.png 958w, http:\/\/www.defensoria.gob.ve\/wp-content\/uploads\/2024\/09\/Con-que-moral-3-300x200.png 300w, http:\/\/www.defensoria.gob.ve\/wp-content\/uploads\/2024\/09\/Con-que-moral-3-768x512.png 768w\" sizes=\"(max-width: 958px) 100vw, 958px\" \/><\/figure>\n\n\n\n<p>Sierra explic\u00f3 que este es un libro muy sencillo de leer y que hace referencia a la importancia de fortalecer los valores \u00e9ticos y morales en la Patria en esta nueva \u00e9poca, en distintos sectores como la educaci\u00f3n, la salud, la administraci\u00f3n p\u00fablica, entre otros.<\/p>\n\n\n\n<p>Asimismo, propuso a los integrantes del Poder Ciudadano presentes crear y organizar las \u201cBrigadas de valores\u201d, as\u00ed como grupos de discusi\u00f3n sobre el libro \u00bfCon qu\u00e9 moral?, \u00e9tica y valores para una nueva \u00e9poca. Adem\u00e1s de campa\u00f1as sobre los valores y la importancia de la \u00e9tica p\u00fablica en las servidoras y servidores p\u00fablicos. FIN \/ PRENSA Defensor\u00eda<\/p>\n\t\t\t\t\t\t\t\t<\/div>\n\t\t\t\t<\/div>\n\t\t\t\t\t<\/div>\n\t\t<\/div>\n\t\t\t\t\t<\/div>\n\t\t<\/section>\n\t\t\t\t<\/div>\n\t\t","protected":false},"excerpt":{"rendered":"<p>(08-Sep-2024) Este martes 04 de septiembre, en las instalaciones de la Defensor\u00eda del Pueblo en el Centro Financiero Latino, el Diputado a la Asamblea Nacional y comunicador social, Carlos Sierra,&hellip; <\/p>\n","protected":false},"author":5,"featured_media":6738,"comment_status":"closed","ping_status":"closed","sticky":false,"template":"","format":"standard","meta":{"footnotes":""},"categories":[3],"tags":[],"class_list":["post-6734","post","type-post","status-publish","format-standard","has-post-thumbnail","hentry","category-centrales"],"yoast_head":"<!-- This site is optimized with the Yoast SEO plugin v27.4 - https:\/\/yoast.com\/product\/yoast-seo-wordpress\/ -->\n<title>Defensor del Pueblo acompa\u00f1\u00f3 al diputado a la AN Carlos Sierra en la presentaci\u00f3n de su libro: \u00bfCon qu\u00e9 moral? -<\/title>\n<meta name=\"robots\" content=\"index, follow, max-snippet:-1, max-image-preview:large, max-video-preview:-1\" \/>\n<link rel=\"canonical\" href=\"http:\/\/www.defensoria.gob.ve\/?p=6734\" \/>\n<meta property=\"og:locale\" content=\"es_ES\" \/>\n<meta property=\"og:type\" content=\"article\" \/>\n<meta property=\"og:title\" content=\"Defensor del Pueblo acompa\u00f1\u00f3 al diputado a la AN Carlos Sierra en la presentaci\u00f3n de su libro: \u00bfCon qu\u00e9 moral? -\" \/>\n<meta property=\"og:description\" content=\"(08-Sep-2024) Este martes 04 de septiembre, en las instalaciones de la Defensor\u00eda del Pueblo en el Centro Financiero Latino, el Diputado a la Asamblea Nacional y comunicador social, Carlos Sierra,&hellip;\" \/>\n<meta property=\"og:url\" content=\"http:\/\/www.defensoria.gob.ve\/?p=6734\" \/>\n<meta property=\"article:published_time\" content=\"2024-09-04T21:45:56+00:00\" \/>\n<meta property=\"article:modified_time\" content=\"2024-09-04T21:46:20+00:00\" \/>\n<meta property=\"og:image\" content=\"http:\/\/www.defensoria.gob.ve\/wp-content\/uploads\/2024\/09\/Con-que-moral-2.png\" \/>\n\t<meta property=\"og:image:width\" content=\"960\" \/>\n\t<meta property=\"og:image:height\" content=\"629\" \/>\n\t<meta property=\"og:image:type\" content=\"image\/png\" \/>\n<meta name=\"author\" content=\"JC.\" \/>\n<meta name=\"twitter:card\" content=\"summary_large_image\" \/>\n<meta name=\"twitter:label1\" content=\"Escrito por\" \/>\n\t<meta name=\"twitter:data1\" content=\"JC.\" \/>\n\t<meta name=\"twitter:label2\" content=\"Tiempo estimado de lectura\" \/>\n\t<meta name=\"twitter:data2\" content=\"3 minutos\" \/>\n<script type=\"application\/ld+json\" class=\"yoast-schema-graph\">{\"@context\":\"https:\\\/\\\/schema.org\",\"@graph\":[{\"@type\":\"Article\",\"@id\":\"http:\\\/\\\/www.defensoria.gob.ve\\\/?p=6734#article\",\"isPartOf\":{\"@id\":\"http:\\\/\\\/www.defensoria.gob.ve\\\/?p=6734\"},\"author\":{\"name\":\"JC.\",\"@id\":\"http:\\\/\\\/www.defensoria.gob.ve\\\/#\\\/schema\\\/person\\\/fba14293189d7b1933ac7fba9d89e24a\"},\"headline\":\"Defensor del Pueblo acompa\u00f1\u00f3 al diputado a la AN Carlos Sierra en la presentaci\u00f3n de su libro: \u00bfCon qu\u00e9 moral?\",\"datePublished\":\"2024-09-04T21:45:56+00:00\",\"dateModified\":\"2024-09-04T21:46:20+00:00\",\"mainEntityOfPage\":{\"@id\":\"http:\\\/\\\/www.defensoria.gob.ve\\\/?p=6734\"},\"wordCount\":473,\"image\":{\"@id\":\"http:\\\/\\\/www.defensoria.gob.ve\\\/?p=6734#primaryimage\"},\"thumbnailUrl\":\"http:\\\/\\\/www.defensoria.gob.ve\\\/wp-content\\\/uploads\\\/2024\\\/09\\\/Con-que-moral-2.png\",\"articleSection\":[\"CENTRALES\"],\"inLanguage\":\"es\"},{\"@type\":\"WebPage\",\"@id\":\"http:\\\/\\\/www.defensoria.gob.ve\\\/?p=6734\",\"url\":\"http:\\\/\\\/www.defensoria.gob.ve\\\/?p=6734\",\"name\":\"Defensor del Pueblo acompa\u00f1\u00f3 al diputado a la AN Carlos Sierra en la presentaci\u00f3n de su libro: \u00bfCon qu\u00e9 moral? -\",\"isPartOf\":{\"@id\":\"http:\\\/\\\/www.defensoria.gob.ve\\\/#website\"},\"primaryImageOfPage\":{\"@id\":\"http:\\\/\\\/www.defensoria.gob.ve\\\/?p=6734#primaryimage\"},\"image\":{\"@id\":\"http:\\\/\\\/www.defensoria.gob.ve\\\/?p=6734#primaryimage\"},\"thumbnailUrl\":\"http:\\\/\\\/www.defensoria.gob.ve\\\/wp-content\\\/uploads\\\/2024\\\/09\\\/Con-que-moral-2.png\",\"datePublished\":\"2024-09-04T21:45:56+00:00\",\"dateModified\":\"2024-09-04T21:46:20+00:00\",\"author\":{\"@id\":\"http:\\\/\\\/www.defensoria.gob.ve\\\/#\\\/schema\\\/person\\\/fba14293189d7b1933ac7fba9d89e24a\"},\"breadcrumb\":{\"@id\":\"http:\\\/\\\/www.defensoria.gob.ve\\\/?p=6734#breadcrumb\"},\"inLanguage\":\"es\",\"potentialAction\":[{\"@type\":\"ReadAction\",\"target\":[\"http:\\\/\\\/www.defensoria.gob.ve\\\/?p=6734\"]}]},{\"@type\":\"ImageObject\",\"inLanguage\":\"es\",\"@id\":\"http:\\\/\\\/www.defensoria.gob.ve\\\/?p=6734#primaryimage\",\"url\":\"http:\\\/\\\/www.defensoria.gob.ve\\\/wp-content\\\/uploads\\\/2024\\\/09\\\/Con-que-moral-2.png\",\"contentUrl\":\"http:\\\/\\\/www.defensoria.gob.ve\\\/wp-content\\\/uploads\\\/2024\\\/09\\\/Con-que-moral-2.png\",\"width\":960,\"height\":629},{\"@type\":\"BreadcrumbList\",\"@id\":\"http:\\\/\\\/www.defensoria.gob.ve\\\/?p=6734#breadcrumb\",\"itemListElement\":[{\"@type\":\"ListItem\",\"position\":1,\"name\":\"Portada\",\"item\":\"http:\\\/\\\/www.defensoria.gob.ve\\\/\"},{\"@type\":\"ListItem\",\"position\":2,\"name\":\"Defensor del Pueblo acompa\u00f1\u00f3 al diputado a la AN Carlos Sierra en la presentaci\u00f3n de su libro: \u00bfCon qu\u00e9 moral?\"}]},{\"@type\":\"WebSite\",\"@id\":\"http:\\\/\\\/www.defensoria.gob.ve\\\/#website\",\"url\":\"http:\\\/\\\/www.defensoria.gob.ve\\\/\",\"name\":\"\",\"description\":\"Instituci\u00f3n del Poder Ciudadano para la Promoci\u00f3n, Defensa y Vigilancia de los Derechos Humanos. \",\"potentialAction\":[{\"@type\":\"SearchAction\",\"target\":{\"@type\":\"EntryPoint\",\"urlTemplate\":\"http:\\\/\\\/www.defensoria.gob.ve\\\/?s={search_term_string}\"},\"query-input\":{\"@type\":\"PropertyValueSpecification\",\"valueRequired\":true,\"valueName\":\"search_term_string\"}}],\"inLanguage\":\"es\"},{\"@type\":\"Person\",\"@id\":\"http:\\\/\\\/www.defensoria.gob.ve\\\/#\\\/schema\\\/person\\\/fba14293189d7b1933ac7fba9d89e24a\",\"name\":\"JC.\",\"image\":{\"@type\":\"ImageObject\",\"inLanguage\":\"es\",\"@id\":\"https:\\\/\\\/secure.gravatar.com\\\/avatar\\\/f398a4de948606b38f0299d90ca738c674b648694bc725ed46503c240269dbf8?s=96&d=mm&r=g\",\"url\":\"https:\\\/\\\/secure.gravatar.com\\\/avatar\\\/f398a4de948606b38f0299d90ca738c674b648694bc725ed46503c240269dbf8?s=96&d=mm&r=g\",\"contentUrl\":\"https:\\\/\\\/secure.gravatar.com\\\/avatar\\\/f398a4de948606b38f0299d90ca738c674b648694bc725ed46503c240269dbf8?s=96&d=mm&r=g\",\"caption\":\"JC.\"},\"url\":\"http:\\\/\\\/www.defensoria.gob.ve\\\/?author=5\"}]}<\/script>\n<!-- \/ Yoast SEO plugin. -->","yoast_head_json":{"title":"Defensor del Pueblo acompa\u00f1\u00f3 al diputado a la AN Carlos Sierra en la presentaci\u00f3n de su libro: \u00bfCon qu\u00e9 moral? -","robots":{"index":"index","follow":"follow","max-snippet":"max-snippet:-1","max-image-preview":"max-image-preview:large","max-video-preview":"max-video-preview:-1"},"canonical":"http:\/\/www.defensoria.gob.ve\/?p=6734","og_locale":"es_ES","og_type":"article","og_title":"Defensor del Pueblo acompa\u00f1\u00f3 al diputado a la AN Carlos Sierra en la presentaci\u00f3n de su libro: \u00bfCon qu\u00e9 moral? -","og_description":"(08-Sep-2024) Este martes 04 de septiembre, en las instalaciones de la Defensor\u00eda del Pueblo en el Centro Financiero Latino, el Diputado a la Asamblea Nacional y comunicador social, Carlos Sierra,&hellip;","og_url":"http:\/\/www.defensoria.gob.ve\/?p=6734","article_published_time":"2024-09-04T21:45:56+00:00","article_modified_time":"2024-09-04T21:46:20+00:00","og_image":[{"width":960,"height":629,"url":"http:\/\/www.defensoria.gob.ve\/wp-content\/uploads\/2024\/09\/Con-que-moral-2.png","type":"image\/png"}],"author":"JC.","twitter_card":"summary_large_image","twitter_misc":{"Escrito por":"JC.","Tiempo estimado de lectura":"3 minutos"},"schema":{"@context":"https:\/\/schema.org","@graph":[{"@type":"Article","@id":"http:\/\/www.defensoria.gob.ve\/?p=6734#article","isPartOf":{"@id":"http:\/\/www.defensoria.gob.ve\/?p=6734"},"author":{"name":"JC.","@id":"http:\/\/www.defensoria.gob.ve\/#\/schema\/person\/fba14293189d7b1933ac7fba9d89e24a"},"headline":"Defensor del Pueblo acompa\u00f1\u00f3 al diputado a la AN Carlos Sierra en la presentaci\u00f3n de su libro: \u00bfCon qu\u00e9 moral?","datePublished":"2024-09-04T21:45:56+00:00","dateModified":"2024-09-04T21:46:20+00:00","mainEntityOfPage":{"@id":"http:\/\/www.defensoria.gob.ve\/?p=6734"},"wordCount":473,"image":{"@id":"http:\/\/www.defensoria.gob.ve\/?p=6734#primaryimage"},"thumbnailUrl":"http:\/\/www.defensoria.gob.ve\/wp-content\/uploads\/2024\/09\/Con-que-moral-2.png","articleSection":["CENTRALES"],"inLanguage":"es"},{"@type":"WebPage","@id":"http:\/\/www.defensoria.gob.ve\/?p=6734","url":"http:\/\/www.defensoria.gob.ve\/?p=6734","name":"Defensor del Pueblo acompa\u00f1\u00f3 al diputado a la AN Carlos Sierra en la presentaci\u00f3n de su libro: \u00bfCon qu\u00e9 moral? -","isPartOf":{"@id":"http:\/\/www.defensoria.gob.ve\/#website"},"primaryImageOfPage":{"@id":"http:\/\/www.defensoria.gob.ve\/?p=6734#primaryimage"},"image":{"@id":"http:\/\/www.defensoria.gob.ve\/?p=6734#primaryimage"},"thumbnailUrl":"http:\/\/www.defensoria.gob.ve\/wp-content\/uploads\/2024\/09\/Con-que-moral-2.png","datePublished":"2024-09-04T21:45:56+00:00","dateModified":"2024-09-04T21:46:20+00:00","author":{"@id":"http:\/\/www.defensoria.gob.ve\/#\/schema\/person\/fba14293189d7b1933ac7fba9d89e24a"},"breadcrumb":{"@id":"http:\/\/www.defensoria.gob.ve\/?p=6734#breadcrumb"},"inLanguage":"es","potentialAction":[{"@type":"ReadAction","target":["http:\/\/www.defensoria.gob.ve\/?p=6734"]}]},{"@type":"ImageObject","inLanguage":"es","@id":"http:\/\/www.defensoria.gob.ve\/?p=6734#primaryimage","url":"http:\/\/www.defensoria.gob.ve\/wp-content\/uploads\/2024\/09\/Con-que-moral-2.png","contentUrl":"http:\/\/www.defensoria.gob.ve\/wp-content\/uploads\/2024\/09\/Con-que-moral-2.png","width":960,"height":629},{"@type":"BreadcrumbList","@id":"http:\/\/www.defensoria.gob.ve\/?p=6734#breadcrumb","itemListElement":[{"@type":"ListItem","position":1,"name":"Portada","item":"http:\/\/www.defensoria.gob.ve\/"},{"@type":"ListItem","position":2,"name":"Defensor del Pueblo acompa\u00f1\u00f3 al diputado a la AN Carlos Sierra en la presentaci\u00f3n de su libro: \u00bfCon qu\u00e9 moral?"}]},{"@type":"WebSite","@id":"http:\/\/www.defensoria.gob.ve\/#website","url":"http:\/\/www.defensoria.gob.ve\/","name":"","description":"Instituci\u00f3n del Poder Ciudadano para la Promoci\u00f3n, Defensa y Vigilancia de los Derechos Humanos. ","potentialAction":[{"@type":"SearchAction","target":{"@type":"EntryPoint","urlTemplate":"http:\/\/www.defensoria.gob.ve\/?s={search_term_string}"},"query-input":{"@type":"PropertyValueSpecification","valueRequired":true,"valueName":"search_term_string"}}],"inLanguage":"es"},{"@type":"Person","@id":"http:\/\/www.defensoria.gob.ve\/#\/schema\/person\/fba14293189d7b1933ac7fba9d89e24a","name":"JC.","image":{"@type":"ImageObject","inLanguage":"es","@id":"https:\/\/secure.gravatar.com\/avatar\/f398a4de948606b38f0299d90ca738c674b648694bc725ed46503c240269dbf8?s=96&d=mm&r=g","url":"https:\/\/secure.gravatar.com\/avatar\/f398a4de948606b38f0299d90ca738c674b648694bc725ed46503c240269dbf8?s=96&d=mm&r=g","contentUrl":"https:\/\/secure.gravatar.com\/avatar\/f398a4de948606b38f0299d90ca738c674b648694bc725ed46503c240269dbf8?s=96&d=mm&r=g","caption":"JC."},"url":"http:\/\/www.defensoria.gob.ve\/?author=5"}]}},"_links":{"self":[{"href":"http:\/\/www.defensoria.gob.ve\/index.php?rest_route=\/wp\/v2\/posts\/6734","targetHints":{"allow":["GET"]}}],"collection":[{"href":"http:\/\/www.defensoria.gob.ve\/index.php?rest_route=\/wp\/v2\/posts"}],"about":[{"href":"http:\/\/www.defensoria.gob.ve\/index.php?rest_route=\/wp\/v2\/types\/post"}],"author":[{"embeddable":true,"href":"http:\/\/www.defensoria.gob.ve\/index.php?rest_route=\/wp\/v2\/users\/5"}],"replies":[{"embeddable":true,"href":"http:\/\/www.defensoria.gob.ve\/index.php?rest_route=%2Fwp%2Fv2%2Fcomments&post=6734"}],"version-history":[{"count":4,"href":"http:\/\/www.defensoria.gob.ve\/index.php?rest_route=\/wp\/v2\/posts\/6734\/revisions"}],"predecessor-version":[{"id":6742,"href":"http:\/\/www.defensoria.gob.ve\/index.php?rest_route=\/wp\/v2\/posts\/6734\/revisions\/6742"}],"wp:featuredmedia":[{"embeddable":true,"href":"http:\/\/www.defensoria.gob.ve\/index.php?rest_route=\/wp\/v2\/media\/6738"}],"wp:attachment":[{"href":"http:\/\/www.defensoria.gob.ve\/index.php?rest_route=%2Fwp%2Fv2%2Fmedia&parent=6734"}],"wp:term":[{"taxonomy":"category","embeddable":true,"href":"http:\/\/www.defensoria.gob.ve\/index.php?rest_route=%2Fwp%2Fv2%2Fcategories&post=6734"},{"taxonomy":"post_tag","embeddable":true,"href":"http:\/\/www.defensoria.gob.ve\/index.php?rest_route=%2Fwp%2Fv2%2Ftags&post=6734"}],"curies":[{"name":"wp","href":"https:\/\/api.w.org\/{rel}","templated":true}]}}