 
{"id":6750,"date":"2024-09-06T13:19:58","date_gmt":"2024-09-06T17:19:58","guid":{"rendered":"http:\/\/www.defensoria.gob.ve\/?p=6750"},"modified":"2024-09-06T13:20:32","modified_gmt":"2024-09-06T17:20:32","slug":"delegada-de-sucre-y-acnur-sostuvieron-encuentro-de-trabajo-en-el-municipio-cajigal","status":"publish","type":"post","link":"http:\/\/www.defensoria.gob.ve\/?p=6750","title":{"rendered":"Delegada de Sucre y ACNUR sostuvieron encuentro de trabajo en el municipio Cajigal"},"content":{"rendered":"\t\t<div data-elementor-type=\"wp-post\" data-elementor-id=\"6750\" class=\"elementor elementor-6750\">\n\t\t\t\t\t\t<section class=\"elementor-section elementor-top-section elementor-element elementor-element-37aed55e elementor-section-boxed elementor-section-height-default elementor-section-height-default\" data-id=\"37aed55e\" data-element_type=\"section\" data-e-type=\"section\">\n\t\t\t\t\t\t<div class=\"elementor-container elementor-column-gap-default\">\n\t\t\t\t\t<div class=\"elementor-column elementor-col-100 elementor-top-column elementor-element elementor-element-7e81c0de\" data-id=\"7e81c0de\" data-element_type=\"column\" data-e-type=\"column\">\n\t\t\t<div class=\"elementor-widget-wrap elementor-element-populated\">\n\t\t\t\t\t\t<div class=\"elementor-element elementor-element-2d03d083 elementor-widget elementor-widget-text-editor\" data-id=\"2d03d083\" data-element_type=\"widget\" data-e-type=\"widget\" data-widget_type=\"text-editor.default\">\n\t\t\t\t<div class=\"elementor-widget-container\">\n\t\t\t\t\t\t\t\t\t\n<p><strong>(Sucre\/06-Sep-24) <\/strong>Cumpliendo con las instrucciones del Defensor del Pueblo, Alfredo Ruiz Angulo, la Delegada del estado Sucre sostuvo una reuni\u00f3n de trabajo junto a representantes del Alto Comisionado de las Naciones Unidas para los Refugiados (Acnur) y la Alcald\u00eda del Municipio Cajigal.<\/p>\n\n\n\n<p>Dicha reuni\u00f3n se llev\u00f3 a cabo en la sede del ente defensorial que se encuentra ubicada en el mencionado municipio, y tuvo como finalidad la creaci\u00f3n de mesas de trabajo para abarcar diferentes m\u00e9todos y estrategias para dar respuesta a grupos vulnerables de esa regi\u00f3n de la entidad.<\/p>\n\n\n<div class=\"wp-block-image\">\n<figure class=\"aligncenter size-full\"><img fetchpriority=\"high\" decoding=\"async\" width=\"706\" height=\"391\" src=\"http:\/\/www.defensoria.gob.ve\/wp-content\/uploads\/2024\/09\/Cajigal-1.png\" alt=\"\" class=\"wp-image-6751\" srcset=\"http:\/\/www.defensoria.gob.ve\/wp-content\/uploads\/2024\/09\/Cajigal-1.png 706w, http:\/\/www.defensoria.gob.ve\/wp-content\/uploads\/2024\/09\/Cajigal-1-300x166.png 300w\" sizes=\"(max-width: 706px) 100vw, 706px\" \/><\/figure><\/div>\n\n\n<p>En el encuentro estuvieron presentes la Alcaldesa de Cajigal, Johany Terimar Car\u00edas; \u00c1ngel Rodr\u00edguez, funcionario de la Delegada de Sucre y personal de Acnur.<\/p>\n\n\n\n<p>Estas actividades se enmarcan en el plan de trabajo suscrito a trav\u00e9s de una Carta de Entendimiento firmada entre la Defensor\u00eda del Pueblo y Acnur, el pasado 15 de abril, a los fines de afianzar las labores de protecci\u00f3n de los derechos humanos de las personas con necesidad de protecci\u00f3n internacional en Venezuela. <strong>FIN \/ PRENSA Defensor\u00eda<\/strong><\/p>\n\t\t\t\t\t\t\t\t<\/div>\n\t\t\t\t<\/div>\n\t\t\t\t\t<\/div>\n\t\t<\/div>\n\t\t\t\t\t<\/div>\n\t\t<\/section>\n\t\t\t\t<\/div>\n\t\t","protected":false},"excerpt":{"rendered":"<p>(Sucre\/06-Sep-24) Cumpliendo con las instrucciones del Defensor del Pueblo, Alfredo Ruiz Angulo, la Delegada del estado Sucre sostuvo una reuni\u00f3n de trabajo junto a representantes del Alto Comisionado de las&hellip; <\/p>\n","protected":false},"author":5,"featured_media":6752,"comment_status":"closed","ping_status":"closed","sticky":false,"template":"","format":"standard","meta":{"footnotes":""},"categories":[5],"tags":[],"class_list":["post-6750","post","type-post","status-publish","format-standard","has-post-thumbnail","hentry","category-regionales"],"yoast_head":"<!-- This site is optimized with the Yoast SEO plugin v27.4 - https:\/\/yoast.com\/product\/yoast-seo-wordpress\/ -->\n<title>Delegada de Sucre y ACNUR sostuvieron encuentro de trabajo en el municipio Cajigal -<\/title>\n<meta name=\"robots\" content=\"index, follow, max-snippet:-1, max-image-preview:large, max-video-preview:-1\" \/>\n<link rel=\"canonical\" href=\"http:\/\/www.defensoria.gob.ve\/?p=6750\" \/>\n<meta property=\"og:locale\" content=\"es_ES\" \/>\n<meta property=\"og:type\" content=\"article\" \/>\n<meta property=\"og:title\" content=\"Delegada de Sucre y ACNUR sostuvieron encuentro de trabajo en el municipio Cajigal -\" \/>\n<meta property=\"og:description\" content=\"(Sucre\/06-Sep-24) Cumpliendo con las instrucciones del Defensor del Pueblo, Alfredo Ruiz Angulo, la Delegada del estado Sucre sostuvo una reuni\u00f3n de trabajo junto a representantes del Alto Comisionado de las&hellip;\" \/>\n<meta property=\"og:url\" content=\"http:\/\/www.defensoria.gob.ve\/?p=6750\" \/>\n<meta property=\"article:published_time\" content=\"2024-09-06T17:19:58+00:00\" \/>\n<meta property=\"article:modified_time\" content=\"2024-09-06T17:20:32+00:00\" \/>\n<meta property=\"og:image\" content=\"http:\/\/www.defensoria.gob.ve\/wp-content\/uploads\/2024\/09\/Cajigal-2.png\" \/>\n\t<meta property=\"og:image:width\" content=\"691\" \/>\n\t<meta property=\"og:image:height\" content=\"376\" \/>\n\t<meta property=\"og:image:type\" content=\"image\/png\" \/>\n<meta name=\"author\" content=\"JC.\" \/>\n<meta name=\"twitter:card\" content=\"summary_large_image\" \/>\n<meta name=\"twitter:label1\" content=\"Escrito por\" \/>\n\t<meta name=\"twitter:data1\" content=\"JC.\" \/>\n\t<meta name=\"twitter:label2\" content=\"Tiempo estimado de lectura\" \/>\n\t<meta name=\"twitter:data2\" content=\"1 minuto\" \/>\n<script type=\"application\/ld+json\" class=\"yoast-schema-graph\">{\"@context\":\"https:\\\/\\\/schema.org\",\"@graph\":[{\"@type\":\"Article\",\"@id\":\"http:\\\/\\\/www.defensoria.gob.ve\\\/?p=6750#article\",\"isPartOf\":{\"@id\":\"http:\\\/\\\/www.defensoria.gob.ve\\\/?p=6750\"},\"author\":{\"name\":\"JC.\",\"@id\":\"http:\\\/\\\/www.defensoria.gob.ve\\\/#\\\/schema\\\/person\\\/fba14293189d7b1933ac7fba9d89e24a\"},\"headline\":\"Delegada de Sucre y ACNUR sostuvieron encuentro de trabajo en el municipio Cajigal\",\"datePublished\":\"2024-09-06T17:19:58+00:00\",\"dateModified\":\"2024-09-06T17:20:32+00:00\",\"mainEntityOfPage\":{\"@id\":\"http:\\\/\\\/www.defensoria.gob.ve\\\/?p=6750\"},\"wordCount\":196,\"image\":{\"@id\":\"http:\\\/\\\/www.defensoria.gob.ve\\\/?p=6750#primaryimage\"},\"thumbnailUrl\":\"http:\\\/\\\/www.defensoria.gob.ve\\\/wp-content\\\/uploads\\\/2024\\\/09\\\/Cajigal-2.png\",\"articleSection\":[\"REGIONALES\"],\"inLanguage\":\"es\"},{\"@type\":\"WebPage\",\"@id\":\"http:\\\/\\\/www.defensoria.gob.ve\\\/?p=6750\",\"url\":\"http:\\\/\\\/www.defensoria.gob.ve\\\/?p=6750\",\"name\":\"Delegada de Sucre y ACNUR sostuvieron encuentro de trabajo en el municipio Cajigal -\",\"isPartOf\":{\"@id\":\"http:\\\/\\\/www.defensoria.gob.ve\\\/#website\"},\"primaryImageOfPage\":{\"@id\":\"http:\\\/\\\/www.defensoria.gob.ve\\\/?p=6750#primaryimage\"},\"image\":{\"@id\":\"http:\\\/\\\/www.defensoria.gob.ve\\\/?p=6750#primaryimage\"},\"thumbnailUrl\":\"http:\\\/\\\/www.defensoria.gob.ve\\\/wp-content\\\/uploads\\\/2024\\\/09\\\/Cajigal-2.png\",\"datePublished\":\"2024-09-06T17:19:58+00:00\",\"dateModified\":\"2024-09-06T17:20:32+00:00\",\"author\":{\"@id\":\"http:\\\/\\\/www.defensoria.gob.ve\\\/#\\\/schema\\\/person\\\/fba14293189d7b1933ac7fba9d89e24a\"},\"breadcrumb\":{\"@id\":\"http:\\\/\\\/www.defensoria.gob.ve\\\/?p=6750#breadcrumb\"},\"inLanguage\":\"es\",\"potentialAction\":[{\"@type\":\"ReadAction\",\"target\":[\"http:\\\/\\\/www.defensoria.gob.ve\\\/?p=6750\"]}]},{\"@type\":\"ImageObject\",\"inLanguage\":\"es\",\"@id\":\"http:\\\/\\\/www.defensoria.gob.ve\\\/?p=6750#primaryimage\",\"url\":\"http:\\\/\\\/www.defensoria.gob.ve\\\/wp-content\\\/uploads\\\/2024\\\/09\\\/Cajigal-2.png\",\"contentUrl\":\"http:\\\/\\\/www.defensoria.gob.ve\\\/wp-content\\\/uploads\\\/2024\\\/09\\\/Cajigal-2.png\",\"width\":691,\"height\":376},{\"@type\":\"BreadcrumbList\",\"@id\":\"http:\\\/\\\/www.defensoria.gob.ve\\\/?p=6750#breadcrumb\",\"itemListElement\":[{\"@type\":\"ListItem\",\"position\":1,\"name\":\"Portada\",\"item\":\"http:\\\/\\\/www.defensoria.gob.ve\\\/\"},{\"@type\":\"ListItem\",\"position\":2,\"name\":\"Delegada de Sucre y ACNUR sostuvieron encuentro de trabajo en el municipio Cajigal\"}]},{\"@type\":\"WebSite\",\"@id\":\"http:\\\/\\\/www.defensoria.gob.ve\\\/#website\",\"url\":\"http:\\\/\\\/www.defensoria.gob.ve\\\/\",\"name\":\"\",\"description\":\"Instituci\u00f3n del Poder Ciudadano para la Promoci\u00f3n, Defensa y Vigilancia de los Derechos Humanos. \",\"potentialAction\":[{\"@type\":\"SearchAction\",\"target\":{\"@type\":\"EntryPoint\",\"urlTemplate\":\"http:\\\/\\\/www.defensoria.gob.ve\\\/?s={search_term_string}\"},\"query-input\":{\"@type\":\"PropertyValueSpecification\",\"valueRequired\":true,\"valueName\":\"search_term_string\"}}],\"inLanguage\":\"es\"},{\"@type\":\"Person\",\"@id\":\"http:\\\/\\\/www.defensoria.gob.ve\\\/#\\\/schema\\\/person\\\/fba14293189d7b1933ac7fba9d89e24a\",\"name\":\"JC.\",\"image\":{\"@type\":\"ImageObject\",\"inLanguage\":\"es\",\"@id\":\"https:\\\/\\\/secure.gravatar.com\\\/avatar\\\/f398a4de948606b38f0299d90ca738c674b648694bc725ed46503c240269dbf8?s=96&d=mm&r=g\",\"url\":\"https:\\\/\\\/secure.gravatar.com\\\/avatar\\\/f398a4de948606b38f0299d90ca738c674b648694bc725ed46503c240269dbf8?s=96&d=mm&r=g\",\"contentUrl\":\"https:\\\/\\\/secure.gravatar.com\\\/avatar\\\/f398a4de948606b38f0299d90ca738c674b648694bc725ed46503c240269dbf8?s=96&d=mm&r=g\",\"caption\":\"JC.\"},\"url\":\"http:\\\/\\\/www.defensoria.gob.ve\\\/?author=5\"}]}<\/script>\n<!-- \/ Yoast SEO plugin. -->","yoast_head_json":{"title":"Delegada de Sucre y ACNUR sostuvieron encuentro de trabajo en el municipio Cajigal -","robots":{"index":"index","follow":"follow","max-snippet":"max-snippet:-1","max-image-preview":"max-image-preview:large","max-video-preview":"max-video-preview:-1"},"canonical":"http:\/\/www.defensoria.gob.ve\/?p=6750","og_locale":"es_ES","og_type":"article","og_title":"Delegada de Sucre y ACNUR sostuvieron encuentro de trabajo en el municipio Cajigal -","og_description":"(Sucre\/06-Sep-24) Cumpliendo con las instrucciones del Defensor del Pueblo, Alfredo Ruiz Angulo, la Delegada del estado Sucre sostuvo una reuni\u00f3n de trabajo junto a representantes del Alto Comisionado de las&hellip;","og_url":"http:\/\/www.defensoria.gob.ve\/?p=6750","article_published_time":"2024-09-06T17:19:58+00:00","article_modified_time":"2024-09-06T17:20:32+00:00","og_image":[{"width":691,"height":376,"url":"http:\/\/www.defensoria.gob.ve\/wp-content\/uploads\/2024\/09\/Cajigal-2.png","type":"image\/png"}],"author":"JC.","twitter_card":"summary_large_image","twitter_misc":{"Escrito por":"JC.","Tiempo estimado de lectura":"1 minuto"},"schema":{"@context":"https:\/\/schema.org","@graph":[{"@type":"Article","@id":"http:\/\/www.defensoria.gob.ve\/?p=6750#article","isPartOf":{"@id":"http:\/\/www.defensoria.gob.ve\/?p=6750"},"author":{"name":"JC.","@id":"http:\/\/www.defensoria.gob.ve\/#\/schema\/person\/fba14293189d7b1933ac7fba9d89e24a"},"headline":"Delegada de Sucre y ACNUR sostuvieron encuentro de trabajo en el municipio Cajigal","datePublished":"2024-09-06T17:19:58+00:00","dateModified":"2024-09-06T17:20:32+00:00","mainEntityOfPage":{"@id":"http:\/\/www.defensoria.gob.ve\/?p=6750"},"wordCount":196,"image":{"@id":"http:\/\/www.defensoria.gob.ve\/?p=6750#primaryimage"},"thumbnailUrl":"http:\/\/www.defensoria.gob.ve\/wp-content\/uploads\/2024\/09\/Cajigal-2.png","articleSection":["REGIONALES"],"inLanguage":"es"},{"@type":"WebPage","@id":"http:\/\/www.defensoria.gob.ve\/?p=6750","url":"http:\/\/www.defensoria.gob.ve\/?p=6750","name":"Delegada de Sucre y ACNUR sostuvieron encuentro de trabajo en el municipio Cajigal -","isPartOf":{"@id":"http:\/\/www.defensoria.gob.ve\/#website"},"primaryImageOfPage":{"@id":"http:\/\/www.defensoria.gob.ve\/?p=6750#primaryimage"},"image":{"@id":"http:\/\/www.defensoria.gob.ve\/?p=6750#primaryimage"},"thumbnailUrl":"http:\/\/www.defensoria.gob.ve\/wp-content\/uploads\/2024\/09\/Cajigal-2.png","datePublished":"2024-09-06T17:19:58+00:00","dateModified":"2024-09-06T17:20:32+00:00","author":{"@id":"http:\/\/www.defensoria.gob.ve\/#\/schema\/person\/fba14293189d7b1933ac7fba9d89e24a"},"breadcrumb":{"@id":"http:\/\/www.defensoria.gob.ve\/?p=6750#breadcrumb"},"inLanguage":"es","potentialAction":[{"@type":"ReadAction","target":["http:\/\/www.defensoria.gob.ve\/?p=6750"]}]},{"@type":"ImageObject","inLanguage":"es","@id":"http:\/\/www.defensoria.gob.ve\/?p=6750#primaryimage","url":"http:\/\/www.defensoria.gob.ve\/wp-content\/uploads\/2024\/09\/Cajigal-2.png","contentUrl":"http:\/\/www.defensoria.gob.ve\/wp-content\/uploads\/2024\/09\/Cajigal-2.png","width":691,"height":376},{"@type":"BreadcrumbList","@id":"http:\/\/www.defensoria.gob.ve\/?p=6750#breadcrumb","itemListElement":[{"@type":"ListItem","position":1,"name":"Portada","item":"http:\/\/www.defensoria.gob.ve\/"},{"@type":"ListItem","position":2,"name":"Delegada de Sucre y ACNUR sostuvieron encuentro de trabajo en el municipio Cajigal"}]},{"@type":"WebSite","@id":"http:\/\/www.defensoria.gob.ve\/#website","url":"http:\/\/www.defensoria.gob.ve\/","name":"","description":"Instituci\u00f3n del Poder Ciudadano para la Promoci\u00f3n, Defensa y Vigilancia de los Derechos Humanos. ","potentialAction":[{"@type":"SearchAction","target":{"@type":"EntryPoint","urlTemplate":"http:\/\/www.defensoria.gob.ve\/?s={search_term_string}"},"query-input":{"@type":"PropertyValueSpecification","valueRequired":true,"valueName":"search_term_string"}}],"inLanguage":"es"},{"@type":"Person","@id":"http:\/\/www.defensoria.gob.ve\/#\/schema\/person\/fba14293189d7b1933ac7fba9d89e24a","name":"JC.","image":{"@type":"ImageObject","inLanguage":"es","@id":"https:\/\/secure.gravatar.com\/avatar\/f398a4de948606b38f0299d90ca738c674b648694bc725ed46503c240269dbf8?s=96&d=mm&r=g","url":"https:\/\/secure.gravatar.com\/avatar\/f398a4de948606b38f0299d90ca738c674b648694bc725ed46503c240269dbf8?s=96&d=mm&r=g","contentUrl":"https:\/\/secure.gravatar.com\/avatar\/f398a4de948606b38f0299d90ca738c674b648694bc725ed46503c240269dbf8?s=96&d=mm&r=g","caption":"JC."},"url":"http:\/\/www.defensoria.gob.ve\/?author=5"}]}},"_links":{"self":[{"href":"http:\/\/www.defensoria.gob.ve\/index.php?rest_route=\/wp\/v2\/posts\/6750","targetHints":{"allow":["GET"]}}],"collection":[{"href":"http:\/\/www.defensoria.gob.ve\/index.php?rest_route=\/wp\/v2\/posts"}],"about":[{"href":"http:\/\/www.defensoria.gob.ve\/index.php?rest_route=\/wp\/v2\/types\/post"}],"author":[{"embeddable":true,"href":"http:\/\/www.defensoria.gob.ve\/index.php?rest_route=\/wp\/v2\/users\/5"}],"replies":[{"embeddable":true,"href":"http:\/\/www.defensoria.gob.ve\/index.php?rest_route=%2Fwp%2Fv2%2Fcomments&post=6750"}],"version-history":[{"count":4,"href":"http:\/\/www.defensoria.gob.ve\/index.php?rest_route=\/wp\/v2\/posts\/6750\/revisions"}],"predecessor-version":[{"id":6756,"href":"http:\/\/www.defensoria.gob.ve\/index.php?rest_route=\/wp\/v2\/posts\/6750\/revisions\/6756"}],"wp:featuredmedia":[{"embeddable":true,"href":"http:\/\/www.defensoria.gob.ve\/index.php?rest_route=\/wp\/v2\/media\/6752"}],"wp:attachment":[{"href":"http:\/\/www.defensoria.gob.ve\/index.php?rest_route=%2Fwp%2Fv2%2Fmedia&parent=6750"}],"wp:term":[{"taxonomy":"category","embeddable":true,"href":"http:\/\/www.defensoria.gob.ve\/index.php?rest_route=%2Fwp%2Fv2%2Fcategories&post=6750"},{"taxonomy":"post_tag","embeddable":true,"href":"http:\/\/www.defensoria.gob.ve\/index.php?rest_route=%2Fwp%2Fv2%2Ftags&post=6750"}],"curies":[{"name":"wp","href":"https:\/\/api.w.org\/{rel}","templated":true}]}}