 
{"id":6757,"date":"2024-09-06T14:38:54","date_gmt":"2024-09-06T18:38:54","guid":{"rendered":"http:\/\/www.defensoria.gob.ve\/?p=6757"},"modified":"2024-09-06T14:39:43","modified_gmt":"2024-09-06T18:39:43","slug":"en-higuerote-se-dicto-conversatorio-de-derechos-laborales-a-adolescentes","status":"publish","type":"post","link":"http:\/\/www.defensoria.gob.ve\/?p=6757","title":{"rendered":"En Higuerote se dict\u00f3 conversatorio de Derechos Laborales a Adolescentes"},"content":{"rendered":"\t\t<div data-elementor-type=\"wp-post\" data-elementor-id=\"6757\" class=\"elementor elementor-6757\">\n\t\t\t\t\t\t<section class=\"elementor-section elementor-top-section elementor-element elementor-element-43ff829d elementor-section-boxed elementor-section-height-default elementor-section-height-default\" data-id=\"43ff829d\" data-element_type=\"section\" data-e-type=\"section\">\n\t\t\t\t\t\t<div class=\"elementor-container elementor-column-gap-default\">\n\t\t\t\t\t<div class=\"elementor-column elementor-col-100 elementor-top-column elementor-element elementor-element-5f38b122\" data-id=\"5f38b122\" data-element_type=\"column\" data-e-type=\"column\">\n\t\t\t<div class=\"elementor-widget-wrap elementor-element-populated\">\n\t\t\t\t\t\t<div class=\"elementor-element elementor-element-191622b5 elementor-widget elementor-widget-text-editor\" data-id=\"191622b5\" data-element_type=\"widget\" data-e-type=\"widget\" data-widget_type=\"text-editor.default\">\n\t\t\t\t<div class=\"elementor-widget-container\">\n\t\t\t\t\t\t\t\t\t\n<p>(Miranda\/06-Sep-24) La Defensor\u00eda Delegada del estado Miranda, junto al Consejo Municipal de Derechos de Ni\u00f1os, Ni\u00f1as y Adolescentes del municipio Bri\u00f3n, dictaron un conversatorio sobre Derechos Laborales a Adolescentes.<\/p>\n\n\n\n<p>El evento formativo se desarroll\u00f3 en el Puerto de Carenero, Higuerote, municipio Bri\u00f3n del estado Miranda. El conversatorio estuvo dirigido a los y las adolescentes que trabajan en empresas prestadoras del servicio tur\u00edstico de Carenero, en Higuerote, y trata sobre el derecho a la protecci\u00f3n laboral que tiene esta poblaci\u00f3n juvenil. <\/p>\n\n\n<div class=\"wp-block-image\">\n<figure class=\"aligncenter size-full\"><img fetchpriority=\"high\" decoding=\"async\" width=\"568\" height=\"410\" src=\"http:\/\/www.defensoria.gob.ve\/wp-content\/uploads\/2024\/09\/Miranda-4.png\" alt=\"\" class=\"wp-image-6758\" srcset=\"http:\/\/www.defensoria.gob.ve\/wp-content\/uploads\/2024\/09\/Miranda-4.png 568w, http:\/\/www.defensoria.gob.ve\/wp-content\/uploads\/2024\/09\/Miranda-4-300x217.png 300w\" sizes=\"(max-width: 568px) 100vw, 568px\" \/><\/figure><\/div>\n\n\n<p>En ese sentido, la Defensora municipal de Bri\u00f3n, Dra. Irelis Torres dijo que la actividad tiene como finalidad velar por el cumplimiento de los derechos laborales de las y los adolescentes, as\u00ed como para coadyuvar en mantener la actividad tur\u00edstica en la zona.  <\/p>\n\n\n\n<p>Asimismo, a los presentes se les explic\u00f3 sobre los derechos y los deberes que tienen como empleados y sobre la obligaci\u00f3n del patr\u00f3n de garantizar sus derechos laborales. FIN \/ PRENSA Defensor\u00eda<\/p>\n\t\t\t\t\t\t\t\t<\/div>\n\t\t\t\t<\/div>\n\t\t\t\t\t<\/div>\n\t\t<\/div>\n\t\t\t\t\t<\/div>\n\t\t<\/section>\n\t\t\t\t<\/div>\n\t\t","protected":false},"excerpt":{"rendered":"<p>(Miranda\/06-Sep-24) La Defensor\u00eda Delegada del estado Miranda, junto al Consejo Municipal de Derechos de Ni\u00f1os, Ni\u00f1as y Adolescentes del municipio Bri\u00f3n, dictaron un conversatorio sobre Derechos Laborales a Adolescentes. El&hellip; <\/p>\n","protected":false},"author":5,"featured_media":6759,"comment_status":"closed","ping_status":"closed","sticky":false,"template":"","format":"standard","meta":{"footnotes":""},"categories":[5],"tags":[],"class_list":["post-6757","post","type-post","status-publish","format-standard","has-post-thumbnail","hentry","category-regionales"],"yoast_head":"<!-- This site is optimized with the Yoast SEO plugin v27.4 - https:\/\/yoast.com\/product\/yoast-seo-wordpress\/ -->\n<title>En Higuerote se dict\u00f3 conversatorio de Derechos Laborales a Adolescentes -<\/title>\n<meta name=\"robots\" content=\"index, follow, max-snippet:-1, max-image-preview:large, max-video-preview:-1\" \/>\n<link rel=\"canonical\" href=\"http:\/\/www.defensoria.gob.ve\/?p=6757\" \/>\n<meta property=\"og:locale\" content=\"es_ES\" \/>\n<meta property=\"og:type\" content=\"article\" \/>\n<meta property=\"og:title\" content=\"En Higuerote se dict\u00f3 conversatorio de Derechos Laborales a Adolescentes -\" \/>\n<meta property=\"og:description\" content=\"(Miranda\/06-Sep-24) La Defensor\u00eda Delegada del estado Miranda, junto al Consejo Municipal de Derechos de Ni\u00f1os, Ni\u00f1as y Adolescentes del municipio Bri\u00f3n, dictaron un conversatorio sobre Derechos Laborales a Adolescentes. El&hellip;\" \/>\n<meta property=\"og:url\" content=\"http:\/\/www.defensoria.gob.ve\/?p=6757\" \/>\n<meta property=\"article:published_time\" content=\"2024-09-06T18:38:54+00:00\" \/>\n<meta property=\"article:modified_time\" content=\"2024-09-06T18:39:43+00:00\" \/>\n<meta property=\"og:image\" content=\"http:\/\/www.defensoria.gob.ve\/wp-content\/uploads\/2024\/09\/Miranda-3.png\" \/>\n\t<meta property=\"og:image:width\" content=\"743\" \/>\n\t<meta property=\"og:image:height\" content=\"392\" \/>\n\t<meta property=\"og:image:type\" content=\"image\/png\" \/>\n<meta name=\"author\" content=\"JC.\" \/>\n<meta name=\"twitter:card\" content=\"summary_large_image\" \/>\n<meta name=\"twitter:label1\" content=\"Escrito por\" \/>\n\t<meta name=\"twitter:data1\" content=\"JC.\" \/>\n\t<meta name=\"twitter:label2\" content=\"Tiempo estimado de lectura\" \/>\n\t<meta name=\"twitter:data2\" content=\"1 minuto\" \/>\n<script type=\"application\/ld+json\" class=\"yoast-schema-graph\">{\"@context\":\"https:\\\/\\\/schema.org\",\"@graph\":[{\"@type\":\"Article\",\"@id\":\"http:\\\/\\\/www.defensoria.gob.ve\\\/?p=6757#article\",\"isPartOf\":{\"@id\":\"http:\\\/\\\/www.defensoria.gob.ve\\\/?p=6757\"},\"author\":{\"name\":\"JC.\",\"@id\":\"http:\\\/\\\/www.defensoria.gob.ve\\\/#\\\/schema\\\/person\\\/fba14293189d7b1933ac7fba9d89e24a\"},\"headline\":\"En Higuerote se dict\u00f3 conversatorio de Derechos Laborales a Adolescentes\",\"datePublished\":\"2024-09-06T18:38:54+00:00\",\"dateModified\":\"2024-09-06T18:39:43+00:00\",\"mainEntityOfPage\":{\"@id\":\"http:\\\/\\\/www.defensoria.gob.ve\\\/?p=6757\"},\"wordCount\":178,\"image\":{\"@id\":\"http:\\\/\\\/www.defensoria.gob.ve\\\/?p=6757#primaryimage\"},\"thumbnailUrl\":\"http:\\\/\\\/www.defensoria.gob.ve\\\/wp-content\\\/uploads\\\/2024\\\/09\\\/Miranda-3.png\",\"articleSection\":[\"REGIONALES\"],\"inLanguage\":\"es\"},{\"@type\":\"WebPage\",\"@id\":\"http:\\\/\\\/www.defensoria.gob.ve\\\/?p=6757\",\"url\":\"http:\\\/\\\/www.defensoria.gob.ve\\\/?p=6757\",\"name\":\"En Higuerote se dict\u00f3 conversatorio de Derechos Laborales a Adolescentes -\",\"isPartOf\":{\"@id\":\"http:\\\/\\\/www.defensoria.gob.ve\\\/#website\"},\"primaryImageOfPage\":{\"@id\":\"http:\\\/\\\/www.defensoria.gob.ve\\\/?p=6757#primaryimage\"},\"image\":{\"@id\":\"http:\\\/\\\/www.defensoria.gob.ve\\\/?p=6757#primaryimage\"},\"thumbnailUrl\":\"http:\\\/\\\/www.defensoria.gob.ve\\\/wp-content\\\/uploads\\\/2024\\\/09\\\/Miranda-3.png\",\"datePublished\":\"2024-09-06T18:38:54+00:00\",\"dateModified\":\"2024-09-06T18:39:43+00:00\",\"author\":{\"@id\":\"http:\\\/\\\/www.defensoria.gob.ve\\\/#\\\/schema\\\/person\\\/fba14293189d7b1933ac7fba9d89e24a\"},\"breadcrumb\":{\"@id\":\"http:\\\/\\\/www.defensoria.gob.ve\\\/?p=6757#breadcrumb\"},\"inLanguage\":\"es\",\"potentialAction\":[{\"@type\":\"ReadAction\",\"target\":[\"http:\\\/\\\/www.defensoria.gob.ve\\\/?p=6757\"]}]},{\"@type\":\"ImageObject\",\"inLanguage\":\"es\",\"@id\":\"http:\\\/\\\/www.defensoria.gob.ve\\\/?p=6757#primaryimage\",\"url\":\"http:\\\/\\\/www.defensoria.gob.ve\\\/wp-content\\\/uploads\\\/2024\\\/09\\\/Miranda-3.png\",\"contentUrl\":\"http:\\\/\\\/www.defensoria.gob.ve\\\/wp-content\\\/uploads\\\/2024\\\/09\\\/Miranda-3.png\",\"width\":743,\"height\":392},{\"@type\":\"BreadcrumbList\",\"@id\":\"http:\\\/\\\/www.defensoria.gob.ve\\\/?p=6757#breadcrumb\",\"itemListElement\":[{\"@type\":\"ListItem\",\"position\":1,\"name\":\"Portada\",\"item\":\"http:\\\/\\\/www.defensoria.gob.ve\\\/\"},{\"@type\":\"ListItem\",\"position\":2,\"name\":\"En Higuerote se dict\u00f3 conversatorio de Derechos Laborales a Adolescentes\"}]},{\"@type\":\"WebSite\",\"@id\":\"http:\\\/\\\/www.defensoria.gob.ve\\\/#website\",\"url\":\"http:\\\/\\\/www.defensoria.gob.ve\\\/\",\"name\":\"\",\"description\":\"Instituci\u00f3n del Poder Ciudadano para la Promoci\u00f3n, Defensa y Vigilancia de los Derechos Humanos. \",\"potentialAction\":[{\"@type\":\"SearchAction\",\"target\":{\"@type\":\"EntryPoint\",\"urlTemplate\":\"http:\\\/\\\/www.defensoria.gob.ve\\\/?s={search_term_string}\"},\"query-input\":{\"@type\":\"PropertyValueSpecification\",\"valueRequired\":true,\"valueName\":\"search_term_string\"}}],\"inLanguage\":\"es\"},{\"@type\":\"Person\",\"@id\":\"http:\\\/\\\/www.defensoria.gob.ve\\\/#\\\/schema\\\/person\\\/fba14293189d7b1933ac7fba9d89e24a\",\"name\":\"JC.\",\"image\":{\"@type\":\"ImageObject\",\"inLanguage\":\"es\",\"@id\":\"https:\\\/\\\/secure.gravatar.com\\\/avatar\\\/f398a4de948606b38f0299d90ca738c674b648694bc725ed46503c240269dbf8?s=96&d=mm&r=g\",\"url\":\"https:\\\/\\\/secure.gravatar.com\\\/avatar\\\/f398a4de948606b38f0299d90ca738c674b648694bc725ed46503c240269dbf8?s=96&d=mm&r=g\",\"contentUrl\":\"https:\\\/\\\/secure.gravatar.com\\\/avatar\\\/f398a4de948606b38f0299d90ca738c674b648694bc725ed46503c240269dbf8?s=96&d=mm&r=g\",\"caption\":\"JC.\"},\"url\":\"http:\\\/\\\/www.defensoria.gob.ve\\\/?author=5\"}]}<\/script>\n<!-- \/ Yoast SEO plugin. -->","yoast_head_json":{"title":"En Higuerote se dict\u00f3 conversatorio de Derechos Laborales a Adolescentes -","robots":{"index":"index","follow":"follow","max-snippet":"max-snippet:-1","max-image-preview":"max-image-preview:large","max-video-preview":"max-video-preview:-1"},"canonical":"http:\/\/www.defensoria.gob.ve\/?p=6757","og_locale":"es_ES","og_type":"article","og_title":"En Higuerote se dict\u00f3 conversatorio de Derechos Laborales a Adolescentes -","og_description":"(Miranda\/06-Sep-24) La Defensor\u00eda Delegada del estado Miranda, junto al Consejo Municipal de Derechos de Ni\u00f1os, Ni\u00f1as y Adolescentes del municipio Bri\u00f3n, dictaron un conversatorio sobre Derechos Laborales a Adolescentes. El&hellip;","og_url":"http:\/\/www.defensoria.gob.ve\/?p=6757","article_published_time":"2024-09-06T18:38:54+00:00","article_modified_time":"2024-09-06T18:39:43+00:00","og_image":[{"width":743,"height":392,"url":"http:\/\/www.defensoria.gob.ve\/wp-content\/uploads\/2024\/09\/Miranda-3.png","type":"image\/png"}],"author":"JC.","twitter_card":"summary_large_image","twitter_misc":{"Escrito por":"JC.","Tiempo estimado de lectura":"1 minuto"},"schema":{"@context":"https:\/\/schema.org","@graph":[{"@type":"Article","@id":"http:\/\/www.defensoria.gob.ve\/?p=6757#article","isPartOf":{"@id":"http:\/\/www.defensoria.gob.ve\/?p=6757"},"author":{"name":"JC.","@id":"http:\/\/www.defensoria.gob.ve\/#\/schema\/person\/fba14293189d7b1933ac7fba9d89e24a"},"headline":"En Higuerote se dict\u00f3 conversatorio de Derechos Laborales a Adolescentes","datePublished":"2024-09-06T18:38:54+00:00","dateModified":"2024-09-06T18:39:43+00:00","mainEntityOfPage":{"@id":"http:\/\/www.defensoria.gob.ve\/?p=6757"},"wordCount":178,"image":{"@id":"http:\/\/www.defensoria.gob.ve\/?p=6757#primaryimage"},"thumbnailUrl":"http:\/\/www.defensoria.gob.ve\/wp-content\/uploads\/2024\/09\/Miranda-3.png","articleSection":["REGIONALES"],"inLanguage":"es"},{"@type":"WebPage","@id":"http:\/\/www.defensoria.gob.ve\/?p=6757","url":"http:\/\/www.defensoria.gob.ve\/?p=6757","name":"En Higuerote se dict\u00f3 conversatorio de Derechos Laborales a Adolescentes -","isPartOf":{"@id":"http:\/\/www.defensoria.gob.ve\/#website"},"primaryImageOfPage":{"@id":"http:\/\/www.defensoria.gob.ve\/?p=6757#primaryimage"},"image":{"@id":"http:\/\/www.defensoria.gob.ve\/?p=6757#primaryimage"},"thumbnailUrl":"http:\/\/www.defensoria.gob.ve\/wp-content\/uploads\/2024\/09\/Miranda-3.png","datePublished":"2024-09-06T18:38:54+00:00","dateModified":"2024-09-06T18:39:43+00:00","author":{"@id":"http:\/\/www.defensoria.gob.ve\/#\/schema\/person\/fba14293189d7b1933ac7fba9d89e24a"},"breadcrumb":{"@id":"http:\/\/www.defensoria.gob.ve\/?p=6757#breadcrumb"},"inLanguage":"es","potentialAction":[{"@type":"ReadAction","target":["http:\/\/www.defensoria.gob.ve\/?p=6757"]}]},{"@type":"ImageObject","inLanguage":"es","@id":"http:\/\/www.defensoria.gob.ve\/?p=6757#primaryimage","url":"http:\/\/www.defensoria.gob.ve\/wp-content\/uploads\/2024\/09\/Miranda-3.png","contentUrl":"http:\/\/www.defensoria.gob.ve\/wp-content\/uploads\/2024\/09\/Miranda-3.png","width":743,"height":392},{"@type":"BreadcrumbList","@id":"http:\/\/www.defensoria.gob.ve\/?p=6757#breadcrumb","itemListElement":[{"@type":"ListItem","position":1,"name":"Portada","item":"http:\/\/www.defensoria.gob.ve\/"},{"@type":"ListItem","position":2,"name":"En Higuerote se dict\u00f3 conversatorio de Derechos Laborales a Adolescentes"}]},{"@type":"WebSite","@id":"http:\/\/www.defensoria.gob.ve\/#website","url":"http:\/\/www.defensoria.gob.ve\/","name":"","description":"Instituci\u00f3n del Poder Ciudadano para la Promoci\u00f3n, Defensa y Vigilancia de los Derechos Humanos. ","potentialAction":[{"@type":"SearchAction","target":{"@type":"EntryPoint","urlTemplate":"http:\/\/www.defensoria.gob.ve\/?s={search_term_string}"},"query-input":{"@type":"PropertyValueSpecification","valueRequired":true,"valueName":"search_term_string"}}],"inLanguage":"es"},{"@type":"Person","@id":"http:\/\/www.defensoria.gob.ve\/#\/schema\/person\/fba14293189d7b1933ac7fba9d89e24a","name":"JC.","image":{"@type":"ImageObject","inLanguage":"es","@id":"https:\/\/secure.gravatar.com\/avatar\/f398a4de948606b38f0299d90ca738c674b648694bc725ed46503c240269dbf8?s=96&d=mm&r=g","url":"https:\/\/secure.gravatar.com\/avatar\/f398a4de948606b38f0299d90ca738c674b648694bc725ed46503c240269dbf8?s=96&d=mm&r=g","contentUrl":"https:\/\/secure.gravatar.com\/avatar\/f398a4de948606b38f0299d90ca738c674b648694bc725ed46503c240269dbf8?s=96&d=mm&r=g","caption":"JC."},"url":"http:\/\/www.defensoria.gob.ve\/?author=5"}]}},"_links":{"self":[{"href":"http:\/\/www.defensoria.gob.ve\/index.php?rest_route=\/wp\/v2\/posts\/6757","targetHints":{"allow":["GET"]}}],"collection":[{"href":"http:\/\/www.defensoria.gob.ve\/index.php?rest_route=\/wp\/v2\/posts"}],"about":[{"href":"http:\/\/www.defensoria.gob.ve\/index.php?rest_route=\/wp\/v2\/types\/post"}],"author":[{"embeddable":true,"href":"http:\/\/www.defensoria.gob.ve\/index.php?rest_route=\/wp\/v2\/users\/5"}],"replies":[{"embeddable":true,"href":"http:\/\/www.defensoria.gob.ve\/index.php?rest_route=%2Fwp%2Fv2%2Fcomments&post=6757"}],"version-history":[{"count":4,"href":"http:\/\/www.defensoria.gob.ve\/index.php?rest_route=\/wp\/v2\/posts\/6757\/revisions"}],"predecessor-version":[{"id":6763,"href":"http:\/\/www.defensoria.gob.ve\/index.php?rest_route=\/wp\/v2\/posts\/6757\/revisions\/6763"}],"wp:featuredmedia":[{"embeddable":true,"href":"http:\/\/www.defensoria.gob.ve\/index.php?rest_route=\/wp\/v2\/media\/6759"}],"wp:attachment":[{"href":"http:\/\/www.defensoria.gob.ve\/index.php?rest_route=%2Fwp%2Fv2%2Fmedia&parent=6757"}],"wp:term":[{"taxonomy":"category","embeddable":true,"href":"http:\/\/www.defensoria.gob.ve\/index.php?rest_route=%2Fwp%2Fv2%2Fcategories&post=6757"},{"taxonomy":"post_tag","embeddable":true,"href":"http:\/\/www.defensoria.gob.ve\/index.php?rest_route=%2Fwp%2Fv2%2Ftags&post=6757"}],"curies":[{"name":"wp","href":"https:\/\/api.w.org\/{rel}","templated":true}]}}