 
{"id":7037,"date":"2024-09-10T16:34:47","date_gmt":"2024-09-10T20:34:47","guid":{"rendered":"http:\/\/www.defensoria.gob.ve\/?p=7037"},"modified":"2024-09-10T16:35:13","modified_gmt":"2024-09-10T20:35:13","slug":"defensoria-del-pueblo-realiza-conversatorio-sobre-proteccion-social-y-la-garantia-al-derecho-a-la-salud","status":"publish","type":"post","link":"http:\/\/www.defensoria.gob.ve\/?p=7037","title":{"rendered":"Defensor\u00eda del Pueblo realiza conversatorio sobre \u201cProtecci\u00f3n Social y la Garant\u00eda al Derecho a la Salud\u201d"},"content":{"rendered":"\t\t<div data-elementor-type=\"wp-post\" data-elementor-id=\"7037\" class=\"elementor elementor-7037\">\n\t\t\t\t\t\t<section class=\"elementor-section elementor-top-section elementor-element elementor-element-5e7a7af6 elementor-section-boxed elementor-section-height-default elementor-section-height-default\" data-id=\"5e7a7af6\" data-element_type=\"section\" data-e-type=\"section\">\n\t\t\t\t\t\t<div class=\"elementor-container elementor-column-gap-default\">\n\t\t\t\t\t<div class=\"elementor-column elementor-col-100 elementor-top-column elementor-element elementor-element-73c1562e\" data-id=\"73c1562e\" data-element_type=\"column\" data-e-type=\"column\">\n\t\t\t<div class=\"elementor-widget-wrap elementor-element-populated\">\n\t\t\t\t\t\t<div class=\"elementor-element elementor-element-2c81be22 elementor-widget elementor-widget-text-editor\" data-id=\"2c81be22\" data-element_type=\"widget\" data-e-type=\"widget\" data-widget_type=\"text-editor.default\">\n\t\t\t\t<div class=\"elementor-widget-container\">\n\t\t\t\t\t\t\t\t\t\n<p><strong>(10-Sep-24)<\/strong> La Defensor\u00eda del Pueblo, a trav\u00e9s de la Direcci\u00f3n General de Promoci\u00f3n y Divulgaci\u00f3n de los DD.HH. realiz\u00f3 un conversatorio sobre la \u201cProtecci\u00f3n Social y la Garant\u00eda al Derecho a la Salud\u201d, actividad escenificada en el Centro Financiero Latino, ubicado en Caracas.<\/p>\n\n\n\n<figure class=\"wp-block-image size-full\"><img fetchpriority=\"high\" decoding=\"async\" width=\"800\" height=\"408\" src=\"http:\/\/www.defensoria.gob.ve\/wp-content\/uploads\/2024\/09\/IMG_20240910_143043.jpg\" alt=\"\" class=\"wp-image-7039\" srcset=\"http:\/\/www.defensoria.gob.ve\/wp-content\/uploads\/2024\/09\/IMG_20240910_143043.jpg 800w, http:\/\/www.defensoria.gob.ve\/wp-content\/uploads\/2024\/09\/IMG_20240910_143043-300x153.jpg 300w, http:\/\/www.defensoria.gob.ve\/wp-content\/uploads\/2024\/09\/IMG_20240910_143043-768x392.jpg 768w\" sizes=\"(max-width: 800px) 100vw, 800px\" \/><\/figure>\n\n\n\n<p>Esta actividad const\u00f3 de una socializaci\u00f3n de experiencias expuesta por la servidora Katiuska Mel\u00e9ndez, funcionaria adscrita a la Defensor\u00eda delegada del estado La Guaira, en la que se explic\u00f3 toda la realidad sobre el acceso al derecho a la salud de los servidores y servidoras del ente defensorial en particular al seguro.<\/p>\n\n\n\n<p>Esta socializaci\u00f3n de experiencia forma parte de los estudios y formaciones que se dieron gracias a la Comunidad de Saberes de 2022, formalizada por el Convenio Marco de Cooperaci\u00f3n Interinstitucional y Acad\u00e9mica entre la DdP y la Universidad Nacional Experimental Sim\u00f3n Rodr\u00edguez (Unesr) y que se ha mantenido en 2023 y 2024. <strong>FIN \/ PRENSA Defensor\u00eda<\/strong><\/p>\n\t\t\t\t\t\t\t\t<\/div>\n\t\t\t\t<\/div>\n\t\t\t\t\t<\/div>\n\t\t<\/div>\n\t\t\t\t\t<\/div>\n\t\t<\/section>\n\t\t\t\t<\/div>\n\t\t","protected":false},"excerpt":{"rendered":"<p>(10-Sep-24) La Defensor\u00eda del Pueblo, a trav\u00e9s de la Direcci\u00f3n General de Promoci\u00f3n y Divulgaci\u00f3n de los DD.HH. realiz\u00f3 un conversatorio sobre la \u201cProtecci\u00f3n Social y la Garant\u00eda al Derecho&hellip; <\/p>\n","protected":false},"author":5,"featured_media":7040,"comment_status":"closed","ping_status":"closed","sticky":false,"template":"","format":"standard","meta":{"footnotes":""},"categories":[5],"tags":[],"class_list":["post-7037","post","type-post","status-publish","format-standard","has-post-thumbnail","hentry","category-regionales"],"yoast_head":"<!-- This site is optimized with the Yoast SEO plugin v27.4 - https:\/\/yoast.com\/product\/yoast-seo-wordpress\/ -->\n<title>Defensor\u00eda del Pueblo realiza conversatorio sobre \u201cProtecci\u00f3n Social y la Garant\u00eda al Derecho a la Salud\u201d -<\/title>\n<meta name=\"robots\" content=\"index, follow, max-snippet:-1, max-image-preview:large, max-video-preview:-1\" \/>\n<link rel=\"canonical\" href=\"http:\/\/www.defensoria.gob.ve\/?p=7037\" \/>\n<meta property=\"og:locale\" content=\"es_ES\" \/>\n<meta property=\"og:type\" content=\"article\" \/>\n<meta property=\"og:title\" content=\"Defensor\u00eda del Pueblo realiza conversatorio sobre \u201cProtecci\u00f3n Social y la Garant\u00eda al Derecho a la Salud\u201d -\" \/>\n<meta property=\"og:description\" content=\"(10-Sep-24) La Defensor\u00eda del Pueblo, a trav\u00e9s de la Direcci\u00f3n General de Promoci\u00f3n y Divulgaci\u00f3n de los DD.HH. realiz\u00f3 un conversatorio sobre la \u201cProtecci\u00f3n Social y la Garant\u00eda al Derecho&hellip;\" \/>\n<meta property=\"og:url\" content=\"http:\/\/www.defensoria.gob.ve\/?p=7037\" \/>\n<meta property=\"article:published_time\" content=\"2024-09-10T20:34:47+00:00\" \/>\n<meta property=\"article:modified_time\" content=\"2024-09-10T20:35:13+00:00\" \/>\n<meta property=\"og:image\" content=\"http:\/\/www.defensoria.gob.ve\/wp-content\/uploads\/2024\/09\/IMG_20240910_142918-1.jpg\" \/>\n\t<meta property=\"og:image:width\" content=\"800\" \/>\n\t<meta property=\"og:image:height\" content=\"351\" \/>\n\t<meta property=\"og:image:type\" content=\"image\/jpeg\" \/>\n<meta name=\"author\" content=\"JC.\" \/>\n<meta name=\"twitter:card\" content=\"summary_large_image\" \/>\n<meta name=\"twitter:label1\" content=\"Escrito por\" \/>\n\t<meta name=\"twitter:data1\" content=\"JC.\" \/>\n\t<meta name=\"twitter:label2\" content=\"Tiempo estimado de lectura\" \/>\n\t<meta name=\"twitter:data2\" content=\"1 minuto\" \/>\n<script type=\"application\/ld+json\" class=\"yoast-schema-graph\">{\"@context\":\"https:\\\/\\\/schema.org\",\"@graph\":[{\"@type\":\"Article\",\"@id\":\"http:\\\/\\\/www.defensoria.gob.ve\\\/?p=7037#article\",\"isPartOf\":{\"@id\":\"http:\\\/\\\/www.defensoria.gob.ve\\\/?p=7037\"},\"author\":{\"name\":\"JC.\",\"@id\":\"http:\\\/\\\/www.defensoria.gob.ve\\\/#\\\/schema\\\/person\\\/fba14293189d7b1933ac7fba9d89e24a\"},\"headline\":\"Defensor\u00eda del Pueblo realiza conversatorio sobre \u201cProtecci\u00f3n Social y la Garant\u00eda al Derecho a la Salud\u201d\",\"datePublished\":\"2024-09-10T20:34:47+00:00\",\"dateModified\":\"2024-09-10T20:35:13+00:00\",\"mainEntityOfPage\":{\"@id\":\"http:\\\/\\\/www.defensoria.gob.ve\\\/?p=7037\"},\"wordCount\":183,\"image\":{\"@id\":\"http:\\\/\\\/www.defensoria.gob.ve\\\/?p=7037#primaryimage\"},\"thumbnailUrl\":\"http:\\\/\\\/www.defensoria.gob.ve\\\/wp-content\\\/uploads\\\/2024\\\/09\\\/IMG_20240910_142918-1.jpg\",\"articleSection\":[\"REGIONALES\"],\"inLanguage\":\"es\"},{\"@type\":\"WebPage\",\"@id\":\"http:\\\/\\\/www.defensoria.gob.ve\\\/?p=7037\",\"url\":\"http:\\\/\\\/www.defensoria.gob.ve\\\/?p=7037\",\"name\":\"Defensor\u00eda del Pueblo realiza conversatorio sobre \u201cProtecci\u00f3n Social y la Garant\u00eda al Derecho a la Salud\u201d -\",\"isPartOf\":{\"@id\":\"http:\\\/\\\/www.defensoria.gob.ve\\\/#website\"},\"primaryImageOfPage\":{\"@id\":\"http:\\\/\\\/www.defensoria.gob.ve\\\/?p=7037#primaryimage\"},\"image\":{\"@id\":\"http:\\\/\\\/www.defensoria.gob.ve\\\/?p=7037#primaryimage\"},\"thumbnailUrl\":\"http:\\\/\\\/www.defensoria.gob.ve\\\/wp-content\\\/uploads\\\/2024\\\/09\\\/IMG_20240910_142918-1.jpg\",\"datePublished\":\"2024-09-10T20:34:47+00:00\",\"dateModified\":\"2024-09-10T20:35:13+00:00\",\"author\":{\"@id\":\"http:\\\/\\\/www.defensoria.gob.ve\\\/#\\\/schema\\\/person\\\/fba14293189d7b1933ac7fba9d89e24a\"},\"breadcrumb\":{\"@id\":\"http:\\\/\\\/www.defensoria.gob.ve\\\/?p=7037#breadcrumb\"},\"inLanguage\":\"es\",\"potentialAction\":[{\"@type\":\"ReadAction\",\"target\":[\"http:\\\/\\\/www.defensoria.gob.ve\\\/?p=7037\"]}]},{\"@type\":\"ImageObject\",\"inLanguage\":\"es\",\"@id\":\"http:\\\/\\\/www.defensoria.gob.ve\\\/?p=7037#primaryimage\",\"url\":\"http:\\\/\\\/www.defensoria.gob.ve\\\/wp-content\\\/uploads\\\/2024\\\/09\\\/IMG_20240910_142918-1.jpg\",\"contentUrl\":\"http:\\\/\\\/www.defensoria.gob.ve\\\/wp-content\\\/uploads\\\/2024\\\/09\\\/IMG_20240910_142918-1.jpg\",\"width\":800,\"height\":351},{\"@type\":\"BreadcrumbList\",\"@id\":\"http:\\\/\\\/www.defensoria.gob.ve\\\/?p=7037#breadcrumb\",\"itemListElement\":[{\"@type\":\"ListItem\",\"position\":1,\"name\":\"Portada\",\"item\":\"http:\\\/\\\/www.defensoria.gob.ve\\\/\"},{\"@type\":\"ListItem\",\"position\":2,\"name\":\"Defensor\u00eda del Pueblo realiza conversatorio sobre \u201cProtecci\u00f3n Social y la Garant\u00eda al Derecho a la Salud\u201d\"}]},{\"@type\":\"WebSite\",\"@id\":\"http:\\\/\\\/www.defensoria.gob.ve\\\/#website\",\"url\":\"http:\\\/\\\/www.defensoria.gob.ve\\\/\",\"name\":\"\",\"description\":\"Instituci\u00f3n del Poder Ciudadano para la Promoci\u00f3n, Defensa y Vigilancia de los Derechos Humanos. \",\"potentialAction\":[{\"@type\":\"SearchAction\",\"target\":{\"@type\":\"EntryPoint\",\"urlTemplate\":\"http:\\\/\\\/www.defensoria.gob.ve\\\/?s={search_term_string}\"},\"query-input\":{\"@type\":\"PropertyValueSpecification\",\"valueRequired\":true,\"valueName\":\"search_term_string\"}}],\"inLanguage\":\"es\"},{\"@type\":\"Person\",\"@id\":\"http:\\\/\\\/www.defensoria.gob.ve\\\/#\\\/schema\\\/person\\\/fba14293189d7b1933ac7fba9d89e24a\",\"name\":\"JC.\",\"image\":{\"@type\":\"ImageObject\",\"inLanguage\":\"es\",\"@id\":\"https:\\\/\\\/secure.gravatar.com\\\/avatar\\\/f398a4de948606b38f0299d90ca738c674b648694bc725ed46503c240269dbf8?s=96&d=mm&r=g\",\"url\":\"https:\\\/\\\/secure.gravatar.com\\\/avatar\\\/f398a4de948606b38f0299d90ca738c674b648694bc725ed46503c240269dbf8?s=96&d=mm&r=g\",\"contentUrl\":\"https:\\\/\\\/secure.gravatar.com\\\/avatar\\\/f398a4de948606b38f0299d90ca738c674b648694bc725ed46503c240269dbf8?s=96&d=mm&r=g\",\"caption\":\"JC.\"},\"url\":\"http:\\\/\\\/www.defensoria.gob.ve\\\/?author=5\"}]}<\/script>\n<!-- \/ Yoast SEO plugin. -->","yoast_head_json":{"title":"Defensor\u00eda del Pueblo realiza conversatorio sobre \u201cProtecci\u00f3n Social y la Garant\u00eda al Derecho a la Salud\u201d -","robots":{"index":"index","follow":"follow","max-snippet":"max-snippet:-1","max-image-preview":"max-image-preview:large","max-video-preview":"max-video-preview:-1"},"canonical":"http:\/\/www.defensoria.gob.ve\/?p=7037","og_locale":"es_ES","og_type":"article","og_title":"Defensor\u00eda del Pueblo realiza conversatorio sobre \u201cProtecci\u00f3n Social y la Garant\u00eda al Derecho a la Salud\u201d -","og_description":"(10-Sep-24) La Defensor\u00eda del Pueblo, a trav\u00e9s de la Direcci\u00f3n General de Promoci\u00f3n y Divulgaci\u00f3n de los DD.HH. realiz\u00f3 un conversatorio sobre la \u201cProtecci\u00f3n Social y la Garant\u00eda al Derecho&hellip;","og_url":"http:\/\/www.defensoria.gob.ve\/?p=7037","article_published_time":"2024-09-10T20:34:47+00:00","article_modified_time":"2024-09-10T20:35:13+00:00","og_image":[{"width":800,"height":351,"url":"http:\/\/www.defensoria.gob.ve\/wp-content\/uploads\/2024\/09\/IMG_20240910_142918-1.jpg","type":"image\/jpeg"}],"author":"JC.","twitter_card":"summary_large_image","twitter_misc":{"Escrito por":"JC.","Tiempo estimado de lectura":"1 minuto"},"schema":{"@context":"https:\/\/schema.org","@graph":[{"@type":"Article","@id":"http:\/\/www.defensoria.gob.ve\/?p=7037#article","isPartOf":{"@id":"http:\/\/www.defensoria.gob.ve\/?p=7037"},"author":{"name":"JC.","@id":"http:\/\/www.defensoria.gob.ve\/#\/schema\/person\/fba14293189d7b1933ac7fba9d89e24a"},"headline":"Defensor\u00eda del Pueblo realiza conversatorio sobre \u201cProtecci\u00f3n Social y la Garant\u00eda al Derecho a la Salud\u201d","datePublished":"2024-09-10T20:34:47+00:00","dateModified":"2024-09-10T20:35:13+00:00","mainEntityOfPage":{"@id":"http:\/\/www.defensoria.gob.ve\/?p=7037"},"wordCount":183,"image":{"@id":"http:\/\/www.defensoria.gob.ve\/?p=7037#primaryimage"},"thumbnailUrl":"http:\/\/www.defensoria.gob.ve\/wp-content\/uploads\/2024\/09\/IMG_20240910_142918-1.jpg","articleSection":["REGIONALES"],"inLanguage":"es"},{"@type":"WebPage","@id":"http:\/\/www.defensoria.gob.ve\/?p=7037","url":"http:\/\/www.defensoria.gob.ve\/?p=7037","name":"Defensor\u00eda del Pueblo realiza conversatorio sobre \u201cProtecci\u00f3n Social y la Garant\u00eda al Derecho a la Salud\u201d -","isPartOf":{"@id":"http:\/\/www.defensoria.gob.ve\/#website"},"primaryImageOfPage":{"@id":"http:\/\/www.defensoria.gob.ve\/?p=7037#primaryimage"},"image":{"@id":"http:\/\/www.defensoria.gob.ve\/?p=7037#primaryimage"},"thumbnailUrl":"http:\/\/www.defensoria.gob.ve\/wp-content\/uploads\/2024\/09\/IMG_20240910_142918-1.jpg","datePublished":"2024-09-10T20:34:47+00:00","dateModified":"2024-09-10T20:35:13+00:00","author":{"@id":"http:\/\/www.defensoria.gob.ve\/#\/schema\/person\/fba14293189d7b1933ac7fba9d89e24a"},"breadcrumb":{"@id":"http:\/\/www.defensoria.gob.ve\/?p=7037#breadcrumb"},"inLanguage":"es","potentialAction":[{"@type":"ReadAction","target":["http:\/\/www.defensoria.gob.ve\/?p=7037"]}]},{"@type":"ImageObject","inLanguage":"es","@id":"http:\/\/www.defensoria.gob.ve\/?p=7037#primaryimage","url":"http:\/\/www.defensoria.gob.ve\/wp-content\/uploads\/2024\/09\/IMG_20240910_142918-1.jpg","contentUrl":"http:\/\/www.defensoria.gob.ve\/wp-content\/uploads\/2024\/09\/IMG_20240910_142918-1.jpg","width":800,"height":351},{"@type":"BreadcrumbList","@id":"http:\/\/www.defensoria.gob.ve\/?p=7037#breadcrumb","itemListElement":[{"@type":"ListItem","position":1,"name":"Portada","item":"http:\/\/www.defensoria.gob.ve\/"},{"@type":"ListItem","position":2,"name":"Defensor\u00eda del Pueblo realiza conversatorio sobre \u201cProtecci\u00f3n Social y la Garant\u00eda al Derecho a la Salud\u201d"}]},{"@type":"WebSite","@id":"http:\/\/www.defensoria.gob.ve\/#website","url":"http:\/\/www.defensoria.gob.ve\/","name":"","description":"Instituci\u00f3n del Poder Ciudadano para la Promoci\u00f3n, Defensa y Vigilancia de los Derechos Humanos. ","potentialAction":[{"@type":"SearchAction","target":{"@type":"EntryPoint","urlTemplate":"http:\/\/www.defensoria.gob.ve\/?s={search_term_string}"},"query-input":{"@type":"PropertyValueSpecification","valueRequired":true,"valueName":"search_term_string"}}],"inLanguage":"es"},{"@type":"Person","@id":"http:\/\/www.defensoria.gob.ve\/#\/schema\/person\/fba14293189d7b1933ac7fba9d89e24a","name":"JC.","image":{"@type":"ImageObject","inLanguage":"es","@id":"https:\/\/secure.gravatar.com\/avatar\/f398a4de948606b38f0299d90ca738c674b648694bc725ed46503c240269dbf8?s=96&d=mm&r=g","url":"https:\/\/secure.gravatar.com\/avatar\/f398a4de948606b38f0299d90ca738c674b648694bc725ed46503c240269dbf8?s=96&d=mm&r=g","contentUrl":"https:\/\/secure.gravatar.com\/avatar\/f398a4de948606b38f0299d90ca738c674b648694bc725ed46503c240269dbf8?s=96&d=mm&r=g","caption":"JC."},"url":"http:\/\/www.defensoria.gob.ve\/?author=5"}]}},"_links":{"self":[{"href":"http:\/\/www.defensoria.gob.ve\/index.php?rest_route=\/wp\/v2\/posts\/7037","targetHints":{"allow":["GET"]}}],"collection":[{"href":"http:\/\/www.defensoria.gob.ve\/index.php?rest_route=\/wp\/v2\/posts"}],"about":[{"href":"http:\/\/www.defensoria.gob.ve\/index.php?rest_route=\/wp\/v2\/types\/post"}],"author":[{"embeddable":true,"href":"http:\/\/www.defensoria.gob.ve\/index.php?rest_route=\/wp\/v2\/users\/5"}],"replies":[{"embeddable":true,"href":"http:\/\/www.defensoria.gob.ve\/index.php?rest_route=%2Fwp%2Fv2%2Fcomments&post=7037"}],"version-history":[{"count":4,"href":"http:\/\/www.defensoria.gob.ve\/index.php?rest_route=\/wp\/v2\/posts\/7037\/revisions"}],"predecessor-version":[{"id":7044,"href":"http:\/\/www.defensoria.gob.ve\/index.php?rest_route=\/wp\/v2\/posts\/7037\/revisions\/7044"}],"wp:featuredmedia":[{"embeddable":true,"href":"http:\/\/www.defensoria.gob.ve\/index.php?rest_route=\/wp\/v2\/media\/7040"}],"wp:attachment":[{"href":"http:\/\/www.defensoria.gob.ve\/index.php?rest_route=%2Fwp%2Fv2%2Fmedia&parent=7037"}],"wp:term":[{"taxonomy":"category","embeddable":true,"href":"http:\/\/www.defensoria.gob.ve\/index.php?rest_route=%2Fwp%2Fv2%2Fcategories&post=7037"},{"taxonomy":"post_tag","embeddable":true,"href":"http:\/\/www.defensoria.gob.ve\/index.php?rest_route=%2Fwp%2Fv2%2Ftags&post=7037"}],"curies":[{"name":"wp","href":"https:\/\/api.w.org\/{rel}","templated":true}]}}