 
{"id":7301,"date":"2024-09-12T12:23:24","date_gmt":"2024-09-12T16:23:24","guid":{"rendered":"http:\/\/www.defensoria.gob.ve\/?p=7301"},"modified":"2024-09-12T12:24:01","modified_gmt":"2024-09-12T16:24:01","slug":"delegada-la-guaira-participo-en-jornada-integral-de-salud-impulsada-por-las-comunidades-afrodescendientes","status":"publish","type":"post","link":"http:\/\/www.defensoria.gob.ve\/?p=7301","title":{"rendered":"Delegada La Guaira particip\u00f3 en jornada integral de salud impulsada por las Comunidades Afrodescendientes"},"content":{"rendered":"\t\t<div data-elementor-type=\"wp-post\" data-elementor-id=\"7301\" class=\"elementor elementor-7301\">\n\t\t\t\t\t\t<section class=\"elementor-section elementor-top-section elementor-element elementor-element-7420ee46 elementor-section-boxed elementor-section-height-default elementor-section-height-default\" data-id=\"7420ee46\" data-element_type=\"section\" data-e-type=\"section\">\n\t\t\t\t\t\t<div class=\"elementor-container elementor-column-gap-default\">\n\t\t\t\t\t<div class=\"elementor-column elementor-col-100 elementor-top-column elementor-element elementor-element-7cc5a6f7\" data-id=\"7cc5a6f7\" data-element_type=\"column\" data-e-type=\"column\">\n\t\t\t<div class=\"elementor-widget-wrap elementor-element-populated\">\n\t\t\t\t\t\t<div class=\"elementor-element elementor-element-4bbbf9ba elementor-widget elementor-widget-text-editor\" data-id=\"4bbbf9ba\" data-element_type=\"widget\" data-e-type=\"widget\" data-widget_type=\"text-editor.default\">\n\t\t\t\t<div class=\"elementor-widget-container\">\n\t\t\t\t\t\t\t\t\t\n<p><strong>(La Guaira\/12-Sep-24)\u00a0<\/strong>En el marco de la promoci\u00f3n, defensa y vigilancia de los derechos humanos, servidoras y servidores de la Defensor\u00eda delegada del estado La Guaira se trasladaron a la comunidad de Todasana, parroquia Caruao, donde participaron en la jornada m\u00e9dica integral denominada \u00abLa Juntadera de La Guaira\u00bb.<\/p>\n\n\n\n<figure class=\"wp-block-image size-large\"><img fetchpriority=\"high\" decoding=\"async\" width=\"1024\" height=\"767\" src=\"http:\/\/www.defensoria.gob.ve\/wp-content\/uploads\/2024\/09\/La-Guaira-14-1024x767.jpg\" alt=\"\" class=\"wp-image-7302\" srcset=\"http:\/\/www.defensoria.gob.ve\/wp-content\/uploads\/2024\/09\/La-Guaira-14-1024x767.jpg 1024w, http:\/\/www.defensoria.gob.ve\/wp-content\/uploads\/2024\/09\/La-Guaira-14-300x225.jpg 300w, http:\/\/www.defensoria.gob.ve\/wp-content\/uploads\/2024\/09\/La-Guaira-14-768x575.jpg 768w, http:\/\/www.defensoria.gob.ve\/wp-content\/uploads\/2024\/09\/La-Guaira-14.jpg 1440w\" sizes=\"(max-width: 1024px) 100vw, 1024px\" \/><\/figure>\n\n\n\n<p>Dicha actividad fue organizada por el Consejo Nacional para el Desarrollo de las Comunidades Afrodescendientes de Venezuela (Conadecafro) y la Fundaci\u00f3n Jos\u00e9 F\u00e9lix Ribas (FundaRibas), y tuvo como fin ofrecer informaci\u00f3n y atenci\u00f3n especializada a las comunidades afrovenezolanas sobre la prevenci\u00f3n del uso de drogas y sustancias nocivas para la salud.<\/p>\n\n\n\n<figure class=\"wp-block-image size-large\"><img decoding=\"async\" width=\"1024\" height=\"767\" src=\"http:\/\/www.defensoria.gob.ve\/wp-content\/uploads\/2024\/09\/La-Guaira-12-1024x767.jpg\" alt=\"\" class=\"wp-image-7303\" srcset=\"http:\/\/www.defensoria.gob.ve\/wp-content\/uploads\/2024\/09\/La-Guaira-12-1024x767.jpg 1024w, http:\/\/www.defensoria.gob.ve\/wp-content\/uploads\/2024\/09\/La-Guaira-12-300x225.jpg 300w, http:\/\/www.defensoria.gob.ve\/wp-content\/uploads\/2024\/09\/La-Guaira-12-768x575.jpg 768w, http:\/\/www.defensoria.gob.ve\/wp-content\/uploads\/2024\/09\/La-Guaira-12.jpg 1440w\" sizes=\"(max-width: 1024px) 100vw, 1024px\" \/><\/figure>\n\n\n\n<p>Asimismo, las y los representantes del ente defensorial brindaron asesor\u00eda legal y entregaron material divulgativo sobre sus competencias y atribuciones constitucionales a los ciudadanos y ciudadanas que acudieron a esta jornada integral de salud.<\/p>\n\n\n\n<figure class=\"wp-block-image size-large\"><img decoding=\"async\" width=\"1024\" height=\"767\" src=\"http:\/\/www.defensoria.gob.ve\/wp-content\/uploads\/2024\/09\/La-Guaira-16-1024x767.jpg\" alt=\"\" class=\"wp-image-7304\" srcset=\"http:\/\/www.defensoria.gob.ve\/wp-content\/uploads\/2024\/09\/La-Guaira-16-1024x767.jpg 1024w, http:\/\/www.defensoria.gob.ve\/wp-content\/uploads\/2024\/09\/La-Guaira-16-300x225.jpg 300w, http:\/\/www.defensoria.gob.ve\/wp-content\/uploads\/2024\/09\/La-Guaira-16-768x575.jpg 768w, http:\/\/www.defensoria.gob.ve\/wp-content\/uploads\/2024\/09\/La-Guaira-16.jpg 1440w\" sizes=\"(max-width: 1024px) 100vw, 1024px\" \/><\/figure>\n\n\n\n<p>En esta jornada tambi\u00e9n formaron parte el Instituto Venezolano de los Seguros Sociales (IVSS), La Gobernaci\u00f3n del estado La Guaira, la Alcald\u00eda del municipio Vargas, el Consejo Nacional para la Integraci\u00f3n de la Persona con Discapacidad (Conapdis), entre otras.&nbsp;<strong>FIN \/ PRENSA Defensor\u00eda<\/strong><\/p>\n\t\t\t\t\t\t\t\t<\/div>\n\t\t\t\t<\/div>\n\t\t\t\t\t<\/div>\n\t\t<\/div>\n\t\t\t\t\t<\/div>\n\t\t<\/section>\n\t\t\t\t<\/div>\n\t\t","protected":false},"excerpt":{"rendered":"<p>(La Guaira\/12-Sep-24)\u00a0En el marco de la promoci\u00f3n, defensa y vigilancia de los derechos humanos, servidoras y servidores de la Defensor\u00eda delegada del estado La Guaira se trasladaron a la comunidad&hellip; <\/p>\n","protected":false},"author":5,"featured_media":7305,"comment_status":"closed","ping_status":"closed","sticky":false,"template":"","format":"standard","meta":{"footnotes":""},"categories":[5],"tags":[],"class_list":["post-7301","post","type-post","status-publish","format-standard","has-post-thumbnail","hentry","category-regionales"],"yoast_head":"<!-- This site is optimized with the Yoast SEO plugin v27.4 - https:\/\/yoast.com\/product\/yoast-seo-wordpress\/ -->\n<title>Delegada La Guaira particip\u00f3 en jornada integral de salud impulsada por las Comunidades Afrodescendientes -<\/title>\n<meta name=\"robots\" content=\"index, follow, max-snippet:-1, max-image-preview:large, max-video-preview:-1\" \/>\n<link rel=\"canonical\" href=\"http:\/\/www.defensoria.gob.ve\/?p=7301\" \/>\n<meta property=\"og:locale\" content=\"es_ES\" \/>\n<meta property=\"og:type\" content=\"article\" \/>\n<meta property=\"og:title\" content=\"Delegada La Guaira particip\u00f3 en jornada integral de salud impulsada por las Comunidades Afrodescendientes -\" \/>\n<meta property=\"og:description\" content=\"(La Guaira\/12-Sep-24)\u00a0En el marco de la promoci\u00f3n, defensa y vigilancia de los derechos humanos, servidoras y servidores de la Defensor\u00eda delegada del estado La Guaira se trasladaron a la comunidad&hellip;\" \/>\n<meta property=\"og:url\" content=\"http:\/\/www.defensoria.gob.ve\/?p=7301\" \/>\n<meta property=\"article:published_time\" content=\"2024-09-12T16:23:24+00:00\" \/>\n<meta property=\"article:modified_time\" content=\"2024-09-12T16:24:01+00:00\" \/>\n<meta property=\"og:image\" content=\"http:\/\/www.defensoria.gob.ve\/wp-content\/uploads\/2024\/09\/La-Guaira-13.jpg\" \/>\n\t<meta property=\"og:image:width\" content=\"1440\" \/>\n\t<meta property=\"og:image:height\" content=\"1079\" \/>\n\t<meta property=\"og:image:type\" content=\"image\/jpeg\" \/>\n<meta name=\"author\" content=\"JC.\" \/>\n<meta name=\"twitter:card\" content=\"summary_large_image\" \/>\n<meta name=\"twitter:label1\" content=\"Escrito por\" \/>\n\t<meta name=\"twitter:data1\" content=\"JC.\" \/>\n\t<meta name=\"twitter:label2\" content=\"Tiempo estimado de lectura\" \/>\n\t<meta name=\"twitter:data2\" content=\"2 minutos\" \/>\n<script type=\"application\/ld+json\" class=\"yoast-schema-graph\">{\"@context\":\"https:\\\/\\\/schema.org\",\"@graph\":[{\"@type\":\"Article\",\"@id\":\"http:\\\/\\\/www.defensoria.gob.ve\\\/?p=7301#article\",\"isPartOf\":{\"@id\":\"http:\\\/\\\/www.defensoria.gob.ve\\\/?p=7301\"},\"author\":{\"name\":\"JC.\",\"@id\":\"http:\\\/\\\/www.defensoria.gob.ve\\\/#\\\/schema\\\/person\\\/fba14293189d7b1933ac7fba9d89e24a\"},\"headline\":\"Delegada La Guaira particip\u00f3 en jornada integral de salud impulsada por las Comunidades Afrodescendientes\",\"datePublished\":\"2024-09-12T16:23:24+00:00\",\"dateModified\":\"2024-09-12T16:24:01+00:00\",\"mainEntityOfPage\":{\"@id\":\"http:\\\/\\\/www.defensoria.gob.ve\\\/?p=7301\"},\"wordCount\":205,\"image\":{\"@id\":\"http:\\\/\\\/www.defensoria.gob.ve\\\/?p=7301#primaryimage\"},\"thumbnailUrl\":\"http:\\\/\\\/www.defensoria.gob.ve\\\/wp-content\\\/uploads\\\/2024\\\/09\\\/La-Guaira-13.jpg\",\"articleSection\":[\"REGIONALES\"],\"inLanguage\":\"es\"},{\"@type\":\"WebPage\",\"@id\":\"http:\\\/\\\/www.defensoria.gob.ve\\\/?p=7301\",\"url\":\"http:\\\/\\\/www.defensoria.gob.ve\\\/?p=7301\",\"name\":\"Delegada La Guaira particip\u00f3 en jornada integral de salud impulsada por las Comunidades Afrodescendientes -\",\"isPartOf\":{\"@id\":\"http:\\\/\\\/www.defensoria.gob.ve\\\/#website\"},\"primaryImageOfPage\":{\"@id\":\"http:\\\/\\\/www.defensoria.gob.ve\\\/?p=7301#primaryimage\"},\"image\":{\"@id\":\"http:\\\/\\\/www.defensoria.gob.ve\\\/?p=7301#primaryimage\"},\"thumbnailUrl\":\"http:\\\/\\\/www.defensoria.gob.ve\\\/wp-content\\\/uploads\\\/2024\\\/09\\\/La-Guaira-13.jpg\",\"datePublished\":\"2024-09-12T16:23:24+00:00\",\"dateModified\":\"2024-09-12T16:24:01+00:00\",\"author\":{\"@id\":\"http:\\\/\\\/www.defensoria.gob.ve\\\/#\\\/schema\\\/person\\\/fba14293189d7b1933ac7fba9d89e24a\"},\"breadcrumb\":{\"@id\":\"http:\\\/\\\/www.defensoria.gob.ve\\\/?p=7301#breadcrumb\"},\"inLanguage\":\"es\",\"potentialAction\":[{\"@type\":\"ReadAction\",\"target\":[\"http:\\\/\\\/www.defensoria.gob.ve\\\/?p=7301\"]}]},{\"@type\":\"ImageObject\",\"inLanguage\":\"es\",\"@id\":\"http:\\\/\\\/www.defensoria.gob.ve\\\/?p=7301#primaryimage\",\"url\":\"http:\\\/\\\/www.defensoria.gob.ve\\\/wp-content\\\/uploads\\\/2024\\\/09\\\/La-Guaira-13.jpg\",\"contentUrl\":\"http:\\\/\\\/www.defensoria.gob.ve\\\/wp-content\\\/uploads\\\/2024\\\/09\\\/La-Guaira-13.jpg\",\"width\":1440,\"height\":1079},{\"@type\":\"BreadcrumbList\",\"@id\":\"http:\\\/\\\/www.defensoria.gob.ve\\\/?p=7301#breadcrumb\",\"itemListElement\":[{\"@type\":\"ListItem\",\"position\":1,\"name\":\"Portada\",\"item\":\"http:\\\/\\\/www.defensoria.gob.ve\\\/\"},{\"@type\":\"ListItem\",\"position\":2,\"name\":\"Delegada La Guaira particip\u00f3 en jornada integral de salud impulsada por las Comunidades Afrodescendientes\"}]},{\"@type\":\"WebSite\",\"@id\":\"http:\\\/\\\/www.defensoria.gob.ve\\\/#website\",\"url\":\"http:\\\/\\\/www.defensoria.gob.ve\\\/\",\"name\":\"\",\"description\":\"Instituci\u00f3n del Poder Ciudadano para la Promoci\u00f3n, Defensa y Vigilancia de los Derechos Humanos. \",\"potentialAction\":[{\"@type\":\"SearchAction\",\"target\":{\"@type\":\"EntryPoint\",\"urlTemplate\":\"http:\\\/\\\/www.defensoria.gob.ve\\\/?s={search_term_string}\"},\"query-input\":{\"@type\":\"PropertyValueSpecification\",\"valueRequired\":true,\"valueName\":\"search_term_string\"}}],\"inLanguage\":\"es\"},{\"@type\":\"Person\",\"@id\":\"http:\\\/\\\/www.defensoria.gob.ve\\\/#\\\/schema\\\/person\\\/fba14293189d7b1933ac7fba9d89e24a\",\"name\":\"JC.\",\"image\":{\"@type\":\"ImageObject\",\"inLanguage\":\"es\",\"@id\":\"https:\\\/\\\/secure.gravatar.com\\\/avatar\\\/f398a4de948606b38f0299d90ca738c674b648694bc725ed46503c240269dbf8?s=96&d=mm&r=g\",\"url\":\"https:\\\/\\\/secure.gravatar.com\\\/avatar\\\/f398a4de948606b38f0299d90ca738c674b648694bc725ed46503c240269dbf8?s=96&d=mm&r=g\",\"contentUrl\":\"https:\\\/\\\/secure.gravatar.com\\\/avatar\\\/f398a4de948606b38f0299d90ca738c674b648694bc725ed46503c240269dbf8?s=96&d=mm&r=g\",\"caption\":\"JC.\"},\"url\":\"http:\\\/\\\/www.defensoria.gob.ve\\\/?author=5\"}]}<\/script>\n<!-- \/ Yoast SEO plugin. -->","yoast_head_json":{"title":"Delegada La Guaira particip\u00f3 en jornada integral de salud impulsada por las Comunidades Afrodescendientes -","robots":{"index":"index","follow":"follow","max-snippet":"max-snippet:-1","max-image-preview":"max-image-preview:large","max-video-preview":"max-video-preview:-1"},"canonical":"http:\/\/www.defensoria.gob.ve\/?p=7301","og_locale":"es_ES","og_type":"article","og_title":"Delegada La Guaira particip\u00f3 en jornada integral de salud impulsada por las Comunidades Afrodescendientes -","og_description":"(La Guaira\/12-Sep-24)\u00a0En el marco de la promoci\u00f3n, defensa y vigilancia de los derechos humanos, servidoras y servidores de la Defensor\u00eda delegada del estado La Guaira se trasladaron a la comunidad&hellip;","og_url":"http:\/\/www.defensoria.gob.ve\/?p=7301","article_published_time":"2024-09-12T16:23:24+00:00","article_modified_time":"2024-09-12T16:24:01+00:00","og_image":[{"width":1440,"height":1079,"url":"http:\/\/www.defensoria.gob.ve\/wp-content\/uploads\/2024\/09\/La-Guaira-13.jpg","type":"image\/jpeg"}],"author":"JC.","twitter_card":"summary_large_image","twitter_misc":{"Escrito por":"JC.","Tiempo estimado de lectura":"2 minutos"},"schema":{"@context":"https:\/\/schema.org","@graph":[{"@type":"Article","@id":"http:\/\/www.defensoria.gob.ve\/?p=7301#article","isPartOf":{"@id":"http:\/\/www.defensoria.gob.ve\/?p=7301"},"author":{"name":"JC.","@id":"http:\/\/www.defensoria.gob.ve\/#\/schema\/person\/fba14293189d7b1933ac7fba9d89e24a"},"headline":"Delegada La Guaira particip\u00f3 en jornada integral de salud impulsada por las Comunidades Afrodescendientes","datePublished":"2024-09-12T16:23:24+00:00","dateModified":"2024-09-12T16:24:01+00:00","mainEntityOfPage":{"@id":"http:\/\/www.defensoria.gob.ve\/?p=7301"},"wordCount":205,"image":{"@id":"http:\/\/www.defensoria.gob.ve\/?p=7301#primaryimage"},"thumbnailUrl":"http:\/\/www.defensoria.gob.ve\/wp-content\/uploads\/2024\/09\/La-Guaira-13.jpg","articleSection":["REGIONALES"],"inLanguage":"es"},{"@type":"WebPage","@id":"http:\/\/www.defensoria.gob.ve\/?p=7301","url":"http:\/\/www.defensoria.gob.ve\/?p=7301","name":"Delegada La Guaira particip\u00f3 en jornada integral de salud impulsada por las Comunidades Afrodescendientes -","isPartOf":{"@id":"http:\/\/www.defensoria.gob.ve\/#website"},"primaryImageOfPage":{"@id":"http:\/\/www.defensoria.gob.ve\/?p=7301#primaryimage"},"image":{"@id":"http:\/\/www.defensoria.gob.ve\/?p=7301#primaryimage"},"thumbnailUrl":"http:\/\/www.defensoria.gob.ve\/wp-content\/uploads\/2024\/09\/La-Guaira-13.jpg","datePublished":"2024-09-12T16:23:24+00:00","dateModified":"2024-09-12T16:24:01+00:00","author":{"@id":"http:\/\/www.defensoria.gob.ve\/#\/schema\/person\/fba14293189d7b1933ac7fba9d89e24a"},"breadcrumb":{"@id":"http:\/\/www.defensoria.gob.ve\/?p=7301#breadcrumb"},"inLanguage":"es","potentialAction":[{"@type":"ReadAction","target":["http:\/\/www.defensoria.gob.ve\/?p=7301"]}]},{"@type":"ImageObject","inLanguage":"es","@id":"http:\/\/www.defensoria.gob.ve\/?p=7301#primaryimage","url":"http:\/\/www.defensoria.gob.ve\/wp-content\/uploads\/2024\/09\/La-Guaira-13.jpg","contentUrl":"http:\/\/www.defensoria.gob.ve\/wp-content\/uploads\/2024\/09\/La-Guaira-13.jpg","width":1440,"height":1079},{"@type":"BreadcrumbList","@id":"http:\/\/www.defensoria.gob.ve\/?p=7301#breadcrumb","itemListElement":[{"@type":"ListItem","position":1,"name":"Portada","item":"http:\/\/www.defensoria.gob.ve\/"},{"@type":"ListItem","position":2,"name":"Delegada La Guaira particip\u00f3 en jornada integral de salud impulsada por las Comunidades Afrodescendientes"}]},{"@type":"WebSite","@id":"http:\/\/www.defensoria.gob.ve\/#website","url":"http:\/\/www.defensoria.gob.ve\/","name":"","description":"Instituci\u00f3n del Poder Ciudadano para la Promoci\u00f3n, Defensa y Vigilancia de los Derechos Humanos. ","potentialAction":[{"@type":"SearchAction","target":{"@type":"EntryPoint","urlTemplate":"http:\/\/www.defensoria.gob.ve\/?s={search_term_string}"},"query-input":{"@type":"PropertyValueSpecification","valueRequired":true,"valueName":"search_term_string"}}],"inLanguage":"es"},{"@type":"Person","@id":"http:\/\/www.defensoria.gob.ve\/#\/schema\/person\/fba14293189d7b1933ac7fba9d89e24a","name":"JC.","image":{"@type":"ImageObject","inLanguage":"es","@id":"https:\/\/secure.gravatar.com\/avatar\/f398a4de948606b38f0299d90ca738c674b648694bc725ed46503c240269dbf8?s=96&d=mm&r=g","url":"https:\/\/secure.gravatar.com\/avatar\/f398a4de948606b38f0299d90ca738c674b648694bc725ed46503c240269dbf8?s=96&d=mm&r=g","contentUrl":"https:\/\/secure.gravatar.com\/avatar\/f398a4de948606b38f0299d90ca738c674b648694bc725ed46503c240269dbf8?s=96&d=mm&r=g","caption":"JC."},"url":"http:\/\/www.defensoria.gob.ve\/?author=5"}]}},"_links":{"self":[{"href":"http:\/\/www.defensoria.gob.ve\/index.php?rest_route=\/wp\/v2\/posts\/7301","targetHints":{"allow":["GET"]}}],"collection":[{"href":"http:\/\/www.defensoria.gob.ve\/index.php?rest_route=\/wp\/v2\/posts"}],"about":[{"href":"http:\/\/www.defensoria.gob.ve\/index.php?rest_route=\/wp\/v2\/types\/post"}],"author":[{"embeddable":true,"href":"http:\/\/www.defensoria.gob.ve\/index.php?rest_route=\/wp\/v2\/users\/5"}],"replies":[{"embeddable":true,"href":"http:\/\/www.defensoria.gob.ve\/index.php?rest_route=%2Fwp%2Fv2%2Fcomments&post=7301"}],"version-history":[{"count":4,"href":"http:\/\/www.defensoria.gob.ve\/index.php?rest_route=\/wp\/v2\/posts\/7301\/revisions"}],"predecessor-version":[{"id":7309,"href":"http:\/\/www.defensoria.gob.ve\/index.php?rest_route=\/wp\/v2\/posts\/7301\/revisions\/7309"}],"wp:featuredmedia":[{"embeddable":true,"href":"http:\/\/www.defensoria.gob.ve\/index.php?rest_route=\/wp\/v2\/media\/7305"}],"wp:attachment":[{"href":"http:\/\/www.defensoria.gob.ve\/index.php?rest_route=%2Fwp%2Fv2%2Fmedia&parent=7301"}],"wp:term":[{"taxonomy":"category","embeddable":true,"href":"http:\/\/www.defensoria.gob.ve\/index.php?rest_route=%2Fwp%2Fv2%2Fcategories&post=7301"},{"taxonomy":"post_tag","embeddable":true,"href":"http:\/\/www.defensoria.gob.ve\/index.php?rest_route=%2Fwp%2Fv2%2Ftags&post=7301"}],"curies":[{"name":"wp","href":"https:\/\/api.w.org\/{rel}","templated":true}]}}