 
{"id":7458,"date":"2024-09-16T17:22:31","date_gmt":"2024-09-16T21:22:31","guid":{"rendered":"http:\/\/www.defensoria.gob.ve\/?p=7458"},"modified":"2024-09-16T17:22:56","modified_gmt":"2024-09-16T21:22:56","slug":"delegada-de-miranda-facilito-conversatorio-derechos-humanos-de-ninos-ninas-y-adolescentes-en-charallave","status":"publish","type":"post","link":"http:\/\/www.defensoria.gob.ve\/?p=7458","title":{"rendered":"Delegada de Miranda facilit\u00f3 conversatorio Derechos Humanos de Ni\u00f1os, Ni\u00f1as y Adolescentes en Charallave"},"content":{"rendered":"\t\t<div data-elementor-type=\"wp-post\" data-elementor-id=\"7458\" class=\"elementor elementor-7458\">\n\t\t\t\t\t\t<section class=\"elementor-section elementor-top-section elementor-element elementor-element-6dcbdbe5 elementor-section-boxed elementor-section-height-default elementor-section-height-default\" data-id=\"6dcbdbe5\" data-element_type=\"section\" data-e-type=\"section\">\n\t\t\t\t\t\t<div class=\"elementor-container elementor-column-gap-default\">\n\t\t\t\t\t<div class=\"elementor-column elementor-col-100 elementor-top-column elementor-element elementor-element-3039432c\" data-id=\"3039432c\" data-element_type=\"column\" data-e-type=\"column\">\n\t\t\t<div class=\"elementor-widget-wrap elementor-element-populated\">\n\t\t\t\t\t\t<div class=\"elementor-element elementor-element-45bcb46e elementor-widget elementor-widget-text-editor\" data-id=\"45bcb46e\" data-element_type=\"widget\" data-e-type=\"widget\" data-widget_type=\"text-editor.default\">\n\t\t\t\t<div class=\"elementor-widget-container\">\n\t\t\t\t\t\t\t\t\t\n<p><strong>(Miranda\/16-Sep-24)<\/strong> La Defensor\u00eda delegada del estado Miranda, Subsede Charallave, realiz\u00f3 un conversatorio sobre Derechos Humanos de Ni\u00f1os, Ni\u00f1as y Adolescentes, dirigido a la vocer\u00eda del consejo comunal Manuelita S\u00e1enz, ubicado en el sector Consejo Comunal Manuelita S\u00e1enz, municipio Urdaneta en los Valles del Tuy. <\/p>\n\n\n<div class=\"wp-block-image\">\n<figure class=\"aligncenter size-full\"><img fetchpriority=\"high\" decoding=\"async\" width=\"659\" height=\"490\" src=\"http:\/\/www.defensoria.gob.ve\/wp-content\/uploads\/2024\/09\/jjjjj1.png\" alt=\"\" class=\"wp-image-7459\" srcset=\"http:\/\/www.defensoria.gob.ve\/wp-content\/uploads\/2024\/09\/jjjjj1.png 659w, http:\/\/www.defensoria.gob.ve\/wp-content\/uploads\/2024\/09\/jjjjj1-300x223.png 300w\" sizes=\"(max-width: 659px) 100vw, 659px\" \/><\/figure><\/div>\n\n\n<p>Las ponentes fueron la Msc. Ana Delgado y la Msc. Deysi Rodr\u00edguez, Defensora III y II, respectivamente. Esta actividad formativa se llev\u00f3 a cabo en conjunto con el equipo de la Direcci\u00f3n de Atenci\u00f3n al Ciudadano del Instituto de Ferrocarriles del Estado (IFE). Dicho evento se dio con la finalidad de articular con los movimientos sociales y continuar la sensibilizaci\u00f3n sobre los derechos que protegen a la infancia y la adolescencia, as\u00ed como la corresponsabilidad que tiene el Estado, la familia y la sociedad. <\/p>\n\n\n\n<p>Finalizando, la vocera del consejo comunal, Susana Valderrama, agradeci\u00f3 a la Defensor\u00eda del Pueblo y al IFE, la iniciativa, toda vez que \u00abes de suma importancia que sigamos divulgando que nuestros ni\u00f1os, ni\u00f1as y adolescentes tienen derechos, que son prioridad y que todos y todas debemos protegerlos y defenderlos\u00bb. <strong>FIN \/ PRENSA Defensor\u00eda<\/strong><\/p>\n\t\t\t\t\t\t\t\t<\/div>\n\t\t\t\t<\/div>\n\t\t\t\t\t<\/div>\n\t\t<\/div>\n\t\t\t\t\t<\/div>\n\t\t<\/section>\n\t\t\t\t<\/div>\n\t\t","protected":false},"excerpt":{"rendered":"<p>(Miranda\/16-Sep-24) La Defensor\u00eda delegada del estado Miranda, Subsede Charallave, realiz\u00f3 un conversatorio sobre Derechos Humanos de Ni\u00f1os, Ni\u00f1as y Adolescentes, dirigido a la vocer\u00eda del consejo comunal Manuelita S\u00e1enz, ubicado&hellip; <\/p>\n","protected":false},"author":5,"featured_media":7460,"comment_status":"closed","ping_status":"closed","sticky":false,"template":"","format":"standard","meta":{"footnotes":""},"categories":[5],"tags":[],"class_list":["post-7458","post","type-post","status-publish","format-standard","has-post-thumbnail","hentry","category-regionales"],"yoast_head":"<!-- This site is optimized with the Yoast SEO plugin v27.4 - https:\/\/yoast.com\/product\/yoast-seo-wordpress\/ -->\n<title>Delegada de Miranda facilit\u00f3 conversatorio Derechos Humanos de Ni\u00f1os, Ni\u00f1as y Adolescentes en Charallave -<\/title>\n<meta name=\"robots\" content=\"index, follow, max-snippet:-1, max-image-preview:large, max-video-preview:-1\" \/>\n<link rel=\"canonical\" href=\"http:\/\/www.defensoria.gob.ve\/?p=7458\" \/>\n<meta property=\"og:locale\" content=\"es_ES\" \/>\n<meta property=\"og:type\" content=\"article\" \/>\n<meta property=\"og:title\" content=\"Delegada de Miranda facilit\u00f3 conversatorio Derechos Humanos de Ni\u00f1os, Ni\u00f1as y Adolescentes en Charallave -\" \/>\n<meta property=\"og:description\" content=\"(Miranda\/16-Sep-24) La Defensor\u00eda delegada del estado Miranda, Subsede Charallave, realiz\u00f3 un conversatorio sobre Derechos Humanos de Ni\u00f1os, Ni\u00f1as y Adolescentes, dirigido a la vocer\u00eda del consejo comunal Manuelita S\u00e1enz, ubicado&hellip;\" \/>\n<meta property=\"og:url\" content=\"http:\/\/www.defensoria.gob.ve\/?p=7458\" \/>\n<meta property=\"article:published_time\" content=\"2024-09-16T21:22:31+00:00\" \/>\n<meta property=\"article:modified_time\" content=\"2024-09-16T21:22:56+00:00\" \/>\n<meta property=\"og:image\" content=\"http:\/\/www.defensoria.gob.ve\/wp-content\/uploads\/2024\/09\/jjjjjjjj.png\" \/>\n\t<meta property=\"og:image:width\" content=\"828\" \/>\n\t<meta property=\"og:image:height\" content=\"412\" \/>\n\t<meta property=\"og:image:type\" content=\"image\/png\" \/>\n<meta name=\"author\" content=\"JC.\" \/>\n<meta name=\"twitter:card\" content=\"summary_large_image\" \/>\n<meta name=\"twitter:label1\" content=\"Escrito por\" \/>\n\t<meta name=\"twitter:data1\" content=\"JC.\" \/>\n\t<meta name=\"twitter:label2\" content=\"Tiempo estimado de lectura\" \/>\n\t<meta name=\"twitter:data2\" content=\"2 minutos\" \/>\n<script type=\"application\/ld+json\" class=\"yoast-schema-graph\">{\"@context\":\"https:\\\/\\\/schema.org\",\"@graph\":[{\"@type\":\"Article\",\"@id\":\"http:\\\/\\\/www.defensoria.gob.ve\\\/?p=7458#article\",\"isPartOf\":{\"@id\":\"http:\\\/\\\/www.defensoria.gob.ve\\\/?p=7458\"},\"author\":{\"name\":\"JC.\",\"@id\":\"http:\\\/\\\/www.defensoria.gob.ve\\\/#\\\/schema\\\/person\\\/fba14293189d7b1933ac7fba9d89e24a\"},\"headline\":\"Delegada de Miranda facilit\u00f3 conversatorio Derechos Humanos de Ni\u00f1os, Ni\u00f1as y Adolescentes en Charallave\",\"datePublished\":\"2024-09-16T21:22:31+00:00\",\"dateModified\":\"2024-09-16T21:22:56+00:00\",\"mainEntityOfPage\":{\"@id\":\"http:\\\/\\\/www.defensoria.gob.ve\\\/?p=7458\"},\"wordCount\":211,\"image\":{\"@id\":\"http:\\\/\\\/www.defensoria.gob.ve\\\/?p=7458#primaryimage\"},\"thumbnailUrl\":\"http:\\\/\\\/www.defensoria.gob.ve\\\/wp-content\\\/uploads\\\/2024\\\/09\\\/jjjjjjjj.png\",\"articleSection\":[\"REGIONALES\"],\"inLanguage\":\"es\"},{\"@type\":\"WebPage\",\"@id\":\"http:\\\/\\\/www.defensoria.gob.ve\\\/?p=7458\",\"url\":\"http:\\\/\\\/www.defensoria.gob.ve\\\/?p=7458\",\"name\":\"Delegada de Miranda facilit\u00f3 conversatorio Derechos Humanos de Ni\u00f1os, Ni\u00f1as y Adolescentes en Charallave -\",\"isPartOf\":{\"@id\":\"http:\\\/\\\/www.defensoria.gob.ve\\\/#website\"},\"primaryImageOfPage\":{\"@id\":\"http:\\\/\\\/www.defensoria.gob.ve\\\/?p=7458#primaryimage\"},\"image\":{\"@id\":\"http:\\\/\\\/www.defensoria.gob.ve\\\/?p=7458#primaryimage\"},\"thumbnailUrl\":\"http:\\\/\\\/www.defensoria.gob.ve\\\/wp-content\\\/uploads\\\/2024\\\/09\\\/jjjjjjjj.png\",\"datePublished\":\"2024-09-16T21:22:31+00:00\",\"dateModified\":\"2024-09-16T21:22:56+00:00\",\"author\":{\"@id\":\"http:\\\/\\\/www.defensoria.gob.ve\\\/#\\\/schema\\\/person\\\/fba14293189d7b1933ac7fba9d89e24a\"},\"breadcrumb\":{\"@id\":\"http:\\\/\\\/www.defensoria.gob.ve\\\/?p=7458#breadcrumb\"},\"inLanguage\":\"es\",\"potentialAction\":[{\"@type\":\"ReadAction\",\"target\":[\"http:\\\/\\\/www.defensoria.gob.ve\\\/?p=7458\"]}]},{\"@type\":\"ImageObject\",\"inLanguage\":\"es\",\"@id\":\"http:\\\/\\\/www.defensoria.gob.ve\\\/?p=7458#primaryimage\",\"url\":\"http:\\\/\\\/www.defensoria.gob.ve\\\/wp-content\\\/uploads\\\/2024\\\/09\\\/jjjjjjjj.png\",\"contentUrl\":\"http:\\\/\\\/www.defensoria.gob.ve\\\/wp-content\\\/uploads\\\/2024\\\/09\\\/jjjjjjjj.png\",\"width\":828,\"height\":412},{\"@type\":\"BreadcrumbList\",\"@id\":\"http:\\\/\\\/www.defensoria.gob.ve\\\/?p=7458#breadcrumb\",\"itemListElement\":[{\"@type\":\"ListItem\",\"position\":1,\"name\":\"Portada\",\"item\":\"http:\\\/\\\/www.defensoria.gob.ve\\\/\"},{\"@type\":\"ListItem\",\"position\":2,\"name\":\"Delegada de Miranda facilit\u00f3 conversatorio Derechos Humanos de Ni\u00f1os, Ni\u00f1as y Adolescentes en Charallave\"}]},{\"@type\":\"WebSite\",\"@id\":\"http:\\\/\\\/www.defensoria.gob.ve\\\/#website\",\"url\":\"http:\\\/\\\/www.defensoria.gob.ve\\\/\",\"name\":\"\",\"description\":\"Instituci\u00f3n del Poder Ciudadano para la Promoci\u00f3n, Defensa y Vigilancia de los Derechos Humanos. \",\"potentialAction\":[{\"@type\":\"SearchAction\",\"target\":{\"@type\":\"EntryPoint\",\"urlTemplate\":\"http:\\\/\\\/www.defensoria.gob.ve\\\/?s={search_term_string}\"},\"query-input\":{\"@type\":\"PropertyValueSpecification\",\"valueRequired\":true,\"valueName\":\"search_term_string\"}}],\"inLanguage\":\"es\"},{\"@type\":\"Person\",\"@id\":\"http:\\\/\\\/www.defensoria.gob.ve\\\/#\\\/schema\\\/person\\\/fba14293189d7b1933ac7fba9d89e24a\",\"name\":\"JC.\",\"image\":{\"@type\":\"ImageObject\",\"inLanguage\":\"es\",\"@id\":\"https:\\\/\\\/secure.gravatar.com\\\/avatar\\\/f398a4de948606b38f0299d90ca738c674b648694bc725ed46503c240269dbf8?s=96&d=mm&r=g\",\"url\":\"https:\\\/\\\/secure.gravatar.com\\\/avatar\\\/f398a4de948606b38f0299d90ca738c674b648694bc725ed46503c240269dbf8?s=96&d=mm&r=g\",\"contentUrl\":\"https:\\\/\\\/secure.gravatar.com\\\/avatar\\\/f398a4de948606b38f0299d90ca738c674b648694bc725ed46503c240269dbf8?s=96&d=mm&r=g\",\"caption\":\"JC.\"},\"url\":\"http:\\\/\\\/www.defensoria.gob.ve\\\/?author=5\"}]}<\/script>\n<!-- \/ Yoast SEO plugin. -->","yoast_head_json":{"title":"Delegada de Miranda facilit\u00f3 conversatorio Derechos Humanos de Ni\u00f1os, Ni\u00f1as y Adolescentes en Charallave -","robots":{"index":"index","follow":"follow","max-snippet":"max-snippet:-1","max-image-preview":"max-image-preview:large","max-video-preview":"max-video-preview:-1"},"canonical":"http:\/\/www.defensoria.gob.ve\/?p=7458","og_locale":"es_ES","og_type":"article","og_title":"Delegada de Miranda facilit\u00f3 conversatorio Derechos Humanos de Ni\u00f1os, Ni\u00f1as y Adolescentes en Charallave -","og_description":"(Miranda\/16-Sep-24) La Defensor\u00eda delegada del estado Miranda, Subsede Charallave, realiz\u00f3 un conversatorio sobre Derechos Humanos de Ni\u00f1os, Ni\u00f1as y Adolescentes, dirigido a la vocer\u00eda del consejo comunal Manuelita S\u00e1enz, ubicado&hellip;","og_url":"http:\/\/www.defensoria.gob.ve\/?p=7458","article_published_time":"2024-09-16T21:22:31+00:00","article_modified_time":"2024-09-16T21:22:56+00:00","og_image":[{"width":828,"height":412,"url":"http:\/\/www.defensoria.gob.ve\/wp-content\/uploads\/2024\/09\/jjjjjjjj.png","type":"image\/png"}],"author":"JC.","twitter_card":"summary_large_image","twitter_misc":{"Escrito por":"JC.","Tiempo estimado de lectura":"2 minutos"},"schema":{"@context":"https:\/\/schema.org","@graph":[{"@type":"Article","@id":"http:\/\/www.defensoria.gob.ve\/?p=7458#article","isPartOf":{"@id":"http:\/\/www.defensoria.gob.ve\/?p=7458"},"author":{"name":"JC.","@id":"http:\/\/www.defensoria.gob.ve\/#\/schema\/person\/fba14293189d7b1933ac7fba9d89e24a"},"headline":"Delegada de Miranda facilit\u00f3 conversatorio Derechos Humanos de Ni\u00f1os, Ni\u00f1as y Adolescentes en Charallave","datePublished":"2024-09-16T21:22:31+00:00","dateModified":"2024-09-16T21:22:56+00:00","mainEntityOfPage":{"@id":"http:\/\/www.defensoria.gob.ve\/?p=7458"},"wordCount":211,"image":{"@id":"http:\/\/www.defensoria.gob.ve\/?p=7458#primaryimage"},"thumbnailUrl":"http:\/\/www.defensoria.gob.ve\/wp-content\/uploads\/2024\/09\/jjjjjjjj.png","articleSection":["REGIONALES"],"inLanguage":"es"},{"@type":"WebPage","@id":"http:\/\/www.defensoria.gob.ve\/?p=7458","url":"http:\/\/www.defensoria.gob.ve\/?p=7458","name":"Delegada de Miranda facilit\u00f3 conversatorio Derechos Humanos de Ni\u00f1os, Ni\u00f1as y Adolescentes en Charallave -","isPartOf":{"@id":"http:\/\/www.defensoria.gob.ve\/#website"},"primaryImageOfPage":{"@id":"http:\/\/www.defensoria.gob.ve\/?p=7458#primaryimage"},"image":{"@id":"http:\/\/www.defensoria.gob.ve\/?p=7458#primaryimage"},"thumbnailUrl":"http:\/\/www.defensoria.gob.ve\/wp-content\/uploads\/2024\/09\/jjjjjjjj.png","datePublished":"2024-09-16T21:22:31+00:00","dateModified":"2024-09-16T21:22:56+00:00","author":{"@id":"http:\/\/www.defensoria.gob.ve\/#\/schema\/person\/fba14293189d7b1933ac7fba9d89e24a"},"breadcrumb":{"@id":"http:\/\/www.defensoria.gob.ve\/?p=7458#breadcrumb"},"inLanguage":"es","potentialAction":[{"@type":"ReadAction","target":["http:\/\/www.defensoria.gob.ve\/?p=7458"]}]},{"@type":"ImageObject","inLanguage":"es","@id":"http:\/\/www.defensoria.gob.ve\/?p=7458#primaryimage","url":"http:\/\/www.defensoria.gob.ve\/wp-content\/uploads\/2024\/09\/jjjjjjjj.png","contentUrl":"http:\/\/www.defensoria.gob.ve\/wp-content\/uploads\/2024\/09\/jjjjjjjj.png","width":828,"height":412},{"@type":"BreadcrumbList","@id":"http:\/\/www.defensoria.gob.ve\/?p=7458#breadcrumb","itemListElement":[{"@type":"ListItem","position":1,"name":"Portada","item":"http:\/\/www.defensoria.gob.ve\/"},{"@type":"ListItem","position":2,"name":"Delegada de Miranda facilit\u00f3 conversatorio Derechos Humanos de Ni\u00f1os, Ni\u00f1as y Adolescentes en Charallave"}]},{"@type":"WebSite","@id":"http:\/\/www.defensoria.gob.ve\/#website","url":"http:\/\/www.defensoria.gob.ve\/","name":"","description":"Instituci\u00f3n del Poder Ciudadano para la Promoci\u00f3n, Defensa y Vigilancia de los Derechos Humanos. ","potentialAction":[{"@type":"SearchAction","target":{"@type":"EntryPoint","urlTemplate":"http:\/\/www.defensoria.gob.ve\/?s={search_term_string}"},"query-input":{"@type":"PropertyValueSpecification","valueRequired":true,"valueName":"search_term_string"}}],"inLanguage":"es"},{"@type":"Person","@id":"http:\/\/www.defensoria.gob.ve\/#\/schema\/person\/fba14293189d7b1933ac7fba9d89e24a","name":"JC.","image":{"@type":"ImageObject","inLanguage":"es","@id":"https:\/\/secure.gravatar.com\/avatar\/f398a4de948606b38f0299d90ca738c674b648694bc725ed46503c240269dbf8?s=96&d=mm&r=g","url":"https:\/\/secure.gravatar.com\/avatar\/f398a4de948606b38f0299d90ca738c674b648694bc725ed46503c240269dbf8?s=96&d=mm&r=g","contentUrl":"https:\/\/secure.gravatar.com\/avatar\/f398a4de948606b38f0299d90ca738c674b648694bc725ed46503c240269dbf8?s=96&d=mm&r=g","caption":"JC."},"url":"http:\/\/www.defensoria.gob.ve\/?author=5"}]}},"_links":{"self":[{"href":"http:\/\/www.defensoria.gob.ve\/index.php?rest_route=\/wp\/v2\/posts\/7458","targetHints":{"allow":["GET"]}}],"collection":[{"href":"http:\/\/www.defensoria.gob.ve\/index.php?rest_route=\/wp\/v2\/posts"}],"about":[{"href":"http:\/\/www.defensoria.gob.ve\/index.php?rest_route=\/wp\/v2\/types\/post"}],"author":[{"embeddable":true,"href":"http:\/\/www.defensoria.gob.ve\/index.php?rest_route=\/wp\/v2\/users\/5"}],"replies":[{"embeddable":true,"href":"http:\/\/www.defensoria.gob.ve\/index.php?rest_route=%2Fwp%2Fv2%2Fcomments&post=7458"}],"version-history":[{"count":4,"href":"http:\/\/www.defensoria.gob.ve\/index.php?rest_route=\/wp\/v2\/posts\/7458\/revisions"}],"predecessor-version":[{"id":7464,"href":"http:\/\/www.defensoria.gob.ve\/index.php?rest_route=\/wp\/v2\/posts\/7458\/revisions\/7464"}],"wp:featuredmedia":[{"embeddable":true,"href":"http:\/\/www.defensoria.gob.ve\/index.php?rest_route=\/wp\/v2\/media\/7460"}],"wp:attachment":[{"href":"http:\/\/www.defensoria.gob.ve\/index.php?rest_route=%2Fwp%2Fv2%2Fmedia&parent=7458"}],"wp:term":[{"taxonomy":"category","embeddable":true,"href":"http:\/\/www.defensoria.gob.ve\/index.php?rest_route=%2Fwp%2Fv2%2Fcategories&post=7458"},{"taxonomy":"post_tag","embeddable":true,"href":"http:\/\/www.defensoria.gob.ve\/index.php?rest_route=%2Fwp%2Fv2%2Ftags&post=7458"}],"curies":[{"name":"wp","href":"https:\/\/api.w.org\/{rel}","templated":true}]}}