 
{"id":7465,"date":"2024-09-16T17:28:38","date_gmt":"2024-09-16T21:28:38","guid":{"rendered":"http:\/\/www.defensoria.gob.ve\/?p=7465"},"modified":"2024-09-16T17:29:00","modified_gmt":"2024-09-16T21:29:00","slug":"delegada-de-bolivar-participo-en-foro-tu-vida-nos-importa","status":"publish","type":"post","link":"http:\/\/www.defensoria.gob.ve\/?p=7465","title":{"rendered":"Delegada de Bol\u00edvar particip\u00f3 en foro\u00a0\u201cTu Vida Nos Importa\u201d"},"content":{"rendered":"\t\t<div data-elementor-type=\"wp-post\" data-elementor-id=\"7465\" class=\"elementor elementor-7465\">\n\t\t\t\t\t\t<section class=\"elementor-section elementor-top-section elementor-element elementor-element-2965a73a elementor-section-boxed elementor-section-height-default elementor-section-height-default\" data-id=\"2965a73a\" data-element_type=\"section\" data-e-type=\"section\">\n\t\t\t\t\t\t<div class=\"elementor-container elementor-column-gap-default\">\n\t\t\t\t\t<div class=\"elementor-column elementor-col-100 elementor-top-column elementor-element elementor-element-3d728f2a\" data-id=\"3d728f2a\" data-element_type=\"column\" data-e-type=\"column\">\n\t\t\t<div class=\"elementor-widget-wrap elementor-element-populated\">\n\t\t\t\t\t\t<div class=\"elementor-element elementor-element-488b4663 elementor-widget elementor-widget-text-editor\" data-id=\"488b4663\" data-element_type=\"widget\" data-e-type=\"widget\" data-widget_type=\"text-editor.default\">\n\t\t\t\t<div class=\"elementor-widget-container\">\n\t\t\t\t\t\t\t\t\t\n<p><strong>(Bol\u00edvar\/16-Sep-24) <\/strong>La Defensor\u00eda delegada del estado Bol\u00edvar, Subsede Puerto Ordaz, particip\u00f3 en el foro denominado \u201cTu Vida Nos Importa\u201d, en conmemoraci\u00f3n del D\u00eda Mundial para la Prevenci\u00f3n del Suicidio. <\/p>\n\n\n\n<p>Dicho foro fue dictado por la psic\u00f3loga de la Oficina Nacional para la Atenci\u00f3n Integral a las V\u00edctimas de la Violencia (Onaivv), Francis Bottini, quien habl\u00f3 sobre la importancia de atender a las v\u00edctimas de todo tipo de violencia desde el punto de vista de la psicolog\u00eda. <\/p>\n\n\n<div class=\"wp-block-image\">\n<figure class=\"aligncenter size-full\"><img fetchpriority=\"high\" decoding=\"async\" width=\"776\" height=\"551\" src=\"http:\/\/www.defensoria.gob.ve\/wp-content\/uploads\/2024\/09\/FRFRFRFR.png\" alt=\"\" class=\"wp-image-7466\" srcset=\"http:\/\/www.defensoria.gob.ve\/wp-content\/uploads\/2024\/09\/FRFRFRFR.png 776w, http:\/\/www.defensoria.gob.ve\/wp-content\/uploads\/2024\/09\/FRFRFRFR-300x213.png 300w, http:\/\/www.defensoria.gob.ve\/wp-content\/uploads\/2024\/09\/FRFRFRFR-768x545.png 768w\" sizes=\"(max-width: 776px) 100vw, 776px\" \/><\/figure><\/div>\n\n\n<p>Entre las entidades estatales presentes se encontraban adem\u00e1s del ente defensorial; la Direcci\u00f3n de Prevenci\u00f3n del Delito, Guardia Nacional Bolivariana, Polic\u00eda Nacional Bolivariana y Polic\u00eda Estatal de Bol\u00edvar, entre otros organismos del Estado venezolano. <\/p>\n\n\n\n<p>El D\u00eda Mundial para la Prevenci\u00f3n del Suicidio, que se celebra anualmente el 10 de septiembre, est\u00e1 organizado por la Asociaci\u00f3n Internacional para la Prevenci\u00f3n del Suicidio (IASP) y avalado por la Organizaci\u00f3n Mundial de la Salud (OMS). <\/p>\n\n\n\n<p>El evento centra la atenci\u00f3n en el tema, reduce el estigma y crea conciencia entre las organizaciones, el gobierno y el p\u00fablico, dando un mensaje singular de que el suicidio se puede prevenir. <strong>FIN \/ PRENSA Defensor\u00eda<\/strong><\/p>\n\t\t\t\t\t\t\t\t<\/div>\n\t\t\t\t<\/div>\n\t\t\t\t\t<\/div>\n\t\t<\/div>\n\t\t\t\t\t<\/div>\n\t\t<\/section>\n\t\t\t\t<\/div>\n\t\t","protected":false},"excerpt":{"rendered":"<p>(Bol\u00edvar\/16-Sep-24) La Defensor\u00eda delegada del estado Bol\u00edvar, Subsede Puerto Ordaz, particip\u00f3 en el foro denominado \u201cTu Vida Nos Importa\u201d, en conmemoraci\u00f3n del D\u00eda Mundial para la Prevenci\u00f3n del Suicidio. Dicho&hellip; <\/p>\n","protected":false},"author":5,"featured_media":7467,"comment_status":"closed","ping_status":"closed","sticky":false,"template":"","format":"standard","meta":{"footnotes":""},"categories":[5],"tags":[],"class_list":["post-7465","post","type-post","status-publish","format-standard","has-post-thumbnail","hentry","category-regionales"],"yoast_head":"<!-- This site is optimized with the Yoast SEO plugin v27.4 - https:\/\/yoast.com\/product\/yoast-seo-wordpress\/ -->\n<title>Delegada de Bol\u00edvar particip\u00f3 en foro\u00a0\u201cTu Vida Nos Importa\u201d -<\/title>\n<meta name=\"robots\" content=\"index, follow, max-snippet:-1, max-image-preview:large, max-video-preview:-1\" \/>\n<link rel=\"canonical\" href=\"http:\/\/www.defensoria.gob.ve\/?p=7465\" \/>\n<meta property=\"og:locale\" content=\"es_ES\" \/>\n<meta property=\"og:type\" content=\"article\" \/>\n<meta property=\"og:title\" content=\"Delegada de Bol\u00edvar particip\u00f3 en foro\u00a0\u201cTu Vida Nos Importa\u201d -\" \/>\n<meta property=\"og:description\" content=\"(Bol\u00edvar\/16-Sep-24) La Defensor\u00eda delegada del estado Bol\u00edvar, Subsede Puerto Ordaz, particip\u00f3 en el foro denominado \u201cTu Vida Nos Importa\u201d, en conmemoraci\u00f3n del D\u00eda Mundial para la Prevenci\u00f3n del Suicidio. Dicho&hellip;\" \/>\n<meta property=\"og:url\" content=\"http:\/\/www.defensoria.gob.ve\/?p=7465\" \/>\n<meta property=\"article:published_time\" content=\"2024-09-16T21:28:38+00:00\" \/>\n<meta property=\"article:modified_time\" content=\"2024-09-16T21:29:00+00:00\" \/>\n<meta property=\"og:image\" content=\"http:\/\/www.defensoria.gob.ve\/wp-content\/uploads\/2024\/09\/FDFDFDT.png\" \/>\n\t<meta property=\"og:image:width\" content=\"778\" \/>\n\t<meta property=\"og:image:height\" content=\"475\" \/>\n\t<meta property=\"og:image:type\" content=\"image\/png\" \/>\n<meta name=\"author\" content=\"JC.\" \/>\n<meta name=\"twitter:card\" content=\"summary_large_image\" \/>\n<meta name=\"twitter:label1\" content=\"Escrito por\" \/>\n\t<meta name=\"twitter:data1\" content=\"JC.\" \/>\n\t<meta name=\"twitter:label2\" content=\"Tiempo estimado de lectura\" \/>\n\t<meta name=\"twitter:data2\" content=\"2 minutos\" \/>\n<script type=\"application\/ld+json\" class=\"yoast-schema-graph\">{\"@context\":\"https:\\\/\\\/schema.org\",\"@graph\":[{\"@type\":\"Article\",\"@id\":\"http:\\\/\\\/www.defensoria.gob.ve\\\/?p=7465#article\",\"isPartOf\":{\"@id\":\"http:\\\/\\\/www.defensoria.gob.ve\\\/?p=7465\"},\"author\":{\"name\":\"JC.\",\"@id\":\"http:\\\/\\\/www.defensoria.gob.ve\\\/#\\\/schema\\\/person\\\/fba14293189d7b1933ac7fba9d89e24a\"},\"headline\":\"Delegada de Bol\u00edvar particip\u00f3 en foro\u00a0\u201cTu Vida Nos Importa\u201d\",\"datePublished\":\"2024-09-16T21:28:38+00:00\",\"dateModified\":\"2024-09-16T21:29:00+00:00\",\"mainEntityOfPage\":{\"@id\":\"http:\\\/\\\/www.defensoria.gob.ve\\\/?p=7465\"},\"wordCount\":220,\"image\":{\"@id\":\"http:\\\/\\\/www.defensoria.gob.ve\\\/?p=7465#primaryimage\"},\"thumbnailUrl\":\"http:\\\/\\\/www.defensoria.gob.ve\\\/wp-content\\\/uploads\\\/2024\\\/09\\\/FDFDFDT.png\",\"articleSection\":[\"REGIONALES\"],\"inLanguage\":\"es\"},{\"@type\":\"WebPage\",\"@id\":\"http:\\\/\\\/www.defensoria.gob.ve\\\/?p=7465\",\"url\":\"http:\\\/\\\/www.defensoria.gob.ve\\\/?p=7465\",\"name\":\"Delegada de Bol\u00edvar particip\u00f3 en foro\u00a0\u201cTu Vida Nos Importa\u201d -\",\"isPartOf\":{\"@id\":\"http:\\\/\\\/www.defensoria.gob.ve\\\/#website\"},\"primaryImageOfPage\":{\"@id\":\"http:\\\/\\\/www.defensoria.gob.ve\\\/?p=7465#primaryimage\"},\"image\":{\"@id\":\"http:\\\/\\\/www.defensoria.gob.ve\\\/?p=7465#primaryimage\"},\"thumbnailUrl\":\"http:\\\/\\\/www.defensoria.gob.ve\\\/wp-content\\\/uploads\\\/2024\\\/09\\\/FDFDFDT.png\",\"datePublished\":\"2024-09-16T21:28:38+00:00\",\"dateModified\":\"2024-09-16T21:29:00+00:00\",\"author\":{\"@id\":\"http:\\\/\\\/www.defensoria.gob.ve\\\/#\\\/schema\\\/person\\\/fba14293189d7b1933ac7fba9d89e24a\"},\"breadcrumb\":{\"@id\":\"http:\\\/\\\/www.defensoria.gob.ve\\\/?p=7465#breadcrumb\"},\"inLanguage\":\"es\",\"potentialAction\":[{\"@type\":\"ReadAction\",\"target\":[\"http:\\\/\\\/www.defensoria.gob.ve\\\/?p=7465\"]}]},{\"@type\":\"ImageObject\",\"inLanguage\":\"es\",\"@id\":\"http:\\\/\\\/www.defensoria.gob.ve\\\/?p=7465#primaryimage\",\"url\":\"http:\\\/\\\/www.defensoria.gob.ve\\\/wp-content\\\/uploads\\\/2024\\\/09\\\/FDFDFDT.png\",\"contentUrl\":\"http:\\\/\\\/www.defensoria.gob.ve\\\/wp-content\\\/uploads\\\/2024\\\/09\\\/FDFDFDT.png\",\"width\":778,\"height\":475},{\"@type\":\"BreadcrumbList\",\"@id\":\"http:\\\/\\\/www.defensoria.gob.ve\\\/?p=7465#breadcrumb\",\"itemListElement\":[{\"@type\":\"ListItem\",\"position\":1,\"name\":\"Portada\",\"item\":\"http:\\\/\\\/www.defensoria.gob.ve\\\/\"},{\"@type\":\"ListItem\",\"position\":2,\"name\":\"Delegada de Bol\u00edvar particip\u00f3 en foro\u00a0\u201cTu Vida Nos Importa\u201d\"}]},{\"@type\":\"WebSite\",\"@id\":\"http:\\\/\\\/www.defensoria.gob.ve\\\/#website\",\"url\":\"http:\\\/\\\/www.defensoria.gob.ve\\\/\",\"name\":\"\",\"description\":\"Instituci\u00f3n del Poder Ciudadano para la Promoci\u00f3n, Defensa y Vigilancia de los Derechos Humanos. \",\"potentialAction\":[{\"@type\":\"SearchAction\",\"target\":{\"@type\":\"EntryPoint\",\"urlTemplate\":\"http:\\\/\\\/www.defensoria.gob.ve\\\/?s={search_term_string}\"},\"query-input\":{\"@type\":\"PropertyValueSpecification\",\"valueRequired\":true,\"valueName\":\"search_term_string\"}}],\"inLanguage\":\"es\"},{\"@type\":\"Person\",\"@id\":\"http:\\\/\\\/www.defensoria.gob.ve\\\/#\\\/schema\\\/person\\\/fba14293189d7b1933ac7fba9d89e24a\",\"name\":\"JC.\",\"image\":{\"@type\":\"ImageObject\",\"inLanguage\":\"es\",\"@id\":\"https:\\\/\\\/secure.gravatar.com\\\/avatar\\\/f398a4de948606b38f0299d90ca738c674b648694bc725ed46503c240269dbf8?s=96&d=mm&r=g\",\"url\":\"https:\\\/\\\/secure.gravatar.com\\\/avatar\\\/f398a4de948606b38f0299d90ca738c674b648694bc725ed46503c240269dbf8?s=96&d=mm&r=g\",\"contentUrl\":\"https:\\\/\\\/secure.gravatar.com\\\/avatar\\\/f398a4de948606b38f0299d90ca738c674b648694bc725ed46503c240269dbf8?s=96&d=mm&r=g\",\"caption\":\"JC.\"},\"url\":\"http:\\\/\\\/www.defensoria.gob.ve\\\/?author=5\"}]}<\/script>\n<!-- \/ Yoast SEO plugin. -->","yoast_head_json":{"title":"Delegada de Bol\u00edvar particip\u00f3 en foro\u00a0\u201cTu Vida Nos Importa\u201d -","robots":{"index":"index","follow":"follow","max-snippet":"max-snippet:-1","max-image-preview":"max-image-preview:large","max-video-preview":"max-video-preview:-1"},"canonical":"http:\/\/www.defensoria.gob.ve\/?p=7465","og_locale":"es_ES","og_type":"article","og_title":"Delegada de Bol\u00edvar particip\u00f3 en foro\u00a0\u201cTu Vida Nos Importa\u201d -","og_description":"(Bol\u00edvar\/16-Sep-24) La Defensor\u00eda delegada del estado Bol\u00edvar, Subsede Puerto Ordaz, particip\u00f3 en el foro denominado \u201cTu Vida Nos Importa\u201d, en conmemoraci\u00f3n del D\u00eda Mundial para la Prevenci\u00f3n del Suicidio. Dicho&hellip;","og_url":"http:\/\/www.defensoria.gob.ve\/?p=7465","article_published_time":"2024-09-16T21:28:38+00:00","article_modified_time":"2024-09-16T21:29:00+00:00","og_image":[{"width":778,"height":475,"url":"http:\/\/www.defensoria.gob.ve\/wp-content\/uploads\/2024\/09\/FDFDFDT.png","type":"image\/png"}],"author":"JC.","twitter_card":"summary_large_image","twitter_misc":{"Escrito por":"JC.","Tiempo estimado de lectura":"2 minutos"},"schema":{"@context":"https:\/\/schema.org","@graph":[{"@type":"Article","@id":"http:\/\/www.defensoria.gob.ve\/?p=7465#article","isPartOf":{"@id":"http:\/\/www.defensoria.gob.ve\/?p=7465"},"author":{"name":"JC.","@id":"http:\/\/www.defensoria.gob.ve\/#\/schema\/person\/fba14293189d7b1933ac7fba9d89e24a"},"headline":"Delegada de Bol\u00edvar particip\u00f3 en foro\u00a0\u201cTu Vida Nos Importa\u201d","datePublished":"2024-09-16T21:28:38+00:00","dateModified":"2024-09-16T21:29:00+00:00","mainEntityOfPage":{"@id":"http:\/\/www.defensoria.gob.ve\/?p=7465"},"wordCount":220,"image":{"@id":"http:\/\/www.defensoria.gob.ve\/?p=7465#primaryimage"},"thumbnailUrl":"http:\/\/www.defensoria.gob.ve\/wp-content\/uploads\/2024\/09\/FDFDFDT.png","articleSection":["REGIONALES"],"inLanguage":"es"},{"@type":"WebPage","@id":"http:\/\/www.defensoria.gob.ve\/?p=7465","url":"http:\/\/www.defensoria.gob.ve\/?p=7465","name":"Delegada de Bol\u00edvar particip\u00f3 en foro\u00a0\u201cTu Vida Nos Importa\u201d -","isPartOf":{"@id":"http:\/\/www.defensoria.gob.ve\/#website"},"primaryImageOfPage":{"@id":"http:\/\/www.defensoria.gob.ve\/?p=7465#primaryimage"},"image":{"@id":"http:\/\/www.defensoria.gob.ve\/?p=7465#primaryimage"},"thumbnailUrl":"http:\/\/www.defensoria.gob.ve\/wp-content\/uploads\/2024\/09\/FDFDFDT.png","datePublished":"2024-09-16T21:28:38+00:00","dateModified":"2024-09-16T21:29:00+00:00","author":{"@id":"http:\/\/www.defensoria.gob.ve\/#\/schema\/person\/fba14293189d7b1933ac7fba9d89e24a"},"breadcrumb":{"@id":"http:\/\/www.defensoria.gob.ve\/?p=7465#breadcrumb"},"inLanguage":"es","potentialAction":[{"@type":"ReadAction","target":["http:\/\/www.defensoria.gob.ve\/?p=7465"]}]},{"@type":"ImageObject","inLanguage":"es","@id":"http:\/\/www.defensoria.gob.ve\/?p=7465#primaryimage","url":"http:\/\/www.defensoria.gob.ve\/wp-content\/uploads\/2024\/09\/FDFDFDT.png","contentUrl":"http:\/\/www.defensoria.gob.ve\/wp-content\/uploads\/2024\/09\/FDFDFDT.png","width":778,"height":475},{"@type":"BreadcrumbList","@id":"http:\/\/www.defensoria.gob.ve\/?p=7465#breadcrumb","itemListElement":[{"@type":"ListItem","position":1,"name":"Portada","item":"http:\/\/www.defensoria.gob.ve\/"},{"@type":"ListItem","position":2,"name":"Delegada de Bol\u00edvar particip\u00f3 en foro\u00a0\u201cTu Vida Nos Importa\u201d"}]},{"@type":"WebSite","@id":"http:\/\/www.defensoria.gob.ve\/#website","url":"http:\/\/www.defensoria.gob.ve\/","name":"","description":"Instituci\u00f3n del Poder Ciudadano para la Promoci\u00f3n, Defensa y Vigilancia de los Derechos Humanos. ","potentialAction":[{"@type":"SearchAction","target":{"@type":"EntryPoint","urlTemplate":"http:\/\/www.defensoria.gob.ve\/?s={search_term_string}"},"query-input":{"@type":"PropertyValueSpecification","valueRequired":true,"valueName":"search_term_string"}}],"inLanguage":"es"},{"@type":"Person","@id":"http:\/\/www.defensoria.gob.ve\/#\/schema\/person\/fba14293189d7b1933ac7fba9d89e24a","name":"JC.","image":{"@type":"ImageObject","inLanguage":"es","@id":"https:\/\/secure.gravatar.com\/avatar\/f398a4de948606b38f0299d90ca738c674b648694bc725ed46503c240269dbf8?s=96&d=mm&r=g","url":"https:\/\/secure.gravatar.com\/avatar\/f398a4de948606b38f0299d90ca738c674b648694bc725ed46503c240269dbf8?s=96&d=mm&r=g","contentUrl":"https:\/\/secure.gravatar.com\/avatar\/f398a4de948606b38f0299d90ca738c674b648694bc725ed46503c240269dbf8?s=96&d=mm&r=g","caption":"JC."},"url":"http:\/\/www.defensoria.gob.ve\/?author=5"}]}},"_links":{"self":[{"href":"http:\/\/www.defensoria.gob.ve\/index.php?rest_route=\/wp\/v2\/posts\/7465","targetHints":{"allow":["GET"]}}],"collection":[{"href":"http:\/\/www.defensoria.gob.ve\/index.php?rest_route=\/wp\/v2\/posts"}],"about":[{"href":"http:\/\/www.defensoria.gob.ve\/index.php?rest_route=\/wp\/v2\/types\/post"}],"author":[{"embeddable":true,"href":"http:\/\/www.defensoria.gob.ve\/index.php?rest_route=\/wp\/v2\/users\/5"}],"replies":[{"embeddable":true,"href":"http:\/\/www.defensoria.gob.ve\/index.php?rest_route=%2Fwp%2Fv2%2Fcomments&post=7465"}],"version-history":[{"count":4,"href":"http:\/\/www.defensoria.gob.ve\/index.php?rest_route=\/wp\/v2\/posts\/7465\/revisions"}],"predecessor-version":[{"id":7471,"href":"http:\/\/www.defensoria.gob.ve\/index.php?rest_route=\/wp\/v2\/posts\/7465\/revisions\/7471"}],"wp:featuredmedia":[{"embeddable":true,"href":"http:\/\/www.defensoria.gob.ve\/index.php?rest_route=\/wp\/v2\/media\/7467"}],"wp:attachment":[{"href":"http:\/\/www.defensoria.gob.ve\/index.php?rest_route=%2Fwp%2Fv2%2Fmedia&parent=7465"}],"wp:term":[{"taxonomy":"category","embeddable":true,"href":"http:\/\/www.defensoria.gob.ve\/index.php?rest_route=%2Fwp%2Fv2%2Fcategories&post=7465"},{"taxonomy":"post_tag","embeddable":true,"href":"http:\/\/www.defensoria.gob.ve\/index.php?rest_route=%2Fwp%2Fv2%2Ftags&post=7465"}],"curies":[{"name":"wp","href":"https:\/\/api.w.org\/{rel}","templated":true}]}}