 
{"id":7481,"date":"2024-09-17T10:48:18","date_gmt":"2024-09-17T14:48:18","guid":{"rendered":"http:\/\/www.defensoria.gob.ve\/?p=7481"},"modified":"2024-09-17T10:48:41","modified_gmt":"2024-09-17T14:48:41","slug":"defensor-delegado-de-miranda-participo-en-eleccion-de-consejeros-y-consejeras-de-proteccion-de-nna","status":"publish","type":"post","link":"http:\/\/www.defensoria.gob.ve\/?p=7481","title":{"rendered":"Defensor delegado de Miranda particip\u00f3 en elecci\u00f3n de Consejeros y Consejeras de Protecci\u00f3n de NNA"},"content":{"rendered":"\t\t<div data-elementor-type=\"wp-post\" data-elementor-id=\"7481\" class=\"elementor elementor-7481\">\n\t\t\t\t\t\t<section class=\"elementor-section elementor-top-section elementor-element elementor-element-585df43d elementor-section-boxed elementor-section-height-default elementor-section-height-default\" data-id=\"585df43d\" data-element_type=\"section\" data-e-type=\"section\">\n\t\t\t\t\t\t<div class=\"elementor-container elementor-column-gap-default\">\n\t\t\t\t\t<div class=\"elementor-column elementor-col-100 elementor-top-column elementor-element elementor-element-66268599\" data-id=\"66268599\" data-element_type=\"column\" data-e-type=\"column\">\n\t\t\t<div class=\"elementor-widget-wrap elementor-element-populated\">\n\t\t\t\t\t\t<div class=\"elementor-element elementor-element-507493d0 elementor-widget elementor-widget-text-editor\" data-id=\"507493d0\" data-element_type=\"widget\" data-e-type=\"widget\" data-widget_type=\"text-editor.default\">\n\t\t\t\t<div class=\"elementor-widget-container\">\n\t\t\t\t\t\t\t\t\t\n<p><strong>(Miranda\/17-Sep-24)<\/strong>&nbsp;El Defensor Delegado del estado Miranda, Jos\u00e9 Guzm\u00e1n, particip\u00f3 como jurado evaluador en el concurso de elecci\u00f3n de consejeros y consejeras de protecci\u00f3n de ni\u00f1os, ni\u00f1as y adolescentes del municipio Carrizal.<\/p>\n\n\n\n<p>Asistieron como jurado Yhon Rivas, Director del Idenna Miranda; Alexander Ramos, Fiscal 12 del Ministerio P\u00fablico; Jusberith Pineda, Jueza del Tribunal Primero de Ni\u00f1os, Ni\u00f1as y Adolescentes; Giovanny Quintana, Concejal de Carrizal y Ruth Valles, Consultora Jur\u00eddica de la Alcald\u00eda de Carrizal.<\/p>\n\n\n<div class=\"wp-block-image\">\n<figure class=\"aligncenter size-full\"><img fetchpriority=\"high\" decoding=\"async\" width=\"753\" height=\"505\" src=\"http:\/\/www.defensoria.gob.ve\/wp-content\/uploads\/2024\/09\/XX.png\" alt=\"\" class=\"wp-image-7482\" srcset=\"http:\/\/www.defensoria.gob.ve\/wp-content\/uploads\/2024\/09\/XX.png 753w, http:\/\/www.defensoria.gob.ve\/wp-content\/uploads\/2024\/09\/XX-300x201.png 300w\" sizes=\"(max-width: 753px) 100vw, 753px\" \/><\/figure><\/div>\n\n\n<p>Jos\u00e9 Guzm\u00e1n, celebr\u00f3 la realizaci\u00f3n de este concurso, ya que la Defensor\u00eda del Pueblo como integrante del Sistema Rector de Protecci\u00f3n Integral de Ni\u00f1os, Ni\u00f1as y Adolescentes, tiene el rol de inspeccionar y velar porque se garanticen los derechos de esta poblaci\u00f3n.&nbsp;<\/p>\n\n\n\n<p>Adem\u00e1s, record\u00f3 que, en la m\u00e1s reciente inspecci\u00f3n al Consejo de Protecci\u00f3n efectuada por esta instituci\u00f3n defensorial, se emitieron una serie de recomendaciones, entre las cuales est\u00e1 la realizaci\u00f3n del concurso para seleccionar, en este caso, tres consejeros principales y uno suplente, en estricto apego a lo establecido en la Ley Org\u00e1nica de Protecci\u00f3n de Ni\u00f1os, Ni\u00f1as y Adolescentes (Lopnna).&nbsp;<strong>FIN \/ PRENSA Defensor\u00eda<\/strong><\/p>\n\t\t\t\t\t\t\t\t<\/div>\n\t\t\t\t<\/div>\n\t\t\t\t\t<\/div>\n\t\t<\/div>\n\t\t\t\t\t<\/div>\n\t\t<\/section>\n\t\t\t\t<\/div>\n\t\t","protected":false},"excerpt":{"rendered":"<p>(Miranda\/17-Sep-24)&nbsp;El Defensor Delegado del estado Miranda, Jos\u00e9 Guzm\u00e1n, particip\u00f3 como jurado evaluador en el concurso de elecci\u00f3n de consejeros y consejeras de protecci\u00f3n de ni\u00f1os, ni\u00f1as y adolescentes del municipio&hellip; <\/p>\n","protected":false},"author":5,"featured_media":7483,"comment_status":"closed","ping_status":"closed","sticky":false,"template":"","format":"standard","meta":{"footnotes":""},"categories":[5],"tags":[],"class_list":["post-7481","post","type-post","status-publish","format-standard","has-post-thumbnail","hentry","category-regionales"],"yoast_head":"<!-- This site is optimized with the Yoast SEO plugin v27.4 - https:\/\/yoast.com\/product\/yoast-seo-wordpress\/ -->\n<title>Defensor delegado de Miranda particip\u00f3 en elecci\u00f3n de Consejeros y Consejeras de Protecci\u00f3n de NNA -<\/title>\n<meta name=\"robots\" content=\"index, follow, max-snippet:-1, max-image-preview:large, max-video-preview:-1\" \/>\n<link rel=\"canonical\" href=\"http:\/\/www.defensoria.gob.ve\/?p=7481\" \/>\n<meta property=\"og:locale\" content=\"es_ES\" \/>\n<meta property=\"og:type\" content=\"article\" \/>\n<meta property=\"og:title\" content=\"Defensor delegado de Miranda particip\u00f3 en elecci\u00f3n de Consejeros y Consejeras de Protecci\u00f3n de NNA -\" \/>\n<meta property=\"og:description\" content=\"(Miranda\/17-Sep-24)&nbsp;El Defensor Delegado del estado Miranda, Jos\u00e9 Guzm\u00e1n, particip\u00f3 como jurado evaluador en el concurso de elecci\u00f3n de consejeros y consejeras de protecci\u00f3n de ni\u00f1os, ni\u00f1as y adolescentes del municipio&hellip;\" \/>\n<meta property=\"og:url\" content=\"http:\/\/www.defensoria.gob.ve\/?p=7481\" \/>\n<meta property=\"article:published_time\" content=\"2024-09-17T14:48:18+00:00\" \/>\n<meta property=\"article:modified_time\" content=\"2024-09-17T14:48:41+00:00\" \/>\n<meta property=\"og:image\" content=\"http:\/\/www.defensoria.gob.ve\/wp-content\/uploads\/2024\/09\/FF.png\" \/>\n\t<meta property=\"og:image:width\" content=\"919\" \/>\n\t<meta property=\"og:image:height\" content=\"520\" \/>\n\t<meta property=\"og:image:type\" content=\"image\/png\" \/>\n<meta name=\"author\" content=\"JC.\" \/>\n<meta name=\"twitter:card\" content=\"summary_large_image\" \/>\n<meta name=\"twitter:label1\" content=\"Escrito por\" \/>\n\t<meta name=\"twitter:data1\" content=\"JC.\" \/>\n\t<meta name=\"twitter:label2\" content=\"Tiempo estimado de lectura\" \/>\n\t<meta name=\"twitter:data2\" content=\"2 minutos\" \/>\n<script type=\"application\/ld+json\" class=\"yoast-schema-graph\">{\"@context\":\"https:\\\/\\\/schema.org\",\"@graph\":[{\"@type\":\"Article\",\"@id\":\"http:\\\/\\\/www.defensoria.gob.ve\\\/?p=7481#article\",\"isPartOf\":{\"@id\":\"http:\\\/\\\/www.defensoria.gob.ve\\\/?p=7481\"},\"author\":{\"name\":\"JC.\",\"@id\":\"http:\\\/\\\/www.defensoria.gob.ve\\\/#\\\/schema\\\/person\\\/fba14293189d7b1933ac7fba9d89e24a\"},\"headline\":\"Defensor delegado de Miranda particip\u00f3 en elecci\u00f3n de Consejeros y Consejeras de Protecci\u00f3n de NNA\",\"datePublished\":\"2024-09-17T14:48:18+00:00\",\"dateModified\":\"2024-09-17T14:48:41+00:00\",\"mainEntityOfPage\":{\"@id\":\"http:\\\/\\\/www.defensoria.gob.ve\\\/?p=7481\"},\"wordCount\":227,\"image\":{\"@id\":\"http:\\\/\\\/www.defensoria.gob.ve\\\/?p=7481#primaryimage\"},\"thumbnailUrl\":\"http:\\\/\\\/www.defensoria.gob.ve\\\/wp-content\\\/uploads\\\/2024\\\/09\\\/FF.png\",\"articleSection\":[\"REGIONALES\"],\"inLanguage\":\"es\"},{\"@type\":\"WebPage\",\"@id\":\"http:\\\/\\\/www.defensoria.gob.ve\\\/?p=7481\",\"url\":\"http:\\\/\\\/www.defensoria.gob.ve\\\/?p=7481\",\"name\":\"Defensor delegado de Miranda particip\u00f3 en elecci\u00f3n de Consejeros y Consejeras de Protecci\u00f3n de NNA -\",\"isPartOf\":{\"@id\":\"http:\\\/\\\/www.defensoria.gob.ve\\\/#website\"},\"primaryImageOfPage\":{\"@id\":\"http:\\\/\\\/www.defensoria.gob.ve\\\/?p=7481#primaryimage\"},\"image\":{\"@id\":\"http:\\\/\\\/www.defensoria.gob.ve\\\/?p=7481#primaryimage\"},\"thumbnailUrl\":\"http:\\\/\\\/www.defensoria.gob.ve\\\/wp-content\\\/uploads\\\/2024\\\/09\\\/FF.png\",\"datePublished\":\"2024-09-17T14:48:18+00:00\",\"dateModified\":\"2024-09-17T14:48:41+00:00\",\"author\":{\"@id\":\"http:\\\/\\\/www.defensoria.gob.ve\\\/#\\\/schema\\\/person\\\/fba14293189d7b1933ac7fba9d89e24a\"},\"breadcrumb\":{\"@id\":\"http:\\\/\\\/www.defensoria.gob.ve\\\/?p=7481#breadcrumb\"},\"inLanguage\":\"es\",\"potentialAction\":[{\"@type\":\"ReadAction\",\"target\":[\"http:\\\/\\\/www.defensoria.gob.ve\\\/?p=7481\"]}]},{\"@type\":\"ImageObject\",\"inLanguage\":\"es\",\"@id\":\"http:\\\/\\\/www.defensoria.gob.ve\\\/?p=7481#primaryimage\",\"url\":\"http:\\\/\\\/www.defensoria.gob.ve\\\/wp-content\\\/uploads\\\/2024\\\/09\\\/FF.png\",\"contentUrl\":\"http:\\\/\\\/www.defensoria.gob.ve\\\/wp-content\\\/uploads\\\/2024\\\/09\\\/FF.png\",\"width\":919,\"height\":520},{\"@type\":\"BreadcrumbList\",\"@id\":\"http:\\\/\\\/www.defensoria.gob.ve\\\/?p=7481#breadcrumb\",\"itemListElement\":[{\"@type\":\"ListItem\",\"position\":1,\"name\":\"Portada\",\"item\":\"http:\\\/\\\/www.defensoria.gob.ve\\\/\"},{\"@type\":\"ListItem\",\"position\":2,\"name\":\"Defensor delegado de Miranda particip\u00f3 en elecci\u00f3n de Consejeros y Consejeras de Protecci\u00f3n de NNA\"}]},{\"@type\":\"WebSite\",\"@id\":\"http:\\\/\\\/www.defensoria.gob.ve\\\/#website\",\"url\":\"http:\\\/\\\/www.defensoria.gob.ve\\\/\",\"name\":\"\",\"description\":\"Instituci\u00f3n del Poder Ciudadano para la Promoci\u00f3n, Defensa y Vigilancia de los Derechos Humanos. \",\"potentialAction\":[{\"@type\":\"SearchAction\",\"target\":{\"@type\":\"EntryPoint\",\"urlTemplate\":\"http:\\\/\\\/www.defensoria.gob.ve\\\/?s={search_term_string}\"},\"query-input\":{\"@type\":\"PropertyValueSpecification\",\"valueRequired\":true,\"valueName\":\"search_term_string\"}}],\"inLanguage\":\"es\"},{\"@type\":\"Person\",\"@id\":\"http:\\\/\\\/www.defensoria.gob.ve\\\/#\\\/schema\\\/person\\\/fba14293189d7b1933ac7fba9d89e24a\",\"name\":\"JC.\",\"image\":{\"@type\":\"ImageObject\",\"inLanguage\":\"es\",\"@id\":\"https:\\\/\\\/secure.gravatar.com\\\/avatar\\\/f398a4de948606b38f0299d90ca738c674b648694bc725ed46503c240269dbf8?s=96&d=mm&r=g\",\"url\":\"https:\\\/\\\/secure.gravatar.com\\\/avatar\\\/f398a4de948606b38f0299d90ca738c674b648694bc725ed46503c240269dbf8?s=96&d=mm&r=g\",\"contentUrl\":\"https:\\\/\\\/secure.gravatar.com\\\/avatar\\\/f398a4de948606b38f0299d90ca738c674b648694bc725ed46503c240269dbf8?s=96&d=mm&r=g\",\"caption\":\"JC.\"},\"url\":\"http:\\\/\\\/www.defensoria.gob.ve\\\/?author=5\"}]}<\/script>\n<!-- \/ Yoast SEO plugin. -->","yoast_head_json":{"title":"Defensor delegado de Miranda particip\u00f3 en elecci\u00f3n de Consejeros y Consejeras de Protecci\u00f3n de NNA -","robots":{"index":"index","follow":"follow","max-snippet":"max-snippet:-1","max-image-preview":"max-image-preview:large","max-video-preview":"max-video-preview:-1"},"canonical":"http:\/\/www.defensoria.gob.ve\/?p=7481","og_locale":"es_ES","og_type":"article","og_title":"Defensor delegado de Miranda particip\u00f3 en elecci\u00f3n de Consejeros y Consejeras de Protecci\u00f3n de NNA -","og_description":"(Miranda\/17-Sep-24)&nbsp;El Defensor Delegado del estado Miranda, Jos\u00e9 Guzm\u00e1n, particip\u00f3 como jurado evaluador en el concurso de elecci\u00f3n de consejeros y consejeras de protecci\u00f3n de ni\u00f1os, ni\u00f1as y adolescentes del municipio&hellip;","og_url":"http:\/\/www.defensoria.gob.ve\/?p=7481","article_published_time":"2024-09-17T14:48:18+00:00","article_modified_time":"2024-09-17T14:48:41+00:00","og_image":[{"width":919,"height":520,"url":"http:\/\/www.defensoria.gob.ve\/wp-content\/uploads\/2024\/09\/FF.png","type":"image\/png"}],"author":"JC.","twitter_card":"summary_large_image","twitter_misc":{"Escrito por":"JC.","Tiempo estimado de lectura":"2 minutos"},"schema":{"@context":"https:\/\/schema.org","@graph":[{"@type":"Article","@id":"http:\/\/www.defensoria.gob.ve\/?p=7481#article","isPartOf":{"@id":"http:\/\/www.defensoria.gob.ve\/?p=7481"},"author":{"name":"JC.","@id":"http:\/\/www.defensoria.gob.ve\/#\/schema\/person\/fba14293189d7b1933ac7fba9d89e24a"},"headline":"Defensor delegado de Miranda particip\u00f3 en elecci\u00f3n de Consejeros y Consejeras de Protecci\u00f3n de NNA","datePublished":"2024-09-17T14:48:18+00:00","dateModified":"2024-09-17T14:48:41+00:00","mainEntityOfPage":{"@id":"http:\/\/www.defensoria.gob.ve\/?p=7481"},"wordCount":227,"image":{"@id":"http:\/\/www.defensoria.gob.ve\/?p=7481#primaryimage"},"thumbnailUrl":"http:\/\/www.defensoria.gob.ve\/wp-content\/uploads\/2024\/09\/FF.png","articleSection":["REGIONALES"],"inLanguage":"es"},{"@type":"WebPage","@id":"http:\/\/www.defensoria.gob.ve\/?p=7481","url":"http:\/\/www.defensoria.gob.ve\/?p=7481","name":"Defensor delegado de Miranda particip\u00f3 en elecci\u00f3n de Consejeros y Consejeras de Protecci\u00f3n de NNA -","isPartOf":{"@id":"http:\/\/www.defensoria.gob.ve\/#website"},"primaryImageOfPage":{"@id":"http:\/\/www.defensoria.gob.ve\/?p=7481#primaryimage"},"image":{"@id":"http:\/\/www.defensoria.gob.ve\/?p=7481#primaryimage"},"thumbnailUrl":"http:\/\/www.defensoria.gob.ve\/wp-content\/uploads\/2024\/09\/FF.png","datePublished":"2024-09-17T14:48:18+00:00","dateModified":"2024-09-17T14:48:41+00:00","author":{"@id":"http:\/\/www.defensoria.gob.ve\/#\/schema\/person\/fba14293189d7b1933ac7fba9d89e24a"},"breadcrumb":{"@id":"http:\/\/www.defensoria.gob.ve\/?p=7481#breadcrumb"},"inLanguage":"es","potentialAction":[{"@type":"ReadAction","target":["http:\/\/www.defensoria.gob.ve\/?p=7481"]}]},{"@type":"ImageObject","inLanguage":"es","@id":"http:\/\/www.defensoria.gob.ve\/?p=7481#primaryimage","url":"http:\/\/www.defensoria.gob.ve\/wp-content\/uploads\/2024\/09\/FF.png","contentUrl":"http:\/\/www.defensoria.gob.ve\/wp-content\/uploads\/2024\/09\/FF.png","width":919,"height":520},{"@type":"BreadcrumbList","@id":"http:\/\/www.defensoria.gob.ve\/?p=7481#breadcrumb","itemListElement":[{"@type":"ListItem","position":1,"name":"Portada","item":"http:\/\/www.defensoria.gob.ve\/"},{"@type":"ListItem","position":2,"name":"Defensor delegado de Miranda particip\u00f3 en elecci\u00f3n de Consejeros y Consejeras de Protecci\u00f3n de NNA"}]},{"@type":"WebSite","@id":"http:\/\/www.defensoria.gob.ve\/#website","url":"http:\/\/www.defensoria.gob.ve\/","name":"","description":"Instituci\u00f3n del Poder Ciudadano para la Promoci\u00f3n, Defensa y Vigilancia de los Derechos Humanos. ","potentialAction":[{"@type":"SearchAction","target":{"@type":"EntryPoint","urlTemplate":"http:\/\/www.defensoria.gob.ve\/?s={search_term_string}"},"query-input":{"@type":"PropertyValueSpecification","valueRequired":true,"valueName":"search_term_string"}}],"inLanguage":"es"},{"@type":"Person","@id":"http:\/\/www.defensoria.gob.ve\/#\/schema\/person\/fba14293189d7b1933ac7fba9d89e24a","name":"JC.","image":{"@type":"ImageObject","inLanguage":"es","@id":"https:\/\/secure.gravatar.com\/avatar\/f398a4de948606b38f0299d90ca738c674b648694bc725ed46503c240269dbf8?s=96&d=mm&r=g","url":"https:\/\/secure.gravatar.com\/avatar\/f398a4de948606b38f0299d90ca738c674b648694bc725ed46503c240269dbf8?s=96&d=mm&r=g","contentUrl":"https:\/\/secure.gravatar.com\/avatar\/f398a4de948606b38f0299d90ca738c674b648694bc725ed46503c240269dbf8?s=96&d=mm&r=g","caption":"JC."},"url":"http:\/\/www.defensoria.gob.ve\/?author=5"}]}},"_links":{"self":[{"href":"http:\/\/www.defensoria.gob.ve\/index.php?rest_route=\/wp\/v2\/posts\/7481","targetHints":{"allow":["GET"]}}],"collection":[{"href":"http:\/\/www.defensoria.gob.ve\/index.php?rest_route=\/wp\/v2\/posts"}],"about":[{"href":"http:\/\/www.defensoria.gob.ve\/index.php?rest_route=\/wp\/v2\/types\/post"}],"author":[{"embeddable":true,"href":"http:\/\/www.defensoria.gob.ve\/index.php?rest_route=\/wp\/v2\/users\/5"}],"replies":[{"embeddable":true,"href":"http:\/\/www.defensoria.gob.ve\/index.php?rest_route=%2Fwp%2Fv2%2Fcomments&post=7481"}],"version-history":[{"count":4,"href":"http:\/\/www.defensoria.gob.ve\/index.php?rest_route=\/wp\/v2\/posts\/7481\/revisions"}],"predecessor-version":[{"id":7487,"href":"http:\/\/www.defensoria.gob.ve\/index.php?rest_route=\/wp\/v2\/posts\/7481\/revisions\/7487"}],"wp:featuredmedia":[{"embeddable":true,"href":"http:\/\/www.defensoria.gob.ve\/index.php?rest_route=\/wp\/v2\/media\/7483"}],"wp:attachment":[{"href":"http:\/\/www.defensoria.gob.ve\/index.php?rest_route=%2Fwp%2Fv2%2Fmedia&parent=7481"}],"wp:term":[{"taxonomy":"category","embeddable":true,"href":"http:\/\/www.defensoria.gob.ve\/index.php?rest_route=%2Fwp%2Fv2%2Fcategories&post=7481"},{"taxonomy":"post_tag","embeddable":true,"href":"http:\/\/www.defensoria.gob.ve\/index.php?rest_route=%2Fwp%2Fv2%2Ftags&post=7481"}],"curies":[{"name":"wp","href":"https:\/\/api.w.org\/{rel}","templated":true}]}}