 
{"id":7520,"date":"2024-09-18T13:19:46","date_gmt":"2024-09-18T17:19:46","guid":{"rendered":"http:\/\/www.defensoria.gob.ve\/?p=7520"},"modified":"2024-09-18T13:20:11","modified_gmt":"2024-09-18T17:20:11","slug":"realizan-foro-sobre-el-dia-internacional-de-la-preservacion-de-la-capa-de-ozono-en-la-guaira","status":"publish","type":"post","link":"http:\/\/www.defensoria.gob.ve\/?p=7520","title":{"rendered":"Realizan Foro sobre el D\u00eda Internacional de la Preservaci\u00f3n de la Capa de Ozono en La Guaira"},"content":{"rendered":"\t\t<div data-elementor-type=\"wp-post\" data-elementor-id=\"7520\" class=\"elementor elementor-7520\">\n\t\t\t\t\t\t<section class=\"elementor-section elementor-top-section elementor-element elementor-element-7653e84f elementor-section-boxed elementor-section-height-default elementor-section-height-default\" data-id=\"7653e84f\" data-element_type=\"section\" data-e-type=\"section\">\n\t\t\t\t\t\t<div class=\"elementor-container elementor-column-gap-default\">\n\t\t\t\t\t<div class=\"elementor-column elementor-col-100 elementor-top-column elementor-element elementor-element-5a297f08\" data-id=\"5a297f08\" data-element_type=\"column\" data-e-type=\"column\">\n\t\t\t<div class=\"elementor-widget-wrap elementor-element-populated\">\n\t\t\t\t\t\t<div class=\"elementor-element elementor-element-6ea9ed6d elementor-widget elementor-widget-text-editor\" data-id=\"6ea9ed6d\" data-element_type=\"widget\" data-e-type=\"widget\" data-widget_type=\"text-editor.default\">\n\t\t\t\t<div class=\"elementor-widget-container\">\n\t\t\t\t\t\t\t\t\t\n<p><strong>(La Guaira\/18-Sep-24) <\/strong>La Direcci\u00f3n General de Promoci\u00f3n y Divulgaci\u00f3n de los Derechos Humanos de la Defensor\u00eda del Pueblo y la Delegada de La Guaira, junto a la Defensor\u00eda Nacional Ambiental, realiz\u00f3 el Foro \u201cD\u00eda Internacional de la Preservaci\u00f3n de la Capa de Ozono\u201d.<\/p>\n\n\n\n<p>El evento se efectu\u00f3 en la Sala Humberto Fern\u00e1ndez Mor\u00e1n de la sede regional del Ministerio del Poder Popular de Ciencia y Tecnolog\u00eda.<\/p>\n\n\n\n<figure class=\"wp-block-image size-large\"><img fetchpriority=\"high\" decoding=\"async\" width=\"1024\" height=\"768\" src=\"http:\/\/www.defensoria.gob.ve\/wp-content\/uploads\/2024\/09\/843bd7ae-8cf1-4c18-afa1-7bf6b1d50bef-1024x768.jpg\" alt=\"\" class=\"wp-image-7521\" srcset=\"http:\/\/www.defensoria.gob.ve\/wp-content\/uploads\/2024\/09\/843bd7ae-8cf1-4c18-afa1-7bf6b1d50bef-1024x768.jpg 1024w, http:\/\/www.defensoria.gob.ve\/wp-content\/uploads\/2024\/09\/843bd7ae-8cf1-4c18-afa1-7bf6b1d50bef-300x225.jpg 300w, http:\/\/www.defensoria.gob.ve\/wp-content\/uploads\/2024\/09\/843bd7ae-8cf1-4c18-afa1-7bf6b1d50bef-768x576.jpg 768w, http:\/\/www.defensoria.gob.ve\/wp-content\/uploads\/2024\/09\/843bd7ae-8cf1-4c18-afa1-7bf6b1d50bef.jpg 1280w\" sizes=\"(max-width: 1024px) 100vw, 1024px\" \/><\/figure>\n\n\n\n<p>La facilitadora de la actividad fue Xiomara Cuevas, Defensora Delegada Especial Nacional con Competencia en Materia Ambiental del ente defensorial, quien explic\u00f3 sobre los problemas generados al calentamiento y contaminaci\u00f3n planetaria que genera la disminuci\u00f3n de la capa de ozono.<\/p>\n\n\n\n<p>Vale acotar que en 1994 la Asamblea General de las Naciones Unidas proclam\u00f3 el 16 de septiembre como el D\u00eda Internacional de la Preservaci\u00f3n de la Capa de Ozono, para conmemorar el d\u00eda en que se firm\u00f3 el Protocolo de Montreal, relativo a las sustancias que agotan la capa de ozono, en 1987. Con esta actividad la Defensor\u00eda del Pueblo destaca su rol en materia de defensa y preservaci\u00f3n de nuestro ambiente. <strong>FIN \/ PRENSA Defensor\u00eda<\/strong><\/p>\n\t\t\t\t\t\t\t\t<\/div>\n\t\t\t\t<\/div>\n\t\t\t\t\t<\/div>\n\t\t<\/div>\n\t\t\t\t\t<\/div>\n\t\t<\/section>\n\t\t\t\t<\/div>\n\t\t","protected":false},"excerpt":{"rendered":"<p>(La Guaira\/18-Sep-24) La Direcci\u00f3n General de Promoci\u00f3n y Divulgaci\u00f3n de los Derechos Humanos de la Defensor\u00eda del Pueblo y la Delegada de La Guaira, junto a la Defensor\u00eda Nacional Ambiental,&hellip; <\/p>\n","protected":false},"author":5,"featured_media":7522,"comment_status":"closed","ping_status":"closed","sticky":false,"template":"","format":"standard","meta":{"footnotes":""},"categories":[5],"tags":[],"class_list":["post-7520","post","type-post","status-publish","format-standard","has-post-thumbnail","hentry","category-regionales"],"yoast_head":"<!-- This site is optimized with the Yoast SEO plugin v27.4 - https:\/\/yoast.com\/product\/yoast-seo-wordpress\/ -->\n<title>Realizan Foro sobre el D\u00eda Internacional de la Preservaci\u00f3n de la Capa de Ozono en La Guaira -<\/title>\n<meta name=\"robots\" content=\"index, follow, max-snippet:-1, max-image-preview:large, max-video-preview:-1\" \/>\n<link rel=\"canonical\" href=\"http:\/\/www.defensoria.gob.ve\/?p=7520\" \/>\n<meta property=\"og:locale\" content=\"es_ES\" \/>\n<meta property=\"og:type\" content=\"article\" \/>\n<meta property=\"og:title\" content=\"Realizan Foro sobre el D\u00eda Internacional de la Preservaci\u00f3n de la Capa de Ozono en La Guaira -\" \/>\n<meta property=\"og:description\" content=\"(La Guaira\/18-Sep-24) La Direcci\u00f3n General de Promoci\u00f3n y Divulgaci\u00f3n de los Derechos Humanos de la Defensor\u00eda del Pueblo y la Delegada de La Guaira, junto a la Defensor\u00eda Nacional Ambiental,&hellip;\" \/>\n<meta property=\"og:url\" content=\"http:\/\/www.defensoria.gob.ve\/?p=7520\" \/>\n<meta property=\"article:published_time\" content=\"2024-09-18T17:19:46+00:00\" \/>\n<meta property=\"article:modified_time\" content=\"2024-09-18T17:20:11+00:00\" \/>\n<meta property=\"og:image\" content=\"http:\/\/www.defensoria.gob.ve\/wp-content\/uploads\/2024\/09\/04470d75-5dfe-46a1-9621-dfa1ee96ab41.jpg\" \/>\n\t<meta property=\"og:image:width\" content=\"1080\" \/>\n\t<meta property=\"og:image:height\" content=\"810\" \/>\n\t<meta property=\"og:image:type\" content=\"image\/jpeg\" \/>\n<meta name=\"author\" content=\"JC.\" \/>\n<meta name=\"twitter:card\" content=\"summary_large_image\" \/>\n<meta name=\"twitter:label1\" content=\"Escrito por\" \/>\n\t<meta name=\"twitter:data1\" content=\"JC.\" \/>\n\t<meta name=\"twitter:label2\" content=\"Tiempo estimado de lectura\" \/>\n\t<meta name=\"twitter:data2\" content=\"2 minutos\" \/>\n<script type=\"application\/ld+json\" class=\"yoast-schema-graph\">{\"@context\":\"https:\\\/\\\/schema.org\",\"@graph\":[{\"@type\":\"Article\",\"@id\":\"http:\\\/\\\/www.defensoria.gob.ve\\\/?p=7520#article\",\"isPartOf\":{\"@id\":\"http:\\\/\\\/www.defensoria.gob.ve\\\/?p=7520\"},\"author\":{\"name\":\"JC.\",\"@id\":\"http:\\\/\\\/www.defensoria.gob.ve\\\/#\\\/schema\\\/person\\\/fba14293189d7b1933ac7fba9d89e24a\"},\"headline\":\"Realizan Foro sobre el D\u00eda Internacional de la Preservaci\u00f3n de la Capa de Ozono en La Guaira\",\"datePublished\":\"2024-09-18T17:19:46+00:00\",\"dateModified\":\"2024-09-18T17:20:11+00:00\",\"mainEntityOfPage\":{\"@id\":\"http:\\\/\\\/www.defensoria.gob.ve\\\/?p=7520\"},\"wordCount\":216,\"image\":{\"@id\":\"http:\\\/\\\/www.defensoria.gob.ve\\\/?p=7520#primaryimage\"},\"thumbnailUrl\":\"http:\\\/\\\/www.defensoria.gob.ve\\\/wp-content\\\/uploads\\\/2024\\\/09\\\/04470d75-5dfe-46a1-9621-dfa1ee96ab41.jpg\",\"articleSection\":[\"REGIONALES\"],\"inLanguage\":\"es\"},{\"@type\":\"WebPage\",\"@id\":\"http:\\\/\\\/www.defensoria.gob.ve\\\/?p=7520\",\"url\":\"http:\\\/\\\/www.defensoria.gob.ve\\\/?p=7520\",\"name\":\"Realizan Foro sobre el D\u00eda Internacional de la Preservaci\u00f3n de la Capa de Ozono en La Guaira -\",\"isPartOf\":{\"@id\":\"http:\\\/\\\/www.defensoria.gob.ve\\\/#website\"},\"primaryImageOfPage\":{\"@id\":\"http:\\\/\\\/www.defensoria.gob.ve\\\/?p=7520#primaryimage\"},\"image\":{\"@id\":\"http:\\\/\\\/www.defensoria.gob.ve\\\/?p=7520#primaryimage\"},\"thumbnailUrl\":\"http:\\\/\\\/www.defensoria.gob.ve\\\/wp-content\\\/uploads\\\/2024\\\/09\\\/04470d75-5dfe-46a1-9621-dfa1ee96ab41.jpg\",\"datePublished\":\"2024-09-18T17:19:46+00:00\",\"dateModified\":\"2024-09-18T17:20:11+00:00\",\"author\":{\"@id\":\"http:\\\/\\\/www.defensoria.gob.ve\\\/#\\\/schema\\\/person\\\/fba14293189d7b1933ac7fba9d89e24a\"},\"breadcrumb\":{\"@id\":\"http:\\\/\\\/www.defensoria.gob.ve\\\/?p=7520#breadcrumb\"},\"inLanguage\":\"es\",\"potentialAction\":[{\"@type\":\"ReadAction\",\"target\":[\"http:\\\/\\\/www.defensoria.gob.ve\\\/?p=7520\"]}]},{\"@type\":\"ImageObject\",\"inLanguage\":\"es\",\"@id\":\"http:\\\/\\\/www.defensoria.gob.ve\\\/?p=7520#primaryimage\",\"url\":\"http:\\\/\\\/www.defensoria.gob.ve\\\/wp-content\\\/uploads\\\/2024\\\/09\\\/04470d75-5dfe-46a1-9621-dfa1ee96ab41.jpg\",\"contentUrl\":\"http:\\\/\\\/www.defensoria.gob.ve\\\/wp-content\\\/uploads\\\/2024\\\/09\\\/04470d75-5dfe-46a1-9621-dfa1ee96ab41.jpg\",\"width\":1080,\"height\":810},{\"@type\":\"BreadcrumbList\",\"@id\":\"http:\\\/\\\/www.defensoria.gob.ve\\\/?p=7520#breadcrumb\",\"itemListElement\":[{\"@type\":\"ListItem\",\"position\":1,\"name\":\"Portada\",\"item\":\"http:\\\/\\\/www.defensoria.gob.ve\\\/\"},{\"@type\":\"ListItem\",\"position\":2,\"name\":\"Realizan Foro sobre el D\u00eda Internacional de la Preservaci\u00f3n de la Capa de Ozono en La Guaira\"}]},{\"@type\":\"WebSite\",\"@id\":\"http:\\\/\\\/www.defensoria.gob.ve\\\/#website\",\"url\":\"http:\\\/\\\/www.defensoria.gob.ve\\\/\",\"name\":\"\",\"description\":\"Instituci\u00f3n del Poder Ciudadano para la Promoci\u00f3n, Defensa y Vigilancia de los Derechos Humanos. \",\"potentialAction\":[{\"@type\":\"SearchAction\",\"target\":{\"@type\":\"EntryPoint\",\"urlTemplate\":\"http:\\\/\\\/www.defensoria.gob.ve\\\/?s={search_term_string}\"},\"query-input\":{\"@type\":\"PropertyValueSpecification\",\"valueRequired\":true,\"valueName\":\"search_term_string\"}}],\"inLanguage\":\"es\"},{\"@type\":\"Person\",\"@id\":\"http:\\\/\\\/www.defensoria.gob.ve\\\/#\\\/schema\\\/person\\\/fba14293189d7b1933ac7fba9d89e24a\",\"name\":\"JC.\",\"image\":{\"@type\":\"ImageObject\",\"inLanguage\":\"es\",\"@id\":\"https:\\\/\\\/secure.gravatar.com\\\/avatar\\\/f398a4de948606b38f0299d90ca738c674b648694bc725ed46503c240269dbf8?s=96&d=mm&r=g\",\"url\":\"https:\\\/\\\/secure.gravatar.com\\\/avatar\\\/f398a4de948606b38f0299d90ca738c674b648694bc725ed46503c240269dbf8?s=96&d=mm&r=g\",\"contentUrl\":\"https:\\\/\\\/secure.gravatar.com\\\/avatar\\\/f398a4de948606b38f0299d90ca738c674b648694bc725ed46503c240269dbf8?s=96&d=mm&r=g\",\"caption\":\"JC.\"},\"url\":\"http:\\\/\\\/www.defensoria.gob.ve\\\/?author=5\"}]}<\/script>\n<!-- \/ Yoast SEO plugin. -->","yoast_head_json":{"title":"Realizan Foro sobre el D\u00eda Internacional de la Preservaci\u00f3n de la Capa de Ozono en La Guaira -","robots":{"index":"index","follow":"follow","max-snippet":"max-snippet:-1","max-image-preview":"max-image-preview:large","max-video-preview":"max-video-preview:-1"},"canonical":"http:\/\/www.defensoria.gob.ve\/?p=7520","og_locale":"es_ES","og_type":"article","og_title":"Realizan Foro sobre el D\u00eda Internacional de la Preservaci\u00f3n de la Capa de Ozono en La Guaira -","og_description":"(La Guaira\/18-Sep-24) La Direcci\u00f3n General de Promoci\u00f3n y Divulgaci\u00f3n de los Derechos Humanos de la Defensor\u00eda del Pueblo y la Delegada de La Guaira, junto a la Defensor\u00eda Nacional Ambiental,&hellip;","og_url":"http:\/\/www.defensoria.gob.ve\/?p=7520","article_published_time":"2024-09-18T17:19:46+00:00","article_modified_time":"2024-09-18T17:20:11+00:00","og_image":[{"width":1080,"height":810,"url":"http:\/\/www.defensoria.gob.ve\/wp-content\/uploads\/2024\/09\/04470d75-5dfe-46a1-9621-dfa1ee96ab41.jpg","type":"image\/jpeg"}],"author":"JC.","twitter_card":"summary_large_image","twitter_misc":{"Escrito por":"JC.","Tiempo estimado de lectura":"2 minutos"},"schema":{"@context":"https:\/\/schema.org","@graph":[{"@type":"Article","@id":"http:\/\/www.defensoria.gob.ve\/?p=7520#article","isPartOf":{"@id":"http:\/\/www.defensoria.gob.ve\/?p=7520"},"author":{"name":"JC.","@id":"http:\/\/www.defensoria.gob.ve\/#\/schema\/person\/fba14293189d7b1933ac7fba9d89e24a"},"headline":"Realizan Foro sobre el D\u00eda Internacional de la Preservaci\u00f3n de la Capa de Ozono en La Guaira","datePublished":"2024-09-18T17:19:46+00:00","dateModified":"2024-09-18T17:20:11+00:00","mainEntityOfPage":{"@id":"http:\/\/www.defensoria.gob.ve\/?p=7520"},"wordCount":216,"image":{"@id":"http:\/\/www.defensoria.gob.ve\/?p=7520#primaryimage"},"thumbnailUrl":"http:\/\/www.defensoria.gob.ve\/wp-content\/uploads\/2024\/09\/04470d75-5dfe-46a1-9621-dfa1ee96ab41.jpg","articleSection":["REGIONALES"],"inLanguage":"es"},{"@type":"WebPage","@id":"http:\/\/www.defensoria.gob.ve\/?p=7520","url":"http:\/\/www.defensoria.gob.ve\/?p=7520","name":"Realizan Foro sobre el D\u00eda Internacional de la Preservaci\u00f3n de la Capa de Ozono en La Guaira -","isPartOf":{"@id":"http:\/\/www.defensoria.gob.ve\/#website"},"primaryImageOfPage":{"@id":"http:\/\/www.defensoria.gob.ve\/?p=7520#primaryimage"},"image":{"@id":"http:\/\/www.defensoria.gob.ve\/?p=7520#primaryimage"},"thumbnailUrl":"http:\/\/www.defensoria.gob.ve\/wp-content\/uploads\/2024\/09\/04470d75-5dfe-46a1-9621-dfa1ee96ab41.jpg","datePublished":"2024-09-18T17:19:46+00:00","dateModified":"2024-09-18T17:20:11+00:00","author":{"@id":"http:\/\/www.defensoria.gob.ve\/#\/schema\/person\/fba14293189d7b1933ac7fba9d89e24a"},"breadcrumb":{"@id":"http:\/\/www.defensoria.gob.ve\/?p=7520#breadcrumb"},"inLanguage":"es","potentialAction":[{"@type":"ReadAction","target":["http:\/\/www.defensoria.gob.ve\/?p=7520"]}]},{"@type":"ImageObject","inLanguage":"es","@id":"http:\/\/www.defensoria.gob.ve\/?p=7520#primaryimage","url":"http:\/\/www.defensoria.gob.ve\/wp-content\/uploads\/2024\/09\/04470d75-5dfe-46a1-9621-dfa1ee96ab41.jpg","contentUrl":"http:\/\/www.defensoria.gob.ve\/wp-content\/uploads\/2024\/09\/04470d75-5dfe-46a1-9621-dfa1ee96ab41.jpg","width":1080,"height":810},{"@type":"BreadcrumbList","@id":"http:\/\/www.defensoria.gob.ve\/?p=7520#breadcrumb","itemListElement":[{"@type":"ListItem","position":1,"name":"Portada","item":"http:\/\/www.defensoria.gob.ve\/"},{"@type":"ListItem","position":2,"name":"Realizan Foro sobre el D\u00eda Internacional de la Preservaci\u00f3n de la Capa de Ozono en La Guaira"}]},{"@type":"WebSite","@id":"http:\/\/www.defensoria.gob.ve\/#website","url":"http:\/\/www.defensoria.gob.ve\/","name":"","description":"Instituci\u00f3n del Poder Ciudadano para la Promoci\u00f3n, Defensa y Vigilancia de los Derechos Humanos. ","potentialAction":[{"@type":"SearchAction","target":{"@type":"EntryPoint","urlTemplate":"http:\/\/www.defensoria.gob.ve\/?s={search_term_string}"},"query-input":{"@type":"PropertyValueSpecification","valueRequired":true,"valueName":"search_term_string"}}],"inLanguage":"es"},{"@type":"Person","@id":"http:\/\/www.defensoria.gob.ve\/#\/schema\/person\/fba14293189d7b1933ac7fba9d89e24a","name":"JC.","image":{"@type":"ImageObject","inLanguage":"es","@id":"https:\/\/secure.gravatar.com\/avatar\/f398a4de948606b38f0299d90ca738c674b648694bc725ed46503c240269dbf8?s=96&d=mm&r=g","url":"https:\/\/secure.gravatar.com\/avatar\/f398a4de948606b38f0299d90ca738c674b648694bc725ed46503c240269dbf8?s=96&d=mm&r=g","contentUrl":"https:\/\/secure.gravatar.com\/avatar\/f398a4de948606b38f0299d90ca738c674b648694bc725ed46503c240269dbf8?s=96&d=mm&r=g","caption":"JC."},"url":"http:\/\/www.defensoria.gob.ve\/?author=5"}]}},"_links":{"self":[{"href":"http:\/\/www.defensoria.gob.ve\/index.php?rest_route=\/wp\/v2\/posts\/7520","targetHints":{"allow":["GET"]}}],"collection":[{"href":"http:\/\/www.defensoria.gob.ve\/index.php?rest_route=\/wp\/v2\/posts"}],"about":[{"href":"http:\/\/www.defensoria.gob.ve\/index.php?rest_route=\/wp\/v2\/types\/post"}],"author":[{"embeddable":true,"href":"http:\/\/www.defensoria.gob.ve\/index.php?rest_route=\/wp\/v2\/users\/5"}],"replies":[{"embeddable":true,"href":"http:\/\/www.defensoria.gob.ve\/index.php?rest_route=%2Fwp%2Fv2%2Fcomments&post=7520"}],"version-history":[{"count":4,"href":"http:\/\/www.defensoria.gob.ve\/index.php?rest_route=\/wp\/v2\/posts\/7520\/revisions"}],"predecessor-version":[{"id":7526,"href":"http:\/\/www.defensoria.gob.ve\/index.php?rest_route=\/wp\/v2\/posts\/7520\/revisions\/7526"}],"wp:featuredmedia":[{"embeddable":true,"href":"http:\/\/www.defensoria.gob.ve\/index.php?rest_route=\/wp\/v2\/media\/7522"}],"wp:attachment":[{"href":"http:\/\/www.defensoria.gob.ve\/index.php?rest_route=%2Fwp%2Fv2%2Fmedia&parent=7520"}],"wp:term":[{"taxonomy":"category","embeddable":true,"href":"http:\/\/www.defensoria.gob.ve\/index.php?rest_route=%2Fwp%2Fv2%2Fcategories&post=7520"},{"taxonomy":"post_tag","embeddable":true,"href":"http:\/\/www.defensoria.gob.ve\/index.php?rest_route=%2Fwp%2Fv2%2Ftags&post=7520"}],"curies":[{"name":"wp","href":"https:\/\/api.w.org\/{rel}","templated":true}]}}