 
{"id":7545,"date":"2024-09-18T14:21:32","date_gmt":"2024-09-18T18:21:32","guid":{"rendered":"http:\/\/www.defensoria.gob.ve\/?p=7545"},"modified":"2024-09-18T14:21:54","modified_gmt":"2024-09-18T18:21:54","slug":"ingrid-sanchez-lugo-sinonimo-de-evolucion-y-dedicacion-en-la-defensoria-del-pueblo","status":"publish","type":"post","link":"http:\/\/www.defensoria.gob.ve\/?p=7545","title":{"rendered":"Ingrid S\u00e1nchez Lugo: sin\u00f3nimo de evoluci\u00f3n y dedicaci\u00f3n en la Defensor\u00eda del Pueblo"},"content":{"rendered":"\t\t<div data-elementor-type=\"wp-post\" data-elementor-id=\"7545\" class=\"elementor elementor-7545\">\n\t\t\t\t\t\t<section class=\"elementor-section elementor-top-section elementor-element elementor-element-190fca8a elementor-section-boxed elementor-section-height-default elementor-section-height-default\" data-id=\"190fca8a\" data-element_type=\"section\" data-e-type=\"section\">\n\t\t\t\t\t\t<div class=\"elementor-container elementor-column-gap-default\">\n\t\t\t\t\t<div class=\"elementor-column elementor-col-100 elementor-top-column elementor-element elementor-element-4c20cff3\" data-id=\"4c20cff3\" data-element_type=\"column\" data-e-type=\"column\">\n\t\t\t<div class=\"elementor-widget-wrap elementor-element-populated\">\n\t\t\t\t\t\t<div class=\"elementor-element elementor-element-ce8d1bd elementor-widget elementor-widget-text-editor\" data-id=\"ce8d1bd\" data-element_type=\"widget\" data-e-type=\"widget\" data-widget_type=\"text-editor.default\">\n\t\t\t\t<div class=\"elementor-widget-container\">\n\t\t\t\t\t\t\t\t\t\n<p><strong>(18-Sep-24)<\/strong> Corr\u00eda el a\u00f1o 1978 y una chica llamada Ingrid S\u00e1nchez Lugo se graduaba de su colegio en primaria en el barrio Jos\u00e9 F\u00e9lix Ribas de la populosa y combativa parroquia Petare. Con el pasar de los a\u00f1os, S\u00e1nchez se transform\u00f3 en una mujer luchadora y que se preocupaba siempre por sus pares y mejorar el entorno de los mismos, eso hizo que se transformara en una lideresa comunitaria muy querida.<\/p>\n\n\n\n<p>Mientras segu\u00eda con sus trabajos comunitarios, se fue formando intelectualmente en instituciones que le permitieron tener m\u00e1s herramientas para viabilizar su trabajo en pro de los derechos humanos de los ciudadanos y las ciudadanas de Jos\u00e9 F\u00e9lix Ribas.<\/p>\n\n\n\n<figure class=\"wp-block-image size-large\"><img fetchpriority=\"high\" decoding=\"async\" width=\"1024\" height=\"768\" src=\"http:\/\/www.defensoria.gob.ve\/wp-content\/uploads\/2024\/09\/f40c1d20-c6b1-468f-8f72-8ffa4039e1ab-1024x768.jpg\" alt=\"\" class=\"wp-image-7546\" srcset=\"http:\/\/www.defensoria.gob.ve\/wp-content\/uploads\/2024\/09\/f40c1d20-c6b1-468f-8f72-8ffa4039e1ab-1024x768.jpg 1024w, http:\/\/www.defensoria.gob.ve\/wp-content\/uploads\/2024\/09\/f40c1d20-c6b1-468f-8f72-8ffa4039e1ab-300x225.jpg 300w, http:\/\/www.defensoria.gob.ve\/wp-content\/uploads\/2024\/09\/f40c1d20-c6b1-468f-8f72-8ffa4039e1ab-768x576.jpg 768w, http:\/\/www.defensoria.gob.ve\/wp-content\/uploads\/2024\/09\/f40c1d20-c6b1-468f-8f72-8ffa4039e1ab.jpg 1040w\" sizes=\"(max-width: 1024px) 100vw, 1024px\" \/><\/figure>\n\n\n\n<p>Fue as\u00ed como lleg\u00f3 a la Defensor\u00eda del Pueblo, a trav\u00e9s del Programa Haciendo Comunidad para los Derechos Humanos y con todos los conocimientos adquiridos ha ido evolucionando como ser humano y como profesional, a tal punto de ser hoy una de las facilitadoras sobre DD.HH. con mayor trayectoria vivencial en defensa de los derechos humanos.<\/p>\n\n\n\n<p>Es as\u00ed como el pasado martes 17 de septiembre Ingrid S\u00e1nchez socializ\u00f3 su trabajo final como mag\u00edster en la Comunidad de Saberes, el cual denomin\u00f3 \u201cDescolonizaci\u00f3n de la Educaci\u00f3n a trav\u00e9s de los Saberes Populares\u201d, presentado en el piso 28 del Centro Financiero Latino de Caracas.<\/p>\n\n\n\n<figure class=\"wp-block-image size-large\"><img decoding=\"async\" width=\"1024\" height=\"768\" src=\"http:\/\/www.defensoria.gob.ve\/wp-content\/uploads\/2024\/09\/610038c1-cead-4279-be02-112ae6a6acd9-1024x768.jpg\" alt=\"\" class=\"wp-image-7547\" srcset=\"http:\/\/www.defensoria.gob.ve\/wp-content\/uploads\/2024\/09\/610038c1-cead-4279-be02-112ae6a6acd9-1024x768.jpg 1024w, http:\/\/www.defensoria.gob.ve\/wp-content\/uploads\/2024\/09\/610038c1-cead-4279-be02-112ae6a6acd9-300x225.jpg 300w, http:\/\/www.defensoria.gob.ve\/wp-content\/uploads\/2024\/09\/610038c1-cead-4279-be02-112ae6a6acd9-768x576.jpg 768w, http:\/\/www.defensoria.gob.ve\/wp-content\/uploads\/2024\/09\/610038c1-cead-4279-be02-112ae6a6acd9.jpg 1040w\" sizes=\"(max-width: 1024px) 100vw, 1024px\" \/><\/figure>\n\n\n\n<p>En el mismo, S\u00e1nchez expuso c\u00f3mo desde sus experiencias vivenciales c\u00f3mo se pueden desarrollar soluciones a los problemas de servicios p\u00fablicos de su barrio y de esa manera mejorar su calidad de vida, bas\u00e1ndose en la aplicaci\u00f3n del pensamiento andrag\u00f3gico de Sim\u00f3n Rodr\u00edguez.<\/p>\n\n\n\n<p>De esta forma, el ente defensorial sigue formando a servidores y servidoras que promueven y aplican los DD.HH. en todo el territorio nacional. <strong>FIN \/ PRENSA Defensor\u00eda<\/strong><\/p>\n\t\t\t\t\t\t\t\t<\/div>\n\t\t\t\t<\/div>\n\t\t\t\t\t<\/div>\n\t\t<\/div>\n\t\t\t\t\t<\/div>\n\t\t<\/section>\n\t\t\t\t<\/div>\n\t\t","protected":false},"excerpt":{"rendered":"<p>(18-Sep-24) Corr\u00eda el a\u00f1o 1978 y una chica llamada Ingrid S\u00e1nchez Lugo se graduaba de su colegio en primaria en el barrio Jos\u00e9 F\u00e9lix Ribas de la populosa y combativa&hellip; <\/p>\n","protected":false},"author":5,"featured_media":7548,"comment_status":"closed","ping_status":"closed","sticky":false,"template":"","format":"standard","meta":{"footnotes":""},"categories":[5],"tags":[],"class_list":["post-7545","post","type-post","status-publish","format-standard","has-post-thumbnail","hentry","category-regionales"],"yoast_head":"<!-- This site is optimized with the Yoast SEO plugin v27.4 - https:\/\/yoast.com\/product\/yoast-seo-wordpress\/ -->\n<title>Ingrid S\u00e1nchez Lugo: sin\u00f3nimo de evoluci\u00f3n y dedicaci\u00f3n en la Defensor\u00eda del Pueblo -<\/title>\n<meta name=\"robots\" content=\"index, follow, max-snippet:-1, max-image-preview:large, max-video-preview:-1\" \/>\n<link rel=\"canonical\" href=\"http:\/\/www.defensoria.gob.ve\/?p=7545\" \/>\n<meta property=\"og:locale\" content=\"es_ES\" \/>\n<meta property=\"og:type\" content=\"article\" \/>\n<meta property=\"og:title\" content=\"Ingrid S\u00e1nchez Lugo: sin\u00f3nimo de evoluci\u00f3n y dedicaci\u00f3n en la Defensor\u00eda del Pueblo -\" \/>\n<meta property=\"og:description\" content=\"(18-Sep-24) Corr\u00eda el a\u00f1o 1978 y una chica llamada Ingrid S\u00e1nchez Lugo se graduaba de su colegio en primaria en el barrio Jos\u00e9 F\u00e9lix Ribas de la populosa y combativa&hellip;\" \/>\n<meta property=\"og:url\" content=\"http:\/\/www.defensoria.gob.ve\/?p=7545\" \/>\n<meta property=\"article:published_time\" content=\"2024-09-18T18:21:32+00:00\" \/>\n<meta property=\"article:modified_time\" content=\"2024-09-18T18:21:54+00:00\" \/>\n<meta property=\"og:image\" content=\"http:\/\/www.defensoria.gob.ve\/wp-content\/uploads\/2024\/09\/17795713-10d6-4479-b76e-f483ab9161fa.jpg\" \/>\n\t<meta property=\"og:image:width\" content=\"1040\" \/>\n\t<meta property=\"og:image:height\" content=\"780\" \/>\n\t<meta property=\"og:image:type\" content=\"image\/jpeg\" \/>\n<meta name=\"author\" content=\"JC.\" \/>\n<meta name=\"twitter:card\" content=\"summary_large_image\" \/>\n<meta name=\"twitter:label1\" content=\"Escrito por\" \/>\n\t<meta name=\"twitter:data1\" content=\"JC.\" \/>\n\t<meta name=\"twitter:label2\" content=\"Tiempo estimado de lectura\" \/>\n\t<meta name=\"twitter:data2\" content=\"2 minutos\" \/>\n<script type=\"application\/ld+json\" class=\"yoast-schema-graph\">{\"@context\":\"https:\\\/\\\/schema.org\",\"@graph\":[{\"@type\":\"Article\",\"@id\":\"http:\\\/\\\/www.defensoria.gob.ve\\\/?p=7545#article\",\"isPartOf\":{\"@id\":\"http:\\\/\\\/www.defensoria.gob.ve\\\/?p=7545\"},\"author\":{\"name\":\"JC.\",\"@id\":\"http:\\\/\\\/www.defensoria.gob.ve\\\/#\\\/schema\\\/person\\\/fba14293189d7b1933ac7fba9d89e24a\"},\"headline\":\"Ingrid S\u00e1nchez Lugo: sin\u00f3nimo de evoluci\u00f3n y dedicaci\u00f3n en la Defensor\u00eda del Pueblo\",\"datePublished\":\"2024-09-18T18:21:32+00:00\",\"dateModified\":\"2024-09-18T18:21:54+00:00\",\"mainEntityOfPage\":{\"@id\":\"http:\\\/\\\/www.defensoria.gob.ve\\\/?p=7545\"},\"wordCount\":323,\"image\":{\"@id\":\"http:\\\/\\\/www.defensoria.gob.ve\\\/?p=7545#primaryimage\"},\"thumbnailUrl\":\"http:\\\/\\\/www.defensoria.gob.ve\\\/wp-content\\\/uploads\\\/2024\\\/09\\\/17795713-10d6-4479-b76e-f483ab9161fa.jpg\",\"articleSection\":[\"REGIONALES\"],\"inLanguage\":\"es\"},{\"@type\":\"WebPage\",\"@id\":\"http:\\\/\\\/www.defensoria.gob.ve\\\/?p=7545\",\"url\":\"http:\\\/\\\/www.defensoria.gob.ve\\\/?p=7545\",\"name\":\"Ingrid S\u00e1nchez Lugo: sin\u00f3nimo de evoluci\u00f3n y dedicaci\u00f3n en la Defensor\u00eda del Pueblo -\",\"isPartOf\":{\"@id\":\"http:\\\/\\\/www.defensoria.gob.ve\\\/#website\"},\"primaryImageOfPage\":{\"@id\":\"http:\\\/\\\/www.defensoria.gob.ve\\\/?p=7545#primaryimage\"},\"image\":{\"@id\":\"http:\\\/\\\/www.defensoria.gob.ve\\\/?p=7545#primaryimage\"},\"thumbnailUrl\":\"http:\\\/\\\/www.defensoria.gob.ve\\\/wp-content\\\/uploads\\\/2024\\\/09\\\/17795713-10d6-4479-b76e-f483ab9161fa.jpg\",\"datePublished\":\"2024-09-18T18:21:32+00:00\",\"dateModified\":\"2024-09-18T18:21:54+00:00\",\"author\":{\"@id\":\"http:\\\/\\\/www.defensoria.gob.ve\\\/#\\\/schema\\\/person\\\/fba14293189d7b1933ac7fba9d89e24a\"},\"breadcrumb\":{\"@id\":\"http:\\\/\\\/www.defensoria.gob.ve\\\/?p=7545#breadcrumb\"},\"inLanguage\":\"es\",\"potentialAction\":[{\"@type\":\"ReadAction\",\"target\":[\"http:\\\/\\\/www.defensoria.gob.ve\\\/?p=7545\"]}]},{\"@type\":\"ImageObject\",\"inLanguage\":\"es\",\"@id\":\"http:\\\/\\\/www.defensoria.gob.ve\\\/?p=7545#primaryimage\",\"url\":\"http:\\\/\\\/www.defensoria.gob.ve\\\/wp-content\\\/uploads\\\/2024\\\/09\\\/17795713-10d6-4479-b76e-f483ab9161fa.jpg\",\"contentUrl\":\"http:\\\/\\\/www.defensoria.gob.ve\\\/wp-content\\\/uploads\\\/2024\\\/09\\\/17795713-10d6-4479-b76e-f483ab9161fa.jpg\",\"width\":1040,\"height\":780},{\"@type\":\"BreadcrumbList\",\"@id\":\"http:\\\/\\\/www.defensoria.gob.ve\\\/?p=7545#breadcrumb\",\"itemListElement\":[{\"@type\":\"ListItem\",\"position\":1,\"name\":\"Portada\",\"item\":\"http:\\\/\\\/www.defensoria.gob.ve\\\/\"},{\"@type\":\"ListItem\",\"position\":2,\"name\":\"Ingrid S\u00e1nchez Lugo: sin\u00f3nimo de evoluci\u00f3n y dedicaci\u00f3n en la Defensor\u00eda del Pueblo\"}]},{\"@type\":\"WebSite\",\"@id\":\"http:\\\/\\\/www.defensoria.gob.ve\\\/#website\",\"url\":\"http:\\\/\\\/www.defensoria.gob.ve\\\/\",\"name\":\"\",\"description\":\"Instituci\u00f3n del Poder Ciudadano para la Promoci\u00f3n, Defensa y Vigilancia de los Derechos Humanos. \",\"potentialAction\":[{\"@type\":\"SearchAction\",\"target\":{\"@type\":\"EntryPoint\",\"urlTemplate\":\"http:\\\/\\\/www.defensoria.gob.ve\\\/?s={search_term_string}\"},\"query-input\":{\"@type\":\"PropertyValueSpecification\",\"valueRequired\":true,\"valueName\":\"search_term_string\"}}],\"inLanguage\":\"es\"},{\"@type\":\"Person\",\"@id\":\"http:\\\/\\\/www.defensoria.gob.ve\\\/#\\\/schema\\\/person\\\/fba14293189d7b1933ac7fba9d89e24a\",\"name\":\"JC.\",\"image\":{\"@type\":\"ImageObject\",\"inLanguage\":\"es\",\"@id\":\"https:\\\/\\\/secure.gravatar.com\\\/avatar\\\/f398a4de948606b38f0299d90ca738c674b648694bc725ed46503c240269dbf8?s=96&d=mm&r=g\",\"url\":\"https:\\\/\\\/secure.gravatar.com\\\/avatar\\\/f398a4de948606b38f0299d90ca738c674b648694bc725ed46503c240269dbf8?s=96&d=mm&r=g\",\"contentUrl\":\"https:\\\/\\\/secure.gravatar.com\\\/avatar\\\/f398a4de948606b38f0299d90ca738c674b648694bc725ed46503c240269dbf8?s=96&d=mm&r=g\",\"caption\":\"JC.\"},\"url\":\"http:\\\/\\\/www.defensoria.gob.ve\\\/?author=5\"}]}<\/script>\n<!-- \/ Yoast SEO plugin. -->","yoast_head_json":{"title":"Ingrid S\u00e1nchez Lugo: sin\u00f3nimo de evoluci\u00f3n y dedicaci\u00f3n en la Defensor\u00eda del Pueblo -","robots":{"index":"index","follow":"follow","max-snippet":"max-snippet:-1","max-image-preview":"max-image-preview:large","max-video-preview":"max-video-preview:-1"},"canonical":"http:\/\/www.defensoria.gob.ve\/?p=7545","og_locale":"es_ES","og_type":"article","og_title":"Ingrid S\u00e1nchez Lugo: sin\u00f3nimo de evoluci\u00f3n y dedicaci\u00f3n en la Defensor\u00eda del Pueblo -","og_description":"(18-Sep-24) Corr\u00eda el a\u00f1o 1978 y una chica llamada Ingrid S\u00e1nchez Lugo se graduaba de su colegio en primaria en el barrio Jos\u00e9 F\u00e9lix Ribas de la populosa y combativa&hellip;","og_url":"http:\/\/www.defensoria.gob.ve\/?p=7545","article_published_time":"2024-09-18T18:21:32+00:00","article_modified_time":"2024-09-18T18:21:54+00:00","og_image":[{"width":1040,"height":780,"url":"http:\/\/www.defensoria.gob.ve\/wp-content\/uploads\/2024\/09\/17795713-10d6-4479-b76e-f483ab9161fa.jpg","type":"image\/jpeg"}],"author":"JC.","twitter_card":"summary_large_image","twitter_misc":{"Escrito por":"JC.","Tiempo estimado de lectura":"2 minutos"},"schema":{"@context":"https:\/\/schema.org","@graph":[{"@type":"Article","@id":"http:\/\/www.defensoria.gob.ve\/?p=7545#article","isPartOf":{"@id":"http:\/\/www.defensoria.gob.ve\/?p=7545"},"author":{"name":"JC.","@id":"http:\/\/www.defensoria.gob.ve\/#\/schema\/person\/fba14293189d7b1933ac7fba9d89e24a"},"headline":"Ingrid S\u00e1nchez Lugo: sin\u00f3nimo de evoluci\u00f3n y dedicaci\u00f3n en la Defensor\u00eda del Pueblo","datePublished":"2024-09-18T18:21:32+00:00","dateModified":"2024-09-18T18:21:54+00:00","mainEntityOfPage":{"@id":"http:\/\/www.defensoria.gob.ve\/?p=7545"},"wordCount":323,"image":{"@id":"http:\/\/www.defensoria.gob.ve\/?p=7545#primaryimage"},"thumbnailUrl":"http:\/\/www.defensoria.gob.ve\/wp-content\/uploads\/2024\/09\/17795713-10d6-4479-b76e-f483ab9161fa.jpg","articleSection":["REGIONALES"],"inLanguage":"es"},{"@type":"WebPage","@id":"http:\/\/www.defensoria.gob.ve\/?p=7545","url":"http:\/\/www.defensoria.gob.ve\/?p=7545","name":"Ingrid S\u00e1nchez Lugo: sin\u00f3nimo de evoluci\u00f3n y dedicaci\u00f3n en la Defensor\u00eda del Pueblo -","isPartOf":{"@id":"http:\/\/www.defensoria.gob.ve\/#website"},"primaryImageOfPage":{"@id":"http:\/\/www.defensoria.gob.ve\/?p=7545#primaryimage"},"image":{"@id":"http:\/\/www.defensoria.gob.ve\/?p=7545#primaryimage"},"thumbnailUrl":"http:\/\/www.defensoria.gob.ve\/wp-content\/uploads\/2024\/09\/17795713-10d6-4479-b76e-f483ab9161fa.jpg","datePublished":"2024-09-18T18:21:32+00:00","dateModified":"2024-09-18T18:21:54+00:00","author":{"@id":"http:\/\/www.defensoria.gob.ve\/#\/schema\/person\/fba14293189d7b1933ac7fba9d89e24a"},"breadcrumb":{"@id":"http:\/\/www.defensoria.gob.ve\/?p=7545#breadcrumb"},"inLanguage":"es","potentialAction":[{"@type":"ReadAction","target":["http:\/\/www.defensoria.gob.ve\/?p=7545"]}]},{"@type":"ImageObject","inLanguage":"es","@id":"http:\/\/www.defensoria.gob.ve\/?p=7545#primaryimage","url":"http:\/\/www.defensoria.gob.ve\/wp-content\/uploads\/2024\/09\/17795713-10d6-4479-b76e-f483ab9161fa.jpg","contentUrl":"http:\/\/www.defensoria.gob.ve\/wp-content\/uploads\/2024\/09\/17795713-10d6-4479-b76e-f483ab9161fa.jpg","width":1040,"height":780},{"@type":"BreadcrumbList","@id":"http:\/\/www.defensoria.gob.ve\/?p=7545#breadcrumb","itemListElement":[{"@type":"ListItem","position":1,"name":"Portada","item":"http:\/\/www.defensoria.gob.ve\/"},{"@type":"ListItem","position":2,"name":"Ingrid S\u00e1nchez Lugo: sin\u00f3nimo de evoluci\u00f3n y dedicaci\u00f3n en la Defensor\u00eda del Pueblo"}]},{"@type":"WebSite","@id":"http:\/\/www.defensoria.gob.ve\/#website","url":"http:\/\/www.defensoria.gob.ve\/","name":"","description":"Instituci\u00f3n del Poder Ciudadano para la Promoci\u00f3n, Defensa y Vigilancia de los Derechos Humanos. ","potentialAction":[{"@type":"SearchAction","target":{"@type":"EntryPoint","urlTemplate":"http:\/\/www.defensoria.gob.ve\/?s={search_term_string}"},"query-input":{"@type":"PropertyValueSpecification","valueRequired":true,"valueName":"search_term_string"}}],"inLanguage":"es"},{"@type":"Person","@id":"http:\/\/www.defensoria.gob.ve\/#\/schema\/person\/fba14293189d7b1933ac7fba9d89e24a","name":"JC.","image":{"@type":"ImageObject","inLanguage":"es","@id":"https:\/\/secure.gravatar.com\/avatar\/f398a4de948606b38f0299d90ca738c674b648694bc725ed46503c240269dbf8?s=96&d=mm&r=g","url":"https:\/\/secure.gravatar.com\/avatar\/f398a4de948606b38f0299d90ca738c674b648694bc725ed46503c240269dbf8?s=96&d=mm&r=g","contentUrl":"https:\/\/secure.gravatar.com\/avatar\/f398a4de948606b38f0299d90ca738c674b648694bc725ed46503c240269dbf8?s=96&d=mm&r=g","caption":"JC."},"url":"http:\/\/www.defensoria.gob.ve\/?author=5"}]}},"_links":{"self":[{"href":"http:\/\/www.defensoria.gob.ve\/index.php?rest_route=\/wp\/v2\/posts\/7545","targetHints":{"allow":["GET"]}}],"collection":[{"href":"http:\/\/www.defensoria.gob.ve\/index.php?rest_route=\/wp\/v2\/posts"}],"about":[{"href":"http:\/\/www.defensoria.gob.ve\/index.php?rest_route=\/wp\/v2\/types\/post"}],"author":[{"embeddable":true,"href":"http:\/\/www.defensoria.gob.ve\/index.php?rest_route=\/wp\/v2\/users\/5"}],"replies":[{"embeddable":true,"href":"http:\/\/www.defensoria.gob.ve\/index.php?rest_route=%2Fwp%2Fv2%2Fcomments&post=7545"}],"version-history":[{"count":4,"href":"http:\/\/www.defensoria.gob.ve\/index.php?rest_route=\/wp\/v2\/posts\/7545\/revisions"}],"predecessor-version":[{"id":7552,"href":"http:\/\/www.defensoria.gob.ve\/index.php?rest_route=\/wp\/v2\/posts\/7545\/revisions\/7552"}],"wp:featuredmedia":[{"embeddable":true,"href":"http:\/\/www.defensoria.gob.ve\/index.php?rest_route=\/wp\/v2\/media\/7548"}],"wp:attachment":[{"href":"http:\/\/www.defensoria.gob.ve\/index.php?rest_route=%2Fwp%2Fv2%2Fmedia&parent=7545"}],"wp:term":[{"taxonomy":"category","embeddable":true,"href":"http:\/\/www.defensoria.gob.ve\/index.php?rest_route=%2Fwp%2Fv2%2Fcategories&post=7545"},{"taxonomy":"post_tag","embeddable":true,"href":"http:\/\/www.defensoria.gob.ve\/index.php?rest_route=%2Fwp%2Fv2%2Ftags&post=7545"}],"curies":[{"name":"wp","href":"https:\/\/api.w.org\/{rel}","templated":true}]}}