 
{"id":7561,"date":"2024-09-18T17:20:51","date_gmt":"2024-09-18T21:20:51","guid":{"rendered":"http:\/\/www.defensoria.gob.ve\/?p=7561"},"modified":"2024-09-18T17:21:15","modified_gmt":"2024-09-18T21:21:15","slug":"delegada-sucre-realizo-acciones-defensoriales-en-materia-de-servicios-publicos","status":"publish","type":"post","link":"http:\/\/www.defensoria.gob.ve\/?p=7561","title":{"rendered":"Delegada Sucre realiz\u00f3 acciones defensoriales en materia de servicios p\u00fablicos"},"content":{"rendered":"\t\t<div data-elementor-type=\"wp-post\" data-elementor-id=\"7561\" class=\"elementor elementor-7561\">\n\t\t\t\t\t\t<section class=\"elementor-section elementor-top-section elementor-element elementor-element-e55f126 elementor-section-boxed elementor-section-height-default elementor-section-height-default\" data-id=\"e55f126\" data-element_type=\"section\" data-e-type=\"section\">\n\t\t\t\t\t\t<div class=\"elementor-container elementor-column-gap-default\">\n\t\t\t\t\t<div class=\"elementor-column elementor-col-100 elementor-top-column elementor-element elementor-element-3332a91d\" data-id=\"3332a91d\" data-element_type=\"column\" data-e-type=\"column\">\n\t\t\t<div class=\"elementor-widget-wrap elementor-element-populated\">\n\t\t\t\t\t\t<div class=\"elementor-element elementor-element-47e77868 elementor-widget elementor-widget-text-editor\" data-id=\"47e77868\" data-element_type=\"widget\" data-e-type=\"widget\" data-widget_type=\"text-editor.default\">\n\t\t\t\t<div class=\"elementor-widget-container\">\n\t\t\t\t\t\t\t\t\t\n<p><strong>(Sucre\/18-Sep-24)<\/strong>\u00a0Cumpliendo con sus atribuciones constitucionales de vigilancia y acompa\u00f1amiento en el acceso de los servicios p\u00fablicos, servidores y servidoras de la Defensor\u00eda delegada del estado Sucre asistieron a las oficinas de la CANTV en la entidad.<\/p>\n\n\n<div class=\"wp-block-image\">\n<figure class=\"aligncenter size-full\"><img fetchpriority=\"high\" decoding=\"async\" width=\"478\" height=\"455\" src=\"http:\/\/www.defensoria.gob.ve\/wp-content\/uploads\/2024\/09\/Hy.png\" alt=\"\" class=\"wp-image-7562\" srcset=\"http:\/\/www.defensoria.gob.ve\/wp-content\/uploads\/2024\/09\/Hy.png 478w, http:\/\/www.defensoria.gob.ve\/wp-content\/uploads\/2024\/09\/Hy-300x286.png 300w\" sizes=\"(max-width: 478px) 100vw, 478px\" \/><\/figure><\/div>\n\n\n<p>Esta acci\u00f3n defensorial se llev\u00f3 a cabo debido a una queja presentadas por una usuaria en cuanto a la falta de prestaci\u00f3n del servicio de telefon\u00eda fija, pero se logr\u00f3 constatar la no vulneraci\u00f3n de derechos en este caso, por parte de la empresa estatal CANTV, ya que en reportes anteriores a la peticionaria se le restableci\u00f3 el tono telef\u00f3nico y al reportar el t\u00e9cnico la soluci\u00f3n de la aver\u00eda, el sistema paso a facturar en forma regular las debidas mensualidades,&nbsp;con la particularidad de que no se ha restablecido el servicio de internet, por falta de pago de deuda pendiente.<\/p>\n\n\n\n<p><strong>Reuni\u00f3n con Acnur<\/strong><\/p>\n\n\n\n<p>Por otra parte, servidores del ente defensorial se reunieron con el equipo de Acnur en la entidad, con la finalidad de hacer enlaces institucionales para las unidades de Registro Civil de las maternidades de Car\u00fapano y Cuman\u00e1.<\/p>\n\n\n<div class=\"wp-block-image\">\n<figure class=\"aligncenter size-full\"><img decoding=\"async\" width=\"807\" height=\"563\" src=\"http:\/\/www.defensoria.gob.ve\/wp-content\/uploads\/2024\/09\/dddd.png\" alt=\"\" class=\"wp-image-7563\" srcset=\"http:\/\/www.defensoria.gob.ve\/wp-content\/uploads\/2024\/09\/dddd.png 807w, http:\/\/www.defensoria.gob.ve\/wp-content\/uploads\/2024\/09\/dddd-300x209.png 300w, http:\/\/www.defensoria.gob.ve\/wp-content\/uploads\/2024\/09\/dddd-768x536.png 768w\" sizes=\"(max-width: 807px) 100vw, 807px\" \/><\/figure><\/div>\n\n\n<p>Debido a ello, contactaron a la autoridad \u00danica de Salud en el estado, Dr William Meneses, y las primeras damas de esos municipios, con quienes concretaron una reuni\u00f3n para el pr\u00f3ximo 25 de septiembre.<\/p>\n\n\n\n<p><strong>Instituto Municipal de las Moto Piruetas<\/strong><\/p>\n\n\n\n<p>Asimismo, la Delegada de la entidad, Milagros Otero, se reuni\u00f3 con el Alto Comisionado Presidencial por la Paz y la Vida, Alexander Vargas, con la finalidad de coordinar la creaci\u00f3n del Instituto Municipal de las Moto Piruetas, e instruir a la creaci\u00f3n de espacios id\u00f3neos para que la pr\u00e1ctica de esta nueva actividad deportiva.<\/p>\n\n\n\n<p>A este encuentro asistieron representantes del ente defensorial; Ministerio P\u00fablico; Seguridad Ciudadana; 911; Defensa Civil, entre otras.&nbsp;<strong>FIN \/ PRENSA Defensor\u00eda<\/strong><\/p>\n\t\t\t\t\t\t\t\t<\/div>\n\t\t\t\t<\/div>\n\t\t\t\t\t<\/div>\n\t\t<\/div>\n\t\t\t\t\t<\/div>\n\t\t<\/section>\n\t\t\t\t<\/div>\n\t\t","protected":false},"excerpt":{"rendered":"<p>(Sucre\/18-Sep-24)\u00a0Cumpliendo con sus atribuciones constitucionales de vigilancia y acompa\u00f1amiento en el acceso de los servicios p\u00fablicos, servidores y servidoras de la Defensor\u00eda delegada del estado Sucre asistieron a las oficinas&hellip; <\/p>\n","protected":false},"author":5,"featured_media":7564,"comment_status":"closed","ping_status":"closed","sticky":false,"template":"","format":"standard","meta":{"footnotes":""},"categories":[5],"tags":[],"class_list":["post-7561","post","type-post","status-publish","format-standard","has-post-thumbnail","hentry","category-regionales"],"yoast_head":"<!-- This site is optimized with the Yoast SEO plugin v27.4 - https:\/\/yoast.com\/product\/yoast-seo-wordpress\/ -->\n<title>Delegada Sucre realiz\u00f3 acciones defensoriales en materia de servicios p\u00fablicos -<\/title>\n<meta name=\"robots\" content=\"index, follow, max-snippet:-1, max-image-preview:large, max-video-preview:-1\" \/>\n<link rel=\"canonical\" href=\"http:\/\/www.defensoria.gob.ve\/?p=7561\" \/>\n<meta property=\"og:locale\" content=\"es_ES\" \/>\n<meta property=\"og:type\" content=\"article\" \/>\n<meta property=\"og:title\" content=\"Delegada Sucre realiz\u00f3 acciones defensoriales en materia de servicios p\u00fablicos -\" \/>\n<meta property=\"og:description\" content=\"(Sucre\/18-Sep-24)\u00a0Cumpliendo con sus atribuciones constitucionales de vigilancia y acompa\u00f1amiento en el acceso de los servicios p\u00fablicos, servidores y servidoras de la Defensor\u00eda delegada del estado Sucre asistieron a las oficinas&hellip;\" \/>\n<meta property=\"og:url\" content=\"http:\/\/www.defensoria.gob.ve\/?p=7561\" \/>\n<meta property=\"article:published_time\" content=\"2024-09-18T21:20:51+00:00\" \/>\n<meta property=\"article:modified_time\" content=\"2024-09-18T21:21:15+00:00\" \/>\n<meta property=\"og:image\" content=\"http:\/\/www.defensoria.gob.ve\/wp-content\/uploads\/2024\/09\/pppp.png\" \/>\n\t<meta property=\"og:image:width\" content=\"787\" \/>\n\t<meta property=\"og:image:height\" content=\"416\" \/>\n\t<meta property=\"og:image:type\" content=\"image\/png\" \/>\n<meta name=\"author\" content=\"JC.\" \/>\n<meta name=\"twitter:card\" content=\"summary_large_image\" \/>\n<meta name=\"twitter:label1\" content=\"Escrito por\" \/>\n\t<meta name=\"twitter:data1\" content=\"JC.\" \/>\n\t<meta name=\"twitter:label2\" content=\"Tiempo estimado de lectura\" \/>\n\t<meta name=\"twitter:data2\" content=\"2 minutos\" \/>\n<script type=\"application\/ld+json\" class=\"yoast-schema-graph\">{\"@context\":\"https:\\\/\\\/schema.org\",\"@graph\":[{\"@type\":\"Article\",\"@id\":\"http:\\\/\\\/www.defensoria.gob.ve\\\/?p=7561#article\",\"isPartOf\":{\"@id\":\"http:\\\/\\\/www.defensoria.gob.ve\\\/?p=7561\"},\"author\":{\"name\":\"JC.\",\"@id\":\"http:\\\/\\\/www.defensoria.gob.ve\\\/#\\\/schema\\\/person\\\/fba14293189d7b1933ac7fba9d89e24a\"},\"headline\":\"Delegada Sucre realiz\u00f3 acciones defensoriales en materia de servicios p\u00fablicos\",\"datePublished\":\"2024-09-18T21:20:51+00:00\",\"dateModified\":\"2024-09-18T21:21:15+00:00\",\"mainEntityOfPage\":{\"@id\":\"http:\\\/\\\/www.defensoria.gob.ve\\\/?p=7561\"},\"wordCount\":325,\"image\":{\"@id\":\"http:\\\/\\\/www.defensoria.gob.ve\\\/?p=7561#primaryimage\"},\"thumbnailUrl\":\"http:\\\/\\\/www.defensoria.gob.ve\\\/wp-content\\\/uploads\\\/2024\\\/09\\\/pppp.png\",\"articleSection\":[\"REGIONALES\"],\"inLanguage\":\"es\"},{\"@type\":\"WebPage\",\"@id\":\"http:\\\/\\\/www.defensoria.gob.ve\\\/?p=7561\",\"url\":\"http:\\\/\\\/www.defensoria.gob.ve\\\/?p=7561\",\"name\":\"Delegada Sucre realiz\u00f3 acciones defensoriales en materia de servicios p\u00fablicos -\",\"isPartOf\":{\"@id\":\"http:\\\/\\\/www.defensoria.gob.ve\\\/#website\"},\"primaryImageOfPage\":{\"@id\":\"http:\\\/\\\/www.defensoria.gob.ve\\\/?p=7561#primaryimage\"},\"image\":{\"@id\":\"http:\\\/\\\/www.defensoria.gob.ve\\\/?p=7561#primaryimage\"},\"thumbnailUrl\":\"http:\\\/\\\/www.defensoria.gob.ve\\\/wp-content\\\/uploads\\\/2024\\\/09\\\/pppp.png\",\"datePublished\":\"2024-09-18T21:20:51+00:00\",\"dateModified\":\"2024-09-18T21:21:15+00:00\",\"author\":{\"@id\":\"http:\\\/\\\/www.defensoria.gob.ve\\\/#\\\/schema\\\/person\\\/fba14293189d7b1933ac7fba9d89e24a\"},\"breadcrumb\":{\"@id\":\"http:\\\/\\\/www.defensoria.gob.ve\\\/?p=7561#breadcrumb\"},\"inLanguage\":\"es\",\"potentialAction\":[{\"@type\":\"ReadAction\",\"target\":[\"http:\\\/\\\/www.defensoria.gob.ve\\\/?p=7561\"]}]},{\"@type\":\"ImageObject\",\"inLanguage\":\"es\",\"@id\":\"http:\\\/\\\/www.defensoria.gob.ve\\\/?p=7561#primaryimage\",\"url\":\"http:\\\/\\\/www.defensoria.gob.ve\\\/wp-content\\\/uploads\\\/2024\\\/09\\\/pppp.png\",\"contentUrl\":\"http:\\\/\\\/www.defensoria.gob.ve\\\/wp-content\\\/uploads\\\/2024\\\/09\\\/pppp.png\",\"width\":787,\"height\":416},{\"@type\":\"BreadcrumbList\",\"@id\":\"http:\\\/\\\/www.defensoria.gob.ve\\\/?p=7561#breadcrumb\",\"itemListElement\":[{\"@type\":\"ListItem\",\"position\":1,\"name\":\"Portada\",\"item\":\"http:\\\/\\\/www.defensoria.gob.ve\\\/\"},{\"@type\":\"ListItem\",\"position\":2,\"name\":\"Delegada Sucre realiz\u00f3 acciones defensoriales en materia de servicios p\u00fablicos\"}]},{\"@type\":\"WebSite\",\"@id\":\"http:\\\/\\\/www.defensoria.gob.ve\\\/#website\",\"url\":\"http:\\\/\\\/www.defensoria.gob.ve\\\/\",\"name\":\"\",\"description\":\"Instituci\u00f3n del Poder Ciudadano para la Promoci\u00f3n, Defensa y Vigilancia de los Derechos Humanos. \",\"potentialAction\":[{\"@type\":\"SearchAction\",\"target\":{\"@type\":\"EntryPoint\",\"urlTemplate\":\"http:\\\/\\\/www.defensoria.gob.ve\\\/?s={search_term_string}\"},\"query-input\":{\"@type\":\"PropertyValueSpecification\",\"valueRequired\":true,\"valueName\":\"search_term_string\"}}],\"inLanguage\":\"es\"},{\"@type\":\"Person\",\"@id\":\"http:\\\/\\\/www.defensoria.gob.ve\\\/#\\\/schema\\\/person\\\/fba14293189d7b1933ac7fba9d89e24a\",\"name\":\"JC.\",\"image\":{\"@type\":\"ImageObject\",\"inLanguage\":\"es\",\"@id\":\"https:\\\/\\\/secure.gravatar.com\\\/avatar\\\/f398a4de948606b38f0299d90ca738c674b648694bc725ed46503c240269dbf8?s=96&d=mm&r=g\",\"url\":\"https:\\\/\\\/secure.gravatar.com\\\/avatar\\\/f398a4de948606b38f0299d90ca738c674b648694bc725ed46503c240269dbf8?s=96&d=mm&r=g\",\"contentUrl\":\"https:\\\/\\\/secure.gravatar.com\\\/avatar\\\/f398a4de948606b38f0299d90ca738c674b648694bc725ed46503c240269dbf8?s=96&d=mm&r=g\",\"caption\":\"JC.\"},\"url\":\"http:\\\/\\\/www.defensoria.gob.ve\\\/?author=5\"}]}<\/script>\n<!-- \/ Yoast SEO plugin. -->","yoast_head_json":{"title":"Delegada Sucre realiz\u00f3 acciones defensoriales en materia de servicios p\u00fablicos -","robots":{"index":"index","follow":"follow","max-snippet":"max-snippet:-1","max-image-preview":"max-image-preview:large","max-video-preview":"max-video-preview:-1"},"canonical":"http:\/\/www.defensoria.gob.ve\/?p=7561","og_locale":"es_ES","og_type":"article","og_title":"Delegada Sucre realiz\u00f3 acciones defensoriales en materia de servicios p\u00fablicos -","og_description":"(Sucre\/18-Sep-24)\u00a0Cumpliendo con sus atribuciones constitucionales de vigilancia y acompa\u00f1amiento en el acceso de los servicios p\u00fablicos, servidores y servidoras de la Defensor\u00eda delegada del estado Sucre asistieron a las oficinas&hellip;","og_url":"http:\/\/www.defensoria.gob.ve\/?p=7561","article_published_time":"2024-09-18T21:20:51+00:00","article_modified_time":"2024-09-18T21:21:15+00:00","og_image":[{"width":787,"height":416,"url":"http:\/\/www.defensoria.gob.ve\/wp-content\/uploads\/2024\/09\/pppp.png","type":"image\/png"}],"author":"JC.","twitter_card":"summary_large_image","twitter_misc":{"Escrito por":"JC.","Tiempo estimado de lectura":"2 minutos"},"schema":{"@context":"https:\/\/schema.org","@graph":[{"@type":"Article","@id":"http:\/\/www.defensoria.gob.ve\/?p=7561#article","isPartOf":{"@id":"http:\/\/www.defensoria.gob.ve\/?p=7561"},"author":{"name":"JC.","@id":"http:\/\/www.defensoria.gob.ve\/#\/schema\/person\/fba14293189d7b1933ac7fba9d89e24a"},"headline":"Delegada Sucre realiz\u00f3 acciones defensoriales en materia de servicios p\u00fablicos","datePublished":"2024-09-18T21:20:51+00:00","dateModified":"2024-09-18T21:21:15+00:00","mainEntityOfPage":{"@id":"http:\/\/www.defensoria.gob.ve\/?p=7561"},"wordCount":325,"image":{"@id":"http:\/\/www.defensoria.gob.ve\/?p=7561#primaryimage"},"thumbnailUrl":"http:\/\/www.defensoria.gob.ve\/wp-content\/uploads\/2024\/09\/pppp.png","articleSection":["REGIONALES"],"inLanguage":"es"},{"@type":"WebPage","@id":"http:\/\/www.defensoria.gob.ve\/?p=7561","url":"http:\/\/www.defensoria.gob.ve\/?p=7561","name":"Delegada Sucre realiz\u00f3 acciones defensoriales en materia de servicios p\u00fablicos -","isPartOf":{"@id":"http:\/\/www.defensoria.gob.ve\/#website"},"primaryImageOfPage":{"@id":"http:\/\/www.defensoria.gob.ve\/?p=7561#primaryimage"},"image":{"@id":"http:\/\/www.defensoria.gob.ve\/?p=7561#primaryimage"},"thumbnailUrl":"http:\/\/www.defensoria.gob.ve\/wp-content\/uploads\/2024\/09\/pppp.png","datePublished":"2024-09-18T21:20:51+00:00","dateModified":"2024-09-18T21:21:15+00:00","author":{"@id":"http:\/\/www.defensoria.gob.ve\/#\/schema\/person\/fba14293189d7b1933ac7fba9d89e24a"},"breadcrumb":{"@id":"http:\/\/www.defensoria.gob.ve\/?p=7561#breadcrumb"},"inLanguage":"es","potentialAction":[{"@type":"ReadAction","target":["http:\/\/www.defensoria.gob.ve\/?p=7561"]}]},{"@type":"ImageObject","inLanguage":"es","@id":"http:\/\/www.defensoria.gob.ve\/?p=7561#primaryimage","url":"http:\/\/www.defensoria.gob.ve\/wp-content\/uploads\/2024\/09\/pppp.png","contentUrl":"http:\/\/www.defensoria.gob.ve\/wp-content\/uploads\/2024\/09\/pppp.png","width":787,"height":416},{"@type":"BreadcrumbList","@id":"http:\/\/www.defensoria.gob.ve\/?p=7561#breadcrumb","itemListElement":[{"@type":"ListItem","position":1,"name":"Portada","item":"http:\/\/www.defensoria.gob.ve\/"},{"@type":"ListItem","position":2,"name":"Delegada Sucre realiz\u00f3 acciones defensoriales en materia de servicios p\u00fablicos"}]},{"@type":"WebSite","@id":"http:\/\/www.defensoria.gob.ve\/#website","url":"http:\/\/www.defensoria.gob.ve\/","name":"","description":"Instituci\u00f3n del Poder Ciudadano para la Promoci\u00f3n, Defensa y Vigilancia de los Derechos Humanos. ","potentialAction":[{"@type":"SearchAction","target":{"@type":"EntryPoint","urlTemplate":"http:\/\/www.defensoria.gob.ve\/?s={search_term_string}"},"query-input":{"@type":"PropertyValueSpecification","valueRequired":true,"valueName":"search_term_string"}}],"inLanguage":"es"},{"@type":"Person","@id":"http:\/\/www.defensoria.gob.ve\/#\/schema\/person\/fba14293189d7b1933ac7fba9d89e24a","name":"JC.","image":{"@type":"ImageObject","inLanguage":"es","@id":"https:\/\/secure.gravatar.com\/avatar\/f398a4de948606b38f0299d90ca738c674b648694bc725ed46503c240269dbf8?s=96&d=mm&r=g","url":"https:\/\/secure.gravatar.com\/avatar\/f398a4de948606b38f0299d90ca738c674b648694bc725ed46503c240269dbf8?s=96&d=mm&r=g","contentUrl":"https:\/\/secure.gravatar.com\/avatar\/f398a4de948606b38f0299d90ca738c674b648694bc725ed46503c240269dbf8?s=96&d=mm&r=g","caption":"JC."},"url":"http:\/\/www.defensoria.gob.ve\/?author=5"}]}},"_links":{"self":[{"href":"http:\/\/www.defensoria.gob.ve\/index.php?rest_route=\/wp\/v2\/posts\/7561","targetHints":{"allow":["GET"]}}],"collection":[{"href":"http:\/\/www.defensoria.gob.ve\/index.php?rest_route=\/wp\/v2\/posts"}],"about":[{"href":"http:\/\/www.defensoria.gob.ve\/index.php?rest_route=\/wp\/v2\/types\/post"}],"author":[{"embeddable":true,"href":"http:\/\/www.defensoria.gob.ve\/index.php?rest_route=\/wp\/v2\/users\/5"}],"replies":[{"embeddable":true,"href":"http:\/\/www.defensoria.gob.ve\/index.php?rest_route=%2Fwp%2Fv2%2Fcomments&post=7561"}],"version-history":[{"count":4,"href":"http:\/\/www.defensoria.gob.ve\/index.php?rest_route=\/wp\/v2\/posts\/7561\/revisions"}],"predecessor-version":[{"id":7568,"href":"http:\/\/www.defensoria.gob.ve\/index.php?rest_route=\/wp\/v2\/posts\/7561\/revisions\/7568"}],"wp:featuredmedia":[{"embeddable":true,"href":"http:\/\/www.defensoria.gob.ve\/index.php?rest_route=\/wp\/v2\/media\/7564"}],"wp:attachment":[{"href":"http:\/\/www.defensoria.gob.ve\/index.php?rest_route=%2Fwp%2Fv2%2Fmedia&parent=7561"}],"wp:term":[{"taxonomy":"category","embeddable":true,"href":"http:\/\/www.defensoria.gob.ve\/index.php?rest_route=%2Fwp%2Fv2%2Fcategories&post=7561"},{"taxonomy":"post_tag","embeddable":true,"href":"http:\/\/www.defensoria.gob.ve\/index.php?rest_route=%2Fwp%2Fv2%2Ftags&post=7561"}],"curies":[{"name":"wp","href":"https:\/\/api.w.org\/{rel}","templated":true}]}}