 
{"id":7602,"date":"2024-09-23T10:48:21","date_gmt":"2024-09-23T14:48:21","guid":{"rendered":"http:\/\/www.defensoria.gob.ve\/?p=7602"},"modified":"2024-09-23T10:48:53","modified_gmt":"2024-09-23T14:48:53","slug":"delegada-de-miranda-realiza-acciones-en-pro-de-adultos-mayores-y-jornadas-moviles","status":"publish","type":"post","link":"http:\/\/www.defensoria.gob.ve\/?p=7602","title":{"rendered":"Delegada de Miranda realiza acciones en pro de Adultos Mayores y Jornadas M\u00f3viles"},"content":{"rendered":"\t\t<div data-elementor-type=\"wp-post\" data-elementor-id=\"7602\" class=\"elementor elementor-7602\">\n\t\t\t\t\t\t<section class=\"elementor-section elementor-top-section elementor-element elementor-element-f571c32 elementor-section-boxed elementor-section-height-default elementor-section-height-default\" data-id=\"f571c32\" data-element_type=\"section\" data-e-type=\"section\">\n\t\t\t\t\t\t<div class=\"elementor-container elementor-column-gap-default\">\n\t\t\t\t\t<div class=\"elementor-column elementor-col-100 elementor-top-column elementor-element elementor-element-1a57c3d3\" data-id=\"1a57c3d3\" data-element_type=\"column\" data-e-type=\"column\">\n\t\t\t<div class=\"elementor-widget-wrap elementor-element-populated\">\n\t\t\t\t\t\t<div class=\"elementor-element elementor-element-43eb4877 elementor-widget elementor-widget-text-editor\" data-id=\"43eb4877\" data-element_type=\"widget\" data-e-type=\"widget\" data-widget_type=\"text-editor.default\">\n\t\t\t\t<div class=\"elementor-widget-container\">\n\t\t\t\t\t\t\t\t\t\n<p><strong>(Miranda\/23-Sep-24)<\/strong> La Defensor\u00eda Delegada del estado Miranda, Subsede Charallave, realiz\u00f3 un conversatorio denominado \u201cDerechos Humanos a los Adultos y Adultas Mayores\u201d para los trabajadores y las trabajadoras de la Direcci\u00f3n Ejecutiva de la Magistratura (DEM) del Tribunal Supremo de Justicia (TSJ). <\/p>\n\n\n\n<p>La facilitadora de la actividad formativa fue la Defensora III, Ana Delgado, que explic\u00f3 todos los mecanismos inherentes y relacionados a los derechos de las Personas Adultas Mayores.  Dicho evento se llev\u00f3 a cabo en el Centro de Atenci\u00f3n Integral de la Fundaci\u00f3n para el Bienestar Social e Integral del Anciano de Miranda (FUNBISIAM) del municipio Crist\u00f3bal Rojas, en Charallave, la cual est\u00e1 adscrita a la Gobernaci\u00f3n de la entidad mirandina.  <\/p>\n\n\n<div class=\"wp-block-image\">\n<figure class=\"aligncenter size-full\"><img fetchpriority=\"high\" decoding=\"async\" width=\"773\" height=\"435\" src=\"http:\/\/www.defensoria.gob.ve\/wp-content\/uploads\/2024\/09\/Sin-titulo.png\" alt=\"\" class=\"wp-image-7604\" srcset=\"http:\/\/www.defensoria.gob.ve\/wp-content\/uploads\/2024\/09\/Sin-titulo.png 773w, http:\/\/www.defensoria.gob.ve\/wp-content\/uploads\/2024\/09\/Sin-titulo-300x169.png 300w, http:\/\/www.defensoria.gob.ve\/wp-content\/uploads\/2024\/09\/Sin-titulo-768x432.png 768w\" sizes=\"(max-width: 773px) 100vw, 773px\" \/><\/figure><\/div>\n\n\n<p>Por su parte, la Coordinadora del Centro, Lic. Karla Salazar, agradeci\u00f3 a la Defensor\u00eda del Pueblo la labor de difundir con estas actividades los derechos de los abuelos y abuelas, toda vez que fueron formados y formadas 50 personas adultas mayores. <\/p>\n\n\n\n<p><strong>Tribunal m\u00f3vil <\/strong><\/p>\n\n\n\n<p>Por su parte, La defensora adjunta de la Subsede Guatire, Dra. Indira Mill\u00e1n, y la Abog. Carmen Flores, Defensora I de la referida subsede defensorial, participaron en una Jornada de Tribunal M\u00f3vil en la Plaza Bol\u00edvar de Caucagua, municipio Acevedo, donde se brind\u00f3 orientaci\u00f3n en derechos humanos y materias varias. <\/p>\n\n\n\n<p>Durante la jornada participaron representantes del Tribunal Supremo de Justicia, la Defensa P\u00fablica, Gobernaci\u00f3n de Miranda y el ente defensorial, prestando sus servicios totalmente gratuitos, atendiendo a la poblaci\u00f3n barlovente\u00f1a. <\/p>\n\n\n<div class=\"wp-block-image\">\n<figure class=\"aligncenter size-full\"><img decoding=\"async\" width=\"432\" height=\"542\" src=\"http:\/\/www.defensoria.gob.ve\/wp-content\/uploads\/2024\/09\/FDSF.png\" alt=\"\" class=\"wp-image-7605\" srcset=\"http:\/\/www.defensoria.gob.ve\/wp-content\/uploads\/2024\/09\/FDSF.png 432w, http:\/\/www.defensoria.gob.ve\/wp-content\/uploads\/2024\/09\/FDSF-239x300.png 239w\" sizes=\"(max-width: 432px) 100vw, 432px\" \/><\/figure><\/div>\n\n\n<p>De igual manera, como parte de nuestra labor de promoci\u00f3n, se hizo entrega de material divulgativo, con la entrega de folletos, d\u00edpticos y tr\u00edpticos, sobre derechos humanos, competencias de la Defensor\u00eda del Pueblo, derechos de las mujeres a una vida libre de violencia y derechos de ni\u00f1os, ni\u00f1as y adolescentes. <strong>FIN \/ PRENSA Defensor\u00eda<\/strong><\/p>\n\t\t\t\t\t\t\t\t<\/div>\n\t\t\t\t<\/div>\n\t\t\t\t\t<\/div>\n\t\t<\/div>\n\t\t\t\t\t<\/div>\n\t\t<\/section>\n\t\t\t\t<\/div>\n\t\t","protected":false},"excerpt":{"rendered":"<p>(Miranda\/23-Sep-24) La Defensor\u00eda Delegada del estado Miranda, Subsede Charallave, realiz\u00f3 un conversatorio denominado \u201cDerechos Humanos a los Adultos y Adultas Mayores\u201d para los trabajadores y las trabajadoras de la Direcci\u00f3n&hellip; <\/p>\n","protected":false},"author":5,"featured_media":7603,"comment_status":"closed","ping_status":"closed","sticky":false,"template":"","format":"standard","meta":{"footnotes":""},"categories":[5],"tags":[],"class_list":["post-7602","post","type-post","status-publish","format-standard","has-post-thumbnail","hentry","category-regionales"],"yoast_head":"<!-- This site is optimized with the Yoast SEO plugin v27.4 - https:\/\/yoast.com\/product\/yoast-seo-wordpress\/ -->\n<title>Delegada de Miranda realiza acciones en pro de Adultos Mayores y Jornadas M\u00f3viles -<\/title>\n<meta name=\"robots\" content=\"index, follow, max-snippet:-1, max-image-preview:large, max-video-preview:-1\" \/>\n<link rel=\"canonical\" href=\"http:\/\/www.defensoria.gob.ve\/?p=7602\" \/>\n<meta property=\"og:locale\" content=\"es_ES\" \/>\n<meta property=\"og:type\" content=\"article\" \/>\n<meta property=\"og:title\" content=\"Delegada de Miranda realiza acciones en pro de Adultos Mayores y Jornadas M\u00f3viles -\" \/>\n<meta property=\"og:description\" content=\"(Miranda\/23-Sep-24) La Defensor\u00eda Delegada del estado Miranda, Subsede Charallave, realiz\u00f3 un conversatorio denominado \u201cDerechos Humanos a los Adultos y Adultas Mayores\u201d para los trabajadores y las trabajadoras de la Direcci\u00f3n&hellip;\" \/>\n<meta property=\"og:url\" content=\"http:\/\/www.defensoria.gob.ve\/?p=7602\" \/>\n<meta property=\"article:published_time\" content=\"2024-09-23T14:48:21+00:00\" \/>\n<meta property=\"article:modified_time\" content=\"2024-09-23T14:48:53+00:00\" \/>\n<meta property=\"og:image\" content=\"http:\/\/www.defensoria.gob.ve\/wp-content\/uploads\/2024\/09\/DWSQD.png\" \/>\n\t<meta property=\"og:image:width\" content=\"640\" \/>\n\t<meta property=\"og:image:height\" content=\"564\" \/>\n\t<meta property=\"og:image:type\" content=\"image\/png\" \/>\n<meta name=\"author\" content=\"JC.\" \/>\n<meta name=\"twitter:card\" content=\"summary_large_image\" \/>\n<meta name=\"twitter:label1\" content=\"Escrito por\" \/>\n\t<meta name=\"twitter:data1\" content=\"JC.\" \/>\n\t<meta name=\"twitter:label2\" content=\"Tiempo estimado de lectura\" \/>\n\t<meta name=\"twitter:data2\" content=\"2 minutos\" \/>\n<script type=\"application\/ld+json\" class=\"yoast-schema-graph\">{\"@context\":\"https:\\\/\\\/schema.org\",\"@graph\":[{\"@type\":\"Article\",\"@id\":\"http:\\\/\\\/www.defensoria.gob.ve\\\/?p=7602#article\",\"isPartOf\":{\"@id\":\"http:\\\/\\\/www.defensoria.gob.ve\\\/?p=7602\"},\"author\":{\"name\":\"JC.\",\"@id\":\"http:\\\/\\\/www.defensoria.gob.ve\\\/#\\\/schema\\\/person\\\/fba14293189d7b1933ac7fba9d89e24a\"},\"headline\":\"Delegada de Miranda realiza acciones en pro de Adultos Mayores y Jornadas M\u00f3viles\",\"datePublished\":\"2024-09-23T14:48:21+00:00\",\"dateModified\":\"2024-09-23T14:48:53+00:00\",\"mainEntityOfPage\":{\"@id\":\"http:\\\/\\\/www.defensoria.gob.ve\\\/?p=7602\"},\"wordCount\":325,\"image\":{\"@id\":\"http:\\\/\\\/www.defensoria.gob.ve\\\/?p=7602#primaryimage\"},\"thumbnailUrl\":\"http:\\\/\\\/www.defensoria.gob.ve\\\/wp-content\\\/uploads\\\/2024\\\/09\\\/DWSQD.png\",\"articleSection\":[\"REGIONALES\"],\"inLanguage\":\"es\"},{\"@type\":\"WebPage\",\"@id\":\"http:\\\/\\\/www.defensoria.gob.ve\\\/?p=7602\",\"url\":\"http:\\\/\\\/www.defensoria.gob.ve\\\/?p=7602\",\"name\":\"Delegada de Miranda realiza acciones en pro de Adultos Mayores y Jornadas M\u00f3viles -\",\"isPartOf\":{\"@id\":\"http:\\\/\\\/www.defensoria.gob.ve\\\/#website\"},\"primaryImageOfPage\":{\"@id\":\"http:\\\/\\\/www.defensoria.gob.ve\\\/?p=7602#primaryimage\"},\"image\":{\"@id\":\"http:\\\/\\\/www.defensoria.gob.ve\\\/?p=7602#primaryimage\"},\"thumbnailUrl\":\"http:\\\/\\\/www.defensoria.gob.ve\\\/wp-content\\\/uploads\\\/2024\\\/09\\\/DWSQD.png\",\"datePublished\":\"2024-09-23T14:48:21+00:00\",\"dateModified\":\"2024-09-23T14:48:53+00:00\",\"author\":{\"@id\":\"http:\\\/\\\/www.defensoria.gob.ve\\\/#\\\/schema\\\/person\\\/fba14293189d7b1933ac7fba9d89e24a\"},\"breadcrumb\":{\"@id\":\"http:\\\/\\\/www.defensoria.gob.ve\\\/?p=7602#breadcrumb\"},\"inLanguage\":\"es\",\"potentialAction\":[{\"@type\":\"ReadAction\",\"target\":[\"http:\\\/\\\/www.defensoria.gob.ve\\\/?p=7602\"]}]},{\"@type\":\"ImageObject\",\"inLanguage\":\"es\",\"@id\":\"http:\\\/\\\/www.defensoria.gob.ve\\\/?p=7602#primaryimage\",\"url\":\"http:\\\/\\\/www.defensoria.gob.ve\\\/wp-content\\\/uploads\\\/2024\\\/09\\\/DWSQD.png\",\"contentUrl\":\"http:\\\/\\\/www.defensoria.gob.ve\\\/wp-content\\\/uploads\\\/2024\\\/09\\\/DWSQD.png\",\"width\":640,\"height\":564},{\"@type\":\"BreadcrumbList\",\"@id\":\"http:\\\/\\\/www.defensoria.gob.ve\\\/?p=7602#breadcrumb\",\"itemListElement\":[{\"@type\":\"ListItem\",\"position\":1,\"name\":\"Portada\",\"item\":\"http:\\\/\\\/www.defensoria.gob.ve\\\/\"},{\"@type\":\"ListItem\",\"position\":2,\"name\":\"Delegada de Miranda realiza acciones en pro de Adultos Mayores y Jornadas M\u00f3viles\"}]},{\"@type\":\"WebSite\",\"@id\":\"http:\\\/\\\/www.defensoria.gob.ve\\\/#website\",\"url\":\"http:\\\/\\\/www.defensoria.gob.ve\\\/\",\"name\":\"\",\"description\":\"Instituci\u00f3n del Poder Ciudadano para la Promoci\u00f3n, Defensa y Vigilancia de los Derechos Humanos. \",\"potentialAction\":[{\"@type\":\"SearchAction\",\"target\":{\"@type\":\"EntryPoint\",\"urlTemplate\":\"http:\\\/\\\/www.defensoria.gob.ve\\\/?s={search_term_string}\"},\"query-input\":{\"@type\":\"PropertyValueSpecification\",\"valueRequired\":true,\"valueName\":\"search_term_string\"}}],\"inLanguage\":\"es\"},{\"@type\":\"Person\",\"@id\":\"http:\\\/\\\/www.defensoria.gob.ve\\\/#\\\/schema\\\/person\\\/fba14293189d7b1933ac7fba9d89e24a\",\"name\":\"JC.\",\"image\":{\"@type\":\"ImageObject\",\"inLanguage\":\"es\",\"@id\":\"https:\\\/\\\/secure.gravatar.com\\\/avatar\\\/f398a4de948606b38f0299d90ca738c674b648694bc725ed46503c240269dbf8?s=96&d=mm&r=g\",\"url\":\"https:\\\/\\\/secure.gravatar.com\\\/avatar\\\/f398a4de948606b38f0299d90ca738c674b648694bc725ed46503c240269dbf8?s=96&d=mm&r=g\",\"contentUrl\":\"https:\\\/\\\/secure.gravatar.com\\\/avatar\\\/f398a4de948606b38f0299d90ca738c674b648694bc725ed46503c240269dbf8?s=96&d=mm&r=g\",\"caption\":\"JC.\"},\"url\":\"http:\\\/\\\/www.defensoria.gob.ve\\\/?author=5\"}]}<\/script>\n<!-- \/ Yoast SEO plugin. -->","yoast_head_json":{"title":"Delegada de Miranda realiza acciones en pro de Adultos Mayores y Jornadas M\u00f3viles -","robots":{"index":"index","follow":"follow","max-snippet":"max-snippet:-1","max-image-preview":"max-image-preview:large","max-video-preview":"max-video-preview:-1"},"canonical":"http:\/\/www.defensoria.gob.ve\/?p=7602","og_locale":"es_ES","og_type":"article","og_title":"Delegada de Miranda realiza acciones en pro de Adultos Mayores y Jornadas M\u00f3viles -","og_description":"(Miranda\/23-Sep-24) La Defensor\u00eda Delegada del estado Miranda, Subsede Charallave, realiz\u00f3 un conversatorio denominado \u201cDerechos Humanos a los Adultos y Adultas Mayores\u201d para los trabajadores y las trabajadoras de la Direcci\u00f3n&hellip;","og_url":"http:\/\/www.defensoria.gob.ve\/?p=7602","article_published_time":"2024-09-23T14:48:21+00:00","article_modified_time":"2024-09-23T14:48:53+00:00","og_image":[{"width":640,"height":564,"url":"http:\/\/www.defensoria.gob.ve\/wp-content\/uploads\/2024\/09\/DWSQD.png","type":"image\/png"}],"author":"JC.","twitter_card":"summary_large_image","twitter_misc":{"Escrito por":"JC.","Tiempo estimado de lectura":"2 minutos"},"schema":{"@context":"https:\/\/schema.org","@graph":[{"@type":"Article","@id":"http:\/\/www.defensoria.gob.ve\/?p=7602#article","isPartOf":{"@id":"http:\/\/www.defensoria.gob.ve\/?p=7602"},"author":{"name":"JC.","@id":"http:\/\/www.defensoria.gob.ve\/#\/schema\/person\/fba14293189d7b1933ac7fba9d89e24a"},"headline":"Delegada de Miranda realiza acciones en pro de Adultos Mayores y Jornadas M\u00f3viles","datePublished":"2024-09-23T14:48:21+00:00","dateModified":"2024-09-23T14:48:53+00:00","mainEntityOfPage":{"@id":"http:\/\/www.defensoria.gob.ve\/?p=7602"},"wordCount":325,"image":{"@id":"http:\/\/www.defensoria.gob.ve\/?p=7602#primaryimage"},"thumbnailUrl":"http:\/\/www.defensoria.gob.ve\/wp-content\/uploads\/2024\/09\/DWSQD.png","articleSection":["REGIONALES"],"inLanguage":"es"},{"@type":"WebPage","@id":"http:\/\/www.defensoria.gob.ve\/?p=7602","url":"http:\/\/www.defensoria.gob.ve\/?p=7602","name":"Delegada de Miranda realiza acciones en pro de Adultos Mayores y Jornadas M\u00f3viles -","isPartOf":{"@id":"http:\/\/www.defensoria.gob.ve\/#website"},"primaryImageOfPage":{"@id":"http:\/\/www.defensoria.gob.ve\/?p=7602#primaryimage"},"image":{"@id":"http:\/\/www.defensoria.gob.ve\/?p=7602#primaryimage"},"thumbnailUrl":"http:\/\/www.defensoria.gob.ve\/wp-content\/uploads\/2024\/09\/DWSQD.png","datePublished":"2024-09-23T14:48:21+00:00","dateModified":"2024-09-23T14:48:53+00:00","author":{"@id":"http:\/\/www.defensoria.gob.ve\/#\/schema\/person\/fba14293189d7b1933ac7fba9d89e24a"},"breadcrumb":{"@id":"http:\/\/www.defensoria.gob.ve\/?p=7602#breadcrumb"},"inLanguage":"es","potentialAction":[{"@type":"ReadAction","target":["http:\/\/www.defensoria.gob.ve\/?p=7602"]}]},{"@type":"ImageObject","inLanguage":"es","@id":"http:\/\/www.defensoria.gob.ve\/?p=7602#primaryimage","url":"http:\/\/www.defensoria.gob.ve\/wp-content\/uploads\/2024\/09\/DWSQD.png","contentUrl":"http:\/\/www.defensoria.gob.ve\/wp-content\/uploads\/2024\/09\/DWSQD.png","width":640,"height":564},{"@type":"BreadcrumbList","@id":"http:\/\/www.defensoria.gob.ve\/?p=7602#breadcrumb","itemListElement":[{"@type":"ListItem","position":1,"name":"Portada","item":"http:\/\/www.defensoria.gob.ve\/"},{"@type":"ListItem","position":2,"name":"Delegada de Miranda realiza acciones en pro de Adultos Mayores y Jornadas M\u00f3viles"}]},{"@type":"WebSite","@id":"http:\/\/www.defensoria.gob.ve\/#website","url":"http:\/\/www.defensoria.gob.ve\/","name":"","description":"Instituci\u00f3n del Poder Ciudadano para la Promoci\u00f3n, Defensa y Vigilancia de los Derechos Humanos. ","potentialAction":[{"@type":"SearchAction","target":{"@type":"EntryPoint","urlTemplate":"http:\/\/www.defensoria.gob.ve\/?s={search_term_string}"},"query-input":{"@type":"PropertyValueSpecification","valueRequired":true,"valueName":"search_term_string"}}],"inLanguage":"es"},{"@type":"Person","@id":"http:\/\/www.defensoria.gob.ve\/#\/schema\/person\/fba14293189d7b1933ac7fba9d89e24a","name":"JC.","image":{"@type":"ImageObject","inLanguage":"es","@id":"https:\/\/secure.gravatar.com\/avatar\/f398a4de948606b38f0299d90ca738c674b648694bc725ed46503c240269dbf8?s=96&d=mm&r=g","url":"https:\/\/secure.gravatar.com\/avatar\/f398a4de948606b38f0299d90ca738c674b648694bc725ed46503c240269dbf8?s=96&d=mm&r=g","contentUrl":"https:\/\/secure.gravatar.com\/avatar\/f398a4de948606b38f0299d90ca738c674b648694bc725ed46503c240269dbf8?s=96&d=mm&r=g","caption":"JC."},"url":"http:\/\/www.defensoria.gob.ve\/?author=5"}]}},"_links":{"self":[{"href":"http:\/\/www.defensoria.gob.ve\/index.php?rest_route=\/wp\/v2\/posts\/7602","targetHints":{"allow":["GET"]}}],"collection":[{"href":"http:\/\/www.defensoria.gob.ve\/index.php?rest_route=\/wp\/v2\/posts"}],"about":[{"href":"http:\/\/www.defensoria.gob.ve\/index.php?rest_route=\/wp\/v2\/types\/post"}],"author":[{"embeddable":true,"href":"http:\/\/www.defensoria.gob.ve\/index.php?rest_route=\/wp\/v2\/users\/5"}],"replies":[{"embeddable":true,"href":"http:\/\/www.defensoria.gob.ve\/index.php?rest_route=%2Fwp%2Fv2%2Fcomments&post=7602"}],"version-history":[{"count":4,"href":"http:\/\/www.defensoria.gob.ve\/index.php?rest_route=\/wp\/v2\/posts\/7602\/revisions"}],"predecessor-version":[{"id":7609,"href":"http:\/\/www.defensoria.gob.ve\/index.php?rest_route=\/wp\/v2\/posts\/7602\/revisions\/7609"}],"wp:featuredmedia":[{"embeddable":true,"href":"http:\/\/www.defensoria.gob.ve\/index.php?rest_route=\/wp\/v2\/media\/7603"}],"wp:attachment":[{"href":"http:\/\/www.defensoria.gob.ve\/index.php?rest_route=%2Fwp%2Fv2%2Fmedia&parent=7602"}],"wp:term":[{"taxonomy":"category","embeddable":true,"href":"http:\/\/www.defensoria.gob.ve\/index.php?rest_route=%2Fwp%2Fv2%2Fcategories&post=7602"},{"taxonomy":"post_tag","embeddable":true,"href":"http:\/\/www.defensoria.gob.ve\/index.php?rest_route=%2Fwp%2Fv2%2Ftags&post=7602"}],"curies":[{"name":"wp","href":"https:\/\/api.w.org\/{rel}","templated":true}]}}