 
{"id":7610,"date":"2024-09-23T10:51:14","date_gmt":"2024-09-23T14:51:14","guid":{"rendered":"http:\/\/www.defensoria.gob.ve\/?p=7610"},"modified":"2024-09-23T10:53:01","modified_gmt":"2024-09-23T14:53:01","slug":"7610","status":"publish","type":"post","link":"http:\/\/www.defensoria.gob.ve\/?p=7610","title":{"rendered":"Defensor\u00eda del Pueblo orienta a personas sobre DD.HH. durante XV Feria del Libro de Caracas"},"content":{"rendered":"\t\t<div data-elementor-type=\"wp-post\" data-elementor-id=\"7610\" class=\"elementor elementor-7610\">\n\t\t\t\t\t\t<section class=\"elementor-section elementor-top-section elementor-element elementor-element-5c62f647 elementor-section-boxed elementor-section-height-default elementor-section-height-default\" data-id=\"5c62f647\" data-element_type=\"section\" data-e-type=\"section\">\n\t\t\t\t\t\t<div class=\"elementor-container elementor-column-gap-default\">\n\t\t\t\t\t<div class=\"elementor-column elementor-col-100 elementor-top-column elementor-element elementor-element-3238d942\" data-id=\"3238d942\" data-element_type=\"column\" data-e-type=\"column\">\n\t\t\t<div class=\"elementor-widget-wrap elementor-element-populated\">\n\t\t\t\t\t\t<div class=\"elementor-element elementor-element-4c5d473e elementor-widget elementor-widget-text-editor\" data-id=\"4c5d473e\" data-element_type=\"widget\" data-e-type=\"widget\" data-widget_type=\"text-editor.default\">\n\t\t\t\t<div class=\"elementor-widget-container\">\n\t\t\t\t\t\t\t\t\t\n<p><strong>(21-Sep-2024)<\/strong> Bajo el lema \u201cLeemos para ser felices\u201d, se inaugur\u00f3 este s\u00e1bado 21 de septiembre en el D\u00eda Internacional de la Paz, la XV Feria del Libro de Caracas, y la Defensor\u00eda del Pueblo est\u00e1 nuevamente presente en esta exposici\u00f3n que re\u00fane a 72 editoriales. <\/p>\n\n\n\n<p>La feria estar\u00e1 abierta al p\u00fablico durante los pr\u00f3ximos nueve d\u00edas en los espacios de la Galer\u00eda de Arte Nacional y la Plaza La Juventud en Bellas Artes de la capital venezolana, donde tambi\u00e9n se est\u00e1 presentando la exposici\u00f3n El mundo seg\u00fan Mafalda\u201d. <\/p>\n\n\n\n<p>Adem\u00e1s de una carpa infantil donde aguardan muchas actividades y sorpresas para los ni\u00f1os y ni\u00f1as que visiten el recinto. <\/p>\n\n\n\n<p>En esta oportunidad la Defensor\u00eda del Pueblo, durante los nueve d\u00edas de exposici\u00f3n, adem\u00e1s de exhibir sus obras y hacer entrega de material divulgativo referente a los DD.HH. tambi\u00e9n estar\u00e1 ofreciendo orientaci\u00f3n y atendiendo denuncias de presunta vulneraci\u00f3n a los derechos humanos, a trav\u00e9s de un grupo de abogados que diariamente estar\u00e1n presentes en el stand acondicionado para tal finalidad, y de esta manera estar m\u00e1s cerca de la poblaci\u00f3n atendiendo sus demandas en materia de derechos. <strong>FIN PRENSA Defensor\u00eda<\/strong><\/p>\n\t\t\t\t\t\t\t\t<\/div>\n\t\t\t\t<\/div>\n\t\t\t\t\t<\/div>\n\t\t<\/div>\n\t\t\t\t\t<\/div>\n\t\t<\/section>\n\t\t\t\t<\/div>\n\t\t","protected":false},"excerpt":{"rendered":"<p>(21-Sep-2024) Bajo el lema \u201cLeemos para ser felices\u201d, se inaugur\u00f3 este s\u00e1bado 21 de septiembre en el D\u00eda Internacional de la Paz, la XV Feria del Libro de Caracas, y&hellip; <\/p>\n","protected":false},"author":5,"featured_media":7611,"comment_status":"closed","ping_status":"closed","sticky":false,"template":"","format":"standard","meta":{"footnotes":""},"categories":[3],"tags":[],"class_list":["post-7610","post","type-post","status-publish","format-standard","has-post-thumbnail","hentry","category-centrales"],"yoast_head":"<!-- This site is optimized with the Yoast SEO plugin v27.4 - https:\/\/yoast.com\/product\/yoast-seo-wordpress\/ -->\n<title>Defensor\u00eda del Pueblo orienta a personas sobre DD.HH. durante XV Feria del Libro de Caracas -<\/title>\n<meta name=\"robots\" content=\"index, follow, max-snippet:-1, max-image-preview:large, max-video-preview:-1\" \/>\n<link rel=\"canonical\" href=\"http:\/\/www.defensoria.gob.ve\/?p=7610\" \/>\n<meta property=\"og:locale\" content=\"es_ES\" \/>\n<meta property=\"og:type\" content=\"article\" \/>\n<meta property=\"og:title\" content=\"Defensor\u00eda del Pueblo orienta a personas sobre DD.HH. durante XV Feria del Libro de Caracas -\" \/>\n<meta property=\"og:description\" content=\"(21-Sep-2024) Bajo el lema \u201cLeemos para ser felices\u201d, se inaugur\u00f3 este s\u00e1bado 21 de septiembre en el D\u00eda Internacional de la Paz, la XV Feria del Libro de Caracas, y&hellip;\" \/>\n<meta property=\"og:url\" content=\"http:\/\/www.defensoria.gob.ve\/?p=7610\" \/>\n<meta property=\"article:published_time\" content=\"2024-09-23T14:51:14+00:00\" \/>\n<meta property=\"article:modified_time\" content=\"2024-09-23T14:53:01+00:00\" \/>\n<meta property=\"og:image\" content=\"http:\/\/www.defensoria.gob.ve\/wp-content\/uploads\/2024\/09\/32a9193e-6fe3-4cb8-aaac-a85a73b53208.jpg\" \/>\n\t<meta property=\"og:image:width\" content=\"1080\" \/>\n\t<meta property=\"og:image:height\" content=\"810\" \/>\n\t<meta property=\"og:image:type\" content=\"image\/jpeg\" \/>\n<meta name=\"author\" content=\"JC.\" \/>\n<meta name=\"twitter:card\" content=\"summary_large_image\" \/>\n<meta name=\"twitter:label1\" content=\"Escrito por\" \/>\n\t<meta name=\"twitter:data1\" content=\"JC.\" \/>\n\t<meta name=\"twitter:label2\" content=\"Tiempo estimado de lectura\" \/>\n\t<meta name=\"twitter:data2\" content=\"2 minutos\" \/>\n<script type=\"application\/ld+json\" class=\"yoast-schema-graph\">{\"@context\":\"https:\\\/\\\/schema.org\",\"@graph\":[{\"@type\":\"Article\",\"@id\":\"http:\\\/\\\/www.defensoria.gob.ve\\\/?p=7610#article\",\"isPartOf\":{\"@id\":\"http:\\\/\\\/www.defensoria.gob.ve\\\/?p=7610\"},\"author\":{\"name\":\"JC.\",\"@id\":\"http:\\\/\\\/www.defensoria.gob.ve\\\/#\\\/schema\\\/person\\\/fba14293189d7b1933ac7fba9d89e24a\"},\"headline\":\"Defensor\u00eda del Pueblo orienta a personas sobre DD.HH. durante XV Feria del Libro de Caracas\",\"datePublished\":\"2024-09-23T14:51:14+00:00\",\"dateModified\":\"2024-09-23T14:53:01+00:00\",\"mainEntityOfPage\":{\"@id\":\"http:\\\/\\\/www.defensoria.gob.ve\\\/?p=7610\"},\"wordCount\":231,\"image\":{\"@id\":\"http:\\\/\\\/www.defensoria.gob.ve\\\/?p=7610#primaryimage\"},\"thumbnailUrl\":\"http:\\\/\\\/www.defensoria.gob.ve\\\/wp-content\\\/uploads\\\/2024\\\/09\\\/32a9193e-6fe3-4cb8-aaac-a85a73b53208.jpg\",\"articleSection\":[\"CENTRALES\"],\"inLanguage\":\"es\"},{\"@type\":\"WebPage\",\"@id\":\"http:\\\/\\\/www.defensoria.gob.ve\\\/?p=7610\",\"url\":\"http:\\\/\\\/www.defensoria.gob.ve\\\/?p=7610\",\"name\":\"Defensor\u00eda del Pueblo orienta a personas sobre DD.HH. durante XV Feria del Libro de Caracas -\",\"isPartOf\":{\"@id\":\"http:\\\/\\\/www.defensoria.gob.ve\\\/#website\"},\"primaryImageOfPage\":{\"@id\":\"http:\\\/\\\/www.defensoria.gob.ve\\\/?p=7610#primaryimage\"},\"image\":{\"@id\":\"http:\\\/\\\/www.defensoria.gob.ve\\\/?p=7610#primaryimage\"},\"thumbnailUrl\":\"http:\\\/\\\/www.defensoria.gob.ve\\\/wp-content\\\/uploads\\\/2024\\\/09\\\/32a9193e-6fe3-4cb8-aaac-a85a73b53208.jpg\",\"datePublished\":\"2024-09-23T14:51:14+00:00\",\"dateModified\":\"2024-09-23T14:53:01+00:00\",\"author\":{\"@id\":\"http:\\\/\\\/www.defensoria.gob.ve\\\/#\\\/schema\\\/person\\\/fba14293189d7b1933ac7fba9d89e24a\"},\"breadcrumb\":{\"@id\":\"http:\\\/\\\/www.defensoria.gob.ve\\\/?p=7610#breadcrumb\"},\"inLanguage\":\"es\",\"potentialAction\":[{\"@type\":\"ReadAction\",\"target\":[\"http:\\\/\\\/www.defensoria.gob.ve\\\/?p=7610\"]}]},{\"@type\":\"ImageObject\",\"inLanguage\":\"es\",\"@id\":\"http:\\\/\\\/www.defensoria.gob.ve\\\/?p=7610#primaryimage\",\"url\":\"http:\\\/\\\/www.defensoria.gob.ve\\\/wp-content\\\/uploads\\\/2024\\\/09\\\/32a9193e-6fe3-4cb8-aaac-a85a73b53208.jpg\",\"contentUrl\":\"http:\\\/\\\/www.defensoria.gob.ve\\\/wp-content\\\/uploads\\\/2024\\\/09\\\/32a9193e-6fe3-4cb8-aaac-a85a73b53208.jpg\",\"width\":1080,\"height\":810},{\"@type\":\"BreadcrumbList\",\"@id\":\"http:\\\/\\\/www.defensoria.gob.ve\\\/?p=7610#breadcrumb\",\"itemListElement\":[{\"@type\":\"ListItem\",\"position\":1,\"name\":\"Portada\",\"item\":\"http:\\\/\\\/www.defensoria.gob.ve\\\/\"},{\"@type\":\"ListItem\",\"position\":2,\"name\":\"Defensor\u00eda del Pueblo orienta a personas sobre DD.HH. durante XV Feria del Libro de Caracas\"}]},{\"@type\":\"WebSite\",\"@id\":\"http:\\\/\\\/www.defensoria.gob.ve\\\/#website\",\"url\":\"http:\\\/\\\/www.defensoria.gob.ve\\\/\",\"name\":\"\",\"description\":\"Instituci\u00f3n del Poder Ciudadano para la Promoci\u00f3n, Defensa y Vigilancia de los Derechos Humanos. \",\"potentialAction\":[{\"@type\":\"SearchAction\",\"target\":{\"@type\":\"EntryPoint\",\"urlTemplate\":\"http:\\\/\\\/www.defensoria.gob.ve\\\/?s={search_term_string}\"},\"query-input\":{\"@type\":\"PropertyValueSpecification\",\"valueRequired\":true,\"valueName\":\"search_term_string\"}}],\"inLanguage\":\"es\"},{\"@type\":\"Person\",\"@id\":\"http:\\\/\\\/www.defensoria.gob.ve\\\/#\\\/schema\\\/person\\\/fba14293189d7b1933ac7fba9d89e24a\",\"name\":\"JC.\",\"image\":{\"@type\":\"ImageObject\",\"inLanguage\":\"es\",\"@id\":\"https:\\\/\\\/secure.gravatar.com\\\/avatar\\\/f398a4de948606b38f0299d90ca738c674b648694bc725ed46503c240269dbf8?s=96&d=mm&r=g\",\"url\":\"https:\\\/\\\/secure.gravatar.com\\\/avatar\\\/f398a4de948606b38f0299d90ca738c674b648694bc725ed46503c240269dbf8?s=96&d=mm&r=g\",\"contentUrl\":\"https:\\\/\\\/secure.gravatar.com\\\/avatar\\\/f398a4de948606b38f0299d90ca738c674b648694bc725ed46503c240269dbf8?s=96&d=mm&r=g\",\"caption\":\"JC.\"},\"url\":\"http:\\\/\\\/www.defensoria.gob.ve\\\/?author=5\"}]}<\/script>\n<!-- \/ Yoast SEO plugin. -->","yoast_head_json":{"title":"Defensor\u00eda del Pueblo orienta a personas sobre DD.HH. durante XV Feria del Libro de Caracas -","robots":{"index":"index","follow":"follow","max-snippet":"max-snippet:-1","max-image-preview":"max-image-preview:large","max-video-preview":"max-video-preview:-1"},"canonical":"http:\/\/www.defensoria.gob.ve\/?p=7610","og_locale":"es_ES","og_type":"article","og_title":"Defensor\u00eda del Pueblo orienta a personas sobre DD.HH. durante XV Feria del Libro de Caracas -","og_description":"(21-Sep-2024) Bajo el lema \u201cLeemos para ser felices\u201d, se inaugur\u00f3 este s\u00e1bado 21 de septiembre en el D\u00eda Internacional de la Paz, la XV Feria del Libro de Caracas, y&hellip;","og_url":"http:\/\/www.defensoria.gob.ve\/?p=7610","article_published_time":"2024-09-23T14:51:14+00:00","article_modified_time":"2024-09-23T14:53:01+00:00","og_image":[{"width":1080,"height":810,"url":"http:\/\/www.defensoria.gob.ve\/wp-content\/uploads\/2024\/09\/32a9193e-6fe3-4cb8-aaac-a85a73b53208.jpg","type":"image\/jpeg"}],"author":"JC.","twitter_card":"summary_large_image","twitter_misc":{"Escrito por":"JC.","Tiempo estimado de lectura":"2 minutos"},"schema":{"@context":"https:\/\/schema.org","@graph":[{"@type":"Article","@id":"http:\/\/www.defensoria.gob.ve\/?p=7610#article","isPartOf":{"@id":"http:\/\/www.defensoria.gob.ve\/?p=7610"},"author":{"name":"JC.","@id":"http:\/\/www.defensoria.gob.ve\/#\/schema\/person\/fba14293189d7b1933ac7fba9d89e24a"},"headline":"Defensor\u00eda del Pueblo orienta a personas sobre DD.HH. durante XV Feria del Libro de Caracas","datePublished":"2024-09-23T14:51:14+00:00","dateModified":"2024-09-23T14:53:01+00:00","mainEntityOfPage":{"@id":"http:\/\/www.defensoria.gob.ve\/?p=7610"},"wordCount":231,"image":{"@id":"http:\/\/www.defensoria.gob.ve\/?p=7610#primaryimage"},"thumbnailUrl":"http:\/\/www.defensoria.gob.ve\/wp-content\/uploads\/2024\/09\/32a9193e-6fe3-4cb8-aaac-a85a73b53208.jpg","articleSection":["CENTRALES"],"inLanguage":"es"},{"@type":"WebPage","@id":"http:\/\/www.defensoria.gob.ve\/?p=7610","url":"http:\/\/www.defensoria.gob.ve\/?p=7610","name":"Defensor\u00eda del Pueblo orienta a personas sobre DD.HH. durante XV Feria del Libro de Caracas -","isPartOf":{"@id":"http:\/\/www.defensoria.gob.ve\/#website"},"primaryImageOfPage":{"@id":"http:\/\/www.defensoria.gob.ve\/?p=7610#primaryimage"},"image":{"@id":"http:\/\/www.defensoria.gob.ve\/?p=7610#primaryimage"},"thumbnailUrl":"http:\/\/www.defensoria.gob.ve\/wp-content\/uploads\/2024\/09\/32a9193e-6fe3-4cb8-aaac-a85a73b53208.jpg","datePublished":"2024-09-23T14:51:14+00:00","dateModified":"2024-09-23T14:53:01+00:00","author":{"@id":"http:\/\/www.defensoria.gob.ve\/#\/schema\/person\/fba14293189d7b1933ac7fba9d89e24a"},"breadcrumb":{"@id":"http:\/\/www.defensoria.gob.ve\/?p=7610#breadcrumb"},"inLanguage":"es","potentialAction":[{"@type":"ReadAction","target":["http:\/\/www.defensoria.gob.ve\/?p=7610"]}]},{"@type":"ImageObject","inLanguage":"es","@id":"http:\/\/www.defensoria.gob.ve\/?p=7610#primaryimage","url":"http:\/\/www.defensoria.gob.ve\/wp-content\/uploads\/2024\/09\/32a9193e-6fe3-4cb8-aaac-a85a73b53208.jpg","contentUrl":"http:\/\/www.defensoria.gob.ve\/wp-content\/uploads\/2024\/09\/32a9193e-6fe3-4cb8-aaac-a85a73b53208.jpg","width":1080,"height":810},{"@type":"BreadcrumbList","@id":"http:\/\/www.defensoria.gob.ve\/?p=7610#breadcrumb","itemListElement":[{"@type":"ListItem","position":1,"name":"Portada","item":"http:\/\/www.defensoria.gob.ve\/"},{"@type":"ListItem","position":2,"name":"Defensor\u00eda del Pueblo orienta a personas sobre DD.HH. durante XV Feria del Libro de Caracas"}]},{"@type":"WebSite","@id":"http:\/\/www.defensoria.gob.ve\/#website","url":"http:\/\/www.defensoria.gob.ve\/","name":"","description":"Instituci\u00f3n del Poder Ciudadano para la Promoci\u00f3n, Defensa y Vigilancia de los Derechos Humanos. ","potentialAction":[{"@type":"SearchAction","target":{"@type":"EntryPoint","urlTemplate":"http:\/\/www.defensoria.gob.ve\/?s={search_term_string}"},"query-input":{"@type":"PropertyValueSpecification","valueRequired":true,"valueName":"search_term_string"}}],"inLanguage":"es"},{"@type":"Person","@id":"http:\/\/www.defensoria.gob.ve\/#\/schema\/person\/fba14293189d7b1933ac7fba9d89e24a","name":"JC.","image":{"@type":"ImageObject","inLanguage":"es","@id":"https:\/\/secure.gravatar.com\/avatar\/f398a4de948606b38f0299d90ca738c674b648694bc725ed46503c240269dbf8?s=96&d=mm&r=g","url":"https:\/\/secure.gravatar.com\/avatar\/f398a4de948606b38f0299d90ca738c674b648694bc725ed46503c240269dbf8?s=96&d=mm&r=g","contentUrl":"https:\/\/secure.gravatar.com\/avatar\/f398a4de948606b38f0299d90ca738c674b648694bc725ed46503c240269dbf8?s=96&d=mm&r=g","caption":"JC."},"url":"http:\/\/www.defensoria.gob.ve\/?author=5"}]}},"_links":{"self":[{"href":"http:\/\/www.defensoria.gob.ve\/index.php?rest_route=\/wp\/v2\/posts\/7610","targetHints":{"allow":["GET"]}}],"collection":[{"href":"http:\/\/www.defensoria.gob.ve\/index.php?rest_route=\/wp\/v2\/posts"}],"about":[{"href":"http:\/\/www.defensoria.gob.ve\/index.php?rest_route=\/wp\/v2\/types\/post"}],"author":[{"embeddable":true,"href":"http:\/\/www.defensoria.gob.ve\/index.php?rest_route=\/wp\/v2\/users\/5"}],"replies":[{"embeddable":true,"href":"http:\/\/www.defensoria.gob.ve\/index.php?rest_route=%2Fwp%2Fv2%2Fcomments&post=7610"}],"version-history":[{"count":5,"href":"http:\/\/www.defensoria.gob.ve\/index.php?rest_route=\/wp\/v2\/posts\/7610\/revisions"}],"predecessor-version":[{"id":7616,"href":"http:\/\/www.defensoria.gob.ve\/index.php?rest_route=\/wp\/v2\/posts\/7610\/revisions\/7616"}],"wp:featuredmedia":[{"embeddable":true,"href":"http:\/\/www.defensoria.gob.ve\/index.php?rest_route=\/wp\/v2\/media\/7611"}],"wp:attachment":[{"href":"http:\/\/www.defensoria.gob.ve\/index.php?rest_route=%2Fwp%2Fv2%2Fmedia&parent=7610"}],"wp:term":[{"taxonomy":"category","embeddable":true,"href":"http:\/\/www.defensoria.gob.ve\/index.php?rest_route=%2Fwp%2Fv2%2Fcategories&post=7610"},{"taxonomy":"post_tag","embeddable":true,"href":"http:\/\/www.defensoria.gob.ve\/index.php?rest_route=%2Fwp%2Fv2%2Ftags&post=7610"}],"curies":[{"name":"wp","href":"https:\/\/api.w.org\/{rel}","templated":true}]}}