 
{"id":7617,"date":"2024-09-23T14:34:23","date_gmt":"2024-09-23T18:34:23","guid":{"rendered":"http:\/\/www.defensoria.gob.ve\/?p=7617"},"modified":"2024-09-23T14:34:31","modified_gmt":"2024-09-23T18:34:31","slug":"delegada-bolivar-realiza-entrega-de-globos-y-volanteo-en-pro-del-dia-internacional-de-la-paz","status":"publish","type":"post","link":"http:\/\/www.defensoria.gob.ve\/?p=7617","title":{"rendered":"Delegada Bol\u00edvar realiza entrega de globos y volanteo en pro del D\u00eda Internacional de la Paz"},"content":{"rendered":"\t\t<div data-elementor-type=\"wp-post\" data-elementor-id=\"7617\" class=\"elementor elementor-7617\">\n\t\t\t\t\t\t<section class=\"elementor-section elementor-top-section elementor-element elementor-element-5412672 elementor-section-boxed elementor-section-height-default elementor-section-height-default\" data-id=\"5412672\" data-element_type=\"section\" data-e-type=\"section\">\n\t\t\t\t\t\t<div class=\"elementor-container elementor-column-gap-default\">\n\t\t\t\t\t<div class=\"elementor-column elementor-col-100 elementor-top-column elementor-element elementor-element-4e2b1b8f\" data-id=\"4e2b1b8f\" data-element_type=\"column\" data-e-type=\"column\">\n\t\t\t<div class=\"elementor-widget-wrap elementor-element-populated\">\n\t\t\t\t\t\t<div class=\"elementor-element elementor-element-2ec8fe0a elementor-widget elementor-widget-text-editor\" data-id=\"2ec8fe0a\" data-element_type=\"widget\" data-e-type=\"widget\" data-widget_type=\"text-editor.default\">\n\t\t\t\t<div class=\"elementor-widget-container\">\n\t\t\t\t\t\t\t\t\t<p><\/p>\n<p><strong>(Bol\u00edvar\/23-Sep-24) <\/strong>La Defensor\u00eda delegada del estado Bol\u00edvar realiz\u00f3 una entrega de globos y volanteo en conmemoraci\u00f3n del D\u00eda Internacional de la Paz, el pasado 21 de septiembre, actividad efectuada en el Centro Comercial Alta Vista II en Puerto Ordaz.<\/p>\n<p><\/p>\n<p><\/p>\n<figure class=\"wp-block-image size-large\"><img fetchpriority=\"high\" decoding=\"async\" width=\"1024\" height=\"576\" class=\"wp-image-7618\" src=\"http:\/\/www.defensoria.gob.ve\/wp-content\/uploads\/2024\/09\/7b77181e-676a-4b1c-855b-2660c9ef5073-1024x576.jpg\" alt=\"\" srcset=\"http:\/\/www.defensoria.gob.ve\/wp-content\/uploads\/2024\/09\/7b77181e-676a-4b1c-855b-2660c9ef5073-1024x576.jpg 1024w, http:\/\/www.defensoria.gob.ve\/wp-content\/uploads\/2024\/09\/7b77181e-676a-4b1c-855b-2660c9ef5073-300x169.jpg 300w, http:\/\/www.defensoria.gob.ve\/wp-content\/uploads\/2024\/09\/7b77181e-676a-4b1c-855b-2660c9ef5073-768x432.jpg 768w, http:\/\/www.defensoria.gob.ve\/wp-content\/uploads\/2024\/09\/7b77181e-676a-4b1c-855b-2660c9ef5073.jpg 1280w\" sizes=\"(max-width: 1024px) 100vw, 1024px\" \/><\/figure>\n<p><\/p>\n<p><\/p>\n<p>Durante la actividad, los servidores y servidoras le explicaron a los transe\u00fantes y transportistas sobre la importancia de este d\u00eda proclamado por la Asamblea General de las Naciones Unidas el 30 de noviembre del a\u00f1o 1981. El objetivo de conmemorar tan significativa fecha es fortalecer los ideales de paz entre todas las naciones y pueblos del mundo. Adem\u00e1s de promover una cultura de paz a trav\u00e9s de la tolerancia, el di\u00e1logo, la coexistencia, la existencia y aceptaci\u00f3n del otro u otra pese a las diferencias sea por credo, religi\u00f3n, culto, condici\u00f3n social y g\u00e9nero, entre otros, que permita el entendimiento, la cooperaci\u00f3n mutua y el reconocimiento pese a las diferencias.<\/p>\n<p><\/p>\n<p><\/p>\n<p>Tambi\u00e9n recordaron sobre el valor que significa vivir en un pa\u00eds como Venezuela, donde nadie promueve el mal, la muerte, la destrucci\u00f3n o el da\u00f1o a la humanidad. <strong>FIN \/ PRENSA Defensor\u00eda<\/strong><\/p>\n<p><\/p>\t\t\t\t\t\t\t\t<\/div>\n\t\t\t\t<\/div>\n\t\t\t\t\t<\/div>\n\t\t<\/div>\n\t\t\t\t\t<\/div>\n\t\t<\/section>\n\t\t\t\t<\/div>\n\t\t","protected":false},"excerpt":{"rendered":"<p>(Bol\u00edvar\/23-Sep-24) La Defensor\u00eda delegada del estado Bol\u00edvar realiz\u00f3 una entrega de globos y volanteo en conmemoraci\u00f3n del D\u00eda Internacional de la Paz, el pasado 21 de septiembre, actividad efectuada en&hellip; <\/p>\n","protected":false},"author":5,"featured_media":7619,"comment_status":"closed","ping_status":"closed","sticky":false,"template":"","format":"standard","meta":{"footnotes":""},"categories":[5],"tags":[],"class_list":["post-7617","post","type-post","status-publish","format-standard","has-post-thumbnail","hentry","category-regionales"],"yoast_head":"<!-- This site is optimized with the Yoast SEO plugin v27.4 - https:\/\/yoast.com\/product\/yoast-seo-wordpress\/ -->\n<title>Delegada Bol\u00edvar realiza entrega de globos y volanteo en pro del D\u00eda Internacional de la Paz -<\/title>\n<meta name=\"robots\" content=\"index, follow, max-snippet:-1, max-image-preview:large, max-video-preview:-1\" \/>\n<link rel=\"canonical\" href=\"http:\/\/www.defensoria.gob.ve\/?p=7617\" \/>\n<meta property=\"og:locale\" content=\"es_ES\" \/>\n<meta property=\"og:type\" content=\"article\" \/>\n<meta property=\"og:title\" content=\"Delegada Bol\u00edvar realiza entrega de globos y volanteo en pro del D\u00eda Internacional de la Paz -\" \/>\n<meta property=\"og:description\" content=\"(Bol\u00edvar\/23-Sep-24) La Defensor\u00eda delegada del estado Bol\u00edvar realiz\u00f3 una entrega de globos y volanteo en conmemoraci\u00f3n del D\u00eda Internacional de la Paz, el pasado 21 de septiembre, actividad efectuada en&hellip;\" \/>\n<meta property=\"og:url\" content=\"http:\/\/www.defensoria.gob.ve\/?p=7617\" \/>\n<meta property=\"article:published_time\" content=\"2024-09-23T18:34:23+00:00\" \/>\n<meta property=\"article:modified_time\" content=\"2024-09-23T18:34:31+00:00\" \/>\n<meta property=\"og:image\" content=\"http:\/\/www.defensoria.gob.ve\/wp-content\/uploads\/2024\/09\/9bd4a208-bca9-421f-bcee-a80026f1a7d3.jpg\" \/>\n\t<meta property=\"og:image:width\" content=\"1280\" \/>\n\t<meta property=\"og:image:height\" content=\"720\" \/>\n\t<meta property=\"og:image:type\" content=\"image\/jpeg\" \/>\n<meta name=\"author\" content=\"JC.\" \/>\n<meta name=\"twitter:card\" content=\"summary_large_image\" \/>\n<meta name=\"twitter:label1\" content=\"Escrito por\" \/>\n\t<meta name=\"twitter:data1\" content=\"JC.\" \/>\n\t<meta name=\"twitter:label2\" content=\"Tiempo estimado de lectura\" \/>\n\t<meta name=\"twitter:data2\" content=\"2 minutos\" \/>\n<script type=\"application\/ld+json\" class=\"yoast-schema-graph\">{\"@context\":\"https:\\\/\\\/schema.org\",\"@graph\":[{\"@type\":\"Article\",\"@id\":\"http:\\\/\\\/www.defensoria.gob.ve\\\/?p=7617#article\",\"isPartOf\":{\"@id\":\"http:\\\/\\\/www.defensoria.gob.ve\\\/?p=7617\"},\"author\":{\"name\":\"JC.\",\"@id\":\"http:\\\/\\\/www.defensoria.gob.ve\\\/#\\\/schema\\\/person\\\/fba14293189d7b1933ac7fba9d89e24a\"},\"headline\":\"Delegada Bol\u00edvar realiza entrega de globos y volanteo en pro del D\u00eda Internacional de la Paz\",\"datePublished\":\"2024-09-23T18:34:23+00:00\",\"dateModified\":\"2024-09-23T18:34:31+00:00\",\"mainEntityOfPage\":{\"@id\":\"http:\\\/\\\/www.defensoria.gob.ve\\\/?p=7617\"},\"wordCount\":217,\"image\":{\"@id\":\"http:\\\/\\\/www.defensoria.gob.ve\\\/?p=7617#primaryimage\"},\"thumbnailUrl\":\"http:\\\/\\\/www.defensoria.gob.ve\\\/wp-content\\\/uploads\\\/2024\\\/09\\\/9bd4a208-bca9-421f-bcee-a80026f1a7d3.jpg\",\"articleSection\":[\"REGIONALES\"],\"inLanguage\":\"es\"},{\"@type\":\"WebPage\",\"@id\":\"http:\\\/\\\/www.defensoria.gob.ve\\\/?p=7617\",\"url\":\"http:\\\/\\\/www.defensoria.gob.ve\\\/?p=7617\",\"name\":\"Delegada Bol\u00edvar realiza entrega de globos y volanteo en pro del D\u00eda Internacional de la Paz -\",\"isPartOf\":{\"@id\":\"http:\\\/\\\/www.defensoria.gob.ve\\\/#website\"},\"primaryImageOfPage\":{\"@id\":\"http:\\\/\\\/www.defensoria.gob.ve\\\/?p=7617#primaryimage\"},\"image\":{\"@id\":\"http:\\\/\\\/www.defensoria.gob.ve\\\/?p=7617#primaryimage\"},\"thumbnailUrl\":\"http:\\\/\\\/www.defensoria.gob.ve\\\/wp-content\\\/uploads\\\/2024\\\/09\\\/9bd4a208-bca9-421f-bcee-a80026f1a7d3.jpg\",\"datePublished\":\"2024-09-23T18:34:23+00:00\",\"dateModified\":\"2024-09-23T18:34:31+00:00\",\"author\":{\"@id\":\"http:\\\/\\\/www.defensoria.gob.ve\\\/#\\\/schema\\\/person\\\/fba14293189d7b1933ac7fba9d89e24a\"},\"breadcrumb\":{\"@id\":\"http:\\\/\\\/www.defensoria.gob.ve\\\/?p=7617#breadcrumb\"},\"inLanguage\":\"es\",\"potentialAction\":[{\"@type\":\"ReadAction\",\"target\":[\"http:\\\/\\\/www.defensoria.gob.ve\\\/?p=7617\"]}]},{\"@type\":\"ImageObject\",\"inLanguage\":\"es\",\"@id\":\"http:\\\/\\\/www.defensoria.gob.ve\\\/?p=7617#primaryimage\",\"url\":\"http:\\\/\\\/www.defensoria.gob.ve\\\/wp-content\\\/uploads\\\/2024\\\/09\\\/9bd4a208-bca9-421f-bcee-a80026f1a7d3.jpg\",\"contentUrl\":\"http:\\\/\\\/www.defensoria.gob.ve\\\/wp-content\\\/uploads\\\/2024\\\/09\\\/9bd4a208-bca9-421f-bcee-a80026f1a7d3.jpg\",\"width\":1280,\"height\":720},{\"@type\":\"BreadcrumbList\",\"@id\":\"http:\\\/\\\/www.defensoria.gob.ve\\\/?p=7617#breadcrumb\",\"itemListElement\":[{\"@type\":\"ListItem\",\"position\":1,\"name\":\"Portada\",\"item\":\"http:\\\/\\\/www.defensoria.gob.ve\\\/\"},{\"@type\":\"ListItem\",\"position\":2,\"name\":\"Delegada Bol\u00edvar realiza entrega de globos y volanteo en pro del D\u00eda Internacional de la Paz\"}]},{\"@type\":\"WebSite\",\"@id\":\"http:\\\/\\\/www.defensoria.gob.ve\\\/#website\",\"url\":\"http:\\\/\\\/www.defensoria.gob.ve\\\/\",\"name\":\"\",\"description\":\"Instituci\u00f3n del Poder Ciudadano para la Promoci\u00f3n, Defensa y Vigilancia de los Derechos Humanos. \",\"potentialAction\":[{\"@type\":\"SearchAction\",\"target\":{\"@type\":\"EntryPoint\",\"urlTemplate\":\"http:\\\/\\\/www.defensoria.gob.ve\\\/?s={search_term_string}\"},\"query-input\":{\"@type\":\"PropertyValueSpecification\",\"valueRequired\":true,\"valueName\":\"search_term_string\"}}],\"inLanguage\":\"es\"},{\"@type\":\"Person\",\"@id\":\"http:\\\/\\\/www.defensoria.gob.ve\\\/#\\\/schema\\\/person\\\/fba14293189d7b1933ac7fba9d89e24a\",\"name\":\"JC.\",\"image\":{\"@type\":\"ImageObject\",\"inLanguage\":\"es\",\"@id\":\"https:\\\/\\\/secure.gravatar.com\\\/avatar\\\/f398a4de948606b38f0299d90ca738c674b648694bc725ed46503c240269dbf8?s=96&d=mm&r=g\",\"url\":\"https:\\\/\\\/secure.gravatar.com\\\/avatar\\\/f398a4de948606b38f0299d90ca738c674b648694bc725ed46503c240269dbf8?s=96&d=mm&r=g\",\"contentUrl\":\"https:\\\/\\\/secure.gravatar.com\\\/avatar\\\/f398a4de948606b38f0299d90ca738c674b648694bc725ed46503c240269dbf8?s=96&d=mm&r=g\",\"caption\":\"JC.\"},\"url\":\"http:\\\/\\\/www.defensoria.gob.ve\\\/?author=5\"}]}<\/script>\n<!-- \/ Yoast SEO plugin. -->","yoast_head_json":{"title":"Delegada Bol\u00edvar realiza entrega de globos y volanteo en pro del D\u00eda Internacional de la Paz -","robots":{"index":"index","follow":"follow","max-snippet":"max-snippet:-1","max-image-preview":"max-image-preview:large","max-video-preview":"max-video-preview:-1"},"canonical":"http:\/\/www.defensoria.gob.ve\/?p=7617","og_locale":"es_ES","og_type":"article","og_title":"Delegada Bol\u00edvar realiza entrega de globos y volanteo en pro del D\u00eda Internacional de la Paz -","og_description":"(Bol\u00edvar\/23-Sep-24) La Defensor\u00eda delegada del estado Bol\u00edvar realiz\u00f3 una entrega de globos y volanteo en conmemoraci\u00f3n del D\u00eda Internacional de la Paz, el pasado 21 de septiembre, actividad efectuada en&hellip;","og_url":"http:\/\/www.defensoria.gob.ve\/?p=7617","article_published_time":"2024-09-23T18:34:23+00:00","article_modified_time":"2024-09-23T18:34:31+00:00","og_image":[{"width":1280,"height":720,"url":"http:\/\/www.defensoria.gob.ve\/wp-content\/uploads\/2024\/09\/9bd4a208-bca9-421f-bcee-a80026f1a7d3.jpg","type":"image\/jpeg"}],"author":"JC.","twitter_card":"summary_large_image","twitter_misc":{"Escrito por":"JC.","Tiempo estimado de lectura":"2 minutos"},"schema":{"@context":"https:\/\/schema.org","@graph":[{"@type":"Article","@id":"http:\/\/www.defensoria.gob.ve\/?p=7617#article","isPartOf":{"@id":"http:\/\/www.defensoria.gob.ve\/?p=7617"},"author":{"name":"JC.","@id":"http:\/\/www.defensoria.gob.ve\/#\/schema\/person\/fba14293189d7b1933ac7fba9d89e24a"},"headline":"Delegada Bol\u00edvar realiza entrega de globos y volanteo en pro del D\u00eda Internacional de la Paz","datePublished":"2024-09-23T18:34:23+00:00","dateModified":"2024-09-23T18:34:31+00:00","mainEntityOfPage":{"@id":"http:\/\/www.defensoria.gob.ve\/?p=7617"},"wordCount":217,"image":{"@id":"http:\/\/www.defensoria.gob.ve\/?p=7617#primaryimage"},"thumbnailUrl":"http:\/\/www.defensoria.gob.ve\/wp-content\/uploads\/2024\/09\/9bd4a208-bca9-421f-bcee-a80026f1a7d3.jpg","articleSection":["REGIONALES"],"inLanguage":"es"},{"@type":"WebPage","@id":"http:\/\/www.defensoria.gob.ve\/?p=7617","url":"http:\/\/www.defensoria.gob.ve\/?p=7617","name":"Delegada Bol\u00edvar realiza entrega de globos y volanteo en pro del D\u00eda Internacional de la Paz -","isPartOf":{"@id":"http:\/\/www.defensoria.gob.ve\/#website"},"primaryImageOfPage":{"@id":"http:\/\/www.defensoria.gob.ve\/?p=7617#primaryimage"},"image":{"@id":"http:\/\/www.defensoria.gob.ve\/?p=7617#primaryimage"},"thumbnailUrl":"http:\/\/www.defensoria.gob.ve\/wp-content\/uploads\/2024\/09\/9bd4a208-bca9-421f-bcee-a80026f1a7d3.jpg","datePublished":"2024-09-23T18:34:23+00:00","dateModified":"2024-09-23T18:34:31+00:00","author":{"@id":"http:\/\/www.defensoria.gob.ve\/#\/schema\/person\/fba14293189d7b1933ac7fba9d89e24a"},"breadcrumb":{"@id":"http:\/\/www.defensoria.gob.ve\/?p=7617#breadcrumb"},"inLanguage":"es","potentialAction":[{"@type":"ReadAction","target":["http:\/\/www.defensoria.gob.ve\/?p=7617"]}]},{"@type":"ImageObject","inLanguage":"es","@id":"http:\/\/www.defensoria.gob.ve\/?p=7617#primaryimage","url":"http:\/\/www.defensoria.gob.ve\/wp-content\/uploads\/2024\/09\/9bd4a208-bca9-421f-bcee-a80026f1a7d3.jpg","contentUrl":"http:\/\/www.defensoria.gob.ve\/wp-content\/uploads\/2024\/09\/9bd4a208-bca9-421f-bcee-a80026f1a7d3.jpg","width":1280,"height":720},{"@type":"BreadcrumbList","@id":"http:\/\/www.defensoria.gob.ve\/?p=7617#breadcrumb","itemListElement":[{"@type":"ListItem","position":1,"name":"Portada","item":"http:\/\/www.defensoria.gob.ve\/"},{"@type":"ListItem","position":2,"name":"Delegada Bol\u00edvar realiza entrega de globos y volanteo en pro del D\u00eda Internacional de la Paz"}]},{"@type":"WebSite","@id":"http:\/\/www.defensoria.gob.ve\/#website","url":"http:\/\/www.defensoria.gob.ve\/","name":"","description":"Instituci\u00f3n del Poder Ciudadano para la Promoci\u00f3n, Defensa y Vigilancia de los Derechos Humanos. ","potentialAction":[{"@type":"SearchAction","target":{"@type":"EntryPoint","urlTemplate":"http:\/\/www.defensoria.gob.ve\/?s={search_term_string}"},"query-input":{"@type":"PropertyValueSpecification","valueRequired":true,"valueName":"search_term_string"}}],"inLanguage":"es"},{"@type":"Person","@id":"http:\/\/www.defensoria.gob.ve\/#\/schema\/person\/fba14293189d7b1933ac7fba9d89e24a","name":"JC.","image":{"@type":"ImageObject","inLanguage":"es","@id":"https:\/\/secure.gravatar.com\/avatar\/f398a4de948606b38f0299d90ca738c674b648694bc725ed46503c240269dbf8?s=96&d=mm&r=g","url":"https:\/\/secure.gravatar.com\/avatar\/f398a4de948606b38f0299d90ca738c674b648694bc725ed46503c240269dbf8?s=96&d=mm&r=g","contentUrl":"https:\/\/secure.gravatar.com\/avatar\/f398a4de948606b38f0299d90ca738c674b648694bc725ed46503c240269dbf8?s=96&d=mm&r=g","caption":"JC."},"url":"http:\/\/www.defensoria.gob.ve\/?author=5"}]}},"_links":{"self":[{"href":"http:\/\/www.defensoria.gob.ve\/index.php?rest_route=\/wp\/v2\/posts\/7617","targetHints":{"allow":["GET"]}}],"collection":[{"href":"http:\/\/www.defensoria.gob.ve\/index.php?rest_route=\/wp\/v2\/posts"}],"about":[{"href":"http:\/\/www.defensoria.gob.ve\/index.php?rest_route=\/wp\/v2\/types\/post"}],"author":[{"embeddable":true,"href":"http:\/\/www.defensoria.gob.ve\/index.php?rest_route=\/wp\/v2\/users\/5"}],"replies":[{"embeddable":true,"href":"http:\/\/www.defensoria.gob.ve\/index.php?rest_route=%2Fwp%2Fv2%2Fcomments&post=7617"}],"version-history":[{"count":5,"href":"http:\/\/www.defensoria.gob.ve\/index.php?rest_route=\/wp\/v2\/posts\/7617\/revisions"}],"predecessor-version":[{"id":7637,"href":"http:\/\/www.defensoria.gob.ve\/index.php?rest_route=\/wp\/v2\/posts\/7617\/revisions\/7637"}],"wp:featuredmedia":[{"embeddable":true,"href":"http:\/\/www.defensoria.gob.ve\/index.php?rest_route=\/wp\/v2\/media\/7619"}],"wp:attachment":[{"href":"http:\/\/www.defensoria.gob.ve\/index.php?rest_route=%2Fwp%2Fv2%2Fmedia&parent=7617"}],"wp:term":[{"taxonomy":"category","embeddable":true,"href":"http:\/\/www.defensoria.gob.ve\/index.php?rest_route=%2Fwp%2Fv2%2Fcategories&post=7617"},{"taxonomy":"post_tag","embeddable":true,"href":"http:\/\/www.defensoria.gob.ve\/index.php?rest_route=%2Fwp%2Fv2%2Ftags&post=7617"}],"curies":[{"name":"wp","href":"https:\/\/api.w.org\/{rel}","templated":true}]}}