 
{"id":7693,"date":"2024-09-24T16:28:24","date_gmt":"2024-09-24T20:28:24","guid":{"rendered":"http:\/\/www.defensoria.gob.ve\/?p=7693"},"modified":"2024-09-24T16:28:45","modified_gmt":"2024-09-24T20:28:45","slug":"delegada-del-area-metropolitana-de-caracas-sostuvo-mesa-de-trabajo-en-materia-de-transporte-terrestre-aereo-y-maritimo","status":"publish","type":"post","link":"http:\/\/www.defensoria.gob.ve\/?p=7693","title":{"rendered":"Delegada del \u00c1rea Metropolitana de Caracas sostuvo Mesa de Trabajo en materia de transporte terrestre, a\u00e9reo y mar\u00edtimo"},"content":{"rendered":"\t\t<div data-elementor-type=\"wp-post\" data-elementor-id=\"7693\" class=\"elementor elementor-7693\">\n\t\t\t\t\t\t<section class=\"elementor-section elementor-top-section elementor-element elementor-element-3c47610 elementor-section-boxed elementor-section-height-default elementor-section-height-default\" data-id=\"3c47610\" data-element_type=\"section\" data-e-type=\"section\">\n\t\t\t\t\t\t<div class=\"elementor-container elementor-column-gap-default\">\n\t\t\t\t\t<div class=\"elementor-column elementor-col-100 elementor-top-column elementor-element elementor-element-5217c812\" data-id=\"5217c812\" data-element_type=\"column\" data-e-type=\"column\">\n\t\t\t<div class=\"elementor-widget-wrap elementor-element-populated\">\n\t\t\t\t\t\t<div class=\"elementor-element elementor-element-6f657e25 elementor-widget elementor-widget-text-editor\" data-id=\"6f657e25\" data-element_type=\"widget\" data-e-type=\"widget\" data-widget_type=\"text-editor.default\">\n\t\t\t\t<div class=\"elementor-widget-container\">\n\t\t\t\t\t\t\t\t\t\n<p><strong>(\u00c1rea Metropolitana \/24-Sep-2024)<\/strong>\u00a0La Defensor\u00eda del Pueblo tiene competencia para velar por el correcto funcionamiento de los servicios p\u00fablicos en materia de transporte terrestre a\u00e9reo y mar\u00edtimo con la finalidad de conocer las acciones o medidas adoptadas por las distintas instituciones involucradas en dicha labor con ocasi\u00f3n al Operativo Vacaciones Escolares 2024.<\/p>\n\n\n\n<figure class=\"wp-block-image size-large\"><img fetchpriority=\"high\" decoding=\"async\" width=\"1024\" height=\"768\" src=\"http:\/\/www.defensoria.gob.ve\/wp-content\/uploads\/2024\/09\/amc-1024x768.jpg\" alt=\"\" class=\"wp-image-7701\" srcset=\"http:\/\/www.defensoria.gob.ve\/wp-content\/uploads\/2024\/09\/amc-1024x768.jpg 1024w, http:\/\/www.defensoria.gob.ve\/wp-content\/uploads\/2024\/09\/amc-300x225.jpg 300w, http:\/\/www.defensoria.gob.ve\/wp-content\/uploads\/2024\/09\/amc-768x576.jpg 768w, http:\/\/www.defensoria.gob.ve\/wp-content\/uploads\/2024\/09\/amc-1536x1152.jpg 1536w, http:\/\/www.defensoria.gob.ve\/wp-content\/uploads\/2024\/09\/amc-2048x1536.jpg 2048w\" sizes=\"(max-width: 1024px) 100vw, 1024px\" \/><\/figure>\n\n\n\n<p>En aras de garantizar a los usuarios y usuarias el funcionamiento del mencionado servicio p\u00fablico, se realiz\u00f3 una reuni\u00f3n con la participaci\u00f3n de los representantes del Terminal Privado Expresos Flamingo, Metro de Caracas, Terminal La Bandera, Superintendente Nacional Antidrogas, Instituto Nacional de Transporte de Terrestre, Instituto Nacional de Servicios Sociales,&nbsp;Instituto Aut\u00f3nomo de Polic\u00eda del Municipio Chacao,&nbsp;Instituto Aut\u00f3nomo Polic\u00eda Municipal de Sucre,&nbsp;Instituto Aut\u00f3nomo Consejo Nacional de Derechos de Ni\u00f1os, Ni\u00f1as y Adolescentes, Protecci\u00f3n Civil del Distrito Capital,&nbsp;TERPRIVANC, Consejo Nacional para las Personas con Discapacidad, Instituto Venezolano de Seguros Sociales, Consejo de Protecci\u00f3n de Ni\u00f1os Ni\u00f1as y Adolescentes del Municipio Chacao, con la finalidad de evaluar las acciones realizadas para garantizar un buen servicio en los mencionados terminales.<\/p>\n\n\n\n<p>Dicha reuni\u00f3n se llev\u00f3 a cabo en la sala de reuniones de la sede del \u00c1rea Metropolitana de Caracas.&nbsp;<strong>FIN\/PRENSA Defensor\u00eda<\/strong><\/p>\n\t\t\t\t\t\t\t\t<\/div>\n\t\t\t\t<\/div>\n\t\t\t\t\t<\/div>\n\t\t<\/div>\n\t\t\t\t\t<\/div>\n\t\t<\/section>\n\t\t\t\t<\/div>\n\t\t","protected":false},"excerpt":{"rendered":"<p>(\u00c1rea Metropolitana \/24-Sep-2024)\u00a0La Defensor\u00eda del Pueblo tiene competencia para velar por el correcto funcionamiento de los servicios p\u00fablicos en materia de transporte terrestre a\u00e9reo y mar\u00edtimo con la finalidad de&hellip; <\/p>\n","protected":false},"author":14,"featured_media":7702,"comment_status":"closed","ping_status":"closed","sticky":false,"template":"","format":"standard","meta":{"footnotes":""},"categories":[5],"tags":[],"class_list":["post-7693","post","type-post","status-publish","format-standard","has-post-thumbnail","hentry","category-regionales"],"yoast_head":"<!-- This site is optimized with the Yoast SEO plugin v27.4 - https:\/\/yoast.com\/product\/yoast-seo-wordpress\/ -->\n<title>Delegada del \u00c1rea Metropolitana de Caracas sostuvo Mesa de Trabajo en materia de transporte terrestre, a\u00e9reo y mar\u00edtimo -<\/title>\n<meta name=\"robots\" content=\"index, follow, max-snippet:-1, max-image-preview:large, max-video-preview:-1\" \/>\n<link rel=\"canonical\" href=\"http:\/\/www.defensoria.gob.ve\/?p=7693\" \/>\n<meta property=\"og:locale\" content=\"es_ES\" \/>\n<meta property=\"og:type\" content=\"article\" \/>\n<meta property=\"og:title\" content=\"Delegada del \u00c1rea Metropolitana de Caracas sostuvo Mesa de Trabajo en materia de transporte terrestre, a\u00e9reo y mar\u00edtimo -\" \/>\n<meta property=\"og:description\" content=\"(\u00c1rea Metropolitana \/24-Sep-2024)\u00a0La Defensor\u00eda del Pueblo tiene competencia para velar por el correcto funcionamiento de los servicios p\u00fablicos en materia de transporte terrestre a\u00e9reo y mar\u00edtimo con la finalidad de&hellip;\" \/>\n<meta property=\"og:url\" content=\"http:\/\/www.defensoria.gob.ve\/?p=7693\" \/>\n<meta property=\"article:published_time\" content=\"2024-09-24T20:28:24+00:00\" \/>\n<meta property=\"article:modified_time\" content=\"2024-09-24T20:28:45+00:00\" \/>\n<meta property=\"og:image\" content=\"http:\/\/www.defensoria.gob.ve\/wp-content\/uploads\/2024\/09\/Mesa-de-Trabajo-en-Materia-de-Transporte-de-Terreste-Areo-y-Maritimo-Labor-de-Vigilancia-scaled.jpg\" \/>\n\t<meta property=\"og:image:width\" content=\"2560\" \/>\n\t<meta property=\"og:image:height\" content=\"1920\" \/>\n\t<meta property=\"og:image:type\" content=\"image\/jpeg\" \/>\n<meta name=\"author\" content=\"KF.\" \/>\n<meta name=\"twitter:card\" content=\"summary_large_image\" \/>\n<meta name=\"twitter:label1\" content=\"Escrito por\" \/>\n\t<meta name=\"twitter:data1\" content=\"KF.\" \/>\n\t<meta name=\"twitter:label2\" content=\"Tiempo estimado de lectura\" \/>\n\t<meta name=\"twitter:data2\" content=\"2 minutos\" \/>\n<script type=\"application\/ld+json\" class=\"yoast-schema-graph\">{\"@context\":\"https:\\\/\\\/schema.org\",\"@graph\":[{\"@type\":\"Article\",\"@id\":\"http:\\\/\\\/www.defensoria.gob.ve\\\/?p=7693#article\",\"isPartOf\":{\"@id\":\"http:\\\/\\\/www.defensoria.gob.ve\\\/?p=7693\"},\"author\":{\"name\":\"KF.\",\"@id\":\"http:\\\/\\\/www.defensoria.gob.ve\\\/#\\\/schema\\\/person\\\/0fcc680c550d91982c4c009f5b19b8ec\"},\"headline\":\"Delegada del \u00c1rea Metropolitana de Caracas sostuvo Mesa de Trabajo en materia de transporte terrestre, a\u00e9reo y mar\u00edtimo\",\"datePublished\":\"2024-09-24T20:28:24+00:00\",\"dateModified\":\"2024-09-24T20:28:45+00:00\",\"mainEntityOfPage\":{\"@id\":\"http:\\\/\\\/www.defensoria.gob.ve\\\/?p=7693\"},\"wordCount\":239,\"image\":{\"@id\":\"http:\\\/\\\/www.defensoria.gob.ve\\\/?p=7693#primaryimage\"},\"thumbnailUrl\":\"http:\\\/\\\/www.defensoria.gob.ve\\\/wp-content\\\/uploads\\\/2024\\\/09\\\/Mesa-de-Trabajo-en-Materia-de-Transporte-de-Terreste-Areo-y-Maritimo-Labor-de-Vigilancia-scaled.jpg\",\"articleSection\":[\"REGIONALES\"],\"inLanguage\":\"es\"},{\"@type\":\"WebPage\",\"@id\":\"http:\\\/\\\/www.defensoria.gob.ve\\\/?p=7693\",\"url\":\"http:\\\/\\\/www.defensoria.gob.ve\\\/?p=7693\",\"name\":\"Delegada del \u00c1rea Metropolitana de Caracas sostuvo Mesa de Trabajo en materia de transporte terrestre, a\u00e9reo y mar\u00edtimo -\",\"isPartOf\":{\"@id\":\"http:\\\/\\\/www.defensoria.gob.ve\\\/#website\"},\"primaryImageOfPage\":{\"@id\":\"http:\\\/\\\/www.defensoria.gob.ve\\\/?p=7693#primaryimage\"},\"image\":{\"@id\":\"http:\\\/\\\/www.defensoria.gob.ve\\\/?p=7693#primaryimage\"},\"thumbnailUrl\":\"http:\\\/\\\/www.defensoria.gob.ve\\\/wp-content\\\/uploads\\\/2024\\\/09\\\/Mesa-de-Trabajo-en-Materia-de-Transporte-de-Terreste-Areo-y-Maritimo-Labor-de-Vigilancia-scaled.jpg\",\"datePublished\":\"2024-09-24T20:28:24+00:00\",\"dateModified\":\"2024-09-24T20:28:45+00:00\",\"author\":{\"@id\":\"http:\\\/\\\/www.defensoria.gob.ve\\\/#\\\/schema\\\/person\\\/0fcc680c550d91982c4c009f5b19b8ec\"},\"breadcrumb\":{\"@id\":\"http:\\\/\\\/www.defensoria.gob.ve\\\/?p=7693#breadcrumb\"},\"inLanguage\":\"es\",\"potentialAction\":[{\"@type\":\"ReadAction\",\"target\":[\"http:\\\/\\\/www.defensoria.gob.ve\\\/?p=7693\"]}]},{\"@type\":\"ImageObject\",\"inLanguage\":\"es\",\"@id\":\"http:\\\/\\\/www.defensoria.gob.ve\\\/?p=7693#primaryimage\",\"url\":\"http:\\\/\\\/www.defensoria.gob.ve\\\/wp-content\\\/uploads\\\/2024\\\/09\\\/Mesa-de-Trabajo-en-Materia-de-Transporte-de-Terreste-Areo-y-Maritimo-Labor-de-Vigilancia-scaled.jpg\",\"contentUrl\":\"http:\\\/\\\/www.defensoria.gob.ve\\\/wp-content\\\/uploads\\\/2024\\\/09\\\/Mesa-de-Trabajo-en-Materia-de-Transporte-de-Terreste-Areo-y-Maritimo-Labor-de-Vigilancia-scaled.jpg\",\"width\":2560,\"height\":1920},{\"@type\":\"BreadcrumbList\",\"@id\":\"http:\\\/\\\/www.defensoria.gob.ve\\\/?p=7693#breadcrumb\",\"itemListElement\":[{\"@type\":\"ListItem\",\"position\":1,\"name\":\"Portada\",\"item\":\"http:\\\/\\\/www.defensoria.gob.ve\\\/\"},{\"@type\":\"ListItem\",\"position\":2,\"name\":\"Delegada del \u00c1rea Metropolitana de Caracas sostuvo Mesa de Trabajo en materia de transporte terrestre, a\u00e9reo y mar\u00edtimo\"}]},{\"@type\":\"WebSite\",\"@id\":\"http:\\\/\\\/www.defensoria.gob.ve\\\/#website\",\"url\":\"http:\\\/\\\/www.defensoria.gob.ve\\\/\",\"name\":\"\",\"description\":\"Instituci\u00f3n del Poder Ciudadano para la Promoci\u00f3n, Defensa y Vigilancia de los Derechos Humanos. \",\"potentialAction\":[{\"@type\":\"SearchAction\",\"target\":{\"@type\":\"EntryPoint\",\"urlTemplate\":\"http:\\\/\\\/www.defensoria.gob.ve\\\/?s={search_term_string}\"},\"query-input\":{\"@type\":\"PropertyValueSpecification\",\"valueRequired\":true,\"valueName\":\"search_term_string\"}}],\"inLanguage\":\"es\"},{\"@type\":\"Person\",\"@id\":\"http:\\\/\\\/www.defensoria.gob.ve\\\/#\\\/schema\\\/person\\\/0fcc680c550d91982c4c009f5b19b8ec\",\"name\":\"KF.\",\"image\":{\"@type\":\"ImageObject\",\"inLanguage\":\"es\",\"@id\":\"https:\\\/\\\/secure.gravatar.com\\\/avatar\\\/d7d0d6b70133abf46e0bf5e7f5f63f5ae46353601f9ad9a981c38691d4b186b0?s=96&d=mm&r=g\",\"url\":\"https:\\\/\\\/secure.gravatar.com\\\/avatar\\\/d7d0d6b70133abf46e0bf5e7f5f63f5ae46353601f9ad9a981c38691d4b186b0?s=96&d=mm&r=g\",\"contentUrl\":\"https:\\\/\\\/secure.gravatar.com\\\/avatar\\\/d7d0d6b70133abf46e0bf5e7f5f63f5ae46353601f9ad9a981c38691d4b186b0?s=96&d=mm&r=g\",\"caption\":\"KF.\"},\"url\":\"http:\\\/\\\/www.defensoria.gob.ve\\\/?author=14\"}]}<\/script>\n<!-- \/ Yoast SEO plugin. -->","yoast_head_json":{"title":"Delegada del \u00c1rea Metropolitana de Caracas sostuvo Mesa de Trabajo en materia de transporte terrestre, a\u00e9reo y mar\u00edtimo -","robots":{"index":"index","follow":"follow","max-snippet":"max-snippet:-1","max-image-preview":"max-image-preview:large","max-video-preview":"max-video-preview:-1"},"canonical":"http:\/\/www.defensoria.gob.ve\/?p=7693","og_locale":"es_ES","og_type":"article","og_title":"Delegada del \u00c1rea Metropolitana de Caracas sostuvo Mesa de Trabajo en materia de transporte terrestre, a\u00e9reo y mar\u00edtimo -","og_description":"(\u00c1rea Metropolitana \/24-Sep-2024)\u00a0La Defensor\u00eda del Pueblo tiene competencia para velar por el correcto funcionamiento de los servicios p\u00fablicos en materia de transporte terrestre a\u00e9reo y mar\u00edtimo con la finalidad de&hellip;","og_url":"http:\/\/www.defensoria.gob.ve\/?p=7693","article_published_time":"2024-09-24T20:28:24+00:00","article_modified_time":"2024-09-24T20:28:45+00:00","og_image":[{"width":2560,"height":1920,"url":"http:\/\/www.defensoria.gob.ve\/wp-content\/uploads\/2024\/09\/Mesa-de-Trabajo-en-Materia-de-Transporte-de-Terreste-Areo-y-Maritimo-Labor-de-Vigilancia-scaled.jpg","type":"image\/jpeg"}],"author":"KF.","twitter_card":"summary_large_image","twitter_misc":{"Escrito por":"KF.","Tiempo estimado de lectura":"2 minutos"},"schema":{"@context":"https:\/\/schema.org","@graph":[{"@type":"Article","@id":"http:\/\/www.defensoria.gob.ve\/?p=7693#article","isPartOf":{"@id":"http:\/\/www.defensoria.gob.ve\/?p=7693"},"author":{"name":"KF.","@id":"http:\/\/www.defensoria.gob.ve\/#\/schema\/person\/0fcc680c550d91982c4c009f5b19b8ec"},"headline":"Delegada del \u00c1rea Metropolitana de Caracas sostuvo Mesa de Trabajo en materia de transporte terrestre, a\u00e9reo y mar\u00edtimo","datePublished":"2024-09-24T20:28:24+00:00","dateModified":"2024-09-24T20:28:45+00:00","mainEntityOfPage":{"@id":"http:\/\/www.defensoria.gob.ve\/?p=7693"},"wordCount":239,"image":{"@id":"http:\/\/www.defensoria.gob.ve\/?p=7693#primaryimage"},"thumbnailUrl":"http:\/\/www.defensoria.gob.ve\/wp-content\/uploads\/2024\/09\/Mesa-de-Trabajo-en-Materia-de-Transporte-de-Terreste-Areo-y-Maritimo-Labor-de-Vigilancia-scaled.jpg","articleSection":["REGIONALES"],"inLanguage":"es"},{"@type":"WebPage","@id":"http:\/\/www.defensoria.gob.ve\/?p=7693","url":"http:\/\/www.defensoria.gob.ve\/?p=7693","name":"Delegada del \u00c1rea Metropolitana de Caracas sostuvo Mesa de Trabajo en materia de transporte terrestre, a\u00e9reo y mar\u00edtimo -","isPartOf":{"@id":"http:\/\/www.defensoria.gob.ve\/#website"},"primaryImageOfPage":{"@id":"http:\/\/www.defensoria.gob.ve\/?p=7693#primaryimage"},"image":{"@id":"http:\/\/www.defensoria.gob.ve\/?p=7693#primaryimage"},"thumbnailUrl":"http:\/\/www.defensoria.gob.ve\/wp-content\/uploads\/2024\/09\/Mesa-de-Trabajo-en-Materia-de-Transporte-de-Terreste-Areo-y-Maritimo-Labor-de-Vigilancia-scaled.jpg","datePublished":"2024-09-24T20:28:24+00:00","dateModified":"2024-09-24T20:28:45+00:00","author":{"@id":"http:\/\/www.defensoria.gob.ve\/#\/schema\/person\/0fcc680c550d91982c4c009f5b19b8ec"},"breadcrumb":{"@id":"http:\/\/www.defensoria.gob.ve\/?p=7693#breadcrumb"},"inLanguage":"es","potentialAction":[{"@type":"ReadAction","target":["http:\/\/www.defensoria.gob.ve\/?p=7693"]}]},{"@type":"ImageObject","inLanguage":"es","@id":"http:\/\/www.defensoria.gob.ve\/?p=7693#primaryimage","url":"http:\/\/www.defensoria.gob.ve\/wp-content\/uploads\/2024\/09\/Mesa-de-Trabajo-en-Materia-de-Transporte-de-Terreste-Areo-y-Maritimo-Labor-de-Vigilancia-scaled.jpg","contentUrl":"http:\/\/www.defensoria.gob.ve\/wp-content\/uploads\/2024\/09\/Mesa-de-Trabajo-en-Materia-de-Transporte-de-Terreste-Areo-y-Maritimo-Labor-de-Vigilancia-scaled.jpg","width":2560,"height":1920},{"@type":"BreadcrumbList","@id":"http:\/\/www.defensoria.gob.ve\/?p=7693#breadcrumb","itemListElement":[{"@type":"ListItem","position":1,"name":"Portada","item":"http:\/\/www.defensoria.gob.ve\/"},{"@type":"ListItem","position":2,"name":"Delegada del \u00c1rea Metropolitana de Caracas sostuvo Mesa de Trabajo en materia de transporte terrestre, a\u00e9reo y mar\u00edtimo"}]},{"@type":"WebSite","@id":"http:\/\/www.defensoria.gob.ve\/#website","url":"http:\/\/www.defensoria.gob.ve\/","name":"","description":"Instituci\u00f3n del Poder Ciudadano para la Promoci\u00f3n, Defensa y Vigilancia de los Derechos Humanos. ","potentialAction":[{"@type":"SearchAction","target":{"@type":"EntryPoint","urlTemplate":"http:\/\/www.defensoria.gob.ve\/?s={search_term_string}"},"query-input":{"@type":"PropertyValueSpecification","valueRequired":true,"valueName":"search_term_string"}}],"inLanguage":"es"},{"@type":"Person","@id":"http:\/\/www.defensoria.gob.ve\/#\/schema\/person\/0fcc680c550d91982c4c009f5b19b8ec","name":"KF.","image":{"@type":"ImageObject","inLanguage":"es","@id":"https:\/\/secure.gravatar.com\/avatar\/d7d0d6b70133abf46e0bf5e7f5f63f5ae46353601f9ad9a981c38691d4b186b0?s=96&d=mm&r=g","url":"https:\/\/secure.gravatar.com\/avatar\/d7d0d6b70133abf46e0bf5e7f5f63f5ae46353601f9ad9a981c38691d4b186b0?s=96&d=mm&r=g","contentUrl":"https:\/\/secure.gravatar.com\/avatar\/d7d0d6b70133abf46e0bf5e7f5f63f5ae46353601f9ad9a981c38691d4b186b0?s=96&d=mm&r=g","caption":"KF."},"url":"http:\/\/www.defensoria.gob.ve\/?author=14"}]}},"_links":{"self":[{"href":"http:\/\/www.defensoria.gob.ve\/index.php?rest_route=\/wp\/v2\/posts\/7693","targetHints":{"allow":["GET"]}}],"collection":[{"href":"http:\/\/www.defensoria.gob.ve\/index.php?rest_route=\/wp\/v2\/posts"}],"about":[{"href":"http:\/\/www.defensoria.gob.ve\/index.php?rest_route=\/wp\/v2\/types\/post"}],"author":[{"embeddable":true,"href":"http:\/\/www.defensoria.gob.ve\/index.php?rest_route=\/wp\/v2\/users\/14"}],"replies":[{"embeddable":true,"href":"http:\/\/www.defensoria.gob.ve\/index.php?rest_route=%2Fwp%2Fv2%2Fcomments&post=7693"}],"version-history":[{"count":4,"href":"http:\/\/www.defensoria.gob.ve\/index.php?rest_route=\/wp\/v2\/posts\/7693\/revisions"}],"predecessor-version":[{"id":7706,"href":"http:\/\/www.defensoria.gob.ve\/index.php?rest_route=\/wp\/v2\/posts\/7693\/revisions\/7706"}],"wp:featuredmedia":[{"embeddable":true,"href":"http:\/\/www.defensoria.gob.ve\/index.php?rest_route=\/wp\/v2\/media\/7702"}],"wp:attachment":[{"href":"http:\/\/www.defensoria.gob.ve\/index.php?rest_route=%2Fwp%2Fv2%2Fmedia&parent=7693"}],"wp:term":[{"taxonomy":"category","embeddable":true,"href":"http:\/\/www.defensoria.gob.ve\/index.php?rest_route=%2Fwp%2Fv2%2Fcategories&post=7693"},{"taxonomy":"post_tag","embeddable":true,"href":"http:\/\/www.defensoria.gob.ve\/index.php?rest_route=%2Fwp%2Fv2%2Ftags&post=7693"}],"curies":[{"name":"wp","href":"https:\/\/api.w.org\/{rel}","templated":true}]}}