 
{"id":7714,"date":"2024-09-25T13:17:16","date_gmt":"2024-09-25T17:17:16","guid":{"rendered":"http:\/\/www.defensoria.gob.ve\/?p=7714"},"modified":"2024-09-25T13:17:38","modified_gmt":"2024-09-25T17:17:38","slug":"defensoria-del-pueblo-presente-en-la-inauguracion-de-los-juegos-interinstitucionales-86-aniversario-de-la-cgr","status":"publish","type":"post","link":"http:\/\/www.defensoria.gob.ve\/?p=7714","title":{"rendered":"Defensor\u00eda del Pueblo presente en la inauguraci\u00f3n de los Juegos Interinstitucionales 86 Aniversario de la CGR"},"content":{"rendered":"\t\t<div data-elementor-type=\"wp-post\" data-elementor-id=\"7714\" class=\"elementor elementor-7714\">\n\t\t\t\t\t\t<section class=\"elementor-section elementor-top-section elementor-element elementor-element-6472c29c elementor-section-boxed elementor-section-height-default elementor-section-height-default\" data-id=\"6472c29c\" data-element_type=\"section\" data-e-type=\"section\">\n\t\t\t\t\t\t<div class=\"elementor-container elementor-column-gap-default\">\n\t\t\t\t\t<div class=\"elementor-column elementor-col-100 elementor-top-column elementor-element elementor-element-371f692e\" data-id=\"371f692e\" data-element_type=\"column\" data-e-type=\"column\">\n\t\t\t<div class=\"elementor-widget-wrap elementor-element-populated\">\n\t\t\t\t\t\t<div class=\"elementor-element elementor-element-7d70efad elementor-widget elementor-widget-text-editor\" data-id=\"7d70efad\" data-element_type=\"widget\" data-e-type=\"widget\" data-widget_type=\"text-editor.default\">\n\t\t\t\t<div class=\"elementor-widget-container\">\n\t\t\t\t\t\t\t\t\t\n<p>(24-Sep-24) Con motivo del 86\u00ba Aniversario de la Contralor\u00eda General de la Rep\u00fablica Bolivariana de Venezuela, la Defensor\u00eda del Pueblo asisti\u00f3 a la apertura de los Juegos Interinstitucionales 2024 en el parque Jes\u00fas David Garmendia.<\/p>\n\n\n\n<figure class=\"wp-block-image size-large\"><img fetchpriority=\"high\" decoding=\"async\" width=\"1024\" height=\"575\" src=\"http:\/\/www.defensoria.gob.ve\/wp-content\/uploads\/2024\/09\/1a328b56-4c1d-4554-89f1-d8e7cd894c1d-1024x575.jpg\" alt=\"\" class=\"wp-image-7715\" srcset=\"http:\/\/www.defensoria.gob.ve\/wp-content\/uploads\/2024\/09\/1a328b56-4c1d-4554-89f1-d8e7cd894c1d-1024x575.jpg 1024w, http:\/\/www.defensoria.gob.ve\/wp-content\/uploads\/2024\/09\/1a328b56-4c1d-4554-89f1-d8e7cd894c1d-300x168.jpg 300w, http:\/\/www.defensoria.gob.ve\/wp-content\/uploads\/2024\/09\/1a328b56-4c1d-4554-89f1-d8e7cd894c1d-768x431.jpg 768w, http:\/\/www.defensoria.gob.ve\/wp-content\/uploads\/2024\/09\/1a328b56-4c1d-4554-89f1-d8e7cd894c1d-1536x862.jpg 1536w, http:\/\/www.defensoria.gob.ve\/wp-content\/uploads\/2024\/09\/1a328b56-4c1d-4554-89f1-d8e7cd894c1d-2048x1150.jpg 2048w\" sizes=\"(max-width: 1024px) 100vw, 1024px\" \/><\/figure>\n\n\n\n<p>Al respecto el Defensor del Pueblo, Alfredo Ruiz Angulo se hizo presente en esta actividad deportiva que reuni\u00f3 a grandes invitados, que incluy\u00f3 al ente anfitri\u00f3n, Contralor General de la Rep\u00fablica, Dr. Jhosnel Peraza Machado; la presidenta del Tribunal Supremo de Justicia, Caryslia Beatriz Rodr\u00edguez y el Defensor P\u00fablico General, Daniel Ram\u00edrez.<\/p>\n\n\n\n<figure class=\"wp-block-image size-large\"><img decoding=\"async\" width=\"1024\" height=\"575\" src=\"http:\/\/www.defensoria.gob.ve\/wp-content\/uploads\/2024\/09\/a06abaa6-deb8-4051-aed8-ecfe0f337dea-1024x575.jpg\" alt=\"\" class=\"wp-image-7716\" srcset=\"http:\/\/www.defensoria.gob.ve\/wp-content\/uploads\/2024\/09\/a06abaa6-deb8-4051-aed8-ecfe0f337dea-1024x575.jpg 1024w, http:\/\/www.defensoria.gob.ve\/wp-content\/uploads\/2024\/09\/a06abaa6-deb8-4051-aed8-ecfe0f337dea-300x168.jpg 300w, http:\/\/www.defensoria.gob.ve\/wp-content\/uploads\/2024\/09\/a06abaa6-deb8-4051-aed8-ecfe0f337dea-768x431.jpg 768w, http:\/\/www.defensoria.gob.ve\/wp-content\/uploads\/2024\/09\/a06abaa6-deb8-4051-aed8-ecfe0f337dea-1536x862.jpg 1536w, http:\/\/www.defensoria.gob.ve\/wp-content\/uploads\/2024\/09\/a06abaa6-deb8-4051-aed8-ecfe0f337dea-2048x1150.jpg 2048w\" sizes=\"(max-width: 1024px) 100vw, 1024px\" \/><\/figure>\n\n\n\n<p>Adem\u00e1s de grandes figuras y leyendas del deporte nacional, como el exbasquetero V\u00edctor David D\u00edaz y el medallista paral\u00edmpico Enderson Santos, quienes encendieron la antorcha que marc\u00f3 el inicio oficial de este evento deportivo en la cual la fraternidad, la solidaridad y la armon\u00eda ser\u00e1n fundamentales para unir a las servidoras y servidores de las instituciones p\u00fablicas participantes.<\/p>\n\n\n\n<figure class=\"wp-block-image size-large\"><img decoding=\"async\" width=\"1024\" height=\"575\" src=\"http:\/\/www.defensoria.gob.ve\/wp-content\/uploads\/2024\/09\/c3bdbc4e-fc61-4f77-aedc-2a792fd508e7-1024x575.jpg\" alt=\"\" class=\"wp-image-7717\" srcset=\"http:\/\/www.defensoria.gob.ve\/wp-content\/uploads\/2024\/09\/c3bdbc4e-fc61-4f77-aedc-2a792fd508e7-1024x575.jpg 1024w, http:\/\/www.defensoria.gob.ve\/wp-content\/uploads\/2024\/09\/c3bdbc4e-fc61-4f77-aedc-2a792fd508e7-300x168.jpg 300w, http:\/\/www.defensoria.gob.ve\/wp-content\/uploads\/2024\/09\/c3bdbc4e-fc61-4f77-aedc-2a792fd508e7-768x431.jpg 768w, http:\/\/www.defensoria.gob.ve\/wp-content\/uploads\/2024\/09\/c3bdbc4e-fc61-4f77-aedc-2a792fd508e7-1536x862.jpg 1536w, http:\/\/www.defensoria.gob.ve\/wp-content\/uploads\/2024\/09\/c3bdbc4e-fc61-4f77-aedc-2a792fd508e7-2048x1150.jpg 2048w\" sizes=\"(max-width: 1024px) 100vw, 1024px\" \/><\/figure>\n\n\n\n<p>Durante los Juegos Interinstitucionales competir\u00e1n m\u00e1s de 700 atletas repartidos en disciplinas como el f\u00fatbol sala, ajedrez, voleibol, domin\u00f3, baloncesto, bolas criollas, kikimbol y s\u00f3ftbol, entre otros.<\/p>\n\n\n\n<figure class=\"wp-block-image size-large\"><img loading=\"lazy\" decoding=\"async\" width=\"1024\" height=\"575\" src=\"http:\/\/www.defensoria.gob.ve\/wp-content\/uploads\/2024\/09\/61e328de-b83d-4c9c-90db-cae7a1d3567f-1024x575.jpg\" alt=\"\" class=\"wp-image-7718\" srcset=\"http:\/\/www.defensoria.gob.ve\/wp-content\/uploads\/2024\/09\/61e328de-b83d-4c9c-90db-cae7a1d3567f-1024x575.jpg 1024w, http:\/\/www.defensoria.gob.ve\/wp-content\/uploads\/2024\/09\/61e328de-b83d-4c9c-90db-cae7a1d3567f-300x168.jpg 300w, http:\/\/www.defensoria.gob.ve\/wp-content\/uploads\/2024\/09\/61e328de-b83d-4c9c-90db-cae7a1d3567f-768x431.jpg 768w, http:\/\/www.defensoria.gob.ve\/wp-content\/uploads\/2024\/09\/61e328de-b83d-4c9c-90db-cae7a1d3567f-1536x862.jpg 1536w, http:\/\/www.defensoria.gob.ve\/wp-content\/uploads\/2024\/09\/61e328de-b83d-4c9c-90db-cae7a1d3567f-2048x1150.jpg 2048w\" sizes=\"(max-width: 1024px) 100vw, 1024px\" \/><\/figure>\n\n\n\n<p>Estar\u00e1n presentes ocho entes p\u00fablicos: Tribunal Supremo de Justicia, Consejo Nacional Electoral, Ministerio P\u00fablico, Defensor\u00eda del Pueblo, Defensa P\u00fablica, Seniat, Ministerio del Poder Popular de Econom\u00eda, Finanzas y Comercio Exterior y Ministerio del Poder Popular para el Deporte. FIN \/ PRENSA Defensor\u00eda<\/p>\n\t\t\t\t\t\t\t\t<\/div>\n\t\t\t\t<\/div>\n\t\t\t\t\t<\/div>\n\t\t<\/div>\n\t\t\t\t\t<\/div>\n\t\t<\/section>\n\t\t\t\t<\/div>\n\t\t","protected":false},"excerpt":{"rendered":"<p>(24-Sep-24) Con motivo del 86\u00ba Aniversario de la Contralor\u00eda General de la Rep\u00fablica Bolivariana de Venezuela, la Defensor\u00eda del Pueblo asisti\u00f3 a la apertura de los Juegos Interinstitucionales 2024 en&hellip; <\/p>\n","protected":false},"author":5,"featured_media":7719,"comment_status":"closed","ping_status":"closed","sticky":false,"template":"","format":"standard","meta":{"footnotes":""},"categories":[3],"tags":[],"class_list":["post-7714","post","type-post","status-publish","format-standard","has-post-thumbnail","hentry","category-centrales"],"yoast_head":"<!-- This site is optimized with the Yoast SEO plugin v27.4 - https:\/\/yoast.com\/product\/yoast-seo-wordpress\/ -->\n<title>Defensor\u00eda del Pueblo presente en la inauguraci\u00f3n de los Juegos Interinstitucionales 86 Aniversario de la CGR -<\/title>\n<meta name=\"robots\" content=\"index, follow, max-snippet:-1, max-image-preview:large, max-video-preview:-1\" \/>\n<link rel=\"canonical\" href=\"http:\/\/www.defensoria.gob.ve\/?p=7714\" \/>\n<meta property=\"og:locale\" content=\"es_ES\" \/>\n<meta property=\"og:type\" content=\"article\" \/>\n<meta property=\"og:title\" content=\"Defensor\u00eda del Pueblo presente en la inauguraci\u00f3n de los Juegos Interinstitucionales 86 Aniversario de la CGR -\" \/>\n<meta property=\"og:description\" content=\"(24-Sep-24) Con motivo del 86\u00ba Aniversario de la Contralor\u00eda General de la Rep\u00fablica Bolivariana de Venezuela, la Defensor\u00eda del Pueblo asisti\u00f3 a la apertura de los Juegos Interinstitucionales 2024 en&hellip;\" \/>\n<meta property=\"og:url\" content=\"http:\/\/www.defensoria.gob.ve\/?p=7714\" \/>\n<meta property=\"article:published_time\" content=\"2024-09-25T17:17:16+00:00\" \/>\n<meta property=\"article:modified_time\" content=\"2024-09-25T17:17:38+00:00\" \/>\n<meta property=\"og:image\" content=\"http:\/\/www.defensoria.gob.ve\/wp-content\/uploads\/2024\/09\/438c7827-a5f0-49c2-9a49-01efa4c806ff.jpg\" \/>\n\t<meta property=\"og:image:width\" content=\"2560\" \/>\n\t<meta property=\"og:image:height\" content=\"1437\" \/>\n\t<meta property=\"og:image:type\" content=\"image\/jpeg\" \/>\n<meta name=\"author\" content=\"JC.\" \/>\n<meta name=\"twitter:card\" content=\"summary_large_image\" \/>\n<meta name=\"twitter:label1\" content=\"Escrito por\" \/>\n\t<meta name=\"twitter:data1\" content=\"JC.\" \/>\n\t<meta name=\"twitter:label2\" content=\"Tiempo estimado de lectura\" \/>\n\t<meta name=\"twitter:data2\" content=\"2 minutos\" \/>\n<script type=\"application\/ld+json\" class=\"yoast-schema-graph\">{\"@context\":\"https:\\\/\\\/schema.org\",\"@graph\":[{\"@type\":\"Article\",\"@id\":\"http:\\\/\\\/www.defensoria.gob.ve\\\/?p=7714#article\",\"isPartOf\":{\"@id\":\"http:\\\/\\\/www.defensoria.gob.ve\\\/?p=7714\"},\"author\":{\"name\":\"JC.\",\"@id\":\"http:\\\/\\\/www.defensoria.gob.ve\\\/#\\\/schema\\\/person\\\/fba14293189d7b1933ac7fba9d89e24a\"},\"headline\":\"Defensor\u00eda del Pueblo presente en la inauguraci\u00f3n de los Juegos Interinstitucionales 86 Aniversario de la CGR\",\"datePublished\":\"2024-09-25T17:17:16+00:00\",\"dateModified\":\"2024-09-25T17:17:38+00:00\",\"mainEntityOfPage\":{\"@id\":\"http:\\\/\\\/www.defensoria.gob.ve\\\/?p=7714\"},\"wordCount\":254,\"image\":{\"@id\":\"http:\\\/\\\/www.defensoria.gob.ve\\\/?p=7714#primaryimage\"},\"thumbnailUrl\":\"http:\\\/\\\/www.defensoria.gob.ve\\\/wp-content\\\/uploads\\\/2024\\\/09\\\/438c7827-a5f0-49c2-9a49-01efa4c806ff.jpg\",\"articleSection\":[\"CENTRALES\"],\"inLanguage\":\"es\"},{\"@type\":\"WebPage\",\"@id\":\"http:\\\/\\\/www.defensoria.gob.ve\\\/?p=7714\",\"url\":\"http:\\\/\\\/www.defensoria.gob.ve\\\/?p=7714\",\"name\":\"Defensor\u00eda del Pueblo presente en la inauguraci\u00f3n de los Juegos Interinstitucionales 86 Aniversario de la CGR -\",\"isPartOf\":{\"@id\":\"http:\\\/\\\/www.defensoria.gob.ve\\\/#website\"},\"primaryImageOfPage\":{\"@id\":\"http:\\\/\\\/www.defensoria.gob.ve\\\/?p=7714#primaryimage\"},\"image\":{\"@id\":\"http:\\\/\\\/www.defensoria.gob.ve\\\/?p=7714#primaryimage\"},\"thumbnailUrl\":\"http:\\\/\\\/www.defensoria.gob.ve\\\/wp-content\\\/uploads\\\/2024\\\/09\\\/438c7827-a5f0-49c2-9a49-01efa4c806ff.jpg\",\"datePublished\":\"2024-09-25T17:17:16+00:00\",\"dateModified\":\"2024-09-25T17:17:38+00:00\",\"author\":{\"@id\":\"http:\\\/\\\/www.defensoria.gob.ve\\\/#\\\/schema\\\/person\\\/fba14293189d7b1933ac7fba9d89e24a\"},\"breadcrumb\":{\"@id\":\"http:\\\/\\\/www.defensoria.gob.ve\\\/?p=7714#breadcrumb\"},\"inLanguage\":\"es\",\"potentialAction\":[{\"@type\":\"ReadAction\",\"target\":[\"http:\\\/\\\/www.defensoria.gob.ve\\\/?p=7714\"]}]},{\"@type\":\"ImageObject\",\"inLanguage\":\"es\",\"@id\":\"http:\\\/\\\/www.defensoria.gob.ve\\\/?p=7714#primaryimage\",\"url\":\"http:\\\/\\\/www.defensoria.gob.ve\\\/wp-content\\\/uploads\\\/2024\\\/09\\\/438c7827-a5f0-49c2-9a49-01efa4c806ff.jpg\",\"contentUrl\":\"http:\\\/\\\/www.defensoria.gob.ve\\\/wp-content\\\/uploads\\\/2024\\\/09\\\/438c7827-a5f0-49c2-9a49-01efa4c806ff.jpg\",\"width\":2560,\"height\":1437},{\"@type\":\"BreadcrumbList\",\"@id\":\"http:\\\/\\\/www.defensoria.gob.ve\\\/?p=7714#breadcrumb\",\"itemListElement\":[{\"@type\":\"ListItem\",\"position\":1,\"name\":\"Portada\",\"item\":\"http:\\\/\\\/www.defensoria.gob.ve\\\/\"},{\"@type\":\"ListItem\",\"position\":2,\"name\":\"Defensor\u00eda del Pueblo presente en la inauguraci\u00f3n de los Juegos Interinstitucionales 86 Aniversario de la CGR\"}]},{\"@type\":\"WebSite\",\"@id\":\"http:\\\/\\\/www.defensoria.gob.ve\\\/#website\",\"url\":\"http:\\\/\\\/www.defensoria.gob.ve\\\/\",\"name\":\"\",\"description\":\"Instituci\u00f3n del Poder Ciudadano para la Promoci\u00f3n, Defensa y Vigilancia de los Derechos Humanos. \",\"potentialAction\":[{\"@type\":\"SearchAction\",\"target\":{\"@type\":\"EntryPoint\",\"urlTemplate\":\"http:\\\/\\\/www.defensoria.gob.ve\\\/?s={search_term_string}\"},\"query-input\":{\"@type\":\"PropertyValueSpecification\",\"valueRequired\":true,\"valueName\":\"search_term_string\"}}],\"inLanguage\":\"es\"},{\"@type\":\"Person\",\"@id\":\"http:\\\/\\\/www.defensoria.gob.ve\\\/#\\\/schema\\\/person\\\/fba14293189d7b1933ac7fba9d89e24a\",\"name\":\"JC.\",\"image\":{\"@type\":\"ImageObject\",\"inLanguage\":\"es\",\"@id\":\"https:\\\/\\\/secure.gravatar.com\\\/avatar\\\/f398a4de948606b38f0299d90ca738c674b648694bc725ed46503c240269dbf8?s=96&d=mm&r=g\",\"url\":\"https:\\\/\\\/secure.gravatar.com\\\/avatar\\\/f398a4de948606b38f0299d90ca738c674b648694bc725ed46503c240269dbf8?s=96&d=mm&r=g\",\"contentUrl\":\"https:\\\/\\\/secure.gravatar.com\\\/avatar\\\/f398a4de948606b38f0299d90ca738c674b648694bc725ed46503c240269dbf8?s=96&d=mm&r=g\",\"caption\":\"JC.\"},\"url\":\"http:\\\/\\\/www.defensoria.gob.ve\\\/?author=5\"}]}<\/script>\n<!-- \/ Yoast SEO plugin. -->","yoast_head_json":{"title":"Defensor\u00eda del Pueblo presente en la inauguraci\u00f3n de los Juegos Interinstitucionales 86 Aniversario de la CGR -","robots":{"index":"index","follow":"follow","max-snippet":"max-snippet:-1","max-image-preview":"max-image-preview:large","max-video-preview":"max-video-preview:-1"},"canonical":"http:\/\/www.defensoria.gob.ve\/?p=7714","og_locale":"es_ES","og_type":"article","og_title":"Defensor\u00eda del Pueblo presente en la inauguraci\u00f3n de los Juegos Interinstitucionales 86 Aniversario de la CGR -","og_description":"(24-Sep-24) Con motivo del 86\u00ba Aniversario de la Contralor\u00eda General de la Rep\u00fablica Bolivariana de Venezuela, la Defensor\u00eda del Pueblo asisti\u00f3 a la apertura de los Juegos Interinstitucionales 2024 en&hellip;","og_url":"http:\/\/www.defensoria.gob.ve\/?p=7714","article_published_time":"2024-09-25T17:17:16+00:00","article_modified_time":"2024-09-25T17:17:38+00:00","og_image":[{"width":2560,"height":1437,"url":"http:\/\/www.defensoria.gob.ve\/wp-content\/uploads\/2024\/09\/438c7827-a5f0-49c2-9a49-01efa4c806ff.jpg","type":"image\/jpeg"}],"author":"JC.","twitter_card":"summary_large_image","twitter_misc":{"Escrito por":"JC.","Tiempo estimado de lectura":"2 minutos"},"schema":{"@context":"https:\/\/schema.org","@graph":[{"@type":"Article","@id":"http:\/\/www.defensoria.gob.ve\/?p=7714#article","isPartOf":{"@id":"http:\/\/www.defensoria.gob.ve\/?p=7714"},"author":{"name":"JC.","@id":"http:\/\/www.defensoria.gob.ve\/#\/schema\/person\/fba14293189d7b1933ac7fba9d89e24a"},"headline":"Defensor\u00eda del Pueblo presente en la inauguraci\u00f3n de los Juegos Interinstitucionales 86 Aniversario de la CGR","datePublished":"2024-09-25T17:17:16+00:00","dateModified":"2024-09-25T17:17:38+00:00","mainEntityOfPage":{"@id":"http:\/\/www.defensoria.gob.ve\/?p=7714"},"wordCount":254,"image":{"@id":"http:\/\/www.defensoria.gob.ve\/?p=7714#primaryimage"},"thumbnailUrl":"http:\/\/www.defensoria.gob.ve\/wp-content\/uploads\/2024\/09\/438c7827-a5f0-49c2-9a49-01efa4c806ff.jpg","articleSection":["CENTRALES"],"inLanguage":"es"},{"@type":"WebPage","@id":"http:\/\/www.defensoria.gob.ve\/?p=7714","url":"http:\/\/www.defensoria.gob.ve\/?p=7714","name":"Defensor\u00eda del Pueblo presente en la inauguraci\u00f3n de los Juegos Interinstitucionales 86 Aniversario de la CGR -","isPartOf":{"@id":"http:\/\/www.defensoria.gob.ve\/#website"},"primaryImageOfPage":{"@id":"http:\/\/www.defensoria.gob.ve\/?p=7714#primaryimage"},"image":{"@id":"http:\/\/www.defensoria.gob.ve\/?p=7714#primaryimage"},"thumbnailUrl":"http:\/\/www.defensoria.gob.ve\/wp-content\/uploads\/2024\/09\/438c7827-a5f0-49c2-9a49-01efa4c806ff.jpg","datePublished":"2024-09-25T17:17:16+00:00","dateModified":"2024-09-25T17:17:38+00:00","author":{"@id":"http:\/\/www.defensoria.gob.ve\/#\/schema\/person\/fba14293189d7b1933ac7fba9d89e24a"},"breadcrumb":{"@id":"http:\/\/www.defensoria.gob.ve\/?p=7714#breadcrumb"},"inLanguage":"es","potentialAction":[{"@type":"ReadAction","target":["http:\/\/www.defensoria.gob.ve\/?p=7714"]}]},{"@type":"ImageObject","inLanguage":"es","@id":"http:\/\/www.defensoria.gob.ve\/?p=7714#primaryimage","url":"http:\/\/www.defensoria.gob.ve\/wp-content\/uploads\/2024\/09\/438c7827-a5f0-49c2-9a49-01efa4c806ff.jpg","contentUrl":"http:\/\/www.defensoria.gob.ve\/wp-content\/uploads\/2024\/09\/438c7827-a5f0-49c2-9a49-01efa4c806ff.jpg","width":2560,"height":1437},{"@type":"BreadcrumbList","@id":"http:\/\/www.defensoria.gob.ve\/?p=7714#breadcrumb","itemListElement":[{"@type":"ListItem","position":1,"name":"Portada","item":"http:\/\/www.defensoria.gob.ve\/"},{"@type":"ListItem","position":2,"name":"Defensor\u00eda del Pueblo presente en la inauguraci\u00f3n de los Juegos Interinstitucionales 86 Aniversario de la CGR"}]},{"@type":"WebSite","@id":"http:\/\/www.defensoria.gob.ve\/#website","url":"http:\/\/www.defensoria.gob.ve\/","name":"","description":"Instituci\u00f3n del Poder Ciudadano para la Promoci\u00f3n, Defensa y Vigilancia de los Derechos Humanos. ","potentialAction":[{"@type":"SearchAction","target":{"@type":"EntryPoint","urlTemplate":"http:\/\/www.defensoria.gob.ve\/?s={search_term_string}"},"query-input":{"@type":"PropertyValueSpecification","valueRequired":true,"valueName":"search_term_string"}}],"inLanguage":"es"},{"@type":"Person","@id":"http:\/\/www.defensoria.gob.ve\/#\/schema\/person\/fba14293189d7b1933ac7fba9d89e24a","name":"JC.","image":{"@type":"ImageObject","inLanguage":"es","@id":"https:\/\/secure.gravatar.com\/avatar\/f398a4de948606b38f0299d90ca738c674b648694bc725ed46503c240269dbf8?s=96&d=mm&r=g","url":"https:\/\/secure.gravatar.com\/avatar\/f398a4de948606b38f0299d90ca738c674b648694bc725ed46503c240269dbf8?s=96&d=mm&r=g","contentUrl":"https:\/\/secure.gravatar.com\/avatar\/f398a4de948606b38f0299d90ca738c674b648694bc725ed46503c240269dbf8?s=96&d=mm&r=g","caption":"JC."},"url":"http:\/\/www.defensoria.gob.ve\/?author=5"}]}},"_links":{"self":[{"href":"http:\/\/www.defensoria.gob.ve\/index.php?rest_route=\/wp\/v2\/posts\/7714","targetHints":{"allow":["GET"]}}],"collection":[{"href":"http:\/\/www.defensoria.gob.ve\/index.php?rest_route=\/wp\/v2\/posts"}],"about":[{"href":"http:\/\/www.defensoria.gob.ve\/index.php?rest_route=\/wp\/v2\/types\/post"}],"author":[{"embeddable":true,"href":"http:\/\/www.defensoria.gob.ve\/index.php?rest_route=\/wp\/v2\/users\/5"}],"replies":[{"embeddable":true,"href":"http:\/\/www.defensoria.gob.ve\/index.php?rest_route=%2Fwp%2Fv2%2Fcomments&post=7714"}],"version-history":[{"count":4,"href":"http:\/\/www.defensoria.gob.ve\/index.php?rest_route=\/wp\/v2\/posts\/7714\/revisions"}],"predecessor-version":[{"id":7723,"href":"http:\/\/www.defensoria.gob.ve\/index.php?rest_route=\/wp\/v2\/posts\/7714\/revisions\/7723"}],"wp:featuredmedia":[{"embeddable":true,"href":"http:\/\/www.defensoria.gob.ve\/index.php?rest_route=\/wp\/v2\/media\/7719"}],"wp:attachment":[{"href":"http:\/\/www.defensoria.gob.ve\/index.php?rest_route=%2Fwp%2Fv2%2Fmedia&parent=7714"}],"wp:term":[{"taxonomy":"category","embeddable":true,"href":"http:\/\/www.defensoria.gob.ve\/index.php?rest_route=%2Fwp%2Fv2%2Fcategories&post=7714"},{"taxonomy":"post_tag","embeddable":true,"href":"http:\/\/www.defensoria.gob.ve\/index.php?rest_route=%2Fwp%2Fv2%2Ftags&post=7714"}],"curies":[{"name":"wp","href":"https:\/\/api.w.org\/{rel}","templated":true}]}}