 
{"id":7724,"date":"2024-09-25T13:34:23","date_gmt":"2024-09-25T17:34:23","guid":{"rendered":"http:\/\/www.defensoria.gob.ve\/?p=7724"},"modified":"2024-09-25T13:34:55","modified_gmt":"2024-09-25T17:34:55","slug":"en-miranda-conmemoran-el-dia-internacional-de-la-paz-con-talleres-sobre-dd-hh-para-personas-adultas-mayores","status":"publish","type":"post","link":"http:\/\/www.defensoria.gob.ve\/?p=7724","title":{"rendered":"En Miranda conmemoran el D\u00eda Internacional de La Paz con talleres sobre DD.HH. para personas adultas mayores"},"content":{"rendered":"\t\t<div data-elementor-type=\"wp-post\" data-elementor-id=\"7724\" class=\"elementor elementor-7724\">\n\t\t\t\t\t\t<section class=\"elementor-section elementor-top-section elementor-element elementor-element-37427369 elementor-section-boxed elementor-section-height-default elementor-section-height-default\" data-id=\"37427369\" data-element_type=\"section\" data-e-type=\"section\">\n\t\t\t\t\t\t<div class=\"elementor-container elementor-column-gap-default\">\n\t\t\t\t\t<div class=\"elementor-column elementor-col-100 elementor-top-column elementor-element elementor-element-5cff4a\" data-id=\"5cff4a\" data-element_type=\"column\" data-e-type=\"column\">\n\t\t\t<div class=\"elementor-widget-wrap elementor-element-populated\">\n\t\t\t\t\t\t<div class=\"elementor-element elementor-element-6bc4f27e elementor-widget elementor-widget-text-editor\" data-id=\"6bc4f27e\" data-element_type=\"widget\" data-e-type=\"widget\" data-widget_type=\"text-editor.default\">\n\t\t\t\t<div class=\"elementor-widget-container\">\n\t\t\t\t\t\t\t\t\t\n<p><strong>(Miranda\/ 25-09-24)<\/strong> Como parte de las actividades conmemorativas en el marco del D\u00eda Internacional de La Paz, el equipo defensorial de la Subsede Charallave, desarroll\u00f3 el martes 23 de septiembre, un conversatorio dirigido a personas de la tercera edad, del Centro de Atenci\u00f3n Integral de Personas Adultas y Adultos Mayores \u00ababuelas y abuelos de la patria\u00bb, ubicado en el sector 07 de abril de Charallave, municipio Crist\u00f3bal Rojas.  <\/p>\n\n\n\n<p>La facilitadora de la ponencia fue Nohelia Castro, Defensora II del ente defensorial, quien abord\u00f3 sobre las caracter\u00edsticas de la Ley Constitucional contra el Odio, por la Convivencia Pac\u00edfica y la Tolerancia, as\u00ed como la importancia de la paz como elemento transversal de los derechos humanos. <\/p>\n\n\n\n<p>Al respecto, record\u00f3 que este a\u00f1o se celebr\u00f3 el 25\u00b0 aniversario de la adopci\u00f3n por la Asamblea General de las Naciones Unidas de la Declaraci\u00f3n y Programa de Acci\u00f3n sobre una Cultura de Paz, en el que se reconoc\u00eda que \u00abla paz no solo es la ausencia de conflictos, sino que tambi\u00e9n requiere un proceso positivo, din\u00e1mico y participativo en el que se promueva el di\u00e1logo y se resuelvan los conflictos con esp\u00edritu de entendimiento y la cooperaci\u00f3n mutua\u00bb. <strong>FIN \/ PRENSA Defensor\u00eda<\/strong><\/p>\n\t\t\t\t\t\t\t\t<\/div>\n\t\t\t\t<\/div>\n\t\t\t\t\t<\/div>\n\t\t<\/div>\n\t\t\t\t\t<\/div>\n\t\t<\/section>\n\t\t\t\t<\/div>\n\t\t","protected":false},"excerpt":{"rendered":"<p>(Miranda\/ 25-09-24) Como parte de las actividades conmemorativas en el marco del D\u00eda Internacional de La Paz, el equipo defensorial de la Subsede Charallave, desarroll\u00f3 el martes 23 de septiembre,&hellip; <\/p>\n","protected":false},"author":5,"featured_media":7725,"comment_status":"closed","ping_status":"closed","sticky":false,"template":"","format":"standard","meta":{"footnotes":""},"categories":[5],"tags":[],"class_list":["post-7724","post","type-post","status-publish","format-standard","has-post-thumbnail","hentry","category-regionales"],"yoast_head":"<!-- This site is optimized with the Yoast SEO plugin v27.4 - https:\/\/yoast.com\/product\/yoast-seo-wordpress\/ -->\n<title>En Miranda conmemoran el D\u00eda Internacional de La Paz con talleres sobre DD.HH. para personas adultas mayores -<\/title>\n<meta name=\"robots\" content=\"index, follow, max-snippet:-1, max-image-preview:large, max-video-preview:-1\" \/>\n<link rel=\"canonical\" href=\"http:\/\/www.defensoria.gob.ve\/?p=7724\" \/>\n<meta property=\"og:locale\" content=\"es_ES\" \/>\n<meta property=\"og:type\" content=\"article\" \/>\n<meta property=\"og:title\" content=\"En Miranda conmemoran el D\u00eda Internacional de La Paz con talleres sobre DD.HH. para personas adultas mayores -\" \/>\n<meta property=\"og:description\" content=\"(Miranda\/ 25-09-24) Como parte de las actividades conmemorativas en el marco del D\u00eda Internacional de La Paz, el equipo defensorial de la Subsede Charallave, desarroll\u00f3 el martes 23 de septiembre,&hellip;\" \/>\n<meta property=\"og:url\" content=\"http:\/\/www.defensoria.gob.ve\/?p=7724\" \/>\n<meta property=\"article:published_time\" content=\"2024-09-25T17:34:23+00:00\" \/>\n<meta property=\"article:modified_time\" content=\"2024-09-25T17:34:55+00:00\" \/>\n<meta property=\"og:image\" content=\"http:\/\/www.defensoria.gob.ve\/wp-content\/uploads\/2024\/09\/Charallave.png\" \/>\n\t<meta property=\"og:image:width\" content=\"767\" \/>\n\t<meta property=\"og:image:height\" content=\"464\" \/>\n\t<meta property=\"og:image:type\" content=\"image\/png\" \/>\n<meta name=\"author\" content=\"JC.\" \/>\n<meta name=\"twitter:card\" content=\"summary_large_image\" \/>\n<meta name=\"twitter:label1\" content=\"Escrito por\" \/>\n\t<meta name=\"twitter:data1\" content=\"JC.\" \/>\n\t<meta name=\"twitter:label2\" content=\"Tiempo estimado de lectura\" \/>\n\t<meta name=\"twitter:data2\" content=\"1 minuto\" \/>\n<script type=\"application\/ld+json\" class=\"yoast-schema-graph\">{\"@context\":\"https:\\\/\\\/schema.org\",\"@graph\":[{\"@type\":\"Article\",\"@id\":\"http:\\\/\\\/www.defensoria.gob.ve\\\/?p=7724#article\",\"isPartOf\":{\"@id\":\"http:\\\/\\\/www.defensoria.gob.ve\\\/?p=7724\"},\"author\":{\"name\":\"JC.\",\"@id\":\"http:\\\/\\\/www.defensoria.gob.ve\\\/#\\\/schema\\\/person\\\/fba14293189d7b1933ac7fba9d89e24a\"},\"headline\":\"En Miranda conmemoran el D\u00eda Internacional de La Paz con talleres sobre DD.HH. para personas adultas mayores\",\"datePublished\":\"2024-09-25T17:34:23+00:00\",\"dateModified\":\"2024-09-25T17:34:55+00:00\",\"mainEntityOfPage\":{\"@id\":\"http:\\\/\\\/www.defensoria.gob.ve\\\/?p=7724\"},\"wordCount\":229,\"image\":{\"@id\":\"http:\\\/\\\/www.defensoria.gob.ve\\\/?p=7724#primaryimage\"},\"thumbnailUrl\":\"http:\\\/\\\/www.defensoria.gob.ve\\\/wp-content\\\/uploads\\\/2024\\\/09\\\/Charallave.png\",\"articleSection\":[\"REGIONALES\"],\"inLanguage\":\"es\"},{\"@type\":\"WebPage\",\"@id\":\"http:\\\/\\\/www.defensoria.gob.ve\\\/?p=7724\",\"url\":\"http:\\\/\\\/www.defensoria.gob.ve\\\/?p=7724\",\"name\":\"En Miranda conmemoran el D\u00eda Internacional de La Paz con talleres sobre DD.HH. para personas adultas mayores -\",\"isPartOf\":{\"@id\":\"http:\\\/\\\/www.defensoria.gob.ve\\\/#website\"},\"primaryImageOfPage\":{\"@id\":\"http:\\\/\\\/www.defensoria.gob.ve\\\/?p=7724#primaryimage\"},\"image\":{\"@id\":\"http:\\\/\\\/www.defensoria.gob.ve\\\/?p=7724#primaryimage\"},\"thumbnailUrl\":\"http:\\\/\\\/www.defensoria.gob.ve\\\/wp-content\\\/uploads\\\/2024\\\/09\\\/Charallave.png\",\"datePublished\":\"2024-09-25T17:34:23+00:00\",\"dateModified\":\"2024-09-25T17:34:55+00:00\",\"author\":{\"@id\":\"http:\\\/\\\/www.defensoria.gob.ve\\\/#\\\/schema\\\/person\\\/fba14293189d7b1933ac7fba9d89e24a\"},\"breadcrumb\":{\"@id\":\"http:\\\/\\\/www.defensoria.gob.ve\\\/?p=7724#breadcrumb\"},\"inLanguage\":\"es\",\"potentialAction\":[{\"@type\":\"ReadAction\",\"target\":[\"http:\\\/\\\/www.defensoria.gob.ve\\\/?p=7724\"]}]},{\"@type\":\"ImageObject\",\"inLanguage\":\"es\",\"@id\":\"http:\\\/\\\/www.defensoria.gob.ve\\\/?p=7724#primaryimage\",\"url\":\"http:\\\/\\\/www.defensoria.gob.ve\\\/wp-content\\\/uploads\\\/2024\\\/09\\\/Charallave.png\",\"contentUrl\":\"http:\\\/\\\/www.defensoria.gob.ve\\\/wp-content\\\/uploads\\\/2024\\\/09\\\/Charallave.png\",\"width\":767,\"height\":464},{\"@type\":\"BreadcrumbList\",\"@id\":\"http:\\\/\\\/www.defensoria.gob.ve\\\/?p=7724#breadcrumb\",\"itemListElement\":[{\"@type\":\"ListItem\",\"position\":1,\"name\":\"Portada\",\"item\":\"http:\\\/\\\/www.defensoria.gob.ve\\\/\"},{\"@type\":\"ListItem\",\"position\":2,\"name\":\"En Miranda conmemoran el D\u00eda Internacional de La Paz con talleres sobre DD.HH. para personas adultas mayores\"}]},{\"@type\":\"WebSite\",\"@id\":\"http:\\\/\\\/www.defensoria.gob.ve\\\/#website\",\"url\":\"http:\\\/\\\/www.defensoria.gob.ve\\\/\",\"name\":\"\",\"description\":\"Instituci\u00f3n del Poder Ciudadano para la Promoci\u00f3n, Defensa y Vigilancia de los Derechos Humanos. \",\"potentialAction\":[{\"@type\":\"SearchAction\",\"target\":{\"@type\":\"EntryPoint\",\"urlTemplate\":\"http:\\\/\\\/www.defensoria.gob.ve\\\/?s={search_term_string}\"},\"query-input\":{\"@type\":\"PropertyValueSpecification\",\"valueRequired\":true,\"valueName\":\"search_term_string\"}}],\"inLanguage\":\"es\"},{\"@type\":\"Person\",\"@id\":\"http:\\\/\\\/www.defensoria.gob.ve\\\/#\\\/schema\\\/person\\\/fba14293189d7b1933ac7fba9d89e24a\",\"name\":\"JC.\",\"image\":{\"@type\":\"ImageObject\",\"inLanguage\":\"es\",\"@id\":\"https:\\\/\\\/secure.gravatar.com\\\/avatar\\\/f398a4de948606b38f0299d90ca738c674b648694bc725ed46503c240269dbf8?s=96&d=mm&r=g\",\"url\":\"https:\\\/\\\/secure.gravatar.com\\\/avatar\\\/f398a4de948606b38f0299d90ca738c674b648694bc725ed46503c240269dbf8?s=96&d=mm&r=g\",\"contentUrl\":\"https:\\\/\\\/secure.gravatar.com\\\/avatar\\\/f398a4de948606b38f0299d90ca738c674b648694bc725ed46503c240269dbf8?s=96&d=mm&r=g\",\"caption\":\"JC.\"},\"url\":\"http:\\\/\\\/www.defensoria.gob.ve\\\/?author=5\"}]}<\/script>\n<!-- \/ Yoast SEO plugin. -->","yoast_head_json":{"title":"En Miranda conmemoran el D\u00eda Internacional de La Paz con talleres sobre DD.HH. para personas adultas mayores -","robots":{"index":"index","follow":"follow","max-snippet":"max-snippet:-1","max-image-preview":"max-image-preview:large","max-video-preview":"max-video-preview:-1"},"canonical":"http:\/\/www.defensoria.gob.ve\/?p=7724","og_locale":"es_ES","og_type":"article","og_title":"En Miranda conmemoran el D\u00eda Internacional de La Paz con talleres sobre DD.HH. para personas adultas mayores -","og_description":"(Miranda\/ 25-09-24) Como parte de las actividades conmemorativas en el marco del D\u00eda Internacional de La Paz, el equipo defensorial de la Subsede Charallave, desarroll\u00f3 el martes 23 de septiembre,&hellip;","og_url":"http:\/\/www.defensoria.gob.ve\/?p=7724","article_published_time":"2024-09-25T17:34:23+00:00","article_modified_time":"2024-09-25T17:34:55+00:00","og_image":[{"width":767,"height":464,"url":"http:\/\/www.defensoria.gob.ve\/wp-content\/uploads\/2024\/09\/Charallave.png","type":"image\/png"}],"author":"JC.","twitter_card":"summary_large_image","twitter_misc":{"Escrito por":"JC.","Tiempo estimado de lectura":"1 minuto"},"schema":{"@context":"https:\/\/schema.org","@graph":[{"@type":"Article","@id":"http:\/\/www.defensoria.gob.ve\/?p=7724#article","isPartOf":{"@id":"http:\/\/www.defensoria.gob.ve\/?p=7724"},"author":{"name":"JC.","@id":"http:\/\/www.defensoria.gob.ve\/#\/schema\/person\/fba14293189d7b1933ac7fba9d89e24a"},"headline":"En Miranda conmemoran el D\u00eda Internacional de La Paz con talleres sobre DD.HH. para personas adultas mayores","datePublished":"2024-09-25T17:34:23+00:00","dateModified":"2024-09-25T17:34:55+00:00","mainEntityOfPage":{"@id":"http:\/\/www.defensoria.gob.ve\/?p=7724"},"wordCount":229,"image":{"@id":"http:\/\/www.defensoria.gob.ve\/?p=7724#primaryimage"},"thumbnailUrl":"http:\/\/www.defensoria.gob.ve\/wp-content\/uploads\/2024\/09\/Charallave.png","articleSection":["REGIONALES"],"inLanguage":"es"},{"@type":"WebPage","@id":"http:\/\/www.defensoria.gob.ve\/?p=7724","url":"http:\/\/www.defensoria.gob.ve\/?p=7724","name":"En Miranda conmemoran el D\u00eda Internacional de La Paz con talleres sobre DD.HH. para personas adultas mayores -","isPartOf":{"@id":"http:\/\/www.defensoria.gob.ve\/#website"},"primaryImageOfPage":{"@id":"http:\/\/www.defensoria.gob.ve\/?p=7724#primaryimage"},"image":{"@id":"http:\/\/www.defensoria.gob.ve\/?p=7724#primaryimage"},"thumbnailUrl":"http:\/\/www.defensoria.gob.ve\/wp-content\/uploads\/2024\/09\/Charallave.png","datePublished":"2024-09-25T17:34:23+00:00","dateModified":"2024-09-25T17:34:55+00:00","author":{"@id":"http:\/\/www.defensoria.gob.ve\/#\/schema\/person\/fba14293189d7b1933ac7fba9d89e24a"},"breadcrumb":{"@id":"http:\/\/www.defensoria.gob.ve\/?p=7724#breadcrumb"},"inLanguage":"es","potentialAction":[{"@type":"ReadAction","target":["http:\/\/www.defensoria.gob.ve\/?p=7724"]}]},{"@type":"ImageObject","inLanguage":"es","@id":"http:\/\/www.defensoria.gob.ve\/?p=7724#primaryimage","url":"http:\/\/www.defensoria.gob.ve\/wp-content\/uploads\/2024\/09\/Charallave.png","contentUrl":"http:\/\/www.defensoria.gob.ve\/wp-content\/uploads\/2024\/09\/Charallave.png","width":767,"height":464},{"@type":"BreadcrumbList","@id":"http:\/\/www.defensoria.gob.ve\/?p=7724#breadcrumb","itemListElement":[{"@type":"ListItem","position":1,"name":"Portada","item":"http:\/\/www.defensoria.gob.ve\/"},{"@type":"ListItem","position":2,"name":"En Miranda conmemoran el D\u00eda Internacional de La Paz con talleres sobre DD.HH. para personas adultas mayores"}]},{"@type":"WebSite","@id":"http:\/\/www.defensoria.gob.ve\/#website","url":"http:\/\/www.defensoria.gob.ve\/","name":"","description":"Instituci\u00f3n del Poder Ciudadano para la Promoci\u00f3n, Defensa y Vigilancia de los Derechos Humanos. ","potentialAction":[{"@type":"SearchAction","target":{"@type":"EntryPoint","urlTemplate":"http:\/\/www.defensoria.gob.ve\/?s={search_term_string}"},"query-input":{"@type":"PropertyValueSpecification","valueRequired":true,"valueName":"search_term_string"}}],"inLanguage":"es"},{"@type":"Person","@id":"http:\/\/www.defensoria.gob.ve\/#\/schema\/person\/fba14293189d7b1933ac7fba9d89e24a","name":"JC.","image":{"@type":"ImageObject","inLanguage":"es","@id":"https:\/\/secure.gravatar.com\/avatar\/f398a4de948606b38f0299d90ca738c674b648694bc725ed46503c240269dbf8?s=96&d=mm&r=g","url":"https:\/\/secure.gravatar.com\/avatar\/f398a4de948606b38f0299d90ca738c674b648694bc725ed46503c240269dbf8?s=96&d=mm&r=g","contentUrl":"https:\/\/secure.gravatar.com\/avatar\/f398a4de948606b38f0299d90ca738c674b648694bc725ed46503c240269dbf8?s=96&d=mm&r=g","caption":"JC."},"url":"http:\/\/www.defensoria.gob.ve\/?author=5"}]}},"_links":{"self":[{"href":"http:\/\/www.defensoria.gob.ve\/index.php?rest_route=\/wp\/v2\/posts\/7724","targetHints":{"allow":["GET"]}}],"collection":[{"href":"http:\/\/www.defensoria.gob.ve\/index.php?rest_route=\/wp\/v2\/posts"}],"about":[{"href":"http:\/\/www.defensoria.gob.ve\/index.php?rest_route=\/wp\/v2\/types\/post"}],"author":[{"embeddable":true,"href":"http:\/\/www.defensoria.gob.ve\/index.php?rest_route=\/wp\/v2\/users\/5"}],"replies":[{"embeddable":true,"href":"http:\/\/www.defensoria.gob.ve\/index.php?rest_route=%2Fwp%2Fv2%2Fcomments&post=7724"}],"version-history":[{"count":4,"href":"http:\/\/www.defensoria.gob.ve\/index.php?rest_route=\/wp\/v2\/posts\/7724\/revisions"}],"predecessor-version":[{"id":7729,"href":"http:\/\/www.defensoria.gob.ve\/index.php?rest_route=\/wp\/v2\/posts\/7724\/revisions\/7729"}],"wp:featuredmedia":[{"embeddable":true,"href":"http:\/\/www.defensoria.gob.ve\/index.php?rest_route=\/wp\/v2\/media\/7725"}],"wp:attachment":[{"href":"http:\/\/www.defensoria.gob.ve\/index.php?rest_route=%2Fwp%2Fv2%2Fmedia&parent=7724"}],"wp:term":[{"taxonomy":"category","embeddable":true,"href":"http:\/\/www.defensoria.gob.ve\/index.php?rest_route=%2Fwp%2Fv2%2Fcategories&post=7724"},{"taxonomy":"post_tag","embeddable":true,"href":"http:\/\/www.defensoria.gob.ve\/index.php?rest_route=%2Fwp%2Fv2%2Ftags&post=7724"}],"curies":[{"name":"wp","href":"https:\/\/api.w.org\/{rel}","templated":true}]}}