 
{"id":7730,"date":"2024-09-25T13:46:17","date_gmt":"2024-09-25T17:46:17","guid":{"rendered":"http:\/\/www.defensoria.gob.ve\/?p=7730"},"modified":"2024-09-25T13:46:44","modified_gmt":"2024-09-25T17:46:44","slug":"delegada-de-guarico-participa-en-sesion-solemne-por-el-dia-internacional-de-la-paz","status":"publish","type":"post","link":"http:\/\/www.defensoria.gob.ve\/?p=7730","title":{"rendered":"Delegada de Gu\u00e1rico participa en sesi\u00f3n solemne por el D\u00eda Internacional de La Paz"},"content":{"rendered":"\t\t<div data-elementor-type=\"wp-post\" data-elementor-id=\"7730\" class=\"elementor elementor-7730\">\n\t\t\t\t\t\t<section class=\"elementor-section elementor-top-section elementor-element elementor-element-837c262 elementor-section-boxed elementor-section-height-default elementor-section-height-default\" data-id=\"837c262\" data-element_type=\"section\" data-e-type=\"section\">\n\t\t\t\t\t\t<div class=\"elementor-container elementor-column-gap-default\">\n\t\t\t\t\t<div class=\"elementor-column elementor-col-100 elementor-top-column elementor-element elementor-element-a28c4a6\" data-id=\"a28c4a6\" data-element_type=\"column\" data-e-type=\"column\">\n\t\t\t<div class=\"elementor-widget-wrap elementor-element-populated\">\n\t\t\t\t\t\t<div class=\"elementor-element elementor-element-40f88f7e elementor-widget elementor-widget-text-editor\" data-id=\"40f88f7e\" data-element_type=\"widget\" data-e-type=\"widget\" data-widget_type=\"text-editor.default\">\n\t\t\t\t<div class=\"elementor-widget-container\">\n\t\t\t\t\t\t\t\t\t\n<p><strong>(Gu\u00e1rico\/25-Sep-24)<\/strong>&nbsp;La Defensor\u00eda delegada del estado Gu\u00e1rico particip\u00f3 en la sesi\u00f3n solemne del Concejo municipal del municipio Esteros de Camagu\u00e1n en el marco de la celebraci\u00f3n de los 256 Aniversario de la fundaci\u00f3n del municipio, y la conmemoraci\u00f3n del D\u00eda Internacional de la Paz.<\/p>\n\n\n\n<p>Vale acotar que en esta actividad los servidores y servidoras de la DdP entregaron volantes alusivos a la conmemoraci\u00f3n del D\u00eda Internacional de La Paz.<\/p>\n\n\n\n<figure class=\"wp-block-image size-large\"><img fetchpriority=\"high\" decoding=\"async\" width=\"1024\" height=\"576\" src=\"http:\/\/www.defensoria.gob.ve\/wp-content\/uploads\/2024\/09\/772ade34-07e9-4d6b-ab57-e815976a932a-1024x576.jpg\" alt=\"\" class=\"wp-image-7731\" srcset=\"http:\/\/www.defensoria.gob.ve\/wp-content\/uploads\/2024\/09\/772ade34-07e9-4d6b-ab57-e815976a932a-1024x576.jpg 1024w, http:\/\/www.defensoria.gob.ve\/wp-content\/uploads\/2024\/09\/772ade34-07e9-4d6b-ab57-e815976a932a-300x169.jpg 300w, http:\/\/www.defensoria.gob.ve\/wp-content\/uploads\/2024\/09\/772ade34-07e9-4d6b-ab57-e815976a932a-768x432.jpg 768w, http:\/\/www.defensoria.gob.ve\/wp-content\/uploads\/2024\/09\/772ade34-07e9-4d6b-ab57-e815976a932a.jpg 1280w\" sizes=\"(max-width: 1024px) 100vw, 1024px\" \/><\/figure>\n\n\n\n<p><br><br>Durante el acto se cont\u00f3 con la presencia de Emilio \u00c1vila, alcalde del municipio Esteros de Camagu\u00e1n; Ram\u00f3n Parra, presidente de la C\u00e1mara Municipal del municipio y Wilmer Medina Director del Centro de Coordinaci\u00f3n Policial N 4 del Instituto Aut\u00f3nomo de la Polic\u00eda del estado Bolivariano de Gu\u00e1rico (Poligu\u00e1rico), entre otros.<\/p>\n\n\n\n<p>Asimismo, con motivo de la conmemoraci\u00f3n por la paz del mundo se efectu\u00f3 una misa en la Iglesia Cat\u00f3lica Humildad y Paciencia para orar por la paz y la sana convivencia sin ning\u00fan tipo de exclusi\u00f3n.&nbsp;<strong>FIN \/ PRENSA Defensor\u00eda<\/strong><\/p>\n\t\t\t\t\t\t\t\t<\/div>\n\t\t\t\t<\/div>\n\t\t\t\t\t<\/div>\n\t\t<\/div>\n\t\t\t\t\t<\/div>\n\t\t<\/section>\n\t\t\t\t<\/div>\n\t\t","protected":false},"excerpt":{"rendered":"<p>(Gu\u00e1rico\/25-Sep-24)&nbsp;La Defensor\u00eda delegada del estado Gu\u00e1rico particip\u00f3 en la sesi\u00f3n solemne del Concejo municipal del municipio Esteros de Camagu\u00e1n en el marco de la celebraci\u00f3n de los 256 Aniversario de&hellip; <\/p>\n","protected":false},"author":5,"featured_media":7732,"comment_status":"closed","ping_status":"closed","sticky":false,"template":"","format":"standard","meta":{"footnotes":""},"categories":[5],"tags":[],"class_list":["post-7730","post","type-post","status-publish","format-standard","has-post-thumbnail","hentry","category-regionales"],"yoast_head":"<!-- This site is optimized with the Yoast SEO plugin v27.4 - https:\/\/yoast.com\/product\/yoast-seo-wordpress\/ -->\n<title>Delegada de Gu\u00e1rico participa en sesi\u00f3n solemne por el D\u00eda Internacional de La Paz -<\/title>\n<meta name=\"robots\" content=\"index, follow, max-snippet:-1, max-image-preview:large, max-video-preview:-1\" \/>\n<link rel=\"canonical\" href=\"http:\/\/www.defensoria.gob.ve\/?p=7730\" \/>\n<meta property=\"og:locale\" content=\"es_ES\" \/>\n<meta property=\"og:type\" content=\"article\" \/>\n<meta property=\"og:title\" content=\"Delegada de Gu\u00e1rico participa en sesi\u00f3n solemne por el D\u00eda Internacional de La Paz -\" \/>\n<meta property=\"og:description\" content=\"(Gu\u00e1rico\/25-Sep-24)&nbsp;La Defensor\u00eda delegada del estado Gu\u00e1rico particip\u00f3 en la sesi\u00f3n solemne del Concejo municipal del municipio Esteros de Camagu\u00e1n en el marco de la celebraci\u00f3n de los 256 Aniversario de&hellip;\" \/>\n<meta property=\"og:url\" content=\"http:\/\/www.defensoria.gob.ve\/?p=7730\" \/>\n<meta property=\"article:published_time\" content=\"2024-09-25T17:46:17+00:00\" \/>\n<meta property=\"article:modified_time\" content=\"2024-09-25T17:46:44+00:00\" \/>\n<meta property=\"og:image\" content=\"http:\/\/www.defensoria.gob.ve\/wp-content\/uploads\/2024\/09\/ac8dcb5f-992b-483e-90e0-6fef4543133e.jpg\" \/>\n\t<meta property=\"og:image:width\" content=\"1280\" \/>\n\t<meta property=\"og:image:height\" content=\"720\" \/>\n\t<meta property=\"og:image:type\" content=\"image\/jpeg\" \/>\n<meta name=\"author\" content=\"JC.\" \/>\n<meta name=\"twitter:card\" content=\"summary_large_image\" \/>\n<meta name=\"twitter:label1\" content=\"Escrito por\" \/>\n\t<meta name=\"twitter:data1\" content=\"JC.\" \/>\n\t<meta name=\"twitter:label2\" content=\"Tiempo estimado de lectura\" \/>\n\t<meta name=\"twitter:data2\" content=\"1 minuto\" \/>\n<script type=\"application\/ld+json\" class=\"yoast-schema-graph\">{\"@context\":\"https:\\\/\\\/schema.org\",\"@graph\":[{\"@type\":\"Article\",\"@id\":\"http:\\\/\\\/www.defensoria.gob.ve\\\/?p=7730#article\",\"isPartOf\":{\"@id\":\"http:\\\/\\\/www.defensoria.gob.ve\\\/?p=7730\"},\"author\":{\"name\":\"JC.\",\"@id\":\"http:\\\/\\\/www.defensoria.gob.ve\\\/#\\\/schema\\\/person\\\/fba14293189d7b1933ac7fba9d89e24a\"},\"headline\":\"Delegada de Gu\u00e1rico participa en sesi\u00f3n solemne por el D\u00eda Internacional de La Paz\",\"datePublished\":\"2024-09-25T17:46:17+00:00\",\"dateModified\":\"2024-09-25T17:46:44+00:00\",\"mainEntityOfPage\":{\"@id\":\"http:\\\/\\\/www.defensoria.gob.ve\\\/?p=7730\"},\"wordCount\":201,\"image\":{\"@id\":\"http:\\\/\\\/www.defensoria.gob.ve\\\/?p=7730#primaryimage\"},\"thumbnailUrl\":\"http:\\\/\\\/www.defensoria.gob.ve\\\/wp-content\\\/uploads\\\/2024\\\/09\\\/ac8dcb5f-992b-483e-90e0-6fef4543133e.jpg\",\"articleSection\":[\"REGIONALES\"],\"inLanguage\":\"es\"},{\"@type\":\"WebPage\",\"@id\":\"http:\\\/\\\/www.defensoria.gob.ve\\\/?p=7730\",\"url\":\"http:\\\/\\\/www.defensoria.gob.ve\\\/?p=7730\",\"name\":\"Delegada de Gu\u00e1rico participa en sesi\u00f3n solemne por el D\u00eda Internacional de La Paz -\",\"isPartOf\":{\"@id\":\"http:\\\/\\\/www.defensoria.gob.ve\\\/#website\"},\"primaryImageOfPage\":{\"@id\":\"http:\\\/\\\/www.defensoria.gob.ve\\\/?p=7730#primaryimage\"},\"image\":{\"@id\":\"http:\\\/\\\/www.defensoria.gob.ve\\\/?p=7730#primaryimage\"},\"thumbnailUrl\":\"http:\\\/\\\/www.defensoria.gob.ve\\\/wp-content\\\/uploads\\\/2024\\\/09\\\/ac8dcb5f-992b-483e-90e0-6fef4543133e.jpg\",\"datePublished\":\"2024-09-25T17:46:17+00:00\",\"dateModified\":\"2024-09-25T17:46:44+00:00\",\"author\":{\"@id\":\"http:\\\/\\\/www.defensoria.gob.ve\\\/#\\\/schema\\\/person\\\/fba14293189d7b1933ac7fba9d89e24a\"},\"breadcrumb\":{\"@id\":\"http:\\\/\\\/www.defensoria.gob.ve\\\/?p=7730#breadcrumb\"},\"inLanguage\":\"es\",\"potentialAction\":[{\"@type\":\"ReadAction\",\"target\":[\"http:\\\/\\\/www.defensoria.gob.ve\\\/?p=7730\"]}]},{\"@type\":\"ImageObject\",\"inLanguage\":\"es\",\"@id\":\"http:\\\/\\\/www.defensoria.gob.ve\\\/?p=7730#primaryimage\",\"url\":\"http:\\\/\\\/www.defensoria.gob.ve\\\/wp-content\\\/uploads\\\/2024\\\/09\\\/ac8dcb5f-992b-483e-90e0-6fef4543133e.jpg\",\"contentUrl\":\"http:\\\/\\\/www.defensoria.gob.ve\\\/wp-content\\\/uploads\\\/2024\\\/09\\\/ac8dcb5f-992b-483e-90e0-6fef4543133e.jpg\",\"width\":1280,\"height\":720},{\"@type\":\"BreadcrumbList\",\"@id\":\"http:\\\/\\\/www.defensoria.gob.ve\\\/?p=7730#breadcrumb\",\"itemListElement\":[{\"@type\":\"ListItem\",\"position\":1,\"name\":\"Portada\",\"item\":\"http:\\\/\\\/www.defensoria.gob.ve\\\/\"},{\"@type\":\"ListItem\",\"position\":2,\"name\":\"Delegada de Gu\u00e1rico participa en sesi\u00f3n solemne por el D\u00eda Internacional de La Paz\"}]},{\"@type\":\"WebSite\",\"@id\":\"http:\\\/\\\/www.defensoria.gob.ve\\\/#website\",\"url\":\"http:\\\/\\\/www.defensoria.gob.ve\\\/\",\"name\":\"\",\"description\":\"Instituci\u00f3n del Poder Ciudadano para la Promoci\u00f3n, Defensa y Vigilancia de los Derechos Humanos. \",\"potentialAction\":[{\"@type\":\"SearchAction\",\"target\":{\"@type\":\"EntryPoint\",\"urlTemplate\":\"http:\\\/\\\/www.defensoria.gob.ve\\\/?s={search_term_string}\"},\"query-input\":{\"@type\":\"PropertyValueSpecification\",\"valueRequired\":true,\"valueName\":\"search_term_string\"}}],\"inLanguage\":\"es\"},{\"@type\":\"Person\",\"@id\":\"http:\\\/\\\/www.defensoria.gob.ve\\\/#\\\/schema\\\/person\\\/fba14293189d7b1933ac7fba9d89e24a\",\"name\":\"JC.\",\"image\":{\"@type\":\"ImageObject\",\"inLanguage\":\"es\",\"@id\":\"https:\\\/\\\/secure.gravatar.com\\\/avatar\\\/f398a4de948606b38f0299d90ca738c674b648694bc725ed46503c240269dbf8?s=96&d=mm&r=g\",\"url\":\"https:\\\/\\\/secure.gravatar.com\\\/avatar\\\/f398a4de948606b38f0299d90ca738c674b648694bc725ed46503c240269dbf8?s=96&d=mm&r=g\",\"contentUrl\":\"https:\\\/\\\/secure.gravatar.com\\\/avatar\\\/f398a4de948606b38f0299d90ca738c674b648694bc725ed46503c240269dbf8?s=96&d=mm&r=g\",\"caption\":\"JC.\"},\"url\":\"http:\\\/\\\/www.defensoria.gob.ve\\\/?author=5\"}]}<\/script>\n<!-- \/ Yoast SEO plugin. -->","yoast_head_json":{"title":"Delegada de Gu\u00e1rico participa en sesi\u00f3n solemne por el D\u00eda Internacional de La Paz -","robots":{"index":"index","follow":"follow","max-snippet":"max-snippet:-1","max-image-preview":"max-image-preview:large","max-video-preview":"max-video-preview:-1"},"canonical":"http:\/\/www.defensoria.gob.ve\/?p=7730","og_locale":"es_ES","og_type":"article","og_title":"Delegada de Gu\u00e1rico participa en sesi\u00f3n solemne por el D\u00eda Internacional de La Paz -","og_description":"(Gu\u00e1rico\/25-Sep-24)&nbsp;La Defensor\u00eda delegada del estado Gu\u00e1rico particip\u00f3 en la sesi\u00f3n solemne del Concejo municipal del municipio Esteros de Camagu\u00e1n en el marco de la celebraci\u00f3n de los 256 Aniversario de&hellip;","og_url":"http:\/\/www.defensoria.gob.ve\/?p=7730","article_published_time":"2024-09-25T17:46:17+00:00","article_modified_time":"2024-09-25T17:46:44+00:00","og_image":[{"width":1280,"height":720,"url":"http:\/\/www.defensoria.gob.ve\/wp-content\/uploads\/2024\/09\/ac8dcb5f-992b-483e-90e0-6fef4543133e.jpg","type":"image\/jpeg"}],"author":"JC.","twitter_card":"summary_large_image","twitter_misc":{"Escrito por":"JC.","Tiempo estimado de lectura":"1 minuto"},"schema":{"@context":"https:\/\/schema.org","@graph":[{"@type":"Article","@id":"http:\/\/www.defensoria.gob.ve\/?p=7730#article","isPartOf":{"@id":"http:\/\/www.defensoria.gob.ve\/?p=7730"},"author":{"name":"JC.","@id":"http:\/\/www.defensoria.gob.ve\/#\/schema\/person\/fba14293189d7b1933ac7fba9d89e24a"},"headline":"Delegada de Gu\u00e1rico participa en sesi\u00f3n solemne por el D\u00eda Internacional de La Paz","datePublished":"2024-09-25T17:46:17+00:00","dateModified":"2024-09-25T17:46:44+00:00","mainEntityOfPage":{"@id":"http:\/\/www.defensoria.gob.ve\/?p=7730"},"wordCount":201,"image":{"@id":"http:\/\/www.defensoria.gob.ve\/?p=7730#primaryimage"},"thumbnailUrl":"http:\/\/www.defensoria.gob.ve\/wp-content\/uploads\/2024\/09\/ac8dcb5f-992b-483e-90e0-6fef4543133e.jpg","articleSection":["REGIONALES"],"inLanguage":"es"},{"@type":"WebPage","@id":"http:\/\/www.defensoria.gob.ve\/?p=7730","url":"http:\/\/www.defensoria.gob.ve\/?p=7730","name":"Delegada de Gu\u00e1rico participa en sesi\u00f3n solemne por el D\u00eda Internacional de La Paz -","isPartOf":{"@id":"http:\/\/www.defensoria.gob.ve\/#website"},"primaryImageOfPage":{"@id":"http:\/\/www.defensoria.gob.ve\/?p=7730#primaryimage"},"image":{"@id":"http:\/\/www.defensoria.gob.ve\/?p=7730#primaryimage"},"thumbnailUrl":"http:\/\/www.defensoria.gob.ve\/wp-content\/uploads\/2024\/09\/ac8dcb5f-992b-483e-90e0-6fef4543133e.jpg","datePublished":"2024-09-25T17:46:17+00:00","dateModified":"2024-09-25T17:46:44+00:00","author":{"@id":"http:\/\/www.defensoria.gob.ve\/#\/schema\/person\/fba14293189d7b1933ac7fba9d89e24a"},"breadcrumb":{"@id":"http:\/\/www.defensoria.gob.ve\/?p=7730#breadcrumb"},"inLanguage":"es","potentialAction":[{"@type":"ReadAction","target":["http:\/\/www.defensoria.gob.ve\/?p=7730"]}]},{"@type":"ImageObject","inLanguage":"es","@id":"http:\/\/www.defensoria.gob.ve\/?p=7730#primaryimage","url":"http:\/\/www.defensoria.gob.ve\/wp-content\/uploads\/2024\/09\/ac8dcb5f-992b-483e-90e0-6fef4543133e.jpg","contentUrl":"http:\/\/www.defensoria.gob.ve\/wp-content\/uploads\/2024\/09\/ac8dcb5f-992b-483e-90e0-6fef4543133e.jpg","width":1280,"height":720},{"@type":"BreadcrumbList","@id":"http:\/\/www.defensoria.gob.ve\/?p=7730#breadcrumb","itemListElement":[{"@type":"ListItem","position":1,"name":"Portada","item":"http:\/\/www.defensoria.gob.ve\/"},{"@type":"ListItem","position":2,"name":"Delegada de Gu\u00e1rico participa en sesi\u00f3n solemne por el D\u00eda Internacional de La Paz"}]},{"@type":"WebSite","@id":"http:\/\/www.defensoria.gob.ve\/#website","url":"http:\/\/www.defensoria.gob.ve\/","name":"","description":"Instituci\u00f3n del Poder Ciudadano para la Promoci\u00f3n, Defensa y Vigilancia de los Derechos Humanos. ","potentialAction":[{"@type":"SearchAction","target":{"@type":"EntryPoint","urlTemplate":"http:\/\/www.defensoria.gob.ve\/?s={search_term_string}"},"query-input":{"@type":"PropertyValueSpecification","valueRequired":true,"valueName":"search_term_string"}}],"inLanguage":"es"},{"@type":"Person","@id":"http:\/\/www.defensoria.gob.ve\/#\/schema\/person\/fba14293189d7b1933ac7fba9d89e24a","name":"JC.","image":{"@type":"ImageObject","inLanguage":"es","@id":"https:\/\/secure.gravatar.com\/avatar\/f398a4de948606b38f0299d90ca738c674b648694bc725ed46503c240269dbf8?s=96&d=mm&r=g","url":"https:\/\/secure.gravatar.com\/avatar\/f398a4de948606b38f0299d90ca738c674b648694bc725ed46503c240269dbf8?s=96&d=mm&r=g","contentUrl":"https:\/\/secure.gravatar.com\/avatar\/f398a4de948606b38f0299d90ca738c674b648694bc725ed46503c240269dbf8?s=96&d=mm&r=g","caption":"JC."},"url":"http:\/\/www.defensoria.gob.ve\/?author=5"}]}},"_links":{"self":[{"href":"http:\/\/www.defensoria.gob.ve\/index.php?rest_route=\/wp\/v2\/posts\/7730","targetHints":{"allow":["GET"]}}],"collection":[{"href":"http:\/\/www.defensoria.gob.ve\/index.php?rest_route=\/wp\/v2\/posts"}],"about":[{"href":"http:\/\/www.defensoria.gob.ve\/index.php?rest_route=\/wp\/v2\/types\/post"}],"author":[{"embeddable":true,"href":"http:\/\/www.defensoria.gob.ve\/index.php?rest_route=\/wp\/v2\/users\/5"}],"replies":[{"embeddable":true,"href":"http:\/\/www.defensoria.gob.ve\/index.php?rest_route=%2Fwp%2Fv2%2Fcomments&post=7730"}],"version-history":[{"count":4,"href":"http:\/\/www.defensoria.gob.ve\/index.php?rest_route=\/wp\/v2\/posts\/7730\/revisions"}],"predecessor-version":[{"id":7736,"href":"http:\/\/www.defensoria.gob.ve\/index.php?rest_route=\/wp\/v2\/posts\/7730\/revisions\/7736"}],"wp:featuredmedia":[{"embeddable":true,"href":"http:\/\/www.defensoria.gob.ve\/index.php?rest_route=\/wp\/v2\/media\/7732"}],"wp:attachment":[{"href":"http:\/\/www.defensoria.gob.ve\/index.php?rest_route=%2Fwp%2Fv2%2Fmedia&parent=7730"}],"wp:term":[{"taxonomy":"category","embeddable":true,"href":"http:\/\/www.defensoria.gob.ve\/index.php?rest_route=%2Fwp%2Fv2%2Fcategories&post=7730"},{"taxonomy":"post_tag","embeddable":true,"href":"http:\/\/www.defensoria.gob.ve\/index.php?rest_route=%2Fwp%2Fv2%2Ftags&post=7730"}],"curies":[{"name":"wp","href":"https:\/\/api.w.org\/{rel}","templated":true}]}}