 
{"id":7745,"date":"2024-09-26T07:00:00","date_gmt":"2024-09-26T11:00:00","guid":{"rendered":"http:\/\/www.defensoria.gob.ve\/?p=7745"},"modified":"2024-09-25T17:27:14","modified_gmt":"2024-09-25T21:27:14","slug":"ddp-del-area-metropolitana-participa-en-encuentro-ecumenico-por-la-paz","status":"publish","type":"post","link":"http:\/\/www.defensoria.gob.ve\/?p=7745","title":{"rendered":"DdP del \u00c1rea Metropolitana participa en Encuentro Ecum\u00e9nico Por La Paz"},"content":{"rendered":"\t\t<div data-elementor-type=\"wp-post\" data-elementor-id=\"7745\" class=\"elementor elementor-7745\">\n\t\t\t\t\t\t<section class=\"elementor-section elementor-top-section elementor-element elementor-element-11e73af2 elementor-section-boxed elementor-section-height-default elementor-section-height-default\" data-id=\"11e73af2\" data-element_type=\"section\" data-e-type=\"section\">\n\t\t\t\t\t\t<div class=\"elementor-container elementor-column-gap-default\">\n\t\t\t\t\t<div class=\"elementor-column elementor-col-100 elementor-top-column elementor-element elementor-element-4539c632\" data-id=\"4539c632\" data-element_type=\"column\" data-e-type=\"column\">\n\t\t\t<div class=\"elementor-widget-wrap elementor-element-populated\">\n\t\t\t\t\t\t<div class=\"elementor-element elementor-element-77b11284 elementor-widget elementor-widget-text-editor\" data-id=\"77b11284\" data-element_type=\"widget\" data-e-type=\"widget\" data-widget_type=\"text-editor.default\">\n\t\t\t\t<div class=\"elementor-widget-container\">\n\t\t\t\t\t\t\t\t\t\n<p><strong>(\u00c1rea Metropolitana\/26-Sep-24)<\/strong> Con motivo de la conmemoraci\u00f3n del D\u00eda Internacional de La Paz, celebrado el pasado 21 de septiembre, la Defensor\u00eda Delegada del \u00c1rea Metropolitana de Caracas particip\u00f3 con sus servidores y servidoras de un Encuentro Ecum\u00e9nico por La Paz.<\/p>\n\n\n\n<p>La actividad se llev\u00f3 a cabo en la sede del ente defensorial, ubicada en la Plaza Morelos y cont\u00f3 con el Pastor C\u00e9sar Mart\u00ednez de la Iglesia Manantial Agua Viva, y Pablo Urquiaga, p\u00e1rroco de la iglesia La Resurrecci\u00f3n del Se\u00f1or, que oficiaron la ceremonia religiosa.<\/p>\n\n\n\n<figure class=\"wp-block-image size-large\"><img fetchpriority=\"high\" decoding=\"async\" width=\"1024\" height=\"768\" src=\"http:\/\/www.defensoria.gob.ve\/wp-content\/uploads\/2024\/09\/f6003f18-bd92-4b2f-9405-c86870d1d848-1024x768.jpg\" alt=\"\" class=\"wp-image-7746\" srcset=\"http:\/\/www.defensoria.gob.ve\/wp-content\/uploads\/2024\/09\/f6003f18-bd92-4b2f-9405-c86870d1d848-1024x768.jpg 1024w, http:\/\/www.defensoria.gob.ve\/wp-content\/uploads\/2024\/09\/f6003f18-bd92-4b2f-9405-c86870d1d848-300x225.jpg 300w, http:\/\/www.defensoria.gob.ve\/wp-content\/uploads\/2024\/09\/f6003f18-bd92-4b2f-9405-c86870d1d848-768x576.jpg 768w, http:\/\/www.defensoria.gob.ve\/wp-content\/uploads\/2024\/09\/f6003f18-bd92-4b2f-9405-c86870d1d848.jpg 1280w\" sizes=\"(max-width: 1024px) 100vw, 1024px\" \/><\/figure>\n\n\n\n<p>Es importante resaltar que el D\u00eda Internacional por la Paz siempre ha sido un momento para deponer las armas y respetar el alto el fuego. Pero debe ser adem\u00e1s una ocasi\u00f3n para que las personas vean la humanidad de los dem\u00e1s. Nuestra supervivencia como comunidad mundial depende de ello.<\/p>\n\n\n\n<p>De esta forma, la DdP contin\u00faa apoyando todas las iniciativas y celebraciones hist\u00f3ricas que promuevan y difundan la garant\u00eda de los derechos humanos de los venezolanos y las venezolanas. <strong>FIN \/ PRENSA Defensor\u00eda<\/strong><\/p>\n\t\t\t\t\t\t\t\t<\/div>\n\t\t\t\t<\/div>\n\t\t\t\t\t<\/div>\n\t\t<\/div>\n\t\t\t\t\t<\/div>\n\t\t<\/section>\n\t\t\t\t<\/div>\n\t\t","protected":false},"excerpt":{"rendered":"<p>(\u00c1rea Metropolitana\/26-Sep-24) Con motivo de la conmemoraci\u00f3n del D\u00eda Internacional de La Paz, celebrado el pasado 21 de septiembre, la Defensor\u00eda Delegada del \u00c1rea Metropolitana de Caracas particip\u00f3 con sus&hellip; <\/p>\n","protected":false},"author":5,"featured_media":7747,"comment_status":"closed","ping_status":"closed","sticky":false,"template":"","format":"standard","meta":{"footnotes":""},"categories":[5],"tags":[],"class_list":["post-7745","post","type-post","status-publish","format-standard","has-post-thumbnail","hentry","category-regionales"],"yoast_head":"<!-- This site is optimized with the Yoast SEO plugin v27.4 - https:\/\/yoast.com\/product\/yoast-seo-wordpress\/ -->\n<title>DdP del \u00c1rea Metropolitana participa en Encuentro Ecum\u00e9nico Por La Paz -<\/title>\n<meta name=\"robots\" content=\"index, follow, max-snippet:-1, max-image-preview:large, max-video-preview:-1\" \/>\n<link rel=\"canonical\" href=\"http:\/\/www.defensoria.gob.ve\/?p=7745\" \/>\n<meta property=\"og:locale\" content=\"es_ES\" \/>\n<meta property=\"og:type\" content=\"article\" \/>\n<meta property=\"og:title\" content=\"DdP del \u00c1rea Metropolitana participa en Encuentro Ecum\u00e9nico Por La Paz -\" \/>\n<meta property=\"og:description\" content=\"(\u00c1rea Metropolitana\/26-Sep-24) Con motivo de la conmemoraci\u00f3n del D\u00eda Internacional de La Paz, celebrado el pasado 21 de septiembre, la Defensor\u00eda Delegada del \u00c1rea Metropolitana de Caracas particip\u00f3 con sus&hellip;\" \/>\n<meta property=\"og:url\" content=\"http:\/\/www.defensoria.gob.ve\/?p=7745\" \/>\n<meta property=\"article:published_time\" content=\"2024-09-26T11:00:00+00:00\" \/>\n<meta property=\"og:image\" content=\"http:\/\/www.defensoria.gob.ve\/wp-content\/uploads\/2024\/09\/a8d0b177-b8be-4c69-8221-ffaa3b59cad7.jpg\" \/>\n\t<meta property=\"og:image:width\" content=\"1280\" \/>\n\t<meta property=\"og:image:height\" content=\"720\" \/>\n\t<meta property=\"og:image:type\" content=\"image\/jpeg\" \/>\n<meta name=\"author\" content=\"JC.\" \/>\n<meta name=\"twitter:card\" content=\"summary_large_image\" \/>\n<meta name=\"twitter:label1\" content=\"Escrito por\" \/>\n\t<meta name=\"twitter:data1\" content=\"JC.\" \/>\n\t<meta name=\"twitter:label2\" content=\"Tiempo estimado de lectura\" \/>\n\t<meta name=\"twitter:data2\" content=\"1 minuto\" \/>\n<script type=\"application\/ld+json\" class=\"yoast-schema-graph\">{\"@context\":\"https:\\\/\\\/schema.org\",\"@graph\":[{\"@type\":\"Article\",\"@id\":\"http:\\\/\\\/www.defensoria.gob.ve\\\/?p=7745#article\",\"isPartOf\":{\"@id\":\"http:\\\/\\\/www.defensoria.gob.ve\\\/?p=7745\"},\"author\":{\"name\":\"JC.\",\"@id\":\"http:\\\/\\\/www.defensoria.gob.ve\\\/#\\\/schema\\\/person\\\/fba14293189d7b1933ac7fba9d89e24a\"},\"headline\":\"DdP del \u00c1rea Metropolitana participa en Encuentro Ecum\u00e9nico Por La Paz\",\"datePublished\":\"2024-09-26T11:00:00+00:00\",\"mainEntityOfPage\":{\"@id\":\"http:\\\/\\\/www.defensoria.gob.ve\\\/?p=7745\"},\"wordCount\":196,\"image\":{\"@id\":\"http:\\\/\\\/www.defensoria.gob.ve\\\/?p=7745#primaryimage\"},\"thumbnailUrl\":\"http:\\\/\\\/www.defensoria.gob.ve\\\/wp-content\\\/uploads\\\/2024\\\/09\\\/a8d0b177-b8be-4c69-8221-ffaa3b59cad7.jpg\",\"articleSection\":[\"REGIONALES\"],\"inLanguage\":\"es\"},{\"@type\":\"WebPage\",\"@id\":\"http:\\\/\\\/www.defensoria.gob.ve\\\/?p=7745\",\"url\":\"http:\\\/\\\/www.defensoria.gob.ve\\\/?p=7745\",\"name\":\"DdP del \u00c1rea Metropolitana participa en Encuentro Ecum\u00e9nico Por La Paz -\",\"isPartOf\":{\"@id\":\"http:\\\/\\\/www.defensoria.gob.ve\\\/#website\"},\"primaryImageOfPage\":{\"@id\":\"http:\\\/\\\/www.defensoria.gob.ve\\\/?p=7745#primaryimage\"},\"image\":{\"@id\":\"http:\\\/\\\/www.defensoria.gob.ve\\\/?p=7745#primaryimage\"},\"thumbnailUrl\":\"http:\\\/\\\/www.defensoria.gob.ve\\\/wp-content\\\/uploads\\\/2024\\\/09\\\/a8d0b177-b8be-4c69-8221-ffaa3b59cad7.jpg\",\"datePublished\":\"2024-09-26T11:00:00+00:00\",\"author\":{\"@id\":\"http:\\\/\\\/www.defensoria.gob.ve\\\/#\\\/schema\\\/person\\\/fba14293189d7b1933ac7fba9d89e24a\"},\"breadcrumb\":{\"@id\":\"http:\\\/\\\/www.defensoria.gob.ve\\\/?p=7745#breadcrumb\"},\"inLanguage\":\"es\",\"potentialAction\":[{\"@type\":\"ReadAction\",\"target\":[\"http:\\\/\\\/www.defensoria.gob.ve\\\/?p=7745\"]}]},{\"@type\":\"ImageObject\",\"inLanguage\":\"es\",\"@id\":\"http:\\\/\\\/www.defensoria.gob.ve\\\/?p=7745#primaryimage\",\"url\":\"http:\\\/\\\/www.defensoria.gob.ve\\\/wp-content\\\/uploads\\\/2024\\\/09\\\/a8d0b177-b8be-4c69-8221-ffaa3b59cad7.jpg\",\"contentUrl\":\"http:\\\/\\\/www.defensoria.gob.ve\\\/wp-content\\\/uploads\\\/2024\\\/09\\\/a8d0b177-b8be-4c69-8221-ffaa3b59cad7.jpg\",\"width\":1280,\"height\":720},{\"@type\":\"BreadcrumbList\",\"@id\":\"http:\\\/\\\/www.defensoria.gob.ve\\\/?p=7745#breadcrumb\",\"itemListElement\":[{\"@type\":\"ListItem\",\"position\":1,\"name\":\"Portada\",\"item\":\"http:\\\/\\\/www.defensoria.gob.ve\\\/\"},{\"@type\":\"ListItem\",\"position\":2,\"name\":\"DdP del \u00c1rea Metropolitana participa en Encuentro Ecum\u00e9nico Por La Paz\"}]},{\"@type\":\"WebSite\",\"@id\":\"http:\\\/\\\/www.defensoria.gob.ve\\\/#website\",\"url\":\"http:\\\/\\\/www.defensoria.gob.ve\\\/\",\"name\":\"\",\"description\":\"Instituci\u00f3n del Poder Ciudadano para la Promoci\u00f3n, Defensa y Vigilancia de los Derechos Humanos. \",\"potentialAction\":[{\"@type\":\"SearchAction\",\"target\":{\"@type\":\"EntryPoint\",\"urlTemplate\":\"http:\\\/\\\/www.defensoria.gob.ve\\\/?s={search_term_string}\"},\"query-input\":{\"@type\":\"PropertyValueSpecification\",\"valueRequired\":true,\"valueName\":\"search_term_string\"}}],\"inLanguage\":\"es\"},{\"@type\":\"Person\",\"@id\":\"http:\\\/\\\/www.defensoria.gob.ve\\\/#\\\/schema\\\/person\\\/fba14293189d7b1933ac7fba9d89e24a\",\"name\":\"JC.\",\"image\":{\"@type\":\"ImageObject\",\"inLanguage\":\"es\",\"@id\":\"https:\\\/\\\/secure.gravatar.com\\\/avatar\\\/f398a4de948606b38f0299d90ca738c674b648694bc725ed46503c240269dbf8?s=96&d=mm&r=g\",\"url\":\"https:\\\/\\\/secure.gravatar.com\\\/avatar\\\/f398a4de948606b38f0299d90ca738c674b648694bc725ed46503c240269dbf8?s=96&d=mm&r=g\",\"contentUrl\":\"https:\\\/\\\/secure.gravatar.com\\\/avatar\\\/f398a4de948606b38f0299d90ca738c674b648694bc725ed46503c240269dbf8?s=96&d=mm&r=g\",\"caption\":\"JC.\"},\"url\":\"http:\\\/\\\/www.defensoria.gob.ve\\\/?author=5\"}]}<\/script>\n<!-- \/ Yoast SEO plugin. -->","yoast_head_json":{"title":"DdP del \u00c1rea Metropolitana participa en Encuentro Ecum\u00e9nico Por La Paz -","robots":{"index":"index","follow":"follow","max-snippet":"max-snippet:-1","max-image-preview":"max-image-preview:large","max-video-preview":"max-video-preview:-1"},"canonical":"http:\/\/www.defensoria.gob.ve\/?p=7745","og_locale":"es_ES","og_type":"article","og_title":"DdP del \u00c1rea Metropolitana participa en Encuentro Ecum\u00e9nico Por La Paz -","og_description":"(\u00c1rea Metropolitana\/26-Sep-24) Con motivo de la conmemoraci\u00f3n del D\u00eda Internacional de La Paz, celebrado el pasado 21 de septiembre, la Defensor\u00eda Delegada del \u00c1rea Metropolitana de Caracas particip\u00f3 con sus&hellip;","og_url":"http:\/\/www.defensoria.gob.ve\/?p=7745","article_published_time":"2024-09-26T11:00:00+00:00","og_image":[{"width":1280,"height":720,"url":"http:\/\/www.defensoria.gob.ve\/wp-content\/uploads\/2024\/09\/a8d0b177-b8be-4c69-8221-ffaa3b59cad7.jpg","type":"image\/jpeg"}],"author":"JC.","twitter_card":"summary_large_image","twitter_misc":{"Escrito por":"JC.","Tiempo estimado de lectura":"1 minuto"},"schema":{"@context":"https:\/\/schema.org","@graph":[{"@type":"Article","@id":"http:\/\/www.defensoria.gob.ve\/?p=7745#article","isPartOf":{"@id":"http:\/\/www.defensoria.gob.ve\/?p=7745"},"author":{"name":"JC.","@id":"http:\/\/www.defensoria.gob.ve\/#\/schema\/person\/fba14293189d7b1933ac7fba9d89e24a"},"headline":"DdP del \u00c1rea Metropolitana participa en Encuentro Ecum\u00e9nico Por La Paz","datePublished":"2024-09-26T11:00:00+00:00","mainEntityOfPage":{"@id":"http:\/\/www.defensoria.gob.ve\/?p=7745"},"wordCount":196,"image":{"@id":"http:\/\/www.defensoria.gob.ve\/?p=7745#primaryimage"},"thumbnailUrl":"http:\/\/www.defensoria.gob.ve\/wp-content\/uploads\/2024\/09\/a8d0b177-b8be-4c69-8221-ffaa3b59cad7.jpg","articleSection":["REGIONALES"],"inLanguage":"es"},{"@type":"WebPage","@id":"http:\/\/www.defensoria.gob.ve\/?p=7745","url":"http:\/\/www.defensoria.gob.ve\/?p=7745","name":"DdP del \u00c1rea Metropolitana participa en Encuentro Ecum\u00e9nico Por La Paz -","isPartOf":{"@id":"http:\/\/www.defensoria.gob.ve\/#website"},"primaryImageOfPage":{"@id":"http:\/\/www.defensoria.gob.ve\/?p=7745#primaryimage"},"image":{"@id":"http:\/\/www.defensoria.gob.ve\/?p=7745#primaryimage"},"thumbnailUrl":"http:\/\/www.defensoria.gob.ve\/wp-content\/uploads\/2024\/09\/a8d0b177-b8be-4c69-8221-ffaa3b59cad7.jpg","datePublished":"2024-09-26T11:00:00+00:00","author":{"@id":"http:\/\/www.defensoria.gob.ve\/#\/schema\/person\/fba14293189d7b1933ac7fba9d89e24a"},"breadcrumb":{"@id":"http:\/\/www.defensoria.gob.ve\/?p=7745#breadcrumb"},"inLanguage":"es","potentialAction":[{"@type":"ReadAction","target":["http:\/\/www.defensoria.gob.ve\/?p=7745"]}]},{"@type":"ImageObject","inLanguage":"es","@id":"http:\/\/www.defensoria.gob.ve\/?p=7745#primaryimage","url":"http:\/\/www.defensoria.gob.ve\/wp-content\/uploads\/2024\/09\/a8d0b177-b8be-4c69-8221-ffaa3b59cad7.jpg","contentUrl":"http:\/\/www.defensoria.gob.ve\/wp-content\/uploads\/2024\/09\/a8d0b177-b8be-4c69-8221-ffaa3b59cad7.jpg","width":1280,"height":720},{"@type":"BreadcrumbList","@id":"http:\/\/www.defensoria.gob.ve\/?p=7745#breadcrumb","itemListElement":[{"@type":"ListItem","position":1,"name":"Portada","item":"http:\/\/www.defensoria.gob.ve\/"},{"@type":"ListItem","position":2,"name":"DdP del \u00c1rea Metropolitana participa en Encuentro Ecum\u00e9nico Por La Paz"}]},{"@type":"WebSite","@id":"http:\/\/www.defensoria.gob.ve\/#website","url":"http:\/\/www.defensoria.gob.ve\/","name":"","description":"Instituci\u00f3n del Poder Ciudadano para la Promoci\u00f3n, Defensa y Vigilancia de los Derechos Humanos. ","potentialAction":[{"@type":"SearchAction","target":{"@type":"EntryPoint","urlTemplate":"http:\/\/www.defensoria.gob.ve\/?s={search_term_string}"},"query-input":{"@type":"PropertyValueSpecification","valueRequired":true,"valueName":"search_term_string"}}],"inLanguage":"es"},{"@type":"Person","@id":"http:\/\/www.defensoria.gob.ve\/#\/schema\/person\/fba14293189d7b1933ac7fba9d89e24a","name":"JC.","image":{"@type":"ImageObject","inLanguage":"es","@id":"https:\/\/secure.gravatar.com\/avatar\/f398a4de948606b38f0299d90ca738c674b648694bc725ed46503c240269dbf8?s=96&d=mm&r=g","url":"https:\/\/secure.gravatar.com\/avatar\/f398a4de948606b38f0299d90ca738c674b648694bc725ed46503c240269dbf8?s=96&d=mm&r=g","contentUrl":"https:\/\/secure.gravatar.com\/avatar\/f398a4de948606b38f0299d90ca738c674b648694bc725ed46503c240269dbf8?s=96&d=mm&r=g","caption":"JC."},"url":"http:\/\/www.defensoria.gob.ve\/?author=5"}]}},"_links":{"self":[{"href":"http:\/\/www.defensoria.gob.ve\/index.php?rest_route=\/wp\/v2\/posts\/7745","targetHints":{"allow":["GET"]}}],"collection":[{"href":"http:\/\/www.defensoria.gob.ve\/index.php?rest_route=\/wp\/v2\/posts"}],"about":[{"href":"http:\/\/www.defensoria.gob.ve\/index.php?rest_route=\/wp\/v2\/types\/post"}],"author":[{"embeddable":true,"href":"http:\/\/www.defensoria.gob.ve\/index.php?rest_route=\/wp\/v2\/users\/5"}],"replies":[{"embeddable":true,"href":"http:\/\/www.defensoria.gob.ve\/index.php?rest_route=%2Fwp%2Fv2%2Fcomments&post=7745"}],"version-history":[{"count":4,"href":"http:\/\/www.defensoria.gob.ve\/index.php?rest_route=\/wp\/v2\/posts\/7745\/revisions"}],"predecessor-version":[{"id":7751,"href":"http:\/\/www.defensoria.gob.ve\/index.php?rest_route=\/wp\/v2\/posts\/7745\/revisions\/7751"}],"wp:featuredmedia":[{"embeddable":true,"href":"http:\/\/www.defensoria.gob.ve\/index.php?rest_route=\/wp\/v2\/media\/7747"}],"wp:attachment":[{"href":"http:\/\/www.defensoria.gob.ve\/index.php?rest_route=%2Fwp%2Fv2%2Fmedia&parent=7745"}],"wp:term":[{"taxonomy":"category","embeddable":true,"href":"http:\/\/www.defensoria.gob.ve\/index.php?rest_route=%2Fwp%2Fv2%2Fcategories&post=7745"},{"taxonomy":"post_tag","embeddable":true,"href":"http:\/\/www.defensoria.gob.ve\/index.php?rest_route=%2Fwp%2Fv2%2Ftags&post=7745"}],"curies":[{"name":"wp","href":"https:\/\/api.w.org\/{rel}","templated":true}]}}