 
{"id":7773,"date":"2024-09-27T13:22:48","date_gmt":"2024-09-27T17:22:48","guid":{"rendered":"http:\/\/www.defensoria.gob.ve\/?p=7773"},"modified":"2024-09-27T13:23:09","modified_gmt":"2024-09-27T17:23:09","slug":"delegada-de-cojedes-realiza-taller-sobre-la-paz-como-derecho-humano-de-tercera-generacion","status":"publish","type":"post","link":"http:\/\/www.defensoria.gob.ve\/?p=7773","title":{"rendered":"Delegada de Cojedes realiza taller sobre \u201cLa Paz como Derecho Humano de Tercera Generaci\u00f3n\u201d"},"content":{"rendered":"\t\t<div data-elementor-type=\"wp-post\" data-elementor-id=\"7773\" class=\"elementor elementor-7773\">\n\t\t\t\t\t\t<section class=\"elementor-section elementor-top-section elementor-element elementor-element-a1e9de3 elementor-section-boxed elementor-section-height-default elementor-section-height-default\" data-id=\"a1e9de3\" data-element_type=\"section\" data-e-type=\"section\">\n\t\t\t\t\t\t<div class=\"elementor-container elementor-column-gap-default\">\n\t\t\t\t\t<div class=\"elementor-column elementor-col-100 elementor-top-column elementor-element elementor-element-538a3af1\" data-id=\"538a3af1\" data-element_type=\"column\" data-e-type=\"column\">\n\t\t\t<div class=\"elementor-widget-wrap elementor-element-populated\">\n\t\t\t\t\t\t<div class=\"elementor-element elementor-element-564bd862 elementor-widget elementor-widget-text-editor\" data-id=\"564bd862\" data-element_type=\"widget\" data-e-type=\"widget\" data-widget_type=\"text-editor.default\">\n\t\t\t\t<div class=\"elementor-widget-container\">\n\t\t\t\t\t\t\t\t\t\n<p><strong>(Cojedes\/27-Sep-24) <\/strong>En el marco de la celebraci\u00f3n del D\u00eda Internacional de la Paz, la Defensor\u00eda Delegada del estado Cojedes realiz\u00f3 el taller denominado \u201cLa Paz como Derecho Humano de Tercera Generaci\u00f3n\u201d, realizado en el sal\u00f3n de usos m\u00faltiples de Protecci\u00f3n Civil y Administraci\u00f3n de Desastres de San Carlos.<\/p>\n\n\n\n<p>Los facilitadores de la actividad formativa fueron el Dr. Rub\u00e9n Ruiz, Abogado Constitucional y profesor Universitario de la Universidad Nacional de la Seguridad (UNES) y Mariela Rivero, Defensora III del ente defensorial.<\/p>\n\n\n\n<p>La cantidad de estudiantes formados fueron de 16 hombres y 16 mujeres, siendo integrantes todos y todas de la Polic\u00eda Nacional Bolivariana (PNB).<\/p>\n\n\n\n<p>Con este evento, la DdP Cojedes sigue aplicando sus atribuciones constitucionales de formaci\u00f3n sobre los derechos humanos de la comunidad nacional. <strong>FIN \/ PRENSA Defensor\u00eda<\/strong><\/p>\n\t\t\t\t\t\t\t\t<\/div>\n\t\t\t\t<\/div>\n\t\t\t\t\t<\/div>\n\t\t<\/div>\n\t\t\t\t\t<\/div>\n\t\t<\/section>\n\t\t\t\t<\/div>\n\t\t","protected":false},"excerpt":{"rendered":"<p>(Cojedes\/27-Sep-24) En el marco de la celebraci\u00f3n del D\u00eda Internacional de la Paz, la Defensor\u00eda Delegada del estado Cojedes realiz\u00f3 el taller denominado \u201cLa Paz como Derecho Humano de Tercera&hellip; <\/p>\n","protected":false},"author":5,"featured_media":7774,"comment_status":"closed","ping_status":"closed","sticky":false,"template":"","format":"standard","meta":{"footnotes":""},"categories":[5],"tags":[],"class_list":["post-7773","post","type-post","status-publish","format-standard","has-post-thumbnail","hentry","category-regionales"],"yoast_head":"<!-- This site is optimized with the Yoast SEO plugin v27.4 - https:\/\/yoast.com\/product\/yoast-seo-wordpress\/ -->\n<title>Delegada de Cojedes realiza taller sobre \u201cLa Paz como Derecho Humano de Tercera Generaci\u00f3n\u201d -<\/title>\n<meta name=\"robots\" content=\"index, follow, max-snippet:-1, max-image-preview:large, max-video-preview:-1\" \/>\n<link rel=\"canonical\" href=\"http:\/\/www.defensoria.gob.ve\/?p=7773\" \/>\n<meta property=\"og:locale\" content=\"es_ES\" \/>\n<meta property=\"og:type\" content=\"article\" \/>\n<meta property=\"og:title\" content=\"Delegada de Cojedes realiza taller sobre \u201cLa Paz como Derecho Humano de Tercera Generaci\u00f3n\u201d -\" \/>\n<meta property=\"og:description\" content=\"(Cojedes\/27-Sep-24) En el marco de la celebraci\u00f3n del D\u00eda Internacional de la Paz, la Defensor\u00eda Delegada del estado Cojedes realiz\u00f3 el taller denominado \u201cLa Paz como Derecho Humano de Tercera&hellip;\" \/>\n<meta property=\"og:url\" content=\"http:\/\/www.defensoria.gob.ve\/?p=7773\" \/>\n<meta property=\"article:published_time\" content=\"2024-09-27T17:22:48+00:00\" \/>\n<meta property=\"article:modified_time\" content=\"2024-09-27T17:23:09+00:00\" \/>\n<meta property=\"og:image\" content=\"http:\/\/www.defensoria.gob.ve\/wp-content\/uploads\/2024\/09\/HHDD.png\" \/>\n\t<meta property=\"og:image:width\" content=\"976\" \/>\n\t<meta property=\"og:image:height\" content=\"535\" \/>\n\t<meta property=\"og:image:type\" content=\"image\/png\" \/>\n<meta name=\"author\" content=\"JC.\" \/>\n<meta name=\"twitter:card\" content=\"summary_large_image\" \/>\n<meta name=\"twitter:label1\" content=\"Escrito por\" \/>\n\t<meta name=\"twitter:data1\" content=\"JC.\" \/>\n\t<meta name=\"twitter:label2\" content=\"Tiempo estimado de lectura\" \/>\n\t<meta name=\"twitter:data2\" content=\"1 minuto\" \/>\n<script type=\"application\/ld+json\" class=\"yoast-schema-graph\">{\"@context\":\"https:\\\/\\\/schema.org\",\"@graph\":[{\"@type\":\"Article\",\"@id\":\"http:\\\/\\\/www.defensoria.gob.ve\\\/?p=7773#article\",\"isPartOf\":{\"@id\":\"http:\\\/\\\/www.defensoria.gob.ve\\\/?p=7773\"},\"author\":{\"name\":\"JC.\",\"@id\":\"http:\\\/\\\/www.defensoria.gob.ve\\\/#\\\/schema\\\/person\\\/fba14293189d7b1933ac7fba9d89e24a\"},\"headline\":\"Delegada de Cojedes realiza taller sobre \u201cLa Paz como Derecho Humano de Tercera Generaci\u00f3n\u201d\",\"datePublished\":\"2024-09-27T17:22:48+00:00\",\"dateModified\":\"2024-09-27T17:23:09+00:00\",\"mainEntityOfPage\":{\"@id\":\"http:\\\/\\\/www.defensoria.gob.ve\\\/?p=7773\"},\"wordCount\":153,\"image\":{\"@id\":\"http:\\\/\\\/www.defensoria.gob.ve\\\/?p=7773#primaryimage\"},\"thumbnailUrl\":\"http:\\\/\\\/www.defensoria.gob.ve\\\/wp-content\\\/uploads\\\/2024\\\/09\\\/HHDD.png\",\"articleSection\":[\"REGIONALES\"],\"inLanguage\":\"es\"},{\"@type\":\"WebPage\",\"@id\":\"http:\\\/\\\/www.defensoria.gob.ve\\\/?p=7773\",\"url\":\"http:\\\/\\\/www.defensoria.gob.ve\\\/?p=7773\",\"name\":\"Delegada de Cojedes realiza taller sobre \u201cLa Paz como Derecho Humano de Tercera Generaci\u00f3n\u201d -\",\"isPartOf\":{\"@id\":\"http:\\\/\\\/www.defensoria.gob.ve\\\/#website\"},\"primaryImageOfPage\":{\"@id\":\"http:\\\/\\\/www.defensoria.gob.ve\\\/?p=7773#primaryimage\"},\"image\":{\"@id\":\"http:\\\/\\\/www.defensoria.gob.ve\\\/?p=7773#primaryimage\"},\"thumbnailUrl\":\"http:\\\/\\\/www.defensoria.gob.ve\\\/wp-content\\\/uploads\\\/2024\\\/09\\\/HHDD.png\",\"datePublished\":\"2024-09-27T17:22:48+00:00\",\"dateModified\":\"2024-09-27T17:23:09+00:00\",\"author\":{\"@id\":\"http:\\\/\\\/www.defensoria.gob.ve\\\/#\\\/schema\\\/person\\\/fba14293189d7b1933ac7fba9d89e24a\"},\"breadcrumb\":{\"@id\":\"http:\\\/\\\/www.defensoria.gob.ve\\\/?p=7773#breadcrumb\"},\"inLanguage\":\"es\",\"potentialAction\":[{\"@type\":\"ReadAction\",\"target\":[\"http:\\\/\\\/www.defensoria.gob.ve\\\/?p=7773\"]}]},{\"@type\":\"ImageObject\",\"inLanguage\":\"es\",\"@id\":\"http:\\\/\\\/www.defensoria.gob.ve\\\/?p=7773#primaryimage\",\"url\":\"http:\\\/\\\/www.defensoria.gob.ve\\\/wp-content\\\/uploads\\\/2024\\\/09\\\/HHDD.png\",\"contentUrl\":\"http:\\\/\\\/www.defensoria.gob.ve\\\/wp-content\\\/uploads\\\/2024\\\/09\\\/HHDD.png\",\"width\":976,\"height\":535},{\"@type\":\"BreadcrumbList\",\"@id\":\"http:\\\/\\\/www.defensoria.gob.ve\\\/?p=7773#breadcrumb\",\"itemListElement\":[{\"@type\":\"ListItem\",\"position\":1,\"name\":\"Portada\",\"item\":\"http:\\\/\\\/www.defensoria.gob.ve\\\/\"},{\"@type\":\"ListItem\",\"position\":2,\"name\":\"Delegada de Cojedes realiza taller sobre \u201cLa Paz como Derecho Humano de Tercera Generaci\u00f3n\u201d\"}]},{\"@type\":\"WebSite\",\"@id\":\"http:\\\/\\\/www.defensoria.gob.ve\\\/#website\",\"url\":\"http:\\\/\\\/www.defensoria.gob.ve\\\/\",\"name\":\"\",\"description\":\"Instituci\u00f3n del Poder Ciudadano para la Promoci\u00f3n, Defensa y Vigilancia de los Derechos Humanos. \",\"potentialAction\":[{\"@type\":\"SearchAction\",\"target\":{\"@type\":\"EntryPoint\",\"urlTemplate\":\"http:\\\/\\\/www.defensoria.gob.ve\\\/?s={search_term_string}\"},\"query-input\":{\"@type\":\"PropertyValueSpecification\",\"valueRequired\":true,\"valueName\":\"search_term_string\"}}],\"inLanguage\":\"es\"},{\"@type\":\"Person\",\"@id\":\"http:\\\/\\\/www.defensoria.gob.ve\\\/#\\\/schema\\\/person\\\/fba14293189d7b1933ac7fba9d89e24a\",\"name\":\"JC.\",\"image\":{\"@type\":\"ImageObject\",\"inLanguage\":\"es\",\"@id\":\"https:\\\/\\\/secure.gravatar.com\\\/avatar\\\/f398a4de948606b38f0299d90ca738c674b648694bc725ed46503c240269dbf8?s=96&d=mm&r=g\",\"url\":\"https:\\\/\\\/secure.gravatar.com\\\/avatar\\\/f398a4de948606b38f0299d90ca738c674b648694bc725ed46503c240269dbf8?s=96&d=mm&r=g\",\"contentUrl\":\"https:\\\/\\\/secure.gravatar.com\\\/avatar\\\/f398a4de948606b38f0299d90ca738c674b648694bc725ed46503c240269dbf8?s=96&d=mm&r=g\",\"caption\":\"JC.\"},\"url\":\"http:\\\/\\\/www.defensoria.gob.ve\\\/?author=5\"}]}<\/script>\n<!-- \/ Yoast SEO plugin. -->","yoast_head_json":{"title":"Delegada de Cojedes realiza taller sobre \u201cLa Paz como Derecho Humano de Tercera Generaci\u00f3n\u201d -","robots":{"index":"index","follow":"follow","max-snippet":"max-snippet:-1","max-image-preview":"max-image-preview:large","max-video-preview":"max-video-preview:-1"},"canonical":"http:\/\/www.defensoria.gob.ve\/?p=7773","og_locale":"es_ES","og_type":"article","og_title":"Delegada de Cojedes realiza taller sobre \u201cLa Paz como Derecho Humano de Tercera Generaci\u00f3n\u201d -","og_description":"(Cojedes\/27-Sep-24) En el marco de la celebraci\u00f3n del D\u00eda Internacional de la Paz, la Defensor\u00eda Delegada del estado Cojedes realiz\u00f3 el taller denominado \u201cLa Paz como Derecho Humano de Tercera&hellip;","og_url":"http:\/\/www.defensoria.gob.ve\/?p=7773","article_published_time":"2024-09-27T17:22:48+00:00","article_modified_time":"2024-09-27T17:23:09+00:00","og_image":[{"width":976,"height":535,"url":"http:\/\/www.defensoria.gob.ve\/wp-content\/uploads\/2024\/09\/HHDD.png","type":"image\/png"}],"author":"JC.","twitter_card":"summary_large_image","twitter_misc":{"Escrito por":"JC.","Tiempo estimado de lectura":"1 minuto"},"schema":{"@context":"https:\/\/schema.org","@graph":[{"@type":"Article","@id":"http:\/\/www.defensoria.gob.ve\/?p=7773#article","isPartOf":{"@id":"http:\/\/www.defensoria.gob.ve\/?p=7773"},"author":{"name":"JC.","@id":"http:\/\/www.defensoria.gob.ve\/#\/schema\/person\/fba14293189d7b1933ac7fba9d89e24a"},"headline":"Delegada de Cojedes realiza taller sobre \u201cLa Paz como Derecho Humano de Tercera Generaci\u00f3n\u201d","datePublished":"2024-09-27T17:22:48+00:00","dateModified":"2024-09-27T17:23:09+00:00","mainEntityOfPage":{"@id":"http:\/\/www.defensoria.gob.ve\/?p=7773"},"wordCount":153,"image":{"@id":"http:\/\/www.defensoria.gob.ve\/?p=7773#primaryimage"},"thumbnailUrl":"http:\/\/www.defensoria.gob.ve\/wp-content\/uploads\/2024\/09\/HHDD.png","articleSection":["REGIONALES"],"inLanguage":"es"},{"@type":"WebPage","@id":"http:\/\/www.defensoria.gob.ve\/?p=7773","url":"http:\/\/www.defensoria.gob.ve\/?p=7773","name":"Delegada de Cojedes realiza taller sobre \u201cLa Paz como Derecho Humano de Tercera Generaci\u00f3n\u201d -","isPartOf":{"@id":"http:\/\/www.defensoria.gob.ve\/#website"},"primaryImageOfPage":{"@id":"http:\/\/www.defensoria.gob.ve\/?p=7773#primaryimage"},"image":{"@id":"http:\/\/www.defensoria.gob.ve\/?p=7773#primaryimage"},"thumbnailUrl":"http:\/\/www.defensoria.gob.ve\/wp-content\/uploads\/2024\/09\/HHDD.png","datePublished":"2024-09-27T17:22:48+00:00","dateModified":"2024-09-27T17:23:09+00:00","author":{"@id":"http:\/\/www.defensoria.gob.ve\/#\/schema\/person\/fba14293189d7b1933ac7fba9d89e24a"},"breadcrumb":{"@id":"http:\/\/www.defensoria.gob.ve\/?p=7773#breadcrumb"},"inLanguage":"es","potentialAction":[{"@type":"ReadAction","target":["http:\/\/www.defensoria.gob.ve\/?p=7773"]}]},{"@type":"ImageObject","inLanguage":"es","@id":"http:\/\/www.defensoria.gob.ve\/?p=7773#primaryimage","url":"http:\/\/www.defensoria.gob.ve\/wp-content\/uploads\/2024\/09\/HHDD.png","contentUrl":"http:\/\/www.defensoria.gob.ve\/wp-content\/uploads\/2024\/09\/HHDD.png","width":976,"height":535},{"@type":"BreadcrumbList","@id":"http:\/\/www.defensoria.gob.ve\/?p=7773#breadcrumb","itemListElement":[{"@type":"ListItem","position":1,"name":"Portada","item":"http:\/\/www.defensoria.gob.ve\/"},{"@type":"ListItem","position":2,"name":"Delegada de Cojedes realiza taller sobre \u201cLa Paz como Derecho Humano de Tercera Generaci\u00f3n\u201d"}]},{"@type":"WebSite","@id":"http:\/\/www.defensoria.gob.ve\/#website","url":"http:\/\/www.defensoria.gob.ve\/","name":"","description":"Instituci\u00f3n del Poder Ciudadano para la Promoci\u00f3n, Defensa y Vigilancia de los Derechos Humanos. ","potentialAction":[{"@type":"SearchAction","target":{"@type":"EntryPoint","urlTemplate":"http:\/\/www.defensoria.gob.ve\/?s={search_term_string}"},"query-input":{"@type":"PropertyValueSpecification","valueRequired":true,"valueName":"search_term_string"}}],"inLanguage":"es"},{"@type":"Person","@id":"http:\/\/www.defensoria.gob.ve\/#\/schema\/person\/fba14293189d7b1933ac7fba9d89e24a","name":"JC.","image":{"@type":"ImageObject","inLanguage":"es","@id":"https:\/\/secure.gravatar.com\/avatar\/f398a4de948606b38f0299d90ca738c674b648694bc725ed46503c240269dbf8?s=96&d=mm&r=g","url":"https:\/\/secure.gravatar.com\/avatar\/f398a4de948606b38f0299d90ca738c674b648694bc725ed46503c240269dbf8?s=96&d=mm&r=g","contentUrl":"https:\/\/secure.gravatar.com\/avatar\/f398a4de948606b38f0299d90ca738c674b648694bc725ed46503c240269dbf8?s=96&d=mm&r=g","caption":"JC."},"url":"http:\/\/www.defensoria.gob.ve\/?author=5"}]}},"_links":{"self":[{"href":"http:\/\/www.defensoria.gob.ve\/index.php?rest_route=\/wp\/v2\/posts\/7773","targetHints":{"allow":["GET"]}}],"collection":[{"href":"http:\/\/www.defensoria.gob.ve\/index.php?rest_route=\/wp\/v2\/posts"}],"about":[{"href":"http:\/\/www.defensoria.gob.ve\/index.php?rest_route=\/wp\/v2\/types\/post"}],"author":[{"embeddable":true,"href":"http:\/\/www.defensoria.gob.ve\/index.php?rest_route=\/wp\/v2\/users\/5"}],"replies":[{"embeddable":true,"href":"http:\/\/www.defensoria.gob.ve\/index.php?rest_route=%2Fwp%2Fv2%2Fcomments&post=7773"}],"version-history":[{"count":4,"href":"http:\/\/www.defensoria.gob.ve\/index.php?rest_route=\/wp\/v2\/posts\/7773\/revisions"}],"predecessor-version":[{"id":7778,"href":"http:\/\/www.defensoria.gob.ve\/index.php?rest_route=\/wp\/v2\/posts\/7773\/revisions\/7778"}],"wp:featuredmedia":[{"embeddable":true,"href":"http:\/\/www.defensoria.gob.ve\/index.php?rest_route=\/wp\/v2\/media\/7774"}],"wp:attachment":[{"href":"http:\/\/www.defensoria.gob.ve\/index.php?rest_route=%2Fwp%2Fv2%2Fmedia&parent=7773"}],"wp:term":[{"taxonomy":"category","embeddable":true,"href":"http:\/\/www.defensoria.gob.ve\/index.php?rest_route=%2Fwp%2Fv2%2Fcategories&post=7773"},{"taxonomy":"post_tag","embeddable":true,"href":"http:\/\/www.defensoria.gob.ve\/index.php?rest_route=%2Fwp%2Fv2%2Ftags&post=7773"}],"curies":[{"name":"wp","href":"https:\/\/api.w.org\/{rel}","templated":true}]}}