 
{"id":7781,"date":"2024-09-27T15:54:31","date_gmt":"2024-09-27T19:54:31","guid":{"rendered":"http:\/\/www.defensoria.gob.ve\/?p=7781"},"modified":"2024-09-27T15:55:37","modified_gmt":"2024-09-27T19:55:37","slug":"delegada-de-aragua-promueve-la-paz-con-un-conversatorio-dirigido-al-personal-de-sapanna","status":"publish","type":"post","link":"http:\/\/www.defensoria.gob.ve\/?p=7781","title":{"rendered":"Delegada de Aragua promueve la paz con un conversatorio dirigido al personal de SAPANNA"},"content":{"rendered":"\t\t<div data-elementor-type=\"wp-post\" data-elementor-id=\"7781\" class=\"elementor elementor-7781\">\n\t\t\t\t\t\t<section class=\"elementor-section elementor-top-section elementor-element elementor-element-7f0cdd58 elementor-section-boxed elementor-section-height-default elementor-section-height-default\" data-id=\"7f0cdd58\" data-element_type=\"section\" data-e-type=\"section\">\n\t\t\t\t\t\t<div class=\"elementor-container elementor-column-gap-default\">\n\t\t\t\t\t<div class=\"elementor-column elementor-col-100 elementor-top-column elementor-element elementor-element-1e4f43e3\" data-id=\"1e4f43e3\" data-element_type=\"column\" data-e-type=\"column\">\n\t\t\t<div class=\"elementor-widget-wrap elementor-element-populated\">\n\t\t\t\t\t\t<div class=\"elementor-element elementor-element-1c980a1e elementor-widget elementor-widget-text-editor\" data-id=\"1c980a1e\" data-element_type=\"widget\" data-e-type=\"widget\" data-widget_type=\"text-editor.default\">\n\t\t\t\t<div class=\"elementor-widget-container\">\n\t\t\t\t\t\t\t\t\t\n<p>(Aragua \/27-Sep-2024) La Defensor\u00eda delegada del estado Aragua, como parte de las actividades conmemorativas del D\u00eda Internacional por la Paz, realiz\u00f3 un conversatorio con la participaci\u00f3n de pastores de siete municipios, dirigido a personal de SAPANNA, integrantes de la delegada de Aragua y comunidad en general, celebrado en el audit\u00f3rium de la Defensor\u00eda del Pueblo.<\/p>\n\n\n\n<figure class=\"wp-block-image size-large\"><img fetchpriority=\"high\" decoding=\"async\" width=\"1024\" height=\"527\" src=\"http:\/\/www.defensoria.gob.ve\/wp-content\/uploads\/2024\/09\/Foto-3-Act-1-1024x527.jpeg\" alt=\"\" class=\"wp-image-7782\" srcset=\"http:\/\/www.defensoria.gob.ve\/wp-content\/uploads\/2024\/09\/Foto-3-Act-1-1024x527.jpeg 1024w, http:\/\/www.defensoria.gob.ve\/wp-content\/uploads\/2024\/09\/Foto-3-Act-1-300x154.jpeg 300w, http:\/\/www.defensoria.gob.ve\/wp-content\/uploads\/2024\/09\/Foto-3-Act-1-768x395.jpeg 768w, http:\/\/www.defensoria.gob.ve\/wp-content\/uploads\/2024\/09\/Foto-3-Act-1-1536x790.jpeg 1536w, http:\/\/www.defensoria.gob.ve\/wp-content\/uploads\/2024\/09\/Foto-3-Act-1-2048x1054.jpeg 2048w\" sizes=\"(max-width: 1024px) 100vw, 1024px\" \/><\/figure>\n\n\n\n<p><br>Al respecto la Defensora Delegada de la entidad, Irene Sampedro Pel\u00e1ez, record\u00f3 que este a\u00f1o se celebr\u00f3 el 25\u00b0 aniversario de la adopci\u00f3n por la Asamblea General de las Naciones Unidas de la Declaraci\u00f3n y Programa de Acci\u00f3n sobre una Cultura de Paz, en el que se reconoc\u00eda que la paz no solo es la ausencia de conflictos, sino que tambi\u00e9n requiere un proceso positivo, din\u00e1mico y participativo en el que se promueva el di\u00e1logo y se resuelvan los conflictos con esp\u00edritu de entendimiento y la cooperaci\u00f3n mutua.<br>Con este acto, el ente Defensorial se mantiene cumpliendo sus competencias y atribuciones reflejadas en la Constituci\u00f3n de la Rep\u00fablica Bolivariana de Venezuela. FIN\/ PRENSA Defensor\u00eda<\/p>\n\t\t\t\t\t\t\t\t<\/div>\n\t\t\t\t<\/div>\n\t\t\t\t\t<\/div>\n\t\t<\/div>\n\t\t\t\t\t<\/div>\n\t\t<\/section>\n\t\t\t\t<\/div>\n\t\t","protected":false},"excerpt":{"rendered":"<p>(Aragua \/27-Sep-2024) La Defensor\u00eda delegada del estado Aragua, como parte de las actividades conmemorativas del D\u00eda Internacional por la Paz, realiz\u00f3 un conversatorio con la participaci\u00f3n de pastores de siete&hellip; <\/p>\n","protected":false},"author":14,"featured_media":7783,"comment_status":"closed","ping_status":"closed","sticky":false,"template":"","format":"standard","meta":{"footnotes":""},"categories":[5],"tags":[],"class_list":["post-7781","post","type-post","status-publish","format-standard","has-post-thumbnail","hentry","category-regionales"],"yoast_head":"<!-- This site is optimized with the Yoast SEO plugin v27.4 - https:\/\/yoast.com\/product\/yoast-seo-wordpress\/ -->\n<title>Delegada de Aragua promueve la paz con un conversatorio dirigido al personal de SAPANNA -<\/title>\n<meta name=\"robots\" content=\"index, follow, max-snippet:-1, max-image-preview:large, max-video-preview:-1\" \/>\n<link rel=\"canonical\" href=\"http:\/\/www.defensoria.gob.ve\/?p=7781\" \/>\n<meta property=\"og:locale\" content=\"es_ES\" \/>\n<meta property=\"og:type\" content=\"article\" \/>\n<meta property=\"og:title\" content=\"Delegada de Aragua promueve la paz con un conversatorio dirigido al personal de SAPANNA -\" \/>\n<meta property=\"og:description\" content=\"(Aragua \/27-Sep-2024) La Defensor\u00eda delegada del estado Aragua, como parte de las actividades conmemorativas del D\u00eda Internacional por la Paz, realiz\u00f3 un conversatorio con la participaci\u00f3n de pastores de siete&hellip;\" \/>\n<meta property=\"og:url\" content=\"http:\/\/www.defensoria.gob.ve\/?p=7781\" \/>\n<meta property=\"article:published_time\" content=\"2024-09-27T19:54:31+00:00\" \/>\n<meta property=\"article:modified_time\" content=\"2024-09-27T19:55:37+00:00\" \/>\n<meta property=\"og:image\" content=\"http:\/\/www.defensoria.gob.ve\/wp-content\/uploads\/2024\/09\/Foto-1-Act-1-1.jpeg\" \/>\n\t<meta property=\"og:image:width\" content=\"2304\" \/>\n\t<meta property=\"og:image:height\" content=\"1728\" \/>\n\t<meta property=\"og:image:type\" content=\"image\/jpeg\" \/>\n<meta name=\"author\" content=\"KF.\" \/>\n<meta name=\"twitter:card\" content=\"summary_large_image\" \/>\n<meta name=\"twitter:label1\" content=\"Escrito por\" \/>\n\t<meta name=\"twitter:data1\" content=\"KF.\" \/>\n\t<meta name=\"twitter:label2\" content=\"Tiempo estimado de lectura\" \/>\n\t<meta name=\"twitter:data2\" content=\"1 minuto\" \/>\n<script type=\"application\/ld+json\" class=\"yoast-schema-graph\">{\"@context\":\"https:\\\/\\\/schema.org\",\"@graph\":[{\"@type\":\"Article\",\"@id\":\"http:\\\/\\\/www.defensoria.gob.ve\\\/?p=7781#article\",\"isPartOf\":{\"@id\":\"http:\\\/\\\/www.defensoria.gob.ve\\\/?p=7781\"},\"author\":{\"name\":\"KF.\",\"@id\":\"http:\\\/\\\/www.defensoria.gob.ve\\\/#\\\/schema\\\/person\\\/0fcc680c550d91982c4c009f5b19b8ec\"},\"headline\":\"Delegada de Aragua promueve la paz con un conversatorio dirigido al personal de SAPANNA\",\"datePublished\":\"2024-09-27T19:54:31+00:00\",\"dateModified\":\"2024-09-27T19:55:37+00:00\",\"mainEntityOfPage\":{\"@id\":\"http:\\\/\\\/www.defensoria.gob.ve\\\/?p=7781\"},\"wordCount\":201,\"image\":{\"@id\":\"http:\\\/\\\/www.defensoria.gob.ve\\\/?p=7781#primaryimage\"},\"thumbnailUrl\":\"http:\\\/\\\/www.defensoria.gob.ve\\\/wp-content\\\/uploads\\\/2024\\\/09\\\/Foto-1-Act-1-1.jpeg\",\"articleSection\":[\"REGIONALES\"],\"inLanguage\":\"es\"},{\"@type\":\"WebPage\",\"@id\":\"http:\\\/\\\/www.defensoria.gob.ve\\\/?p=7781\",\"url\":\"http:\\\/\\\/www.defensoria.gob.ve\\\/?p=7781\",\"name\":\"Delegada de Aragua promueve la paz con un conversatorio dirigido al personal de SAPANNA -\",\"isPartOf\":{\"@id\":\"http:\\\/\\\/www.defensoria.gob.ve\\\/#website\"},\"primaryImageOfPage\":{\"@id\":\"http:\\\/\\\/www.defensoria.gob.ve\\\/?p=7781#primaryimage\"},\"image\":{\"@id\":\"http:\\\/\\\/www.defensoria.gob.ve\\\/?p=7781#primaryimage\"},\"thumbnailUrl\":\"http:\\\/\\\/www.defensoria.gob.ve\\\/wp-content\\\/uploads\\\/2024\\\/09\\\/Foto-1-Act-1-1.jpeg\",\"datePublished\":\"2024-09-27T19:54:31+00:00\",\"dateModified\":\"2024-09-27T19:55:37+00:00\",\"author\":{\"@id\":\"http:\\\/\\\/www.defensoria.gob.ve\\\/#\\\/schema\\\/person\\\/0fcc680c550d91982c4c009f5b19b8ec\"},\"breadcrumb\":{\"@id\":\"http:\\\/\\\/www.defensoria.gob.ve\\\/?p=7781#breadcrumb\"},\"inLanguage\":\"es\",\"potentialAction\":[{\"@type\":\"ReadAction\",\"target\":[\"http:\\\/\\\/www.defensoria.gob.ve\\\/?p=7781\"]}]},{\"@type\":\"ImageObject\",\"inLanguage\":\"es\",\"@id\":\"http:\\\/\\\/www.defensoria.gob.ve\\\/?p=7781#primaryimage\",\"url\":\"http:\\\/\\\/www.defensoria.gob.ve\\\/wp-content\\\/uploads\\\/2024\\\/09\\\/Foto-1-Act-1-1.jpeg\",\"contentUrl\":\"http:\\\/\\\/www.defensoria.gob.ve\\\/wp-content\\\/uploads\\\/2024\\\/09\\\/Foto-1-Act-1-1.jpeg\",\"width\":2304,\"height\":1728},{\"@type\":\"BreadcrumbList\",\"@id\":\"http:\\\/\\\/www.defensoria.gob.ve\\\/?p=7781#breadcrumb\",\"itemListElement\":[{\"@type\":\"ListItem\",\"position\":1,\"name\":\"Portada\",\"item\":\"http:\\\/\\\/www.defensoria.gob.ve\\\/\"},{\"@type\":\"ListItem\",\"position\":2,\"name\":\"Delegada de Aragua promueve la paz con un conversatorio dirigido al personal de SAPANNA\"}]},{\"@type\":\"WebSite\",\"@id\":\"http:\\\/\\\/www.defensoria.gob.ve\\\/#website\",\"url\":\"http:\\\/\\\/www.defensoria.gob.ve\\\/\",\"name\":\"\",\"description\":\"Instituci\u00f3n del Poder Ciudadano para la Promoci\u00f3n, Defensa y Vigilancia de los Derechos Humanos. \",\"potentialAction\":[{\"@type\":\"SearchAction\",\"target\":{\"@type\":\"EntryPoint\",\"urlTemplate\":\"http:\\\/\\\/www.defensoria.gob.ve\\\/?s={search_term_string}\"},\"query-input\":{\"@type\":\"PropertyValueSpecification\",\"valueRequired\":true,\"valueName\":\"search_term_string\"}}],\"inLanguage\":\"es\"},{\"@type\":\"Person\",\"@id\":\"http:\\\/\\\/www.defensoria.gob.ve\\\/#\\\/schema\\\/person\\\/0fcc680c550d91982c4c009f5b19b8ec\",\"name\":\"KF.\",\"image\":{\"@type\":\"ImageObject\",\"inLanguage\":\"es\",\"@id\":\"https:\\\/\\\/secure.gravatar.com\\\/avatar\\\/d7d0d6b70133abf46e0bf5e7f5f63f5ae46353601f9ad9a981c38691d4b186b0?s=96&d=mm&r=g\",\"url\":\"https:\\\/\\\/secure.gravatar.com\\\/avatar\\\/d7d0d6b70133abf46e0bf5e7f5f63f5ae46353601f9ad9a981c38691d4b186b0?s=96&d=mm&r=g\",\"contentUrl\":\"https:\\\/\\\/secure.gravatar.com\\\/avatar\\\/d7d0d6b70133abf46e0bf5e7f5f63f5ae46353601f9ad9a981c38691d4b186b0?s=96&d=mm&r=g\",\"caption\":\"KF.\"},\"url\":\"http:\\\/\\\/www.defensoria.gob.ve\\\/?author=14\"}]}<\/script>\n<!-- \/ Yoast SEO plugin. -->","yoast_head_json":{"title":"Delegada de Aragua promueve la paz con un conversatorio dirigido al personal de SAPANNA -","robots":{"index":"index","follow":"follow","max-snippet":"max-snippet:-1","max-image-preview":"max-image-preview:large","max-video-preview":"max-video-preview:-1"},"canonical":"http:\/\/www.defensoria.gob.ve\/?p=7781","og_locale":"es_ES","og_type":"article","og_title":"Delegada de Aragua promueve la paz con un conversatorio dirigido al personal de SAPANNA -","og_description":"(Aragua \/27-Sep-2024) La Defensor\u00eda delegada del estado Aragua, como parte de las actividades conmemorativas del D\u00eda Internacional por la Paz, realiz\u00f3 un conversatorio con la participaci\u00f3n de pastores de siete&hellip;","og_url":"http:\/\/www.defensoria.gob.ve\/?p=7781","article_published_time":"2024-09-27T19:54:31+00:00","article_modified_time":"2024-09-27T19:55:37+00:00","og_image":[{"width":2304,"height":1728,"url":"http:\/\/www.defensoria.gob.ve\/wp-content\/uploads\/2024\/09\/Foto-1-Act-1-1.jpeg","type":"image\/jpeg"}],"author":"KF.","twitter_card":"summary_large_image","twitter_misc":{"Escrito por":"KF.","Tiempo estimado de lectura":"1 minuto"},"schema":{"@context":"https:\/\/schema.org","@graph":[{"@type":"Article","@id":"http:\/\/www.defensoria.gob.ve\/?p=7781#article","isPartOf":{"@id":"http:\/\/www.defensoria.gob.ve\/?p=7781"},"author":{"name":"KF.","@id":"http:\/\/www.defensoria.gob.ve\/#\/schema\/person\/0fcc680c550d91982c4c009f5b19b8ec"},"headline":"Delegada de Aragua promueve la paz con un conversatorio dirigido al personal de SAPANNA","datePublished":"2024-09-27T19:54:31+00:00","dateModified":"2024-09-27T19:55:37+00:00","mainEntityOfPage":{"@id":"http:\/\/www.defensoria.gob.ve\/?p=7781"},"wordCount":201,"image":{"@id":"http:\/\/www.defensoria.gob.ve\/?p=7781#primaryimage"},"thumbnailUrl":"http:\/\/www.defensoria.gob.ve\/wp-content\/uploads\/2024\/09\/Foto-1-Act-1-1.jpeg","articleSection":["REGIONALES"],"inLanguage":"es"},{"@type":"WebPage","@id":"http:\/\/www.defensoria.gob.ve\/?p=7781","url":"http:\/\/www.defensoria.gob.ve\/?p=7781","name":"Delegada de Aragua promueve la paz con un conversatorio dirigido al personal de SAPANNA -","isPartOf":{"@id":"http:\/\/www.defensoria.gob.ve\/#website"},"primaryImageOfPage":{"@id":"http:\/\/www.defensoria.gob.ve\/?p=7781#primaryimage"},"image":{"@id":"http:\/\/www.defensoria.gob.ve\/?p=7781#primaryimage"},"thumbnailUrl":"http:\/\/www.defensoria.gob.ve\/wp-content\/uploads\/2024\/09\/Foto-1-Act-1-1.jpeg","datePublished":"2024-09-27T19:54:31+00:00","dateModified":"2024-09-27T19:55:37+00:00","author":{"@id":"http:\/\/www.defensoria.gob.ve\/#\/schema\/person\/0fcc680c550d91982c4c009f5b19b8ec"},"breadcrumb":{"@id":"http:\/\/www.defensoria.gob.ve\/?p=7781#breadcrumb"},"inLanguage":"es","potentialAction":[{"@type":"ReadAction","target":["http:\/\/www.defensoria.gob.ve\/?p=7781"]}]},{"@type":"ImageObject","inLanguage":"es","@id":"http:\/\/www.defensoria.gob.ve\/?p=7781#primaryimage","url":"http:\/\/www.defensoria.gob.ve\/wp-content\/uploads\/2024\/09\/Foto-1-Act-1-1.jpeg","contentUrl":"http:\/\/www.defensoria.gob.ve\/wp-content\/uploads\/2024\/09\/Foto-1-Act-1-1.jpeg","width":2304,"height":1728},{"@type":"BreadcrumbList","@id":"http:\/\/www.defensoria.gob.ve\/?p=7781#breadcrumb","itemListElement":[{"@type":"ListItem","position":1,"name":"Portada","item":"http:\/\/www.defensoria.gob.ve\/"},{"@type":"ListItem","position":2,"name":"Delegada de Aragua promueve la paz con un conversatorio dirigido al personal de SAPANNA"}]},{"@type":"WebSite","@id":"http:\/\/www.defensoria.gob.ve\/#website","url":"http:\/\/www.defensoria.gob.ve\/","name":"","description":"Instituci\u00f3n del Poder Ciudadano para la Promoci\u00f3n, Defensa y Vigilancia de los Derechos Humanos. ","potentialAction":[{"@type":"SearchAction","target":{"@type":"EntryPoint","urlTemplate":"http:\/\/www.defensoria.gob.ve\/?s={search_term_string}"},"query-input":{"@type":"PropertyValueSpecification","valueRequired":true,"valueName":"search_term_string"}}],"inLanguage":"es"},{"@type":"Person","@id":"http:\/\/www.defensoria.gob.ve\/#\/schema\/person\/0fcc680c550d91982c4c009f5b19b8ec","name":"KF.","image":{"@type":"ImageObject","inLanguage":"es","@id":"https:\/\/secure.gravatar.com\/avatar\/d7d0d6b70133abf46e0bf5e7f5f63f5ae46353601f9ad9a981c38691d4b186b0?s=96&d=mm&r=g","url":"https:\/\/secure.gravatar.com\/avatar\/d7d0d6b70133abf46e0bf5e7f5f63f5ae46353601f9ad9a981c38691d4b186b0?s=96&d=mm&r=g","contentUrl":"https:\/\/secure.gravatar.com\/avatar\/d7d0d6b70133abf46e0bf5e7f5f63f5ae46353601f9ad9a981c38691d4b186b0?s=96&d=mm&r=g","caption":"KF."},"url":"http:\/\/www.defensoria.gob.ve\/?author=14"}]}},"_links":{"self":[{"href":"http:\/\/www.defensoria.gob.ve\/index.php?rest_route=\/wp\/v2\/posts\/7781","targetHints":{"allow":["GET"]}}],"collection":[{"href":"http:\/\/www.defensoria.gob.ve\/index.php?rest_route=\/wp\/v2\/posts"}],"about":[{"href":"http:\/\/www.defensoria.gob.ve\/index.php?rest_route=\/wp\/v2\/types\/post"}],"author":[{"embeddable":true,"href":"http:\/\/www.defensoria.gob.ve\/index.php?rest_route=\/wp\/v2\/users\/14"}],"replies":[{"embeddable":true,"href":"http:\/\/www.defensoria.gob.ve\/index.php?rest_route=%2Fwp%2Fv2%2Fcomments&post=7781"}],"version-history":[{"count":4,"href":"http:\/\/www.defensoria.gob.ve\/index.php?rest_route=\/wp\/v2\/posts\/7781\/revisions"}],"predecessor-version":[{"id":7787,"href":"http:\/\/www.defensoria.gob.ve\/index.php?rest_route=\/wp\/v2\/posts\/7781\/revisions\/7787"}],"wp:featuredmedia":[{"embeddable":true,"href":"http:\/\/www.defensoria.gob.ve\/index.php?rest_route=\/wp\/v2\/media\/7783"}],"wp:attachment":[{"href":"http:\/\/www.defensoria.gob.ve\/index.php?rest_route=%2Fwp%2Fv2%2Fmedia&parent=7781"}],"wp:term":[{"taxonomy":"category","embeddable":true,"href":"http:\/\/www.defensoria.gob.ve\/index.php?rest_route=%2Fwp%2Fv2%2Fcategories&post=7781"},{"taxonomy":"post_tag","embeddable":true,"href":"http:\/\/www.defensoria.gob.ve\/index.php?rest_route=%2Fwp%2Fv2%2Ftags&post=7781"}],"curies":[{"name":"wp","href":"https:\/\/api.w.org\/{rel}","templated":true}]}}