 
{"id":8021,"date":"2024-10-10T10:22:00","date_gmt":"2024-10-10T14:22:00","guid":{"rendered":"http:\/\/www.defensoria.gob.ve\/?p=8021"},"modified":"2024-10-14T10:23:21","modified_gmt":"2024-10-14T14:23:21","slug":"defensor-del-pueblo-participo-en-viii-conferencia-internacional-problemas-de-la-proteccion-de-los-dd-hh","status":"publish","type":"post","link":"http:\/\/www.defensoria.gob.ve\/?p=8021","title":{"rendered":"Defensor del Pueblo particip\u00f3 en VIII Conferencia Internacional \u201cProblemas de la Protecci\u00f3n de los DD.HH\u201d"},"content":{"rendered":"\t\t<div data-elementor-type=\"wp-post\" data-elementor-id=\"8021\" class=\"elementor elementor-8021\">\n\t\t\t\t\t\t<section class=\"elementor-section elementor-top-section elementor-element elementor-element-4a588369 elementor-section-boxed elementor-section-height-default elementor-section-height-default\" data-id=\"4a588369\" data-element_type=\"section\" data-e-type=\"section\">\n\t\t\t\t\t\t<div class=\"elementor-container elementor-column-gap-default\">\n\t\t\t\t\t<div class=\"elementor-column elementor-col-100 elementor-top-column elementor-element elementor-element-65a054fb\" data-id=\"65a054fb\" data-element_type=\"column\" data-e-type=\"column\">\n\t\t\t<div class=\"elementor-widget-wrap elementor-element-populated\">\n\t\t\t\t\t\t<div class=\"elementor-element elementor-element-5235fede elementor-widget elementor-widget-text-editor\" data-id=\"5235fede\" data-element_type=\"widget\" data-e-type=\"widget\" data-widget_type=\"text-editor.default\">\n\t\t\t\t<div class=\"elementor-widget-container\">\n\t\t\t\t\t\t\t\t\t\n<p><strong>(Mosc\u00fa\/ 10-Oct-24)&nbsp;<\/strong>El Defensor del Pueblo, Alfredo Ruiz particip\u00f3 este jueves 10 de octubre en la VIII Conferencia Internacional Cient\u00edfica y Pr\u00e1ctica \u201cProblemas de la Protecci\u00f3n de los Derechos Humanos, en atenci\u00f3n a la salud intercambio de las mejores pr\u00e1cticas de los Defensores del Pueblo\u201d, celebrada en Mosc\u00fa, capital de la Federaci\u00f3n de Rusia.<\/p>\n\n\n\n<p>Durante su participaci\u00f3n, Ruiz explic\u00f3 el rol que juega la Defensor\u00eda del Pueblo en el \u00e1mbito del derecho a la salud, como instancia encargada de velar por los derechos humanos, garantizando a la ciudadan\u00eda el acceso a la salud a trav\u00e9s de sus atribuciones constitucionales.<\/p>\n\n\n\n<figure class=\"wp-block-image size-full\"><img fetchpriority=\"high\" decoding=\"async\" width=\"1024\" height=\"576\" src=\"http:\/\/www.defensoria.gob.ve\/wp-content\/uploads\/2024\/10\/d43ab462-a0be-4665-8fa7-d2de3935a236-1024x576-1.jpg\" alt=\"\" class=\"wp-image-8022\" srcset=\"http:\/\/www.defensoria.gob.ve\/wp-content\/uploads\/2024\/10\/d43ab462-a0be-4665-8fa7-d2de3935a236-1024x576-1.jpg 1024w, http:\/\/www.defensoria.gob.ve\/wp-content\/uploads\/2024\/10\/d43ab462-a0be-4665-8fa7-d2de3935a236-1024x576-1-300x169.jpg 300w, http:\/\/www.defensoria.gob.ve\/wp-content\/uploads\/2024\/10\/d43ab462-a0be-4665-8fa7-d2de3935a236-1024x576-1-768x432.jpg 768w\" sizes=\"(max-width: 1024px) 100vw, 1024px\" \/><\/figure>\n\n\n\n<p>Seguidamente expres\u00f3 que, por mandato constitucional, se le confiere a la Defensor\u00eda del Pueblo tres grandes atribuciones en materia de Derechos Humanos, cada una conformada de un conjunto de acciones, que le permiten como Poder Ciudadano y miembro del Consejo Moral Republicano, actuar en la preservaci\u00f3n de las garant\u00edas constitucionales.<\/p>\n\n\n\n<p>La primera de ellas es la Promoci\u00f3n, mediante la cual se ha logrado visibilizar los grupos excluidos del sistema de salud, adem\u00e1s de concienciar y sensibilizar a las comunidades en general, labor que se ha materializado por medio de charlas, conferencias, talleres, cursos, diplomados y maestr\u00edas, sumando la labor de divulgaci\u00f3n con la entrega de materiales impresos folletos, tr\u00edpticos y afiches, entre otros.<\/p>\n\n\n\n<figure class=\"wp-block-image size-full\"><img decoding=\"async\" width=\"1024\" height=\"576\" src=\"http:\/\/www.defensoria.gob.ve\/wp-content\/uploads\/2024\/10\/e1dc003c-bcf0-40cb-9868-850b57330fb9-1024x576-1.jpg\" alt=\"\" class=\"wp-image-8023\" srcset=\"http:\/\/www.defensoria.gob.ve\/wp-content\/uploads\/2024\/10\/e1dc003c-bcf0-40cb-9868-850b57330fb9-1024x576-1.jpg 1024w, http:\/\/www.defensoria.gob.ve\/wp-content\/uploads\/2024\/10\/e1dc003c-bcf0-40cb-9868-850b57330fb9-1024x576-1-300x169.jpg 300w, http:\/\/www.defensoria.gob.ve\/wp-content\/uploads\/2024\/10\/e1dc003c-bcf0-40cb-9868-850b57330fb9-1024x576-1-768x432.jpg 768w\" sizes=\"(max-width: 1024px) 100vw, 1024px\" \/><\/figure>\n\n\n\n<p>La segunda atribuci\u00f3n es la Vigilancia, donde la Defensor\u00eda del Pueblo permanentemente realiza labores de inspecci\u00f3n a los centros hospitalarios del pa\u00eds, de manera que se pueda prever cualquier situaci\u00f3n que pudiera afectar el funcionamiento de sus servicios, realizando las observaciones y recomendaciones correspondientes ante las autoridades competentes, con el objetivo que se tomen de manera oportuna, los correctivos a que haya lugar.<\/p>\n\n\n\n<p>Como tercera atribuci\u00f3n, tenemos la Defensa de los Derechos humanos, a trav\u00e9s de las cuales se logra hacer frente a la pretensi\u00f3n o vulneraci\u00f3n de derechos, para lo cual se dispone de un conjunto de herramientas jur\u00eddicas que le otorga la ley a la Defensor\u00eda del Pueblo para tal prop\u00f3sito.<\/p>\n\n\n<div class=\"wp-block-image\">\n<figure class=\"aligncenter size-full\"><img decoding=\"async\" width=\"768\" height=\"1024\" src=\"http:\/\/www.defensoria.gob.ve\/wp-content\/uploads\/2024\/10\/dd122df0-306a-4aa1-a48c-2ef0a2e269bc-768x1024-1.jpg\" alt=\"\" class=\"wp-image-8024\" srcset=\"http:\/\/www.defensoria.gob.ve\/wp-content\/uploads\/2024\/10\/dd122df0-306a-4aa1-a48c-2ef0a2e269bc-768x1024-1.jpg 768w, http:\/\/www.defensoria.gob.ve\/wp-content\/uploads\/2024\/10\/dd122df0-306a-4aa1-a48c-2ef0a2e269bc-768x1024-1-225x300.jpg 225w\" sizes=\"(max-width: 768px) 100vw, 768px\" \/><\/figure><\/div>\n\n\n<p>Indic\u00f3 adem\u00e1s que en materia legislativa la instituci\u00f3n que preside, realiza observaciones a los proyectos de leyes que se han venido creando, tal como la Ley para la Protecci\u00f3n e igualdad de las Personas portadoras de VIH y la Ley para las Personas con la Condici\u00f3n del Espectro Autista, con lo cual se viene a fortalecer el marco constitucional y el sistema de garant\u00edas.<\/p>\n\n\n\n<p>Ruiz se\u00f1al\u00f3 que desde el a\u00f1o 2021, con el apoyo de ONUSIDA en el marco de un convenio de cooperaci\u00f3n, se fortaleci\u00f3 el Plan Nacional de Formaci\u00f3n sobre los Derechos Humanos de las Personas con VIH\/SIDA y el Rol de la Defensor\u00eda del Pueblo, cuyas l\u00edneas de acci\u00f3n se centraron primordialmente en la promoci\u00f3n y divulgaci\u00f3n de la Ley para Personas con VIH\/Sida, as\u00ed como actividades formativas y educativas sobre la nueva Estrategia Global del Sida: Visi\u00f3n Cero \/ Estrategia 10-10-10.<\/p>\n\n\n\n<p>El m\u00e1ximo representante refiri\u00f3 en su disertaci\u00f3n que la situaci\u00f3n m\u00e1s compleja que ha tenido que enfrentar el Estado venezolano y el pueblo en general, especialmente la poblaci\u00f3n m\u00e1s vulnerable, las personas adultas mayores, los ni\u00f1os, las ni\u00f1as y las personas con alguna discapacidad o con alguna enfermedad, son las crueles e ilegales medidas coercitivas unilaterales impuestas por Estados Unidos, Canad\u00e1 y Europa, que no solo redujeron desde el a\u00f1o 2016 los ingresos del Estado y la poblaci\u00f3n en un 99% sino que afectan violentamente la salud y la vida del pueblo, ya que dificulta la adquisici\u00f3n de equipos m\u00e9dicos, medicinas, repuestos; formaci\u00f3n de especialistas, entre otros.<\/p>\n\n\n\n<p>Por \u00faltimo, precis\u00f3 que a lo largo de estos \u00faltimos veinticinco (25) a\u00f1os, Venezuela ha experimentado diversos procesos de cambio que van desde un Sistema de Salud mixto, p\u00fablico y privado, con la rector\u00eda del Estado, que posibilita la complementariedad y la universalidad de la cobertura en salud.&nbsp;<strong>FIN\/PRENSA Defensor\u00eda<\/strong><\/p>\n\t\t\t\t\t\t\t\t<\/div>\n\t\t\t\t<\/div>\n\t\t\t\t\t<\/div>\n\t\t<\/div>\n\t\t\t\t\t<\/div>\n\t\t<\/section>\n\t\t\t\t<\/div>\n\t\t","protected":false},"excerpt":{"rendered":"<p>(Mosc\u00fa\/ 10-Oct-24)&nbsp;El Defensor del Pueblo, Alfredo Ruiz particip\u00f3 este jueves 10 de octubre en la VIII Conferencia Internacional Cient\u00edfica y Pr\u00e1ctica \u201cProblemas de la Protecci\u00f3n de los Derechos Humanos, en&hellip; <\/p>\n","protected":false},"author":5,"featured_media":8025,"comment_status":"closed","ping_status":"closed","sticky":false,"template":"","format":"standard","meta":{"footnotes":""},"categories":[3],"tags":[],"class_list":["post-8021","post","type-post","status-publish","format-standard","has-post-thumbnail","hentry","category-centrales"],"yoast_head":"<!-- This site is optimized with the Yoast SEO plugin v27.4 - https:\/\/yoast.com\/product\/yoast-seo-wordpress\/ -->\n<title>Defensor del Pueblo particip\u00f3 en VIII Conferencia Internacional \u201cProblemas de la Protecci\u00f3n de los DD.HH\u201d -<\/title>\n<meta name=\"robots\" content=\"index, follow, max-snippet:-1, max-image-preview:large, max-video-preview:-1\" \/>\n<link rel=\"canonical\" href=\"http:\/\/www.defensoria.gob.ve\/?p=8021\" \/>\n<meta property=\"og:locale\" content=\"es_ES\" \/>\n<meta property=\"og:type\" content=\"article\" \/>\n<meta property=\"og:title\" content=\"Defensor del Pueblo particip\u00f3 en VIII Conferencia Internacional \u201cProblemas de la Protecci\u00f3n de los DD.HH\u201d -\" \/>\n<meta property=\"og:description\" content=\"(Mosc\u00fa\/ 10-Oct-24)&nbsp;El Defensor del Pueblo, Alfredo Ruiz particip\u00f3 este jueves 10 de octubre en la VIII Conferencia Internacional Cient\u00edfica y Pr\u00e1ctica \u201cProblemas de la Protecci\u00f3n de los Derechos Humanos, en&hellip;\" \/>\n<meta property=\"og:url\" content=\"http:\/\/www.defensoria.gob.ve\/?p=8021\" \/>\n<meta property=\"article:published_time\" content=\"2024-10-10T14:22:00+00:00\" \/>\n<meta property=\"article:modified_time\" content=\"2024-10-14T14:23:21+00:00\" \/>\n<meta property=\"og:image\" content=\"http:\/\/www.defensoria.gob.ve\/wp-content\/uploads\/2024\/10\/d5eb3481-68b6-4df0-8fac-58a69cb3761a-800x445-1.jpg\" \/>\n\t<meta property=\"og:image:width\" content=\"800\" \/>\n\t<meta property=\"og:image:height\" content=\"445\" \/>\n\t<meta property=\"og:image:type\" content=\"image\/jpeg\" \/>\n<meta name=\"author\" content=\"JC.\" \/>\n<meta name=\"twitter:card\" content=\"summary_large_image\" \/>\n<meta name=\"twitter:label1\" content=\"Escrito por\" \/>\n\t<meta name=\"twitter:data1\" content=\"JC.\" \/>\n\t<meta name=\"twitter:label2\" content=\"Tiempo estimado de lectura\" \/>\n\t<meta name=\"twitter:data2\" content=\"4 minutos\" \/>\n<script type=\"application\/ld+json\" class=\"yoast-schema-graph\">{\"@context\":\"https:\\\/\\\/schema.org\",\"@graph\":[{\"@type\":\"Article\",\"@id\":\"http:\\\/\\\/www.defensoria.gob.ve\\\/?p=8021#article\",\"isPartOf\":{\"@id\":\"http:\\\/\\\/www.defensoria.gob.ve\\\/?p=8021\"},\"author\":{\"name\":\"JC.\",\"@id\":\"http:\\\/\\\/www.defensoria.gob.ve\\\/#\\\/schema\\\/person\\\/fba14293189d7b1933ac7fba9d89e24a\"},\"headline\":\"Defensor del Pueblo particip\u00f3 en VIII Conferencia Internacional \u201cProblemas de la Protecci\u00f3n de los DD.HH\u201d\",\"datePublished\":\"2024-10-10T14:22:00+00:00\",\"dateModified\":\"2024-10-14T14:23:21+00:00\",\"mainEntityOfPage\":{\"@id\":\"http:\\\/\\\/www.defensoria.gob.ve\\\/?p=8021\"},\"wordCount\":706,\"image\":{\"@id\":\"http:\\\/\\\/www.defensoria.gob.ve\\\/?p=8021#primaryimage\"},\"thumbnailUrl\":\"http:\\\/\\\/www.defensoria.gob.ve\\\/wp-content\\\/uploads\\\/2024\\\/10\\\/d5eb3481-68b6-4df0-8fac-58a69cb3761a-800x445-1.jpg\",\"articleSection\":[\"CENTRALES\"],\"inLanguage\":\"es\"},{\"@type\":\"WebPage\",\"@id\":\"http:\\\/\\\/www.defensoria.gob.ve\\\/?p=8021\",\"url\":\"http:\\\/\\\/www.defensoria.gob.ve\\\/?p=8021\",\"name\":\"Defensor del Pueblo particip\u00f3 en VIII Conferencia Internacional \u201cProblemas de la Protecci\u00f3n de los DD.HH\u201d -\",\"isPartOf\":{\"@id\":\"http:\\\/\\\/www.defensoria.gob.ve\\\/#website\"},\"primaryImageOfPage\":{\"@id\":\"http:\\\/\\\/www.defensoria.gob.ve\\\/?p=8021#primaryimage\"},\"image\":{\"@id\":\"http:\\\/\\\/www.defensoria.gob.ve\\\/?p=8021#primaryimage\"},\"thumbnailUrl\":\"http:\\\/\\\/www.defensoria.gob.ve\\\/wp-content\\\/uploads\\\/2024\\\/10\\\/d5eb3481-68b6-4df0-8fac-58a69cb3761a-800x445-1.jpg\",\"datePublished\":\"2024-10-10T14:22:00+00:00\",\"dateModified\":\"2024-10-14T14:23:21+00:00\",\"author\":{\"@id\":\"http:\\\/\\\/www.defensoria.gob.ve\\\/#\\\/schema\\\/person\\\/fba14293189d7b1933ac7fba9d89e24a\"},\"breadcrumb\":{\"@id\":\"http:\\\/\\\/www.defensoria.gob.ve\\\/?p=8021#breadcrumb\"},\"inLanguage\":\"es\",\"potentialAction\":[{\"@type\":\"ReadAction\",\"target\":[\"http:\\\/\\\/www.defensoria.gob.ve\\\/?p=8021\"]}]},{\"@type\":\"ImageObject\",\"inLanguage\":\"es\",\"@id\":\"http:\\\/\\\/www.defensoria.gob.ve\\\/?p=8021#primaryimage\",\"url\":\"http:\\\/\\\/www.defensoria.gob.ve\\\/wp-content\\\/uploads\\\/2024\\\/10\\\/d5eb3481-68b6-4df0-8fac-58a69cb3761a-800x445-1.jpg\",\"contentUrl\":\"http:\\\/\\\/www.defensoria.gob.ve\\\/wp-content\\\/uploads\\\/2024\\\/10\\\/d5eb3481-68b6-4df0-8fac-58a69cb3761a-800x445-1.jpg\",\"width\":800,\"height\":445},{\"@type\":\"BreadcrumbList\",\"@id\":\"http:\\\/\\\/www.defensoria.gob.ve\\\/?p=8021#breadcrumb\",\"itemListElement\":[{\"@type\":\"ListItem\",\"position\":1,\"name\":\"Portada\",\"item\":\"http:\\\/\\\/www.defensoria.gob.ve\\\/\"},{\"@type\":\"ListItem\",\"position\":2,\"name\":\"Defensor del Pueblo particip\u00f3 en VIII Conferencia Internacional \u201cProblemas de la Protecci\u00f3n de los DD.HH\u201d\"}]},{\"@type\":\"WebSite\",\"@id\":\"http:\\\/\\\/www.defensoria.gob.ve\\\/#website\",\"url\":\"http:\\\/\\\/www.defensoria.gob.ve\\\/\",\"name\":\"\",\"description\":\"Instituci\u00f3n del Poder Ciudadano para la Promoci\u00f3n, Defensa y Vigilancia de los Derechos Humanos. \",\"potentialAction\":[{\"@type\":\"SearchAction\",\"target\":{\"@type\":\"EntryPoint\",\"urlTemplate\":\"http:\\\/\\\/www.defensoria.gob.ve\\\/?s={search_term_string}\"},\"query-input\":{\"@type\":\"PropertyValueSpecification\",\"valueRequired\":true,\"valueName\":\"search_term_string\"}}],\"inLanguage\":\"es\"},{\"@type\":\"Person\",\"@id\":\"http:\\\/\\\/www.defensoria.gob.ve\\\/#\\\/schema\\\/person\\\/fba14293189d7b1933ac7fba9d89e24a\",\"name\":\"JC.\",\"image\":{\"@type\":\"ImageObject\",\"inLanguage\":\"es\",\"@id\":\"https:\\\/\\\/secure.gravatar.com\\\/avatar\\\/f398a4de948606b38f0299d90ca738c674b648694bc725ed46503c240269dbf8?s=96&d=mm&r=g\",\"url\":\"https:\\\/\\\/secure.gravatar.com\\\/avatar\\\/f398a4de948606b38f0299d90ca738c674b648694bc725ed46503c240269dbf8?s=96&d=mm&r=g\",\"contentUrl\":\"https:\\\/\\\/secure.gravatar.com\\\/avatar\\\/f398a4de948606b38f0299d90ca738c674b648694bc725ed46503c240269dbf8?s=96&d=mm&r=g\",\"caption\":\"JC.\"},\"url\":\"http:\\\/\\\/www.defensoria.gob.ve\\\/?author=5\"}]}<\/script>\n<!-- \/ Yoast SEO plugin. -->","yoast_head_json":{"title":"Defensor del Pueblo particip\u00f3 en VIII Conferencia Internacional \u201cProblemas de la Protecci\u00f3n de los DD.HH\u201d -","robots":{"index":"index","follow":"follow","max-snippet":"max-snippet:-1","max-image-preview":"max-image-preview:large","max-video-preview":"max-video-preview:-1"},"canonical":"http:\/\/www.defensoria.gob.ve\/?p=8021","og_locale":"es_ES","og_type":"article","og_title":"Defensor del Pueblo particip\u00f3 en VIII Conferencia Internacional \u201cProblemas de la Protecci\u00f3n de los DD.HH\u201d -","og_description":"(Mosc\u00fa\/ 10-Oct-24)&nbsp;El Defensor del Pueblo, Alfredo Ruiz particip\u00f3 este jueves 10 de octubre en la VIII Conferencia Internacional Cient\u00edfica y Pr\u00e1ctica \u201cProblemas de la Protecci\u00f3n de los Derechos Humanos, en&hellip;","og_url":"http:\/\/www.defensoria.gob.ve\/?p=8021","article_published_time":"2024-10-10T14:22:00+00:00","article_modified_time":"2024-10-14T14:23:21+00:00","og_image":[{"width":800,"height":445,"url":"http:\/\/www.defensoria.gob.ve\/wp-content\/uploads\/2024\/10\/d5eb3481-68b6-4df0-8fac-58a69cb3761a-800x445-1.jpg","type":"image\/jpeg"}],"author":"JC.","twitter_card":"summary_large_image","twitter_misc":{"Escrito por":"JC.","Tiempo estimado de lectura":"4 minutos"},"schema":{"@context":"https:\/\/schema.org","@graph":[{"@type":"Article","@id":"http:\/\/www.defensoria.gob.ve\/?p=8021#article","isPartOf":{"@id":"http:\/\/www.defensoria.gob.ve\/?p=8021"},"author":{"name":"JC.","@id":"http:\/\/www.defensoria.gob.ve\/#\/schema\/person\/fba14293189d7b1933ac7fba9d89e24a"},"headline":"Defensor del Pueblo particip\u00f3 en VIII Conferencia Internacional \u201cProblemas de la Protecci\u00f3n de los DD.HH\u201d","datePublished":"2024-10-10T14:22:00+00:00","dateModified":"2024-10-14T14:23:21+00:00","mainEntityOfPage":{"@id":"http:\/\/www.defensoria.gob.ve\/?p=8021"},"wordCount":706,"image":{"@id":"http:\/\/www.defensoria.gob.ve\/?p=8021#primaryimage"},"thumbnailUrl":"http:\/\/www.defensoria.gob.ve\/wp-content\/uploads\/2024\/10\/d5eb3481-68b6-4df0-8fac-58a69cb3761a-800x445-1.jpg","articleSection":["CENTRALES"],"inLanguage":"es"},{"@type":"WebPage","@id":"http:\/\/www.defensoria.gob.ve\/?p=8021","url":"http:\/\/www.defensoria.gob.ve\/?p=8021","name":"Defensor del Pueblo particip\u00f3 en VIII Conferencia Internacional \u201cProblemas de la Protecci\u00f3n de los DD.HH\u201d -","isPartOf":{"@id":"http:\/\/www.defensoria.gob.ve\/#website"},"primaryImageOfPage":{"@id":"http:\/\/www.defensoria.gob.ve\/?p=8021#primaryimage"},"image":{"@id":"http:\/\/www.defensoria.gob.ve\/?p=8021#primaryimage"},"thumbnailUrl":"http:\/\/www.defensoria.gob.ve\/wp-content\/uploads\/2024\/10\/d5eb3481-68b6-4df0-8fac-58a69cb3761a-800x445-1.jpg","datePublished":"2024-10-10T14:22:00+00:00","dateModified":"2024-10-14T14:23:21+00:00","author":{"@id":"http:\/\/www.defensoria.gob.ve\/#\/schema\/person\/fba14293189d7b1933ac7fba9d89e24a"},"breadcrumb":{"@id":"http:\/\/www.defensoria.gob.ve\/?p=8021#breadcrumb"},"inLanguage":"es","potentialAction":[{"@type":"ReadAction","target":["http:\/\/www.defensoria.gob.ve\/?p=8021"]}]},{"@type":"ImageObject","inLanguage":"es","@id":"http:\/\/www.defensoria.gob.ve\/?p=8021#primaryimage","url":"http:\/\/www.defensoria.gob.ve\/wp-content\/uploads\/2024\/10\/d5eb3481-68b6-4df0-8fac-58a69cb3761a-800x445-1.jpg","contentUrl":"http:\/\/www.defensoria.gob.ve\/wp-content\/uploads\/2024\/10\/d5eb3481-68b6-4df0-8fac-58a69cb3761a-800x445-1.jpg","width":800,"height":445},{"@type":"BreadcrumbList","@id":"http:\/\/www.defensoria.gob.ve\/?p=8021#breadcrumb","itemListElement":[{"@type":"ListItem","position":1,"name":"Portada","item":"http:\/\/www.defensoria.gob.ve\/"},{"@type":"ListItem","position":2,"name":"Defensor del Pueblo particip\u00f3 en VIII Conferencia Internacional \u201cProblemas de la Protecci\u00f3n de los DD.HH\u201d"}]},{"@type":"WebSite","@id":"http:\/\/www.defensoria.gob.ve\/#website","url":"http:\/\/www.defensoria.gob.ve\/","name":"","description":"Instituci\u00f3n del Poder Ciudadano para la Promoci\u00f3n, Defensa y Vigilancia de los Derechos Humanos. ","potentialAction":[{"@type":"SearchAction","target":{"@type":"EntryPoint","urlTemplate":"http:\/\/www.defensoria.gob.ve\/?s={search_term_string}"},"query-input":{"@type":"PropertyValueSpecification","valueRequired":true,"valueName":"search_term_string"}}],"inLanguage":"es"},{"@type":"Person","@id":"http:\/\/www.defensoria.gob.ve\/#\/schema\/person\/fba14293189d7b1933ac7fba9d89e24a","name":"JC.","image":{"@type":"ImageObject","inLanguage":"es","@id":"https:\/\/secure.gravatar.com\/avatar\/f398a4de948606b38f0299d90ca738c674b648694bc725ed46503c240269dbf8?s=96&d=mm&r=g","url":"https:\/\/secure.gravatar.com\/avatar\/f398a4de948606b38f0299d90ca738c674b648694bc725ed46503c240269dbf8?s=96&d=mm&r=g","contentUrl":"https:\/\/secure.gravatar.com\/avatar\/f398a4de948606b38f0299d90ca738c674b648694bc725ed46503c240269dbf8?s=96&d=mm&r=g","caption":"JC."},"url":"http:\/\/www.defensoria.gob.ve\/?author=5"}]}},"_links":{"self":[{"href":"http:\/\/www.defensoria.gob.ve\/index.php?rest_route=\/wp\/v2\/posts\/8021","targetHints":{"allow":["GET"]}}],"collection":[{"href":"http:\/\/www.defensoria.gob.ve\/index.php?rest_route=\/wp\/v2\/posts"}],"about":[{"href":"http:\/\/www.defensoria.gob.ve\/index.php?rest_route=\/wp\/v2\/types\/post"}],"author":[{"embeddable":true,"href":"http:\/\/www.defensoria.gob.ve\/index.php?rest_route=\/wp\/v2\/users\/5"}],"replies":[{"embeddable":true,"href":"http:\/\/www.defensoria.gob.ve\/index.php?rest_route=%2Fwp%2Fv2%2Fcomments&post=8021"}],"version-history":[{"count":4,"href":"http:\/\/www.defensoria.gob.ve\/index.php?rest_route=\/wp\/v2\/posts\/8021\/revisions"}],"predecessor-version":[{"id":8029,"href":"http:\/\/www.defensoria.gob.ve\/index.php?rest_route=\/wp\/v2\/posts\/8021\/revisions\/8029"}],"wp:featuredmedia":[{"embeddable":true,"href":"http:\/\/www.defensoria.gob.ve\/index.php?rest_route=\/wp\/v2\/media\/8025"}],"wp:attachment":[{"href":"http:\/\/www.defensoria.gob.ve\/index.php?rest_route=%2Fwp%2Fv2%2Fmedia&parent=8021"}],"wp:term":[{"taxonomy":"category","embeddable":true,"href":"http:\/\/www.defensoria.gob.ve\/index.php?rest_route=%2Fwp%2Fv2%2Fcategories&post=8021"},{"taxonomy":"post_tag","embeddable":true,"href":"http:\/\/www.defensoria.gob.ve\/index.php?rest_route=%2Fwp%2Fv2%2Ftags&post=8021"}],"curies":[{"name":"wp","href":"https:\/\/api.w.org\/{rel}","templated":true}]}}