 
{"id":8072,"date":"2024-10-10T10:45:52","date_gmt":"2024-10-10T14:45:52","guid":{"rendered":"http:\/\/www.defensoria.gob.ve\/?p=8072"},"modified":"2024-10-14T10:48:24","modified_gmt":"2024-10-14T14:48:24","slug":"asimismo-se-sembraron-arboles-entre-los-alumnos-los-representantes-los-y-las-policias-entre-otros-fin-prensa-defensoria","status":"publish","type":"post","link":"http:\/\/www.defensoria.gob.ve\/?p=8072","title":{"rendered":"Asimismo, se sembraron \u00e1rboles entre los alumnos, los representantes, los y las polic\u00edas, entre otros.\u00a0FIN \/ PRENSA Defensor\u00eda"},"content":{"rendered":"\t\t<div data-elementor-type=\"wp-post\" data-elementor-id=\"8072\" class=\"elementor elementor-8072\">\n\t\t\t\t\t\t<section class=\"elementor-section elementor-top-section elementor-element elementor-element-29e90e91 elementor-section-boxed elementor-section-height-default elementor-section-height-default\" data-id=\"29e90e91\" data-element_type=\"section\" data-e-type=\"section\">\n\t\t\t\t\t\t<div class=\"elementor-container elementor-column-gap-default\">\n\t\t\t\t\t<div class=\"elementor-column elementor-col-100 elementor-top-column elementor-element elementor-element-337e57ab\" data-id=\"337e57ab\" data-element_type=\"column\" data-e-type=\"column\">\n\t\t\t<div class=\"elementor-widget-wrap elementor-element-populated\">\n\t\t\t\t\t\t<div class=\"elementor-element elementor-element-3c8fa8d3 elementor-widget elementor-widget-text-editor\" data-id=\"3c8fa8d3\" data-element_type=\"widget\" data-e-type=\"widget\" data-widget_type=\"text-editor.default\">\n\t\t\t\t<div class=\"elementor-widget-container\">\n\t\t\t\t\t\t\t\t\t\n<p><strong>(Miranda \/10-Oct-2024)&nbsp;<\/strong>El Defensor adjunto de la sede Los Teques, Abog. Ericksson Figueredo, brind\u00f3 un Taller \u00abDerechos Humanos y la Ley Especial para Prevenir y Sancionar la Tortura y otros Tratos Crueles, Inhumanos o Degradantes\u00bb, en la Escuela de Guardias Nacionales (ESGUARNAC), ubicada en Los Teques, municipio Guaicaipuro.<\/p>\n\n\n\n<p>Dicho proceso formativo estuvo dirigido a m\u00e1s de setenta efectivos militares de la Fuerza Armada Nacional Bolivariana, como parte de la formaci\u00f3n permanente en materia de Derechos Humanos, en cumplimiento a la labor de promoci\u00f3n de la Defensor\u00eda del Pueblo.&nbsp;<strong>FIN\/ PRENSA Defensor\u00eda<\/strong><\/p>\n\t\t\t\t\t\t\t\t<\/div>\n\t\t\t\t<\/div>\n\t\t\t\t\t<\/div>\n\t\t<\/div>\n\t\t\t\t\t<\/div>\n\t\t<\/section>\n\t\t\t\t<\/div>\n\t\t","protected":false},"excerpt":{"rendered":"<p>(Miranda \/10-Oct-2024)&nbsp;El Defensor adjunto de la sede Los Teques, Abog. Ericksson Figueredo, brind\u00f3 un Taller \u00abDerechos Humanos y la Ley Especial para Prevenir y Sancionar la Tortura y otros Tratos&hellip; <\/p>\n","protected":false},"author":5,"featured_media":8073,"comment_status":"closed","ping_status":"closed","sticky":false,"template":"","format":"standard","meta":{"footnotes":""},"categories":[5],"tags":[],"class_list":["post-8072","post","type-post","status-publish","format-standard","has-post-thumbnail","hentry","category-regionales"],"yoast_head":"<!-- This site is optimized with the Yoast SEO plugin v27.4 - https:\/\/yoast.com\/product\/yoast-seo-wordpress\/ -->\n<title>Asimismo, se sembraron \u00e1rboles entre los alumnos, los representantes, los y las polic\u00edas, entre otros.\u00a0FIN \/ PRENSA Defensor\u00eda -<\/title>\n<meta name=\"robots\" content=\"index, follow, max-snippet:-1, max-image-preview:large, max-video-preview:-1\" \/>\n<link rel=\"canonical\" href=\"http:\/\/www.defensoria.gob.ve\/?p=8072\" \/>\n<meta property=\"og:locale\" content=\"es_ES\" \/>\n<meta property=\"og:type\" content=\"article\" \/>\n<meta property=\"og:title\" content=\"Asimismo, se sembraron \u00e1rboles entre los alumnos, los representantes, los y las polic\u00edas, entre otros.\u00a0FIN \/ PRENSA Defensor\u00eda -\" \/>\n<meta property=\"og:description\" content=\"(Miranda \/10-Oct-2024)&nbsp;El Defensor adjunto de la sede Los Teques, Abog. Ericksson Figueredo, brind\u00f3 un Taller \u00abDerechos Humanos y la Ley Especial para Prevenir y Sancionar la Tortura y otros Tratos&hellip;\" \/>\n<meta property=\"og:url\" content=\"http:\/\/www.defensoria.gob.ve\/?p=8072\" \/>\n<meta property=\"article:published_time\" content=\"2024-10-10T14:45:52+00:00\" \/>\n<meta property=\"article:modified_time\" content=\"2024-10-14T14:48:24+00:00\" \/>\n<meta property=\"og:image\" content=\"http:\/\/www.defensoria.gob.ve\/wp-content\/uploads\/2024\/10\/c1b3924a-d0da-4af4-bbb0-144caf9dbbe0-800x445-1.jpg\" \/>\n\t<meta property=\"og:image:width\" content=\"800\" \/>\n\t<meta property=\"og:image:height\" content=\"445\" \/>\n\t<meta property=\"og:image:type\" content=\"image\/jpeg\" \/>\n<meta name=\"author\" content=\"JC.\" \/>\n<meta name=\"twitter:card\" content=\"summary_large_image\" \/>\n<meta name=\"twitter:label1\" content=\"Escrito por\" \/>\n\t<meta name=\"twitter:data1\" content=\"JC.\" \/>\n\t<meta name=\"twitter:label2\" content=\"Tiempo estimado de lectura\" \/>\n\t<meta name=\"twitter:data2\" content=\"1 minuto\" \/>\n<script type=\"application\/ld+json\" class=\"yoast-schema-graph\">{\"@context\":\"https:\\\/\\\/schema.org\",\"@graph\":[{\"@type\":\"Article\",\"@id\":\"http:\\\/\\\/www.defensoria.gob.ve\\\/?p=8072#article\",\"isPartOf\":{\"@id\":\"http:\\\/\\\/www.defensoria.gob.ve\\\/?p=8072\"},\"author\":{\"name\":\"JC.\",\"@id\":\"http:\\\/\\\/www.defensoria.gob.ve\\\/#\\\/schema\\\/person\\\/fba14293189d7b1933ac7fba9d89e24a\"},\"headline\":\"Asimismo, se sembraron \u00e1rboles entre los alumnos, los representantes, los y las polic\u00edas, entre otros.\u00a0FIN \\\/ PRENSA Defensor\u00eda\",\"datePublished\":\"2024-10-10T14:45:52+00:00\",\"dateModified\":\"2024-10-14T14:48:24+00:00\",\"mainEntityOfPage\":{\"@id\":\"http:\\\/\\\/www.defensoria.gob.ve\\\/?p=8072\"},\"wordCount\":118,\"image\":{\"@id\":\"http:\\\/\\\/www.defensoria.gob.ve\\\/?p=8072#primaryimage\"},\"thumbnailUrl\":\"http:\\\/\\\/www.defensoria.gob.ve\\\/wp-content\\\/uploads\\\/2024\\\/10\\\/c1b3924a-d0da-4af4-bbb0-144caf9dbbe0-800x445-1.jpg\",\"articleSection\":[\"REGIONALES\"],\"inLanguage\":\"es\"},{\"@type\":\"WebPage\",\"@id\":\"http:\\\/\\\/www.defensoria.gob.ve\\\/?p=8072\",\"url\":\"http:\\\/\\\/www.defensoria.gob.ve\\\/?p=8072\",\"name\":\"Asimismo, se sembraron \u00e1rboles entre los alumnos, los representantes, los y las polic\u00edas, entre otros.\u00a0FIN \\\/ PRENSA Defensor\u00eda -\",\"isPartOf\":{\"@id\":\"http:\\\/\\\/www.defensoria.gob.ve\\\/#website\"},\"primaryImageOfPage\":{\"@id\":\"http:\\\/\\\/www.defensoria.gob.ve\\\/?p=8072#primaryimage\"},\"image\":{\"@id\":\"http:\\\/\\\/www.defensoria.gob.ve\\\/?p=8072#primaryimage\"},\"thumbnailUrl\":\"http:\\\/\\\/www.defensoria.gob.ve\\\/wp-content\\\/uploads\\\/2024\\\/10\\\/c1b3924a-d0da-4af4-bbb0-144caf9dbbe0-800x445-1.jpg\",\"datePublished\":\"2024-10-10T14:45:52+00:00\",\"dateModified\":\"2024-10-14T14:48:24+00:00\",\"author\":{\"@id\":\"http:\\\/\\\/www.defensoria.gob.ve\\\/#\\\/schema\\\/person\\\/fba14293189d7b1933ac7fba9d89e24a\"},\"breadcrumb\":{\"@id\":\"http:\\\/\\\/www.defensoria.gob.ve\\\/?p=8072#breadcrumb\"},\"inLanguage\":\"es\",\"potentialAction\":[{\"@type\":\"ReadAction\",\"target\":[\"http:\\\/\\\/www.defensoria.gob.ve\\\/?p=8072\"]}]},{\"@type\":\"ImageObject\",\"inLanguage\":\"es\",\"@id\":\"http:\\\/\\\/www.defensoria.gob.ve\\\/?p=8072#primaryimage\",\"url\":\"http:\\\/\\\/www.defensoria.gob.ve\\\/wp-content\\\/uploads\\\/2024\\\/10\\\/c1b3924a-d0da-4af4-bbb0-144caf9dbbe0-800x445-1.jpg\",\"contentUrl\":\"http:\\\/\\\/www.defensoria.gob.ve\\\/wp-content\\\/uploads\\\/2024\\\/10\\\/c1b3924a-d0da-4af4-bbb0-144caf9dbbe0-800x445-1.jpg\",\"width\":800,\"height\":445},{\"@type\":\"BreadcrumbList\",\"@id\":\"http:\\\/\\\/www.defensoria.gob.ve\\\/?p=8072#breadcrumb\",\"itemListElement\":[{\"@type\":\"ListItem\",\"position\":1,\"name\":\"Portada\",\"item\":\"http:\\\/\\\/www.defensoria.gob.ve\\\/\"},{\"@type\":\"ListItem\",\"position\":2,\"name\":\"Asimismo, se sembraron \u00e1rboles entre los alumnos, los representantes, los y las polic\u00edas, entre otros.\u00a0FIN \\\/ PRENSA Defensor\u00eda\"}]},{\"@type\":\"WebSite\",\"@id\":\"http:\\\/\\\/www.defensoria.gob.ve\\\/#website\",\"url\":\"http:\\\/\\\/www.defensoria.gob.ve\\\/\",\"name\":\"\",\"description\":\"Instituci\u00f3n del Poder Ciudadano para la Promoci\u00f3n, Defensa y Vigilancia de los Derechos Humanos. \",\"potentialAction\":[{\"@type\":\"SearchAction\",\"target\":{\"@type\":\"EntryPoint\",\"urlTemplate\":\"http:\\\/\\\/www.defensoria.gob.ve\\\/?s={search_term_string}\"},\"query-input\":{\"@type\":\"PropertyValueSpecification\",\"valueRequired\":true,\"valueName\":\"search_term_string\"}}],\"inLanguage\":\"es\"},{\"@type\":\"Person\",\"@id\":\"http:\\\/\\\/www.defensoria.gob.ve\\\/#\\\/schema\\\/person\\\/fba14293189d7b1933ac7fba9d89e24a\",\"name\":\"JC.\",\"image\":{\"@type\":\"ImageObject\",\"inLanguage\":\"es\",\"@id\":\"https:\\\/\\\/secure.gravatar.com\\\/avatar\\\/f398a4de948606b38f0299d90ca738c674b648694bc725ed46503c240269dbf8?s=96&d=mm&r=g\",\"url\":\"https:\\\/\\\/secure.gravatar.com\\\/avatar\\\/f398a4de948606b38f0299d90ca738c674b648694bc725ed46503c240269dbf8?s=96&d=mm&r=g\",\"contentUrl\":\"https:\\\/\\\/secure.gravatar.com\\\/avatar\\\/f398a4de948606b38f0299d90ca738c674b648694bc725ed46503c240269dbf8?s=96&d=mm&r=g\",\"caption\":\"JC.\"},\"url\":\"http:\\\/\\\/www.defensoria.gob.ve\\\/?author=5\"}]}<\/script>\n<!-- \/ Yoast SEO plugin. -->","yoast_head_json":{"title":"Asimismo, se sembraron \u00e1rboles entre los alumnos, los representantes, los y las polic\u00edas, entre otros.\u00a0FIN \/ PRENSA Defensor\u00eda -","robots":{"index":"index","follow":"follow","max-snippet":"max-snippet:-1","max-image-preview":"max-image-preview:large","max-video-preview":"max-video-preview:-1"},"canonical":"http:\/\/www.defensoria.gob.ve\/?p=8072","og_locale":"es_ES","og_type":"article","og_title":"Asimismo, se sembraron \u00e1rboles entre los alumnos, los representantes, los y las polic\u00edas, entre otros.\u00a0FIN \/ PRENSA Defensor\u00eda -","og_description":"(Miranda \/10-Oct-2024)&nbsp;El Defensor adjunto de la sede Los Teques, Abog. Ericksson Figueredo, brind\u00f3 un Taller \u00abDerechos Humanos y la Ley Especial para Prevenir y Sancionar la Tortura y otros Tratos&hellip;","og_url":"http:\/\/www.defensoria.gob.ve\/?p=8072","article_published_time":"2024-10-10T14:45:52+00:00","article_modified_time":"2024-10-14T14:48:24+00:00","og_image":[{"width":800,"height":445,"url":"http:\/\/www.defensoria.gob.ve\/wp-content\/uploads\/2024\/10\/c1b3924a-d0da-4af4-bbb0-144caf9dbbe0-800x445-1.jpg","type":"image\/jpeg"}],"author":"JC.","twitter_card":"summary_large_image","twitter_misc":{"Escrito por":"JC.","Tiempo estimado de lectura":"1 minuto"},"schema":{"@context":"https:\/\/schema.org","@graph":[{"@type":"Article","@id":"http:\/\/www.defensoria.gob.ve\/?p=8072#article","isPartOf":{"@id":"http:\/\/www.defensoria.gob.ve\/?p=8072"},"author":{"name":"JC.","@id":"http:\/\/www.defensoria.gob.ve\/#\/schema\/person\/fba14293189d7b1933ac7fba9d89e24a"},"headline":"Asimismo, se sembraron \u00e1rboles entre los alumnos, los representantes, los y las polic\u00edas, entre otros.\u00a0FIN \/ PRENSA Defensor\u00eda","datePublished":"2024-10-10T14:45:52+00:00","dateModified":"2024-10-14T14:48:24+00:00","mainEntityOfPage":{"@id":"http:\/\/www.defensoria.gob.ve\/?p=8072"},"wordCount":118,"image":{"@id":"http:\/\/www.defensoria.gob.ve\/?p=8072#primaryimage"},"thumbnailUrl":"http:\/\/www.defensoria.gob.ve\/wp-content\/uploads\/2024\/10\/c1b3924a-d0da-4af4-bbb0-144caf9dbbe0-800x445-1.jpg","articleSection":["REGIONALES"],"inLanguage":"es"},{"@type":"WebPage","@id":"http:\/\/www.defensoria.gob.ve\/?p=8072","url":"http:\/\/www.defensoria.gob.ve\/?p=8072","name":"Asimismo, se sembraron \u00e1rboles entre los alumnos, los representantes, los y las polic\u00edas, entre otros.\u00a0FIN \/ PRENSA Defensor\u00eda -","isPartOf":{"@id":"http:\/\/www.defensoria.gob.ve\/#website"},"primaryImageOfPage":{"@id":"http:\/\/www.defensoria.gob.ve\/?p=8072#primaryimage"},"image":{"@id":"http:\/\/www.defensoria.gob.ve\/?p=8072#primaryimage"},"thumbnailUrl":"http:\/\/www.defensoria.gob.ve\/wp-content\/uploads\/2024\/10\/c1b3924a-d0da-4af4-bbb0-144caf9dbbe0-800x445-1.jpg","datePublished":"2024-10-10T14:45:52+00:00","dateModified":"2024-10-14T14:48:24+00:00","author":{"@id":"http:\/\/www.defensoria.gob.ve\/#\/schema\/person\/fba14293189d7b1933ac7fba9d89e24a"},"breadcrumb":{"@id":"http:\/\/www.defensoria.gob.ve\/?p=8072#breadcrumb"},"inLanguage":"es","potentialAction":[{"@type":"ReadAction","target":["http:\/\/www.defensoria.gob.ve\/?p=8072"]}]},{"@type":"ImageObject","inLanguage":"es","@id":"http:\/\/www.defensoria.gob.ve\/?p=8072#primaryimage","url":"http:\/\/www.defensoria.gob.ve\/wp-content\/uploads\/2024\/10\/c1b3924a-d0da-4af4-bbb0-144caf9dbbe0-800x445-1.jpg","contentUrl":"http:\/\/www.defensoria.gob.ve\/wp-content\/uploads\/2024\/10\/c1b3924a-d0da-4af4-bbb0-144caf9dbbe0-800x445-1.jpg","width":800,"height":445},{"@type":"BreadcrumbList","@id":"http:\/\/www.defensoria.gob.ve\/?p=8072#breadcrumb","itemListElement":[{"@type":"ListItem","position":1,"name":"Portada","item":"http:\/\/www.defensoria.gob.ve\/"},{"@type":"ListItem","position":2,"name":"Asimismo, se sembraron \u00e1rboles entre los alumnos, los representantes, los y las polic\u00edas, entre otros.\u00a0FIN \/ PRENSA Defensor\u00eda"}]},{"@type":"WebSite","@id":"http:\/\/www.defensoria.gob.ve\/#website","url":"http:\/\/www.defensoria.gob.ve\/","name":"","description":"Instituci\u00f3n del Poder Ciudadano para la Promoci\u00f3n, Defensa y Vigilancia de los Derechos Humanos. ","potentialAction":[{"@type":"SearchAction","target":{"@type":"EntryPoint","urlTemplate":"http:\/\/www.defensoria.gob.ve\/?s={search_term_string}"},"query-input":{"@type":"PropertyValueSpecification","valueRequired":true,"valueName":"search_term_string"}}],"inLanguage":"es"},{"@type":"Person","@id":"http:\/\/www.defensoria.gob.ve\/#\/schema\/person\/fba14293189d7b1933ac7fba9d89e24a","name":"JC.","image":{"@type":"ImageObject","inLanguage":"es","@id":"https:\/\/secure.gravatar.com\/avatar\/f398a4de948606b38f0299d90ca738c674b648694bc725ed46503c240269dbf8?s=96&d=mm&r=g","url":"https:\/\/secure.gravatar.com\/avatar\/f398a4de948606b38f0299d90ca738c674b648694bc725ed46503c240269dbf8?s=96&d=mm&r=g","contentUrl":"https:\/\/secure.gravatar.com\/avatar\/f398a4de948606b38f0299d90ca738c674b648694bc725ed46503c240269dbf8?s=96&d=mm&r=g","caption":"JC."},"url":"http:\/\/www.defensoria.gob.ve\/?author=5"}]}},"_links":{"self":[{"href":"http:\/\/www.defensoria.gob.ve\/index.php?rest_route=\/wp\/v2\/posts\/8072","targetHints":{"allow":["GET"]}}],"collection":[{"href":"http:\/\/www.defensoria.gob.ve\/index.php?rest_route=\/wp\/v2\/posts"}],"about":[{"href":"http:\/\/www.defensoria.gob.ve\/index.php?rest_route=\/wp\/v2\/types\/post"}],"author":[{"embeddable":true,"href":"http:\/\/www.defensoria.gob.ve\/index.php?rest_route=\/wp\/v2\/users\/5"}],"replies":[{"embeddable":true,"href":"http:\/\/www.defensoria.gob.ve\/index.php?rest_route=%2Fwp%2Fv2%2Fcomments&post=8072"}],"version-history":[{"count":4,"href":"http:\/\/www.defensoria.gob.ve\/index.php?rest_route=\/wp\/v2\/posts\/8072\/revisions"}],"predecessor-version":[{"id":8077,"href":"http:\/\/www.defensoria.gob.ve\/index.php?rest_route=\/wp\/v2\/posts\/8072\/revisions\/8077"}],"wp:featuredmedia":[{"embeddable":true,"href":"http:\/\/www.defensoria.gob.ve\/index.php?rest_route=\/wp\/v2\/media\/8073"}],"wp:attachment":[{"href":"http:\/\/www.defensoria.gob.ve\/index.php?rest_route=%2Fwp%2Fv2%2Fmedia&parent=8072"}],"wp:term":[{"taxonomy":"category","embeddable":true,"href":"http:\/\/www.defensoria.gob.ve\/index.php?rest_route=%2Fwp%2Fv2%2Fcategories&post=8072"},{"taxonomy":"post_tag","embeddable":true,"href":"http:\/\/www.defensoria.gob.ve\/index.php?rest_route=%2Fwp%2Fv2%2Ftags&post=8072"}],"curies":[{"name":"wp","href":"https:\/\/api.w.org\/{rel}","templated":true}]}}