 
{"id":8078,"date":"2024-10-10T10:50:47","date_gmt":"2024-10-10T14:50:47","guid":{"rendered":"http:\/\/www.defensoria.gob.ve\/?p=8078"},"modified":"2024-10-14T10:51:29","modified_gmt":"2024-10-14T14:51:29","slug":"delegada-de-sucre-participo-en-reunion-de-trabajo-sobre-violencia-de-genero","status":"publish","type":"post","link":"http:\/\/www.defensoria.gob.ve\/?p=8078","title":{"rendered":"Delegada de Sucre particip\u00f3 en reuni\u00f3n de trabajo sobre violencia de g\u00e9nero"},"content":{"rendered":"\t\t<div data-elementor-type=\"wp-post\" data-elementor-id=\"8078\" class=\"elementor elementor-8078\">\n\t\t\t\t\t\t<section class=\"elementor-section elementor-top-section elementor-element elementor-element-faec22e elementor-section-boxed elementor-section-height-default elementor-section-height-default\" data-id=\"faec22e\" data-element_type=\"section\" data-e-type=\"section\">\n\t\t\t\t\t\t<div class=\"elementor-container elementor-column-gap-default\">\n\t\t\t\t\t<div class=\"elementor-column elementor-col-100 elementor-top-column elementor-element elementor-element-c041bf4\" data-id=\"c041bf4\" data-element_type=\"column\" data-e-type=\"column\">\n\t\t\t<div class=\"elementor-widget-wrap elementor-element-populated\">\n\t\t\t\t\t\t<div class=\"elementor-element elementor-element-44cbdb78 elementor-widget elementor-widget-text-editor\" data-id=\"44cbdb78\" data-element_type=\"widget\" data-e-type=\"widget\" data-widget_type=\"text-editor.default\">\n\t\t\t\t<div class=\"elementor-widget-container\">\n\t\t\t\t\t\t\t\t\t\n<p><strong>(Sucre\/10-Oct-24)<\/strong> Como parte de sus competencias constitucionales sobre la promoci\u00f3n de los derechos humanos, la Defensor\u00eda delegada del estado Sucre particip\u00f3 en una reuni\u00f3n de trabajo con otros entes regionales para tratar el tema de a violencia de g\u00e9nero en la regi\u00f3n.<\/p>\n\n\n\n<figure class=\"wp-block-image size-full\"><img fetchpriority=\"high\" decoding=\"async\" width=\"1024\" height=\"543\" src=\"http:\/\/www.defensoria.gob.ve\/wp-content\/uploads\/2024\/10\/c2f5007f-e34a-47fa-b5ea-beda0636b70c-1024x543-1.jpg\" alt=\"\" class=\"wp-image-8079\" srcset=\"http:\/\/www.defensoria.gob.ve\/wp-content\/uploads\/2024\/10\/c2f5007f-e34a-47fa-b5ea-beda0636b70c-1024x543-1.jpg 1024w, http:\/\/www.defensoria.gob.ve\/wp-content\/uploads\/2024\/10\/c2f5007f-e34a-47fa-b5ea-beda0636b70c-1024x543-1-300x159.jpg 300w, http:\/\/www.defensoria.gob.ve\/wp-content\/uploads\/2024\/10\/c2f5007f-e34a-47fa-b5ea-beda0636b70c-1024x543-1-768x407.jpg 768w\" sizes=\"(max-width: 1024px) 100vw, 1024px\" \/><\/figure>\n\n\n\n<p>A la reuni\u00f3n asistieron representantes del ente defensorial; Guardia del Pueblo; Guardia Nacional Bolivariana; Bomberos del Municipio Berm\u00fadez; Ministerio P\u00fablico; Defensa P\u00fablica y el Sistema Municipal de Protecci\u00f3n de los Ni\u00f1os, Ni\u00f1as y Adolescentes.<\/p>\n\n\n\n<figure class=\"wp-block-image size-full\"><img decoding=\"async\" width=\"1024\" height=\"768\" src=\"http:\/\/www.defensoria.gob.ve\/wp-content\/uploads\/2024\/10\/0f01d256-1e89-468f-a1fd-03dc1ba5ac06-1024x768-1.jpg\" alt=\"\" class=\"wp-image-8080\" srcset=\"http:\/\/www.defensoria.gob.ve\/wp-content\/uploads\/2024\/10\/0f01d256-1e89-468f-a1fd-03dc1ba5ac06-1024x768-1.jpg 1024w, http:\/\/www.defensoria.gob.ve\/wp-content\/uploads\/2024\/10\/0f01d256-1e89-468f-a1fd-03dc1ba5ac06-1024x768-1-300x225.jpg 300w, http:\/\/www.defensoria.gob.ve\/wp-content\/uploads\/2024\/10\/0f01d256-1e89-468f-a1fd-03dc1ba5ac06-1024x768-1-768x576.jpg 768w\" sizes=\"(max-width: 1024px) 100vw, 1024px\" \/><\/figure>\n\n\n\n<p>La sede del evento fue el edificio 1x 10 Buen Gobierno, ubicado en la calle independencia de Cuman\u00e1 y cont\u00f3 con la asistencia Raquel Candiales de Rodr\u00edguez, Directora de Funda Berm\u00fadez.<\/p>\n\n\n\n<p>Durante la intervenci\u00f3n de la comisi\u00f3n defensorial, se inform\u00f3 sobre sus atribuciones constitucionales, espec\u00edficamente en sus art\u00edculos 280 y 281, entre otros y el compromiso de nuestra instituci\u00f3n para definir estrategias para la erradicaci\u00f3n de la violencia de g\u00e9nero en la regi\u00f3n.\u00a0<strong>FIN \/ PRENSA Defensor\u00eda<\/strong><\/p>\n\t\t\t\t\t\t\t\t<\/div>\n\t\t\t\t<\/div>\n\t\t\t\t\t<\/div>\n\t\t<\/div>\n\t\t\t\t\t<\/div>\n\t\t<\/section>\n\t\t\t\t<\/div>\n\t\t","protected":false},"excerpt":{"rendered":"<p>(Sucre\/10-Oct-24) Como parte de sus competencias constitucionales sobre la promoci\u00f3n de los derechos humanos, la Defensor\u00eda delegada del estado Sucre particip\u00f3 en una reuni\u00f3n de trabajo con otros entes regionales&hellip; <\/p>\n","protected":false},"author":5,"featured_media":8081,"comment_status":"closed","ping_status":"closed","sticky":false,"template":"","format":"standard","meta":{"footnotes":""},"categories":[5],"tags":[],"class_list":["post-8078","post","type-post","status-publish","format-standard","has-post-thumbnail","hentry","category-regionales"],"yoast_head":"<!-- This site is optimized with the Yoast SEO plugin v27.4 - https:\/\/yoast.com\/product\/yoast-seo-wordpress\/ -->\n<title>Delegada de Sucre particip\u00f3 en reuni\u00f3n de trabajo sobre violencia de g\u00e9nero -<\/title>\n<meta name=\"robots\" content=\"index, follow, max-snippet:-1, max-image-preview:large, max-video-preview:-1\" \/>\n<link rel=\"canonical\" href=\"http:\/\/www.defensoria.gob.ve\/?p=8078\" \/>\n<meta property=\"og:locale\" content=\"es_ES\" \/>\n<meta property=\"og:type\" content=\"article\" \/>\n<meta property=\"og:title\" content=\"Delegada de Sucre particip\u00f3 en reuni\u00f3n de trabajo sobre violencia de g\u00e9nero -\" \/>\n<meta property=\"og:description\" content=\"(Sucre\/10-Oct-24) Como parte de sus competencias constitucionales sobre la promoci\u00f3n de los derechos humanos, la Defensor\u00eda delegada del estado Sucre particip\u00f3 en una reuni\u00f3n de trabajo con otros entes regionales&hellip;\" \/>\n<meta property=\"og:url\" content=\"http:\/\/www.defensoria.gob.ve\/?p=8078\" \/>\n<meta property=\"article:published_time\" content=\"2024-10-10T14:50:47+00:00\" \/>\n<meta property=\"article:modified_time\" content=\"2024-10-14T14:51:29+00:00\" \/>\n<meta property=\"og:image\" content=\"http:\/\/www.defensoria.gob.ve\/wp-content\/uploads\/2024\/10\/2910bac8-81b8-449e-9df3-5b29c404bad2-800x445-1.jpg\" \/>\n\t<meta property=\"og:image:width\" content=\"800\" \/>\n\t<meta property=\"og:image:height\" content=\"445\" \/>\n\t<meta property=\"og:image:type\" content=\"image\/jpeg\" \/>\n<meta name=\"author\" content=\"JC.\" \/>\n<meta name=\"twitter:card\" content=\"summary_large_image\" \/>\n<meta name=\"twitter:label1\" content=\"Escrito por\" \/>\n\t<meta name=\"twitter:data1\" content=\"JC.\" \/>\n\t<meta name=\"twitter:label2\" content=\"Tiempo estimado de lectura\" \/>\n\t<meta name=\"twitter:data2\" content=\"2 minutos\" \/>\n<script type=\"application\/ld+json\" class=\"yoast-schema-graph\">{\"@context\":\"https:\\\/\\\/schema.org\",\"@graph\":[{\"@type\":\"Article\",\"@id\":\"http:\\\/\\\/www.defensoria.gob.ve\\\/?p=8078#article\",\"isPartOf\":{\"@id\":\"http:\\\/\\\/www.defensoria.gob.ve\\\/?p=8078\"},\"author\":{\"name\":\"JC.\",\"@id\":\"http:\\\/\\\/www.defensoria.gob.ve\\\/#\\\/schema\\\/person\\\/fba14293189d7b1933ac7fba9d89e24a\"},\"headline\":\"Delegada de Sucre particip\u00f3 en reuni\u00f3n de trabajo sobre violencia de g\u00e9nero\",\"datePublished\":\"2024-10-10T14:50:47+00:00\",\"dateModified\":\"2024-10-14T14:51:29+00:00\",\"mainEntityOfPage\":{\"@id\":\"http:\\\/\\\/www.defensoria.gob.ve\\\/?p=8078\"},\"wordCount\":187,\"image\":{\"@id\":\"http:\\\/\\\/www.defensoria.gob.ve\\\/?p=8078#primaryimage\"},\"thumbnailUrl\":\"http:\\\/\\\/www.defensoria.gob.ve\\\/wp-content\\\/uploads\\\/2024\\\/10\\\/2910bac8-81b8-449e-9df3-5b29c404bad2-800x445-1.jpg\",\"articleSection\":[\"REGIONALES\"],\"inLanguage\":\"es\"},{\"@type\":\"WebPage\",\"@id\":\"http:\\\/\\\/www.defensoria.gob.ve\\\/?p=8078\",\"url\":\"http:\\\/\\\/www.defensoria.gob.ve\\\/?p=8078\",\"name\":\"Delegada de Sucre particip\u00f3 en reuni\u00f3n de trabajo sobre violencia de g\u00e9nero -\",\"isPartOf\":{\"@id\":\"http:\\\/\\\/www.defensoria.gob.ve\\\/#website\"},\"primaryImageOfPage\":{\"@id\":\"http:\\\/\\\/www.defensoria.gob.ve\\\/?p=8078#primaryimage\"},\"image\":{\"@id\":\"http:\\\/\\\/www.defensoria.gob.ve\\\/?p=8078#primaryimage\"},\"thumbnailUrl\":\"http:\\\/\\\/www.defensoria.gob.ve\\\/wp-content\\\/uploads\\\/2024\\\/10\\\/2910bac8-81b8-449e-9df3-5b29c404bad2-800x445-1.jpg\",\"datePublished\":\"2024-10-10T14:50:47+00:00\",\"dateModified\":\"2024-10-14T14:51:29+00:00\",\"author\":{\"@id\":\"http:\\\/\\\/www.defensoria.gob.ve\\\/#\\\/schema\\\/person\\\/fba14293189d7b1933ac7fba9d89e24a\"},\"breadcrumb\":{\"@id\":\"http:\\\/\\\/www.defensoria.gob.ve\\\/?p=8078#breadcrumb\"},\"inLanguage\":\"es\",\"potentialAction\":[{\"@type\":\"ReadAction\",\"target\":[\"http:\\\/\\\/www.defensoria.gob.ve\\\/?p=8078\"]}]},{\"@type\":\"ImageObject\",\"inLanguage\":\"es\",\"@id\":\"http:\\\/\\\/www.defensoria.gob.ve\\\/?p=8078#primaryimage\",\"url\":\"http:\\\/\\\/www.defensoria.gob.ve\\\/wp-content\\\/uploads\\\/2024\\\/10\\\/2910bac8-81b8-449e-9df3-5b29c404bad2-800x445-1.jpg\",\"contentUrl\":\"http:\\\/\\\/www.defensoria.gob.ve\\\/wp-content\\\/uploads\\\/2024\\\/10\\\/2910bac8-81b8-449e-9df3-5b29c404bad2-800x445-1.jpg\",\"width\":800,\"height\":445},{\"@type\":\"BreadcrumbList\",\"@id\":\"http:\\\/\\\/www.defensoria.gob.ve\\\/?p=8078#breadcrumb\",\"itemListElement\":[{\"@type\":\"ListItem\",\"position\":1,\"name\":\"Portada\",\"item\":\"http:\\\/\\\/www.defensoria.gob.ve\\\/\"},{\"@type\":\"ListItem\",\"position\":2,\"name\":\"Delegada de Sucre particip\u00f3 en reuni\u00f3n de trabajo sobre violencia de g\u00e9nero\"}]},{\"@type\":\"WebSite\",\"@id\":\"http:\\\/\\\/www.defensoria.gob.ve\\\/#website\",\"url\":\"http:\\\/\\\/www.defensoria.gob.ve\\\/\",\"name\":\"\",\"description\":\"Instituci\u00f3n del Poder Ciudadano para la Promoci\u00f3n, Defensa y Vigilancia de los Derechos Humanos. \",\"potentialAction\":[{\"@type\":\"SearchAction\",\"target\":{\"@type\":\"EntryPoint\",\"urlTemplate\":\"http:\\\/\\\/www.defensoria.gob.ve\\\/?s={search_term_string}\"},\"query-input\":{\"@type\":\"PropertyValueSpecification\",\"valueRequired\":true,\"valueName\":\"search_term_string\"}}],\"inLanguage\":\"es\"},{\"@type\":\"Person\",\"@id\":\"http:\\\/\\\/www.defensoria.gob.ve\\\/#\\\/schema\\\/person\\\/fba14293189d7b1933ac7fba9d89e24a\",\"name\":\"JC.\",\"image\":{\"@type\":\"ImageObject\",\"inLanguage\":\"es\",\"@id\":\"https:\\\/\\\/secure.gravatar.com\\\/avatar\\\/f398a4de948606b38f0299d90ca738c674b648694bc725ed46503c240269dbf8?s=96&d=mm&r=g\",\"url\":\"https:\\\/\\\/secure.gravatar.com\\\/avatar\\\/f398a4de948606b38f0299d90ca738c674b648694bc725ed46503c240269dbf8?s=96&d=mm&r=g\",\"contentUrl\":\"https:\\\/\\\/secure.gravatar.com\\\/avatar\\\/f398a4de948606b38f0299d90ca738c674b648694bc725ed46503c240269dbf8?s=96&d=mm&r=g\",\"caption\":\"JC.\"},\"url\":\"http:\\\/\\\/www.defensoria.gob.ve\\\/?author=5\"}]}<\/script>\n<!-- \/ Yoast SEO plugin. -->","yoast_head_json":{"title":"Delegada de Sucre particip\u00f3 en reuni\u00f3n de trabajo sobre violencia de g\u00e9nero -","robots":{"index":"index","follow":"follow","max-snippet":"max-snippet:-1","max-image-preview":"max-image-preview:large","max-video-preview":"max-video-preview:-1"},"canonical":"http:\/\/www.defensoria.gob.ve\/?p=8078","og_locale":"es_ES","og_type":"article","og_title":"Delegada de Sucre particip\u00f3 en reuni\u00f3n de trabajo sobre violencia de g\u00e9nero -","og_description":"(Sucre\/10-Oct-24) Como parte de sus competencias constitucionales sobre la promoci\u00f3n de los derechos humanos, la Defensor\u00eda delegada del estado Sucre particip\u00f3 en una reuni\u00f3n de trabajo con otros entes regionales&hellip;","og_url":"http:\/\/www.defensoria.gob.ve\/?p=8078","article_published_time":"2024-10-10T14:50:47+00:00","article_modified_time":"2024-10-14T14:51:29+00:00","og_image":[{"width":800,"height":445,"url":"http:\/\/www.defensoria.gob.ve\/wp-content\/uploads\/2024\/10\/2910bac8-81b8-449e-9df3-5b29c404bad2-800x445-1.jpg","type":"image\/jpeg"}],"author":"JC.","twitter_card":"summary_large_image","twitter_misc":{"Escrito por":"JC.","Tiempo estimado de lectura":"2 minutos"},"schema":{"@context":"https:\/\/schema.org","@graph":[{"@type":"Article","@id":"http:\/\/www.defensoria.gob.ve\/?p=8078#article","isPartOf":{"@id":"http:\/\/www.defensoria.gob.ve\/?p=8078"},"author":{"name":"JC.","@id":"http:\/\/www.defensoria.gob.ve\/#\/schema\/person\/fba14293189d7b1933ac7fba9d89e24a"},"headline":"Delegada de Sucre particip\u00f3 en reuni\u00f3n de trabajo sobre violencia de g\u00e9nero","datePublished":"2024-10-10T14:50:47+00:00","dateModified":"2024-10-14T14:51:29+00:00","mainEntityOfPage":{"@id":"http:\/\/www.defensoria.gob.ve\/?p=8078"},"wordCount":187,"image":{"@id":"http:\/\/www.defensoria.gob.ve\/?p=8078#primaryimage"},"thumbnailUrl":"http:\/\/www.defensoria.gob.ve\/wp-content\/uploads\/2024\/10\/2910bac8-81b8-449e-9df3-5b29c404bad2-800x445-1.jpg","articleSection":["REGIONALES"],"inLanguage":"es"},{"@type":"WebPage","@id":"http:\/\/www.defensoria.gob.ve\/?p=8078","url":"http:\/\/www.defensoria.gob.ve\/?p=8078","name":"Delegada de Sucre particip\u00f3 en reuni\u00f3n de trabajo sobre violencia de g\u00e9nero -","isPartOf":{"@id":"http:\/\/www.defensoria.gob.ve\/#website"},"primaryImageOfPage":{"@id":"http:\/\/www.defensoria.gob.ve\/?p=8078#primaryimage"},"image":{"@id":"http:\/\/www.defensoria.gob.ve\/?p=8078#primaryimage"},"thumbnailUrl":"http:\/\/www.defensoria.gob.ve\/wp-content\/uploads\/2024\/10\/2910bac8-81b8-449e-9df3-5b29c404bad2-800x445-1.jpg","datePublished":"2024-10-10T14:50:47+00:00","dateModified":"2024-10-14T14:51:29+00:00","author":{"@id":"http:\/\/www.defensoria.gob.ve\/#\/schema\/person\/fba14293189d7b1933ac7fba9d89e24a"},"breadcrumb":{"@id":"http:\/\/www.defensoria.gob.ve\/?p=8078#breadcrumb"},"inLanguage":"es","potentialAction":[{"@type":"ReadAction","target":["http:\/\/www.defensoria.gob.ve\/?p=8078"]}]},{"@type":"ImageObject","inLanguage":"es","@id":"http:\/\/www.defensoria.gob.ve\/?p=8078#primaryimage","url":"http:\/\/www.defensoria.gob.ve\/wp-content\/uploads\/2024\/10\/2910bac8-81b8-449e-9df3-5b29c404bad2-800x445-1.jpg","contentUrl":"http:\/\/www.defensoria.gob.ve\/wp-content\/uploads\/2024\/10\/2910bac8-81b8-449e-9df3-5b29c404bad2-800x445-1.jpg","width":800,"height":445},{"@type":"BreadcrumbList","@id":"http:\/\/www.defensoria.gob.ve\/?p=8078#breadcrumb","itemListElement":[{"@type":"ListItem","position":1,"name":"Portada","item":"http:\/\/www.defensoria.gob.ve\/"},{"@type":"ListItem","position":2,"name":"Delegada de Sucre particip\u00f3 en reuni\u00f3n de trabajo sobre violencia de g\u00e9nero"}]},{"@type":"WebSite","@id":"http:\/\/www.defensoria.gob.ve\/#website","url":"http:\/\/www.defensoria.gob.ve\/","name":"","description":"Instituci\u00f3n del Poder Ciudadano para la Promoci\u00f3n, Defensa y Vigilancia de los Derechos Humanos. ","potentialAction":[{"@type":"SearchAction","target":{"@type":"EntryPoint","urlTemplate":"http:\/\/www.defensoria.gob.ve\/?s={search_term_string}"},"query-input":{"@type":"PropertyValueSpecification","valueRequired":true,"valueName":"search_term_string"}}],"inLanguage":"es"},{"@type":"Person","@id":"http:\/\/www.defensoria.gob.ve\/#\/schema\/person\/fba14293189d7b1933ac7fba9d89e24a","name":"JC.","image":{"@type":"ImageObject","inLanguage":"es","@id":"https:\/\/secure.gravatar.com\/avatar\/f398a4de948606b38f0299d90ca738c674b648694bc725ed46503c240269dbf8?s=96&d=mm&r=g","url":"https:\/\/secure.gravatar.com\/avatar\/f398a4de948606b38f0299d90ca738c674b648694bc725ed46503c240269dbf8?s=96&d=mm&r=g","contentUrl":"https:\/\/secure.gravatar.com\/avatar\/f398a4de948606b38f0299d90ca738c674b648694bc725ed46503c240269dbf8?s=96&d=mm&r=g","caption":"JC."},"url":"http:\/\/www.defensoria.gob.ve\/?author=5"}]}},"_links":{"self":[{"href":"http:\/\/www.defensoria.gob.ve\/index.php?rest_route=\/wp\/v2\/posts\/8078","targetHints":{"allow":["GET"]}}],"collection":[{"href":"http:\/\/www.defensoria.gob.ve\/index.php?rest_route=\/wp\/v2\/posts"}],"about":[{"href":"http:\/\/www.defensoria.gob.ve\/index.php?rest_route=\/wp\/v2\/types\/post"}],"author":[{"embeddable":true,"href":"http:\/\/www.defensoria.gob.ve\/index.php?rest_route=\/wp\/v2\/users\/5"}],"replies":[{"embeddable":true,"href":"http:\/\/www.defensoria.gob.ve\/index.php?rest_route=%2Fwp%2Fv2%2Fcomments&post=8078"}],"version-history":[{"count":4,"href":"http:\/\/www.defensoria.gob.ve\/index.php?rest_route=\/wp\/v2\/posts\/8078\/revisions"}],"predecessor-version":[{"id":8085,"href":"http:\/\/www.defensoria.gob.ve\/index.php?rest_route=\/wp\/v2\/posts\/8078\/revisions\/8085"}],"wp:featuredmedia":[{"embeddable":true,"href":"http:\/\/www.defensoria.gob.ve\/index.php?rest_route=\/wp\/v2\/media\/8081"}],"wp:attachment":[{"href":"http:\/\/www.defensoria.gob.ve\/index.php?rest_route=%2Fwp%2Fv2%2Fmedia&parent=8078"}],"wp:term":[{"taxonomy":"category","embeddable":true,"href":"http:\/\/www.defensoria.gob.ve\/index.php?rest_route=%2Fwp%2Fv2%2Fcategories&post=8078"},{"taxonomy":"post_tag","embeddable":true,"href":"http:\/\/www.defensoria.gob.ve\/index.php?rest_route=%2Fwp%2Fv2%2Ftags&post=8078"}],"curies":[{"name":"wp","href":"https:\/\/api.w.org\/{rel}","templated":true}]}}