 
{"id":8162,"date":"2024-10-16T14:48:59","date_gmt":"2024-10-16T18:48:59","guid":{"rendered":"http:\/\/www.defensoria.gob.ve\/?p=8162"},"modified":"2024-10-16T14:49:36","modified_gmt":"2024-10-16T18:49:36","slug":"funcionarios-y-funcionarias-de-la-delegada-de-lara-participaron-en-un-homenaje-a-la-ancestral-lucha-de-los-pueblos-indigenas","status":"publish","type":"post","link":"http:\/\/www.defensoria.gob.ve\/?p=8162","title":{"rendered":"Funcionarios y funcionarias de la delegada de Lara participaron en un homenaje a la ancestral lucha de los pueblos ind\u00edgenas"},"content":{"rendered":"\t\t<div data-elementor-type=\"wp-post\" data-elementor-id=\"8162\" class=\"elementor elementor-8162\">\n\t\t\t\t\t\t<section class=\"elementor-section elementor-top-section elementor-element elementor-element-7743b7cd elementor-section-boxed elementor-section-height-default elementor-section-height-default\" data-id=\"7743b7cd\" data-element_type=\"section\" data-e-type=\"section\">\n\t\t\t\t\t\t<div class=\"elementor-container elementor-column-gap-default\">\n\t\t\t\t\t<div class=\"elementor-column elementor-col-100 elementor-top-column elementor-element elementor-element-d599606\" data-id=\"d599606\" data-element_type=\"column\" data-e-type=\"column\">\n\t\t\t<div class=\"elementor-widget-wrap elementor-element-populated\">\n\t\t\t\t\t\t<div class=\"elementor-element elementor-element-60cb4924 elementor-widget elementor-widget-text-editor\" data-id=\"60cb4924\" data-element_type=\"widget\" data-e-type=\"widget\" data-widget_type=\"text-editor.default\">\n\t\t\t\t<div class=\"elementor-widget-container\">\n\t\t\t\t\t\t\t\t\t\n<p>(Lara \/16-Oct-2024) En una sesi\u00f3n especial, el Consejo Municipal Bolivariano de Iribarren rindi\u00f3 homenaje a la ancestral lucha de los pueblos ind\u00edgenas y celebr\u00f3 el quinto aniversario del cambio de nombre de la parroquia Guerrera Ana Soto. Este acto reafirma el compromiso del municipio con la reivindicaci\u00f3n hist\u00f3rica y cultural de nuestros ancestros.<\/p>\n\n\n\n<figure class=\"wp-block-image size-full\"><img fetchpriority=\"high\" decoding=\"async\" width=\"1000\" height=\"750\" src=\"http:\/\/www.defensoria.gob.ve\/wp-content\/uploads\/2024\/10\/photo_4933941271983140345_y.jpg\" alt=\"\" class=\"wp-image-8163\" srcset=\"http:\/\/www.defensoria.gob.ve\/wp-content\/uploads\/2024\/10\/photo_4933941271983140345_y.jpg 1000w, http:\/\/www.defensoria.gob.ve\/wp-content\/uploads\/2024\/10\/photo_4933941271983140345_y-300x225.jpg 300w, http:\/\/www.defensoria.gob.ve\/wp-content\/uploads\/2024\/10\/photo_4933941271983140345_y-768x576.jpg 768w\" sizes=\"(max-width: 1000px) 100vw, 1000px\" \/><\/figure>\n\n\n\n<p>En la actividad la Defensora Delegada de Lara, Arelis Rodr\u00edguez Ag\u00fcero, fue reconocida por su destacada labor en la defensa de los derechos de los pueblos originarios. Su compromiso ha sido fundamental junto al equipo de trabajo para fortalecer los lazos entre las comunidades ind\u00edgenas y el poder popular.<\/p>\n\n\n\n<figure class=\"wp-block-image size-full\"><img decoding=\"async\" width=\"1000\" height=\"750\" src=\"http:\/\/www.defensoria.gob.ve\/wp-content\/uploads\/2024\/10\/photo_4933941271983140347_y.jpg\" alt=\"\" class=\"wp-image-8164\" srcset=\"http:\/\/www.defensoria.gob.ve\/wp-content\/uploads\/2024\/10\/photo_4933941271983140347_y.jpg 1000w, http:\/\/www.defensoria.gob.ve\/wp-content\/uploads\/2024\/10\/photo_4933941271983140347_y-300x225.jpg 300w, http:\/\/www.defensoria.gob.ve\/wp-content\/uploads\/2024\/10\/photo_4933941271983140347_y-768x576.jpg 768w\" sizes=\"(max-width: 1000px) 100vw, 1000px\" \/><\/figure>\n\n\n\n<p>Con este homenaje, Iribarren se une a la celebraci\u00f3n de la rica diversidad cultural de nuestro pa\u00eds y exalta la figura de Ana Soto, una valiente guerrera que luch\u00f3 por la libertad de su pueblo. FIN\/ PRENSA DEFENSOR\u00cdA<\/p>\n\t\t\t\t\t\t\t\t<\/div>\n\t\t\t\t<\/div>\n\t\t\t\t\t<\/div>\n\t\t<\/div>\n\t\t\t\t\t<\/div>\n\t\t<\/section>\n\t\t\t\t<\/div>\n\t\t","protected":false},"excerpt":{"rendered":"<p>(Lara \/16-Oct-2024) En una sesi\u00f3n especial, el Consejo Municipal Bolivariano de Iribarren rindi\u00f3 homenaje a la ancestral lucha de los pueblos ind\u00edgenas y celebr\u00f3 el quinto aniversario del cambio de&hellip; <\/p>\n","protected":false},"author":14,"featured_media":8165,"comment_status":"closed","ping_status":"closed","sticky":false,"template":"","format":"standard","meta":{"footnotes":""},"categories":[5],"tags":[],"class_list":["post-8162","post","type-post","status-publish","format-standard","has-post-thumbnail","hentry","category-regionales"],"yoast_head":"<!-- This site is optimized with the Yoast SEO plugin v27.4 - https:\/\/yoast.com\/product\/yoast-seo-wordpress\/ -->\n<title>Funcionarios y funcionarias de la delegada de Lara participaron en un homenaje a la ancestral lucha de los pueblos ind\u00edgenas -<\/title>\n<meta name=\"robots\" content=\"index, follow, max-snippet:-1, max-image-preview:large, max-video-preview:-1\" \/>\n<link rel=\"canonical\" href=\"http:\/\/www.defensoria.gob.ve\/?p=8162\" \/>\n<meta property=\"og:locale\" content=\"es_ES\" \/>\n<meta property=\"og:type\" content=\"article\" \/>\n<meta property=\"og:title\" content=\"Funcionarios y funcionarias de la delegada de Lara participaron en un homenaje a la ancestral lucha de los pueblos ind\u00edgenas -\" \/>\n<meta property=\"og:description\" content=\"(Lara \/16-Oct-2024) En una sesi\u00f3n especial, el Consejo Municipal Bolivariano de Iribarren rindi\u00f3 homenaje a la ancestral lucha de los pueblos ind\u00edgenas y celebr\u00f3 el quinto aniversario del cambio de&hellip;\" \/>\n<meta property=\"og:url\" content=\"http:\/\/www.defensoria.gob.ve\/?p=8162\" \/>\n<meta property=\"article:published_time\" content=\"2024-10-16T18:48:59+00:00\" \/>\n<meta property=\"article:modified_time\" content=\"2024-10-16T18:49:36+00:00\" \/>\n<meta property=\"og:image\" content=\"http:\/\/www.defensoria.gob.ve\/wp-content\/uploads\/2024\/10\/photo_4933941271983140348_y.jpg\" \/>\n\t<meta property=\"og:image:width\" content=\"1000\" \/>\n\t<meta property=\"og:image:height\" content=\"750\" \/>\n\t<meta property=\"og:image:type\" content=\"image\/jpeg\" \/>\n<meta name=\"author\" content=\"KF.\" \/>\n<meta name=\"twitter:card\" content=\"summary_large_image\" \/>\n<meta name=\"twitter:label1\" content=\"Escrito por\" \/>\n\t<meta name=\"twitter:data1\" content=\"KF.\" \/>\n\t<meta name=\"twitter:label2\" content=\"Tiempo estimado de lectura\" \/>\n\t<meta name=\"twitter:data2\" content=\"2 minutos\" \/>\n<script type=\"application\/ld+json\" class=\"yoast-schema-graph\">{\"@context\":\"https:\\\/\\\/schema.org\",\"@graph\":[{\"@type\":\"Article\",\"@id\":\"http:\\\/\\\/www.defensoria.gob.ve\\\/?p=8162#article\",\"isPartOf\":{\"@id\":\"http:\\\/\\\/www.defensoria.gob.ve\\\/?p=8162\"},\"author\":{\"name\":\"KF.\",\"@id\":\"http:\\\/\\\/www.defensoria.gob.ve\\\/#\\\/schema\\\/person\\\/0fcc680c550d91982c4c009f5b19b8ec\"},\"headline\":\"Funcionarios y funcionarias de la delegada de Lara participaron en un homenaje a la ancestral lucha de los pueblos ind\u00edgenas\",\"datePublished\":\"2024-10-16T18:48:59+00:00\",\"dateModified\":\"2024-10-16T18:49:36+00:00\",\"mainEntityOfPage\":{\"@id\":\"http:\\\/\\\/www.defensoria.gob.ve\\\/?p=8162\"},\"wordCount\":171,\"image\":{\"@id\":\"http:\\\/\\\/www.defensoria.gob.ve\\\/?p=8162#primaryimage\"},\"thumbnailUrl\":\"http:\\\/\\\/www.defensoria.gob.ve\\\/wp-content\\\/uploads\\\/2024\\\/10\\\/photo_4933941271983140348_y.jpg\",\"articleSection\":[\"REGIONALES\"],\"inLanguage\":\"es\"},{\"@type\":\"WebPage\",\"@id\":\"http:\\\/\\\/www.defensoria.gob.ve\\\/?p=8162\",\"url\":\"http:\\\/\\\/www.defensoria.gob.ve\\\/?p=8162\",\"name\":\"Funcionarios y funcionarias de la delegada de Lara participaron en un homenaje a la ancestral lucha de los pueblos ind\u00edgenas -\",\"isPartOf\":{\"@id\":\"http:\\\/\\\/www.defensoria.gob.ve\\\/#website\"},\"primaryImageOfPage\":{\"@id\":\"http:\\\/\\\/www.defensoria.gob.ve\\\/?p=8162#primaryimage\"},\"image\":{\"@id\":\"http:\\\/\\\/www.defensoria.gob.ve\\\/?p=8162#primaryimage\"},\"thumbnailUrl\":\"http:\\\/\\\/www.defensoria.gob.ve\\\/wp-content\\\/uploads\\\/2024\\\/10\\\/photo_4933941271983140348_y.jpg\",\"datePublished\":\"2024-10-16T18:48:59+00:00\",\"dateModified\":\"2024-10-16T18:49:36+00:00\",\"author\":{\"@id\":\"http:\\\/\\\/www.defensoria.gob.ve\\\/#\\\/schema\\\/person\\\/0fcc680c550d91982c4c009f5b19b8ec\"},\"breadcrumb\":{\"@id\":\"http:\\\/\\\/www.defensoria.gob.ve\\\/?p=8162#breadcrumb\"},\"inLanguage\":\"es\",\"potentialAction\":[{\"@type\":\"ReadAction\",\"target\":[\"http:\\\/\\\/www.defensoria.gob.ve\\\/?p=8162\"]}]},{\"@type\":\"ImageObject\",\"inLanguage\":\"es\",\"@id\":\"http:\\\/\\\/www.defensoria.gob.ve\\\/?p=8162#primaryimage\",\"url\":\"http:\\\/\\\/www.defensoria.gob.ve\\\/wp-content\\\/uploads\\\/2024\\\/10\\\/photo_4933941271983140348_y.jpg\",\"contentUrl\":\"http:\\\/\\\/www.defensoria.gob.ve\\\/wp-content\\\/uploads\\\/2024\\\/10\\\/photo_4933941271983140348_y.jpg\",\"width\":1000,\"height\":750},{\"@type\":\"BreadcrumbList\",\"@id\":\"http:\\\/\\\/www.defensoria.gob.ve\\\/?p=8162#breadcrumb\",\"itemListElement\":[{\"@type\":\"ListItem\",\"position\":1,\"name\":\"Portada\",\"item\":\"http:\\\/\\\/www.defensoria.gob.ve\\\/\"},{\"@type\":\"ListItem\",\"position\":2,\"name\":\"Funcionarios y funcionarias de la delegada de Lara participaron en un homenaje a la ancestral lucha de los pueblos ind\u00edgenas\"}]},{\"@type\":\"WebSite\",\"@id\":\"http:\\\/\\\/www.defensoria.gob.ve\\\/#website\",\"url\":\"http:\\\/\\\/www.defensoria.gob.ve\\\/\",\"name\":\"\",\"description\":\"Instituci\u00f3n del Poder Ciudadano para la Promoci\u00f3n, Defensa y Vigilancia de los Derechos Humanos. \",\"potentialAction\":[{\"@type\":\"SearchAction\",\"target\":{\"@type\":\"EntryPoint\",\"urlTemplate\":\"http:\\\/\\\/www.defensoria.gob.ve\\\/?s={search_term_string}\"},\"query-input\":{\"@type\":\"PropertyValueSpecification\",\"valueRequired\":true,\"valueName\":\"search_term_string\"}}],\"inLanguage\":\"es\"},{\"@type\":\"Person\",\"@id\":\"http:\\\/\\\/www.defensoria.gob.ve\\\/#\\\/schema\\\/person\\\/0fcc680c550d91982c4c009f5b19b8ec\",\"name\":\"KF.\",\"image\":{\"@type\":\"ImageObject\",\"inLanguage\":\"es\",\"@id\":\"https:\\\/\\\/secure.gravatar.com\\\/avatar\\\/d7d0d6b70133abf46e0bf5e7f5f63f5ae46353601f9ad9a981c38691d4b186b0?s=96&d=mm&r=g\",\"url\":\"https:\\\/\\\/secure.gravatar.com\\\/avatar\\\/d7d0d6b70133abf46e0bf5e7f5f63f5ae46353601f9ad9a981c38691d4b186b0?s=96&d=mm&r=g\",\"contentUrl\":\"https:\\\/\\\/secure.gravatar.com\\\/avatar\\\/d7d0d6b70133abf46e0bf5e7f5f63f5ae46353601f9ad9a981c38691d4b186b0?s=96&d=mm&r=g\",\"caption\":\"KF.\"},\"url\":\"http:\\\/\\\/www.defensoria.gob.ve\\\/?author=14\"}]}<\/script>\n<!-- \/ Yoast SEO plugin. -->","yoast_head_json":{"title":"Funcionarios y funcionarias de la delegada de Lara participaron en un homenaje a la ancestral lucha de los pueblos ind\u00edgenas -","robots":{"index":"index","follow":"follow","max-snippet":"max-snippet:-1","max-image-preview":"max-image-preview:large","max-video-preview":"max-video-preview:-1"},"canonical":"http:\/\/www.defensoria.gob.ve\/?p=8162","og_locale":"es_ES","og_type":"article","og_title":"Funcionarios y funcionarias de la delegada de Lara participaron en un homenaje a la ancestral lucha de los pueblos ind\u00edgenas -","og_description":"(Lara \/16-Oct-2024) En una sesi\u00f3n especial, el Consejo Municipal Bolivariano de Iribarren rindi\u00f3 homenaje a la ancestral lucha de los pueblos ind\u00edgenas y celebr\u00f3 el quinto aniversario del cambio de&hellip;","og_url":"http:\/\/www.defensoria.gob.ve\/?p=8162","article_published_time":"2024-10-16T18:48:59+00:00","article_modified_time":"2024-10-16T18:49:36+00:00","og_image":[{"width":1000,"height":750,"url":"http:\/\/www.defensoria.gob.ve\/wp-content\/uploads\/2024\/10\/photo_4933941271983140348_y.jpg","type":"image\/jpeg"}],"author":"KF.","twitter_card":"summary_large_image","twitter_misc":{"Escrito por":"KF.","Tiempo estimado de lectura":"2 minutos"},"schema":{"@context":"https:\/\/schema.org","@graph":[{"@type":"Article","@id":"http:\/\/www.defensoria.gob.ve\/?p=8162#article","isPartOf":{"@id":"http:\/\/www.defensoria.gob.ve\/?p=8162"},"author":{"name":"KF.","@id":"http:\/\/www.defensoria.gob.ve\/#\/schema\/person\/0fcc680c550d91982c4c009f5b19b8ec"},"headline":"Funcionarios y funcionarias de la delegada de Lara participaron en un homenaje a la ancestral lucha de los pueblos ind\u00edgenas","datePublished":"2024-10-16T18:48:59+00:00","dateModified":"2024-10-16T18:49:36+00:00","mainEntityOfPage":{"@id":"http:\/\/www.defensoria.gob.ve\/?p=8162"},"wordCount":171,"image":{"@id":"http:\/\/www.defensoria.gob.ve\/?p=8162#primaryimage"},"thumbnailUrl":"http:\/\/www.defensoria.gob.ve\/wp-content\/uploads\/2024\/10\/photo_4933941271983140348_y.jpg","articleSection":["REGIONALES"],"inLanguage":"es"},{"@type":"WebPage","@id":"http:\/\/www.defensoria.gob.ve\/?p=8162","url":"http:\/\/www.defensoria.gob.ve\/?p=8162","name":"Funcionarios y funcionarias de la delegada de Lara participaron en un homenaje a la ancestral lucha de los pueblos ind\u00edgenas -","isPartOf":{"@id":"http:\/\/www.defensoria.gob.ve\/#website"},"primaryImageOfPage":{"@id":"http:\/\/www.defensoria.gob.ve\/?p=8162#primaryimage"},"image":{"@id":"http:\/\/www.defensoria.gob.ve\/?p=8162#primaryimage"},"thumbnailUrl":"http:\/\/www.defensoria.gob.ve\/wp-content\/uploads\/2024\/10\/photo_4933941271983140348_y.jpg","datePublished":"2024-10-16T18:48:59+00:00","dateModified":"2024-10-16T18:49:36+00:00","author":{"@id":"http:\/\/www.defensoria.gob.ve\/#\/schema\/person\/0fcc680c550d91982c4c009f5b19b8ec"},"breadcrumb":{"@id":"http:\/\/www.defensoria.gob.ve\/?p=8162#breadcrumb"},"inLanguage":"es","potentialAction":[{"@type":"ReadAction","target":["http:\/\/www.defensoria.gob.ve\/?p=8162"]}]},{"@type":"ImageObject","inLanguage":"es","@id":"http:\/\/www.defensoria.gob.ve\/?p=8162#primaryimage","url":"http:\/\/www.defensoria.gob.ve\/wp-content\/uploads\/2024\/10\/photo_4933941271983140348_y.jpg","contentUrl":"http:\/\/www.defensoria.gob.ve\/wp-content\/uploads\/2024\/10\/photo_4933941271983140348_y.jpg","width":1000,"height":750},{"@type":"BreadcrumbList","@id":"http:\/\/www.defensoria.gob.ve\/?p=8162#breadcrumb","itemListElement":[{"@type":"ListItem","position":1,"name":"Portada","item":"http:\/\/www.defensoria.gob.ve\/"},{"@type":"ListItem","position":2,"name":"Funcionarios y funcionarias de la delegada de Lara participaron en un homenaje a la ancestral lucha de los pueblos ind\u00edgenas"}]},{"@type":"WebSite","@id":"http:\/\/www.defensoria.gob.ve\/#website","url":"http:\/\/www.defensoria.gob.ve\/","name":"","description":"Instituci\u00f3n del Poder Ciudadano para la Promoci\u00f3n, Defensa y Vigilancia de los Derechos Humanos. ","potentialAction":[{"@type":"SearchAction","target":{"@type":"EntryPoint","urlTemplate":"http:\/\/www.defensoria.gob.ve\/?s={search_term_string}"},"query-input":{"@type":"PropertyValueSpecification","valueRequired":true,"valueName":"search_term_string"}}],"inLanguage":"es"},{"@type":"Person","@id":"http:\/\/www.defensoria.gob.ve\/#\/schema\/person\/0fcc680c550d91982c4c009f5b19b8ec","name":"KF.","image":{"@type":"ImageObject","inLanguage":"es","@id":"https:\/\/secure.gravatar.com\/avatar\/d7d0d6b70133abf46e0bf5e7f5f63f5ae46353601f9ad9a981c38691d4b186b0?s=96&d=mm&r=g","url":"https:\/\/secure.gravatar.com\/avatar\/d7d0d6b70133abf46e0bf5e7f5f63f5ae46353601f9ad9a981c38691d4b186b0?s=96&d=mm&r=g","contentUrl":"https:\/\/secure.gravatar.com\/avatar\/d7d0d6b70133abf46e0bf5e7f5f63f5ae46353601f9ad9a981c38691d4b186b0?s=96&d=mm&r=g","caption":"KF."},"url":"http:\/\/www.defensoria.gob.ve\/?author=14"}]}},"_links":{"self":[{"href":"http:\/\/www.defensoria.gob.ve\/index.php?rest_route=\/wp\/v2\/posts\/8162","targetHints":{"allow":["GET"]}}],"collection":[{"href":"http:\/\/www.defensoria.gob.ve\/index.php?rest_route=\/wp\/v2\/posts"}],"about":[{"href":"http:\/\/www.defensoria.gob.ve\/index.php?rest_route=\/wp\/v2\/types\/post"}],"author":[{"embeddable":true,"href":"http:\/\/www.defensoria.gob.ve\/index.php?rest_route=\/wp\/v2\/users\/14"}],"replies":[{"embeddable":true,"href":"http:\/\/www.defensoria.gob.ve\/index.php?rest_route=%2Fwp%2Fv2%2Fcomments&post=8162"}],"version-history":[{"count":4,"href":"http:\/\/www.defensoria.gob.ve\/index.php?rest_route=\/wp\/v2\/posts\/8162\/revisions"}],"predecessor-version":[{"id":8170,"href":"http:\/\/www.defensoria.gob.ve\/index.php?rest_route=\/wp\/v2\/posts\/8162\/revisions\/8170"}],"wp:featuredmedia":[{"embeddable":true,"href":"http:\/\/www.defensoria.gob.ve\/index.php?rest_route=\/wp\/v2\/media\/8165"}],"wp:attachment":[{"href":"http:\/\/www.defensoria.gob.ve\/index.php?rest_route=%2Fwp%2Fv2%2Fmedia&parent=8162"}],"wp:term":[{"taxonomy":"category","embeddable":true,"href":"http:\/\/www.defensoria.gob.ve\/index.php?rest_route=%2Fwp%2Fv2%2Fcategories&post=8162"},{"taxonomy":"post_tag","embeddable":true,"href":"http:\/\/www.defensoria.gob.ve\/index.php?rest_route=%2Fwp%2Fv2%2Ftags&post=8162"}],"curies":[{"name":"wp","href":"https:\/\/api.w.org\/{rel}","templated":true}]}}