 
{"id":8711,"date":"2024-11-05T07:30:00","date_gmt":"2024-11-05T11:30:00","guid":{"rendered":"http:\/\/www.defensoria.gob.ve\/?p=8711"},"modified":"2024-11-05T07:35:18","modified_gmt":"2024-11-05T11:35:18","slug":"defensor-del-pueblo-junto-a-la-presidenta-del-tsj-inauguran-feria-del-libro","status":"publish","type":"post","link":"http:\/\/www.defensoria.gob.ve\/?p=8711","title":{"rendered":"Defensor del Pueblo junto a la presidenta del TSJ inauguran Feria del Libro"},"content":{"rendered":"\t\t<div data-elementor-type=\"wp-post\" data-elementor-id=\"8711\" class=\"elementor elementor-8711\">\n\t\t\t\t\t\t<section class=\"elementor-section elementor-top-section elementor-element elementor-element-f1ca47c elementor-section-boxed elementor-section-height-default elementor-section-height-default\" data-id=\"f1ca47c\" data-element_type=\"section\" data-e-type=\"section\">\n\t\t\t\t\t\t<div class=\"elementor-container elementor-column-gap-default\">\n\t\t\t\t\t<div class=\"elementor-column elementor-col-100 elementor-top-column elementor-element elementor-element-1e6740c0\" data-id=\"1e6740c0\" data-element_type=\"column\" data-e-type=\"column\">\n\t\t\t<div class=\"elementor-widget-wrap elementor-element-populated\">\n\t\t\t\t\t\t<div class=\"elementor-element elementor-element-12ec5353 elementor-widget elementor-widget-text-editor\" data-id=\"12ec5353\" data-element_type=\"widget\" data-e-type=\"widget\" data-widget_type=\"text-editor.default\">\n\t\t\t\t<div class=\"elementor-widget-container\">\n\t\t\t\t\t\t\t\t\t\n<p>La ma\u00f1ana de este lunes 03 de noviembre, el Defensor del Pueblo acompa\u00f1\u00f3 a la presidenta del Tribunal Supremo de Justicia, Caryslia Rodr\u00edguez, en la inauguraci\u00f3n de la Feria del Libro que realiza este \u00f3rgano de justicia en el marco de su vig\u00e9simo quinto aniversario.<\/p>\n\n\n\n<figure class=\"wp-block-image size-full\"><img fetchpriority=\"high\" decoding=\"async\" width=\"960\" height=\"540\" src=\"http:\/\/www.defensoria.gob.ve\/wp-content\/uploads\/2024\/11\/WhatsApp-Image-2024-11-04-at-11.07.53-AM.jpeg\" alt=\"\" class=\"wp-image-8713\" srcset=\"http:\/\/www.defensoria.gob.ve\/wp-content\/uploads\/2024\/11\/WhatsApp-Image-2024-11-04-at-11.07.53-AM.jpeg 960w, http:\/\/www.defensoria.gob.ve\/wp-content\/uploads\/2024\/11\/WhatsApp-Image-2024-11-04-at-11.07.53-AM-300x169.jpeg 300w, http:\/\/www.defensoria.gob.ve\/wp-content\/uploads\/2024\/11\/WhatsApp-Image-2024-11-04-at-11.07.53-AM-768x432.jpeg 768w\" sizes=\"(max-width: 960px) 100vw, 960px\" \/><\/figure>\n\n\n\n<p>En ese sentido, la Defensor\u00eda del Pueblo contar\u00e1 con su stand donde se expondr\u00e1n todas sus obras literarias dedicas a los derechos humanos, entre las que se pueden destacar \u201cLa Masacre de Yumare y la Corriente Hist\u00f3rico-Social\u201d, \u201cDerecho de las Mujeres a Vivir de una Vida Libre de Violencia\u201d y \u201cEl Parto y Nacimiento Humanizado como Derecho Humano\u201d, y entregar\u00e1n material divulgativo como el violent\u00f3metro, entre otros.<\/p>\n\n\n\n<p>Este evento se realiz\u00f3 en las instalaciones del m\u00e1ximo Tribunal, ubicado en el Foro Libertador de Caracas. Estar\u00e1 abierta al p\u00fablico general del 04 al 08 de noviembre de las 9:00 a.m. a 4:30 p.m. FIN\/PRENSA Defensor\u00eda<\/p>\n\t\t\t\t\t\t\t\t<\/div>\n\t\t\t\t<\/div>\n\t\t\t\t\t<\/div>\n\t\t<\/div>\n\t\t\t\t\t<\/div>\n\t\t<\/section>\n\t\t\t\t<\/div>\n\t\t","protected":false},"excerpt":{"rendered":"<p>La ma\u00f1ana de este lunes 03 de noviembre, el Defensor del Pueblo acompa\u00f1\u00f3 a la presidenta del Tribunal Supremo de Justicia, Caryslia Rodr\u00edguez, en la inauguraci\u00f3n de la Feria del&hellip; <\/p>\n","protected":false},"author":14,"featured_media":8714,"comment_status":"closed","ping_status":"open","sticky":false,"template":"","format":"standard","meta":{"footnotes":""},"categories":[3],"tags":[],"class_list":["post-8711","post","type-post","status-publish","format-standard","has-post-thumbnail","hentry","category-centrales"],"yoast_head":"<!-- This site is optimized with the Yoast SEO plugin v27.4 - https:\/\/yoast.com\/product\/yoast-seo-wordpress\/ -->\n<title>Defensor del Pueblo junto a la presidenta del TSJ inauguran Feria del Libro -<\/title>\n<meta name=\"robots\" content=\"index, follow, max-snippet:-1, max-image-preview:large, max-video-preview:-1\" \/>\n<link rel=\"canonical\" href=\"http:\/\/www.defensoria.gob.ve\/?p=8711\" \/>\n<meta property=\"og:locale\" content=\"es_ES\" \/>\n<meta property=\"og:type\" content=\"article\" \/>\n<meta property=\"og:title\" content=\"Defensor del Pueblo junto a la presidenta del TSJ inauguran Feria del Libro -\" \/>\n<meta property=\"og:description\" content=\"La ma\u00f1ana de este lunes 03 de noviembre, el Defensor del Pueblo acompa\u00f1\u00f3 a la presidenta del Tribunal Supremo de Justicia, Caryslia Rodr\u00edguez, en la inauguraci\u00f3n de la Feria del&hellip;\" \/>\n<meta property=\"og:url\" content=\"http:\/\/www.defensoria.gob.ve\/?p=8711\" \/>\n<meta property=\"article:published_time\" content=\"2024-11-05T11:30:00+00:00\" \/>\n<meta property=\"article:modified_time\" content=\"2024-11-05T11:35:18+00:00\" \/>\n<meta property=\"og:image\" content=\"http:\/\/www.defensoria.gob.ve\/wp-content\/uploads\/2024\/11\/WhatsApp-Image-2024-11-04-at-11.02.21-AM.jpeg\" \/>\n\t<meta property=\"og:image:width\" content=\"960\" \/>\n\t<meta property=\"og:image:height\" content=\"540\" \/>\n\t<meta property=\"og:image:type\" content=\"image\/jpeg\" \/>\n<meta name=\"author\" content=\"KF.\" \/>\n<meta name=\"twitter:card\" content=\"summary_large_image\" \/>\n<meta name=\"twitter:label1\" content=\"Escrito por\" \/>\n\t<meta name=\"twitter:data1\" content=\"KF.\" \/>\n\t<meta name=\"twitter:label2\" content=\"Tiempo estimado de lectura\" \/>\n\t<meta name=\"twitter:data2\" content=\"1 minuto\" \/>\n<script type=\"application\/ld+json\" class=\"yoast-schema-graph\">{\"@context\":\"https:\\\/\\\/schema.org\",\"@graph\":[{\"@type\":\"Article\",\"@id\":\"http:\\\/\\\/www.defensoria.gob.ve\\\/?p=8711#article\",\"isPartOf\":{\"@id\":\"http:\\\/\\\/www.defensoria.gob.ve\\\/?p=8711\"},\"author\":{\"name\":\"KF.\",\"@id\":\"http:\\\/\\\/www.defensoria.gob.ve\\\/#\\\/schema\\\/person\\\/0fcc680c550d91982c4c009f5b19b8ec\"},\"headline\":\"Defensor del Pueblo junto a la presidenta del TSJ inauguran Feria del Libro\",\"datePublished\":\"2024-11-05T11:30:00+00:00\",\"dateModified\":\"2024-11-05T11:35:18+00:00\",\"mainEntityOfPage\":{\"@id\":\"http:\\\/\\\/www.defensoria.gob.ve\\\/?p=8711\"},\"wordCount\":172,\"image\":{\"@id\":\"http:\\\/\\\/www.defensoria.gob.ve\\\/?p=8711#primaryimage\"},\"thumbnailUrl\":\"http:\\\/\\\/www.defensoria.gob.ve\\\/wp-content\\\/uploads\\\/2024\\\/11\\\/WhatsApp-Image-2024-11-04-at-11.02.21-AM.jpeg\",\"articleSection\":[\"CENTRALES\"],\"inLanguage\":\"es\"},{\"@type\":\"WebPage\",\"@id\":\"http:\\\/\\\/www.defensoria.gob.ve\\\/?p=8711\",\"url\":\"http:\\\/\\\/www.defensoria.gob.ve\\\/?p=8711\",\"name\":\"Defensor del Pueblo junto a la presidenta del TSJ inauguran Feria del Libro -\",\"isPartOf\":{\"@id\":\"http:\\\/\\\/www.defensoria.gob.ve\\\/#website\"},\"primaryImageOfPage\":{\"@id\":\"http:\\\/\\\/www.defensoria.gob.ve\\\/?p=8711#primaryimage\"},\"image\":{\"@id\":\"http:\\\/\\\/www.defensoria.gob.ve\\\/?p=8711#primaryimage\"},\"thumbnailUrl\":\"http:\\\/\\\/www.defensoria.gob.ve\\\/wp-content\\\/uploads\\\/2024\\\/11\\\/WhatsApp-Image-2024-11-04-at-11.02.21-AM.jpeg\",\"datePublished\":\"2024-11-05T11:30:00+00:00\",\"dateModified\":\"2024-11-05T11:35:18+00:00\",\"author\":{\"@id\":\"http:\\\/\\\/www.defensoria.gob.ve\\\/#\\\/schema\\\/person\\\/0fcc680c550d91982c4c009f5b19b8ec\"},\"breadcrumb\":{\"@id\":\"http:\\\/\\\/www.defensoria.gob.ve\\\/?p=8711#breadcrumb\"},\"inLanguage\":\"es\",\"potentialAction\":[{\"@type\":\"ReadAction\",\"target\":[\"http:\\\/\\\/www.defensoria.gob.ve\\\/?p=8711\"]}]},{\"@type\":\"ImageObject\",\"inLanguage\":\"es\",\"@id\":\"http:\\\/\\\/www.defensoria.gob.ve\\\/?p=8711#primaryimage\",\"url\":\"http:\\\/\\\/www.defensoria.gob.ve\\\/wp-content\\\/uploads\\\/2024\\\/11\\\/WhatsApp-Image-2024-11-04-at-11.02.21-AM.jpeg\",\"contentUrl\":\"http:\\\/\\\/www.defensoria.gob.ve\\\/wp-content\\\/uploads\\\/2024\\\/11\\\/WhatsApp-Image-2024-11-04-at-11.02.21-AM.jpeg\",\"width\":960,\"height\":540},{\"@type\":\"BreadcrumbList\",\"@id\":\"http:\\\/\\\/www.defensoria.gob.ve\\\/?p=8711#breadcrumb\",\"itemListElement\":[{\"@type\":\"ListItem\",\"position\":1,\"name\":\"Portada\",\"item\":\"http:\\\/\\\/www.defensoria.gob.ve\\\/\"},{\"@type\":\"ListItem\",\"position\":2,\"name\":\"Defensor del Pueblo junto a la presidenta del TSJ inauguran Feria del Libro\"}]},{\"@type\":\"WebSite\",\"@id\":\"http:\\\/\\\/www.defensoria.gob.ve\\\/#website\",\"url\":\"http:\\\/\\\/www.defensoria.gob.ve\\\/\",\"name\":\"\",\"description\":\"Instituci\u00f3n del Poder Ciudadano para la Promoci\u00f3n, Defensa y Vigilancia de los Derechos Humanos. \",\"potentialAction\":[{\"@type\":\"SearchAction\",\"target\":{\"@type\":\"EntryPoint\",\"urlTemplate\":\"http:\\\/\\\/www.defensoria.gob.ve\\\/?s={search_term_string}\"},\"query-input\":{\"@type\":\"PropertyValueSpecification\",\"valueRequired\":true,\"valueName\":\"search_term_string\"}}],\"inLanguage\":\"es\"},{\"@type\":\"Person\",\"@id\":\"http:\\\/\\\/www.defensoria.gob.ve\\\/#\\\/schema\\\/person\\\/0fcc680c550d91982c4c009f5b19b8ec\",\"name\":\"KF.\",\"image\":{\"@type\":\"ImageObject\",\"inLanguage\":\"es\",\"@id\":\"https:\\\/\\\/secure.gravatar.com\\\/avatar\\\/d7d0d6b70133abf46e0bf5e7f5f63f5ae46353601f9ad9a981c38691d4b186b0?s=96&d=mm&r=g\",\"url\":\"https:\\\/\\\/secure.gravatar.com\\\/avatar\\\/d7d0d6b70133abf46e0bf5e7f5f63f5ae46353601f9ad9a981c38691d4b186b0?s=96&d=mm&r=g\",\"contentUrl\":\"https:\\\/\\\/secure.gravatar.com\\\/avatar\\\/d7d0d6b70133abf46e0bf5e7f5f63f5ae46353601f9ad9a981c38691d4b186b0?s=96&d=mm&r=g\",\"caption\":\"KF.\"},\"url\":\"http:\\\/\\\/www.defensoria.gob.ve\\\/?author=14\"}]}<\/script>\n<!-- \/ Yoast SEO plugin. -->","yoast_head_json":{"title":"Defensor del Pueblo junto a la presidenta del TSJ inauguran Feria del Libro -","robots":{"index":"index","follow":"follow","max-snippet":"max-snippet:-1","max-image-preview":"max-image-preview:large","max-video-preview":"max-video-preview:-1"},"canonical":"http:\/\/www.defensoria.gob.ve\/?p=8711","og_locale":"es_ES","og_type":"article","og_title":"Defensor del Pueblo junto a la presidenta del TSJ inauguran Feria del Libro -","og_description":"La ma\u00f1ana de este lunes 03 de noviembre, el Defensor del Pueblo acompa\u00f1\u00f3 a la presidenta del Tribunal Supremo de Justicia, Caryslia Rodr\u00edguez, en la inauguraci\u00f3n de la Feria del&hellip;","og_url":"http:\/\/www.defensoria.gob.ve\/?p=8711","article_published_time":"2024-11-05T11:30:00+00:00","article_modified_time":"2024-11-05T11:35:18+00:00","og_image":[{"width":960,"height":540,"url":"http:\/\/www.defensoria.gob.ve\/wp-content\/uploads\/2024\/11\/WhatsApp-Image-2024-11-04-at-11.02.21-AM.jpeg","type":"image\/jpeg"}],"author":"KF.","twitter_card":"summary_large_image","twitter_misc":{"Escrito por":"KF.","Tiempo estimado de lectura":"1 minuto"},"schema":{"@context":"https:\/\/schema.org","@graph":[{"@type":"Article","@id":"http:\/\/www.defensoria.gob.ve\/?p=8711#article","isPartOf":{"@id":"http:\/\/www.defensoria.gob.ve\/?p=8711"},"author":{"name":"KF.","@id":"http:\/\/www.defensoria.gob.ve\/#\/schema\/person\/0fcc680c550d91982c4c009f5b19b8ec"},"headline":"Defensor del Pueblo junto a la presidenta del TSJ inauguran Feria del Libro","datePublished":"2024-11-05T11:30:00+00:00","dateModified":"2024-11-05T11:35:18+00:00","mainEntityOfPage":{"@id":"http:\/\/www.defensoria.gob.ve\/?p=8711"},"wordCount":172,"image":{"@id":"http:\/\/www.defensoria.gob.ve\/?p=8711#primaryimage"},"thumbnailUrl":"http:\/\/www.defensoria.gob.ve\/wp-content\/uploads\/2024\/11\/WhatsApp-Image-2024-11-04-at-11.02.21-AM.jpeg","articleSection":["CENTRALES"],"inLanguage":"es"},{"@type":"WebPage","@id":"http:\/\/www.defensoria.gob.ve\/?p=8711","url":"http:\/\/www.defensoria.gob.ve\/?p=8711","name":"Defensor del Pueblo junto a la presidenta del TSJ inauguran Feria del Libro -","isPartOf":{"@id":"http:\/\/www.defensoria.gob.ve\/#website"},"primaryImageOfPage":{"@id":"http:\/\/www.defensoria.gob.ve\/?p=8711#primaryimage"},"image":{"@id":"http:\/\/www.defensoria.gob.ve\/?p=8711#primaryimage"},"thumbnailUrl":"http:\/\/www.defensoria.gob.ve\/wp-content\/uploads\/2024\/11\/WhatsApp-Image-2024-11-04-at-11.02.21-AM.jpeg","datePublished":"2024-11-05T11:30:00+00:00","dateModified":"2024-11-05T11:35:18+00:00","author":{"@id":"http:\/\/www.defensoria.gob.ve\/#\/schema\/person\/0fcc680c550d91982c4c009f5b19b8ec"},"breadcrumb":{"@id":"http:\/\/www.defensoria.gob.ve\/?p=8711#breadcrumb"},"inLanguage":"es","potentialAction":[{"@type":"ReadAction","target":["http:\/\/www.defensoria.gob.ve\/?p=8711"]}]},{"@type":"ImageObject","inLanguage":"es","@id":"http:\/\/www.defensoria.gob.ve\/?p=8711#primaryimage","url":"http:\/\/www.defensoria.gob.ve\/wp-content\/uploads\/2024\/11\/WhatsApp-Image-2024-11-04-at-11.02.21-AM.jpeg","contentUrl":"http:\/\/www.defensoria.gob.ve\/wp-content\/uploads\/2024\/11\/WhatsApp-Image-2024-11-04-at-11.02.21-AM.jpeg","width":960,"height":540},{"@type":"BreadcrumbList","@id":"http:\/\/www.defensoria.gob.ve\/?p=8711#breadcrumb","itemListElement":[{"@type":"ListItem","position":1,"name":"Portada","item":"http:\/\/www.defensoria.gob.ve\/"},{"@type":"ListItem","position":2,"name":"Defensor del Pueblo junto a la presidenta del TSJ inauguran Feria del Libro"}]},{"@type":"WebSite","@id":"http:\/\/www.defensoria.gob.ve\/#website","url":"http:\/\/www.defensoria.gob.ve\/","name":"","description":"Instituci\u00f3n del Poder Ciudadano para la Promoci\u00f3n, Defensa y Vigilancia de los Derechos Humanos. ","potentialAction":[{"@type":"SearchAction","target":{"@type":"EntryPoint","urlTemplate":"http:\/\/www.defensoria.gob.ve\/?s={search_term_string}"},"query-input":{"@type":"PropertyValueSpecification","valueRequired":true,"valueName":"search_term_string"}}],"inLanguage":"es"},{"@type":"Person","@id":"http:\/\/www.defensoria.gob.ve\/#\/schema\/person\/0fcc680c550d91982c4c009f5b19b8ec","name":"KF.","image":{"@type":"ImageObject","inLanguage":"es","@id":"https:\/\/secure.gravatar.com\/avatar\/d7d0d6b70133abf46e0bf5e7f5f63f5ae46353601f9ad9a981c38691d4b186b0?s=96&d=mm&r=g","url":"https:\/\/secure.gravatar.com\/avatar\/d7d0d6b70133abf46e0bf5e7f5f63f5ae46353601f9ad9a981c38691d4b186b0?s=96&d=mm&r=g","contentUrl":"https:\/\/secure.gravatar.com\/avatar\/d7d0d6b70133abf46e0bf5e7f5f63f5ae46353601f9ad9a981c38691d4b186b0?s=96&d=mm&r=g","caption":"KF."},"url":"http:\/\/www.defensoria.gob.ve\/?author=14"}]}},"_links":{"self":[{"href":"http:\/\/www.defensoria.gob.ve\/index.php?rest_route=\/wp\/v2\/posts\/8711","targetHints":{"allow":["GET"]}}],"collection":[{"href":"http:\/\/www.defensoria.gob.ve\/index.php?rest_route=\/wp\/v2\/posts"}],"about":[{"href":"http:\/\/www.defensoria.gob.ve\/index.php?rest_route=\/wp\/v2\/types\/post"}],"author":[{"embeddable":true,"href":"http:\/\/www.defensoria.gob.ve\/index.php?rest_route=\/wp\/v2\/users\/14"}],"replies":[{"embeddable":true,"href":"http:\/\/www.defensoria.gob.ve\/index.php?rest_route=%2Fwp%2Fv2%2Fcomments&post=8711"}],"version-history":[{"count":4,"href":"http:\/\/www.defensoria.gob.ve\/index.php?rest_route=\/wp\/v2\/posts\/8711\/revisions"}],"predecessor-version":[{"id":8718,"href":"http:\/\/www.defensoria.gob.ve\/index.php?rest_route=\/wp\/v2\/posts\/8711\/revisions\/8718"}],"wp:featuredmedia":[{"embeddable":true,"href":"http:\/\/www.defensoria.gob.ve\/index.php?rest_route=\/wp\/v2\/media\/8714"}],"wp:attachment":[{"href":"http:\/\/www.defensoria.gob.ve\/index.php?rest_route=%2Fwp%2Fv2%2Fmedia&parent=8711"}],"wp:term":[{"taxonomy":"category","embeddable":true,"href":"http:\/\/www.defensoria.gob.ve\/index.php?rest_route=%2Fwp%2Fv2%2Fcategories&post=8711"},{"taxonomy":"post_tag","embeddable":true,"href":"http:\/\/www.defensoria.gob.ve\/index.php?rest_route=%2Fwp%2Fv2%2Ftags&post=8711"}],"curies":[{"name":"wp","href":"https:\/\/api.w.org\/{rel}","templated":true}]}}