 
{"id":8729,"date":"2024-11-05T11:44:08","date_gmt":"2024-11-05T15:44:08","guid":{"rendered":"http:\/\/www.defensoria.gob.ve\/?p=8729"},"modified":"2024-11-05T11:47:35","modified_gmt":"2024-11-05T15:47:35","slug":"delegada-de-lara-entrega-certificados-de-diplomados-de-la-enaddhh","status":"publish","type":"post","link":"http:\/\/www.defensoria.gob.ve\/?p=8729","title":{"rendered":"Delegada de Lara entrega certificados de diplomados de la Enaddhh"},"content":{"rendered":"\t\t<div data-elementor-type=\"wp-post\" data-elementor-id=\"8729\" class=\"elementor elementor-8729\">\n\t\t\t\t\t\t<section class=\"elementor-section elementor-top-section elementor-element elementor-element-73615374 elementor-section-boxed elementor-section-height-default elementor-section-height-default\" data-id=\"73615374\" data-element_type=\"section\" data-e-type=\"section\">\n\t\t\t\t\t\t<div class=\"elementor-container elementor-column-gap-default\">\n\t\t\t\t\t<div class=\"elementor-column elementor-col-100 elementor-top-column elementor-element elementor-element-66c5c16d\" data-id=\"66c5c16d\" data-element_type=\"column\" data-e-type=\"column\">\n\t\t\t<div class=\"elementor-widget-wrap elementor-element-populated\">\n\t\t\t\t\t\t<div class=\"elementor-element elementor-element-60cb7091 elementor-widget elementor-widget-text-editor\" data-id=\"60cb7091\" data-element_type=\"widget\" data-e-type=\"widget\" data-widget_type=\"text-editor.default\">\n\t\t\t\t<div class=\"elementor-widget-container\">\n\t\t\t\t\t\t\t\t\t\n<p><strong>(Lara\/05-Nov-24)<\/strong> La Defensor\u00eda Delegada del estado Lara, a trav\u00e9s de la Escuela Nacional de los Derechos Humanos (Enaddhh), realiz\u00f3 la entrega de certificados a un grupo de personas, quienes culminaron los diplomados en Derechos Humanos de los Ni\u00f1os, Ni\u00f1as y Adolescentes; Derechos Humanos de las Mujeres y Equidad de G\u00e9nero; Sistema de Responsabilidad Penal de las y los Adolescentes; Derechos Humanos Laborales y Resoluci\u00f3n de Conflictos. <\/p>\n\n\n\n<p>Con esta iniciativa, el ente defensorial reafirma su compromiso con la formaci\u00f3n de ciudadanos y ciudadanas conscientes y capaces de promover una sociedad m\u00e1s justa y equitativa.  <\/p>\n\n\n\n<p>Los y las participantes cuentan con las herramientas necesarias para incidir positivamente en sus comunidades, defendiendo los derechos de los m\u00e1s vulnerables y contribuyendo a la construcci\u00f3n de un pa\u00eds donde prevalezcan la igualdad y la dignidad humana. <\/p>\n\n\n<div class=\"wp-block-image\">\n<figure class=\"aligncenter size-full\"><img fetchpriority=\"high\" decoding=\"async\" width=\"461\" height=\"585\" src=\"http:\/\/www.defensoria.gob.ve\/wp-content\/uploads\/2024\/11\/Sin-titulo.png\" alt=\"\" class=\"wp-image-8730\" srcset=\"http:\/\/www.defensoria.gob.ve\/wp-content\/uploads\/2024\/11\/Sin-titulo.png 461w, http:\/\/www.defensoria.gob.ve\/wp-content\/uploads\/2024\/11\/Sin-titulo-236x300.png 236w\" sizes=\"(max-width: 461px) 100vw, 461px\" \/><\/figure><\/div>\n\n\n<p>En ese sentido, la Defensora Delegada de Lara, Arelis Rodriguez Ag\u00fcero, expres\u00f3 su satisfacci\u00f3n por los logros alcanzados y destac\u00f3 la importancia de la educaci\u00f3n en derechos humanos como pilar fundamental para el desarrollo de una sociedad democr\u00e1tica. \u201cEstos nuevos profesionales se suman a una red de defensores que trabajan incansablemente por garantizar el respeto a los derechos humanos en nuestra regi\u00f3n\u201d, afirm\u00f3. Con esta graduaci\u00f3n, la Instituci\u00f3n Nacional de los Derechos Humanos reafirma su liderazgo en la formaci\u00f3n de nuevos profesionales que se convierten en agentes de cambio a bien en la sociedad. <strong>FIN \/ PRENSA Defensor\u00eda<\/strong><\/p>\n\t\t\t\t\t\t\t\t<\/div>\n\t\t\t\t<\/div>\n\t\t\t\t\t<\/div>\n\t\t<\/div>\n\t\t\t\t\t<\/div>\n\t\t<\/section>\n\t\t\t\t<\/div>\n\t\t","protected":false},"excerpt":{"rendered":"<p>(Lara\/05-Nov-24) La Defensor\u00eda Delegada del estado Lara, a trav\u00e9s de la Escuela Nacional de los Derechos Humanos (Enaddhh), realiz\u00f3 la entrega de certificados a un grupo de personas, quienes culminaron&hellip; <\/p>\n","protected":false},"author":5,"featured_media":8731,"comment_status":"closed","ping_status":"closed","sticky":false,"template":"","format":"standard","meta":{"footnotes":""},"categories":[5],"tags":[],"class_list":["post-8729","post","type-post","status-publish","format-standard","has-post-thumbnail","hentry","category-regionales"],"yoast_head":"<!-- This site is optimized with the Yoast SEO plugin v27.4 - https:\/\/yoast.com\/product\/yoast-seo-wordpress\/ -->\n<title>Delegada de Lara entrega certificados de diplomados de la Enaddhh -<\/title>\n<meta name=\"robots\" content=\"index, follow, max-snippet:-1, max-image-preview:large, max-video-preview:-1\" \/>\n<link rel=\"canonical\" href=\"http:\/\/www.defensoria.gob.ve\/?p=8729\" \/>\n<meta property=\"og:locale\" content=\"es_ES\" \/>\n<meta property=\"og:type\" content=\"article\" \/>\n<meta property=\"og:title\" content=\"Delegada de Lara entrega certificados de diplomados de la Enaddhh -\" \/>\n<meta property=\"og:description\" content=\"(Lara\/05-Nov-24) La Defensor\u00eda Delegada del estado Lara, a trav\u00e9s de la Escuela Nacional de los Derechos Humanos (Enaddhh), realiz\u00f3 la entrega de certificados a un grupo de personas, quienes culminaron&hellip;\" \/>\n<meta property=\"og:url\" content=\"http:\/\/www.defensoria.gob.ve\/?p=8729\" \/>\n<meta property=\"article:published_time\" content=\"2024-11-05T15:44:08+00:00\" \/>\n<meta property=\"article:modified_time\" content=\"2024-11-05T15:47:35+00:00\" \/>\n<meta property=\"og:image\" content=\"http:\/\/www.defensoria.gob.ve\/wp-content\/uploads\/2024\/11\/fdd.png\" \/>\n\t<meta property=\"og:image:width\" content=\"813\" \/>\n\t<meta property=\"og:image:height\" content=\"601\" \/>\n\t<meta property=\"og:image:type\" content=\"image\/png\" \/>\n<meta name=\"author\" content=\"JC.\" \/>\n<meta name=\"twitter:card\" content=\"summary_large_image\" \/>\n<meta name=\"twitter:label1\" content=\"Escrito por\" \/>\n\t<meta name=\"twitter:data1\" content=\"JC.\" \/>\n\t<meta name=\"twitter:label2\" content=\"Tiempo estimado de lectura\" \/>\n\t<meta name=\"twitter:data2\" content=\"2 minutos\" \/>\n<script type=\"application\/ld+json\" class=\"yoast-schema-graph\">{\"@context\":\"https:\\\/\\\/schema.org\",\"@graph\":[{\"@type\":\"Article\",\"@id\":\"http:\\\/\\\/www.defensoria.gob.ve\\\/?p=8729#article\",\"isPartOf\":{\"@id\":\"http:\\\/\\\/www.defensoria.gob.ve\\\/?p=8729\"},\"author\":{\"name\":\"JC.\",\"@id\":\"http:\\\/\\\/www.defensoria.gob.ve\\\/#\\\/schema\\\/person\\\/fba14293189d7b1933ac7fba9d89e24a\"},\"headline\":\"Delegada de Lara entrega certificados de diplomados de la Enaddhh\",\"datePublished\":\"2024-11-05T15:44:08+00:00\",\"dateModified\":\"2024-11-05T15:47:35+00:00\",\"mainEntityOfPage\":{\"@id\":\"http:\\\/\\\/www.defensoria.gob.ve\\\/?p=8729\"},\"wordCount\":259,\"image\":{\"@id\":\"http:\\\/\\\/www.defensoria.gob.ve\\\/?p=8729#primaryimage\"},\"thumbnailUrl\":\"http:\\\/\\\/www.defensoria.gob.ve\\\/wp-content\\\/uploads\\\/2024\\\/11\\\/fdd.png\",\"articleSection\":[\"REGIONALES\"],\"inLanguage\":\"es\"},{\"@type\":\"WebPage\",\"@id\":\"http:\\\/\\\/www.defensoria.gob.ve\\\/?p=8729\",\"url\":\"http:\\\/\\\/www.defensoria.gob.ve\\\/?p=8729\",\"name\":\"Delegada de Lara entrega certificados de diplomados de la Enaddhh -\",\"isPartOf\":{\"@id\":\"http:\\\/\\\/www.defensoria.gob.ve\\\/#website\"},\"primaryImageOfPage\":{\"@id\":\"http:\\\/\\\/www.defensoria.gob.ve\\\/?p=8729#primaryimage\"},\"image\":{\"@id\":\"http:\\\/\\\/www.defensoria.gob.ve\\\/?p=8729#primaryimage\"},\"thumbnailUrl\":\"http:\\\/\\\/www.defensoria.gob.ve\\\/wp-content\\\/uploads\\\/2024\\\/11\\\/fdd.png\",\"datePublished\":\"2024-11-05T15:44:08+00:00\",\"dateModified\":\"2024-11-05T15:47:35+00:00\",\"author\":{\"@id\":\"http:\\\/\\\/www.defensoria.gob.ve\\\/#\\\/schema\\\/person\\\/fba14293189d7b1933ac7fba9d89e24a\"},\"breadcrumb\":{\"@id\":\"http:\\\/\\\/www.defensoria.gob.ve\\\/?p=8729#breadcrumb\"},\"inLanguage\":\"es\",\"potentialAction\":[{\"@type\":\"ReadAction\",\"target\":[\"http:\\\/\\\/www.defensoria.gob.ve\\\/?p=8729\"]}]},{\"@type\":\"ImageObject\",\"inLanguage\":\"es\",\"@id\":\"http:\\\/\\\/www.defensoria.gob.ve\\\/?p=8729#primaryimage\",\"url\":\"http:\\\/\\\/www.defensoria.gob.ve\\\/wp-content\\\/uploads\\\/2024\\\/11\\\/fdd.png\",\"contentUrl\":\"http:\\\/\\\/www.defensoria.gob.ve\\\/wp-content\\\/uploads\\\/2024\\\/11\\\/fdd.png\",\"width\":813,\"height\":601},{\"@type\":\"BreadcrumbList\",\"@id\":\"http:\\\/\\\/www.defensoria.gob.ve\\\/?p=8729#breadcrumb\",\"itemListElement\":[{\"@type\":\"ListItem\",\"position\":1,\"name\":\"Portada\",\"item\":\"http:\\\/\\\/www.defensoria.gob.ve\\\/\"},{\"@type\":\"ListItem\",\"position\":2,\"name\":\"Delegada de Lara entrega certificados de diplomados de la Enaddhh\"}]},{\"@type\":\"WebSite\",\"@id\":\"http:\\\/\\\/www.defensoria.gob.ve\\\/#website\",\"url\":\"http:\\\/\\\/www.defensoria.gob.ve\\\/\",\"name\":\"\",\"description\":\"Instituci\u00f3n del Poder Ciudadano para la Promoci\u00f3n, Defensa y Vigilancia de los Derechos Humanos. \",\"potentialAction\":[{\"@type\":\"SearchAction\",\"target\":{\"@type\":\"EntryPoint\",\"urlTemplate\":\"http:\\\/\\\/www.defensoria.gob.ve\\\/?s={search_term_string}\"},\"query-input\":{\"@type\":\"PropertyValueSpecification\",\"valueRequired\":true,\"valueName\":\"search_term_string\"}}],\"inLanguage\":\"es\"},{\"@type\":\"Person\",\"@id\":\"http:\\\/\\\/www.defensoria.gob.ve\\\/#\\\/schema\\\/person\\\/fba14293189d7b1933ac7fba9d89e24a\",\"name\":\"JC.\",\"image\":{\"@type\":\"ImageObject\",\"inLanguage\":\"es\",\"@id\":\"https:\\\/\\\/secure.gravatar.com\\\/avatar\\\/f398a4de948606b38f0299d90ca738c674b648694bc725ed46503c240269dbf8?s=96&d=mm&r=g\",\"url\":\"https:\\\/\\\/secure.gravatar.com\\\/avatar\\\/f398a4de948606b38f0299d90ca738c674b648694bc725ed46503c240269dbf8?s=96&d=mm&r=g\",\"contentUrl\":\"https:\\\/\\\/secure.gravatar.com\\\/avatar\\\/f398a4de948606b38f0299d90ca738c674b648694bc725ed46503c240269dbf8?s=96&d=mm&r=g\",\"caption\":\"JC.\"},\"url\":\"http:\\\/\\\/www.defensoria.gob.ve\\\/?author=5\"}]}<\/script>\n<!-- \/ Yoast SEO plugin. -->","yoast_head_json":{"title":"Delegada de Lara entrega certificados de diplomados de la Enaddhh -","robots":{"index":"index","follow":"follow","max-snippet":"max-snippet:-1","max-image-preview":"max-image-preview:large","max-video-preview":"max-video-preview:-1"},"canonical":"http:\/\/www.defensoria.gob.ve\/?p=8729","og_locale":"es_ES","og_type":"article","og_title":"Delegada de Lara entrega certificados de diplomados de la Enaddhh -","og_description":"(Lara\/05-Nov-24) La Defensor\u00eda Delegada del estado Lara, a trav\u00e9s de la Escuela Nacional de los Derechos Humanos (Enaddhh), realiz\u00f3 la entrega de certificados a un grupo de personas, quienes culminaron&hellip;","og_url":"http:\/\/www.defensoria.gob.ve\/?p=8729","article_published_time":"2024-11-05T15:44:08+00:00","article_modified_time":"2024-11-05T15:47:35+00:00","og_image":[{"width":813,"height":601,"url":"http:\/\/www.defensoria.gob.ve\/wp-content\/uploads\/2024\/11\/fdd.png","type":"image\/png"}],"author":"JC.","twitter_card":"summary_large_image","twitter_misc":{"Escrito por":"JC.","Tiempo estimado de lectura":"2 minutos"},"schema":{"@context":"https:\/\/schema.org","@graph":[{"@type":"Article","@id":"http:\/\/www.defensoria.gob.ve\/?p=8729#article","isPartOf":{"@id":"http:\/\/www.defensoria.gob.ve\/?p=8729"},"author":{"name":"JC.","@id":"http:\/\/www.defensoria.gob.ve\/#\/schema\/person\/fba14293189d7b1933ac7fba9d89e24a"},"headline":"Delegada de Lara entrega certificados de diplomados de la Enaddhh","datePublished":"2024-11-05T15:44:08+00:00","dateModified":"2024-11-05T15:47:35+00:00","mainEntityOfPage":{"@id":"http:\/\/www.defensoria.gob.ve\/?p=8729"},"wordCount":259,"image":{"@id":"http:\/\/www.defensoria.gob.ve\/?p=8729#primaryimage"},"thumbnailUrl":"http:\/\/www.defensoria.gob.ve\/wp-content\/uploads\/2024\/11\/fdd.png","articleSection":["REGIONALES"],"inLanguage":"es"},{"@type":"WebPage","@id":"http:\/\/www.defensoria.gob.ve\/?p=8729","url":"http:\/\/www.defensoria.gob.ve\/?p=8729","name":"Delegada de Lara entrega certificados de diplomados de la Enaddhh -","isPartOf":{"@id":"http:\/\/www.defensoria.gob.ve\/#website"},"primaryImageOfPage":{"@id":"http:\/\/www.defensoria.gob.ve\/?p=8729#primaryimage"},"image":{"@id":"http:\/\/www.defensoria.gob.ve\/?p=8729#primaryimage"},"thumbnailUrl":"http:\/\/www.defensoria.gob.ve\/wp-content\/uploads\/2024\/11\/fdd.png","datePublished":"2024-11-05T15:44:08+00:00","dateModified":"2024-11-05T15:47:35+00:00","author":{"@id":"http:\/\/www.defensoria.gob.ve\/#\/schema\/person\/fba14293189d7b1933ac7fba9d89e24a"},"breadcrumb":{"@id":"http:\/\/www.defensoria.gob.ve\/?p=8729#breadcrumb"},"inLanguage":"es","potentialAction":[{"@type":"ReadAction","target":["http:\/\/www.defensoria.gob.ve\/?p=8729"]}]},{"@type":"ImageObject","inLanguage":"es","@id":"http:\/\/www.defensoria.gob.ve\/?p=8729#primaryimage","url":"http:\/\/www.defensoria.gob.ve\/wp-content\/uploads\/2024\/11\/fdd.png","contentUrl":"http:\/\/www.defensoria.gob.ve\/wp-content\/uploads\/2024\/11\/fdd.png","width":813,"height":601},{"@type":"BreadcrumbList","@id":"http:\/\/www.defensoria.gob.ve\/?p=8729#breadcrumb","itemListElement":[{"@type":"ListItem","position":1,"name":"Portada","item":"http:\/\/www.defensoria.gob.ve\/"},{"@type":"ListItem","position":2,"name":"Delegada de Lara entrega certificados de diplomados de la Enaddhh"}]},{"@type":"WebSite","@id":"http:\/\/www.defensoria.gob.ve\/#website","url":"http:\/\/www.defensoria.gob.ve\/","name":"","description":"Instituci\u00f3n del Poder Ciudadano para la Promoci\u00f3n, Defensa y Vigilancia de los Derechos Humanos. ","potentialAction":[{"@type":"SearchAction","target":{"@type":"EntryPoint","urlTemplate":"http:\/\/www.defensoria.gob.ve\/?s={search_term_string}"},"query-input":{"@type":"PropertyValueSpecification","valueRequired":true,"valueName":"search_term_string"}}],"inLanguage":"es"},{"@type":"Person","@id":"http:\/\/www.defensoria.gob.ve\/#\/schema\/person\/fba14293189d7b1933ac7fba9d89e24a","name":"JC.","image":{"@type":"ImageObject","inLanguage":"es","@id":"https:\/\/secure.gravatar.com\/avatar\/f398a4de948606b38f0299d90ca738c674b648694bc725ed46503c240269dbf8?s=96&d=mm&r=g","url":"https:\/\/secure.gravatar.com\/avatar\/f398a4de948606b38f0299d90ca738c674b648694bc725ed46503c240269dbf8?s=96&d=mm&r=g","contentUrl":"https:\/\/secure.gravatar.com\/avatar\/f398a4de948606b38f0299d90ca738c674b648694bc725ed46503c240269dbf8?s=96&d=mm&r=g","caption":"JC."},"url":"http:\/\/www.defensoria.gob.ve\/?author=5"}]}},"_links":{"self":[{"href":"http:\/\/www.defensoria.gob.ve\/index.php?rest_route=\/wp\/v2\/posts\/8729","targetHints":{"allow":["GET"]}}],"collection":[{"href":"http:\/\/www.defensoria.gob.ve\/index.php?rest_route=\/wp\/v2\/posts"}],"about":[{"href":"http:\/\/www.defensoria.gob.ve\/index.php?rest_route=\/wp\/v2\/types\/post"}],"author":[{"embeddable":true,"href":"http:\/\/www.defensoria.gob.ve\/index.php?rest_route=\/wp\/v2\/users\/5"}],"replies":[{"embeddable":true,"href":"http:\/\/www.defensoria.gob.ve\/index.php?rest_route=%2Fwp%2Fv2%2Fcomments&post=8729"}],"version-history":[{"count":4,"href":"http:\/\/www.defensoria.gob.ve\/index.php?rest_route=\/wp\/v2\/posts\/8729\/revisions"}],"predecessor-version":[{"id":8735,"href":"http:\/\/www.defensoria.gob.ve\/index.php?rest_route=\/wp\/v2\/posts\/8729\/revisions\/8735"}],"wp:featuredmedia":[{"embeddable":true,"href":"http:\/\/www.defensoria.gob.ve\/index.php?rest_route=\/wp\/v2\/media\/8731"}],"wp:attachment":[{"href":"http:\/\/www.defensoria.gob.ve\/index.php?rest_route=%2Fwp%2Fv2%2Fmedia&parent=8729"}],"wp:term":[{"taxonomy":"category","embeddable":true,"href":"http:\/\/www.defensoria.gob.ve\/index.php?rest_route=%2Fwp%2Fv2%2Fcategories&post=8729"},{"taxonomy":"post_tag","embeddable":true,"href":"http:\/\/www.defensoria.gob.ve\/index.php?rest_route=%2Fwp%2Fv2%2Ftags&post=8729"}],"curies":[{"name":"wp","href":"https:\/\/api.w.org\/{rel}","templated":true}]}}