 
{"id":8908,"date":"2024-11-08T16:35:57","date_gmt":"2024-11-08T20:35:57","guid":{"rendered":"http:\/\/www.defensoria.gob.ve\/?p=8908"},"modified":"2024-11-08T16:36:29","modified_gmt":"2024-11-08T20:36:29","slug":"defensoria-del-pueblo-continua-su-participacion-en-filven-la-guaira-2024","status":"publish","type":"post","link":"http:\/\/www.defensoria.gob.ve\/?p=8908","title":{"rendered":"Defensor\u00eda del Pueblo contin\u00faa su participaci\u00f3n en FILVEN La Guaira 2024"},"content":{"rendered":"\t\t<div data-elementor-type=\"wp-post\" data-elementor-id=\"8908\" class=\"elementor elementor-8908\">\n\t\t\t\t\t\t<section class=\"elementor-section elementor-top-section elementor-element elementor-element-3e23dcbd elementor-section-boxed elementor-section-height-default elementor-section-height-default\" data-id=\"3e23dcbd\" data-element_type=\"section\" data-e-type=\"section\">\n\t\t\t\t\t\t<div class=\"elementor-container elementor-column-gap-default\">\n\t\t\t\t\t<div class=\"elementor-column elementor-col-100 elementor-top-column elementor-element elementor-element-7527f92d\" data-id=\"7527f92d\" data-element_type=\"column\" data-e-type=\"column\">\n\t\t\t<div class=\"elementor-widget-wrap elementor-element-populated\">\n\t\t\t\t\t\t<div class=\"elementor-element elementor-element-42ed5b88 elementor-widget elementor-widget-text-editor\" data-id=\"42ed5b88\" data-element_type=\"widget\" data-e-type=\"widget\" data-widget_type=\"text-editor.default\">\n\t\t\t\t<div class=\"elementor-widget-container\">\n\t\t\t\t\t\t\t\t\t\n<p>(La Guaira\/08-Nov-24) La Defensor\u00eda del Pueblo contin\u00faa exhibiendo sus obras literarias en la XX Feria Internacional del Libro (Filven) 2024, cap\u00edtulo regional estado La Guaira, evento organizado por el Centro Nacional del Libro del Ministerio del Poder Popular para la Cultura.<\/p>\n\n\n\n<figure class=\"wp-block-image size-full is-resized\"><img fetchpriority=\"high\" decoding=\"async\" width=\"744\" height=\"992\" src=\"http:\/\/www.defensoria.gob.ve\/wp-content\/uploads\/2024\/11\/WhatsApp-Image-2024-11-08-at-4.08.45-PM.jpeg\" alt=\"\" class=\"wp-image-8909\" style=\"width:840px;height:auto\" srcset=\"http:\/\/www.defensoria.gob.ve\/wp-content\/uploads\/2024\/11\/WhatsApp-Image-2024-11-08-at-4.08.45-PM.jpeg 744w, http:\/\/www.defensoria.gob.ve\/wp-content\/uploads\/2024\/11\/WhatsApp-Image-2024-11-08-at-4.08.45-PM-225x300.jpeg 225w\" sizes=\"(max-width: 744px) 100vw, 744px\" \/><\/figure>\n\n\n\n<p>La actividad se realiza en el Terminal de La Guaira y cont\u00f3 con la asistencia del Ministro del Poder Popular para la Cultura, Ernesto Villegas; el escritor Luis Britto Garc\u00eda; el Gobernador de La Guaira, Jos\u00e9 Alejandro Ter\u00e1n; el Alcalde de La Guaira, Jos\u00e9 Manuel Su\u00e1rez; la Defensora Delegada de La Guaira, Dianora Malav\u00e9 y la Coordinadora de Publicaciones del ente defensorial, Carolina Brito.<\/p>\n\n\n\n<figure class=\"wp-block-image size-full\"><img decoding=\"async\" width=\"744\" height=\"992\" src=\"http:\/\/www.defensoria.gob.ve\/wp-content\/uploads\/2024\/11\/WhatsApp-Image-2024-11-08-at-4.08.45-PM-1.jpeg\" alt=\"\" class=\"wp-image-8910\" srcset=\"http:\/\/www.defensoria.gob.ve\/wp-content\/uploads\/2024\/11\/WhatsApp-Image-2024-11-08-at-4.08.45-PM-1.jpeg 744w, http:\/\/www.defensoria.gob.ve\/wp-content\/uploads\/2024\/11\/WhatsApp-Image-2024-11-08-at-4.08.45-PM-1-225x300.jpeg 225w\" sizes=\"(max-width: 744px) 100vw, 744px\" \/><\/figure>\n\n\n\n<p>Vale acotar que m\u00e1s de 26 editoriales p\u00fablicas y privadas presentan libros en esta FILVEN Cap\u00edtulo La Guaira 2024. FIN \/ PRENSA Defensor\u00eda<\/p>\n\t\t\t\t\t\t\t\t<\/div>\n\t\t\t\t<\/div>\n\t\t\t\t\t<\/div>\n\t\t<\/div>\n\t\t\t\t\t<\/div>\n\t\t<\/section>\n\t\t\t\t<\/div>\n\t\t","protected":false},"excerpt":{"rendered":"<p>(La Guaira\/08-Nov-24) La Defensor\u00eda del Pueblo contin\u00faa exhibiendo sus obras literarias en la XX Feria Internacional del Libro (Filven) 2024, cap\u00edtulo regional estado La Guaira, evento organizado por el Centro&hellip; <\/p>\n","protected":false},"author":14,"featured_media":8911,"comment_status":"closed","ping_status":"open","sticky":false,"template":"","format":"standard","meta":{"footnotes":""},"categories":[5],"tags":[],"class_list":["post-8908","post","type-post","status-publish","format-standard","has-post-thumbnail","hentry","category-regionales"],"yoast_head":"<!-- This site is optimized with the Yoast SEO plugin v27.4 - https:\/\/yoast.com\/product\/yoast-seo-wordpress\/ -->\n<title>Defensor\u00eda del Pueblo contin\u00faa su participaci\u00f3n en FILVEN La Guaira 2024 -<\/title>\n<meta name=\"robots\" content=\"index, follow, max-snippet:-1, max-image-preview:large, max-video-preview:-1\" \/>\n<link rel=\"canonical\" href=\"http:\/\/www.defensoria.gob.ve\/?p=8908\" \/>\n<meta property=\"og:locale\" content=\"es_ES\" \/>\n<meta property=\"og:type\" content=\"article\" \/>\n<meta property=\"og:title\" content=\"Defensor\u00eda del Pueblo contin\u00faa su participaci\u00f3n en FILVEN La Guaira 2024 -\" \/>\n<meta property=\"og:description\" content=\"(La Guaira\/08-Nov-24) La Defensor\u00eda del Pueblo contin\u00faa exhibiendo sus obras literarias en la XX Feria Internacional del Libro (Filven) 2024, cap\u00edtulo regional estado La Guaira, evento organizado por el Centro&hellip;\" \/>\n<meta property=\"og:url\" content=\"http:\/\/www.defensoria.gob.ve\/?p=8908\" \/>\n<meta property=\"article:published_time\" content=\"2024-11-08T20:35:57+00:00\" \/>\n<meta property=\"article:modified_time\" content=\"2024-11-08T20:36:29+00:00\" \/>\n<meta property=\"og:image\" content=\"http:\/\/www.defensoria.gob.ve\/wp-content\/uploads\/2024\/11\/WhatsApp-Image-2024-11-08-at-4.08.46-PM.jpeg\" \/>\n\t<meta property=\"og:image:width\" content=\"1280\" \/>\n\t<meta property=\"og:image:height\" content=\"576\" \/>\n\t<meta property=\"og:image:type\" content=\"image\/jpeg\" \/>\n<meta name=\"author\" content=\"KF.\" \/>\n<meta name=\"twitter:card\" content=\"summary_large_image\" \/>\n<meta name=\"twitter:label1\" content=\"Escrito por\" \/>\n\t<meta name=\"twitter:data1\" content=\"KF.\" \/>\n\t<meta name=\"twitter:label2\" content=\"Tiempo estimado de lectura\" \/>\n\t<meta name=\"twitter:data2\" content=\"1 minuto\" \/>\n<script type=\"application\/ld+json\" class=\"yoast-schema-graph\">{\"@context\":\"https:\\\/\\\/schema.org\",\"@graph\":[{\"@type\":\"Article\",\"@id\":\"http:\\\/\\\/www.defensoria.gob.ve\\\/?p=8908#article\",\"isPartOf\":{\"@id\":\"http:\\\/\\\/www.defensoria.gob.ve\\\/?p=8908\"},\"author\":{\"name\":\"KF.\",\"@id\":\"http:\\\/\\\/www.defensoria.gob.ve\\\/#\\\/schema\\\/person\\\/0fcc680c550d91982c4c009f5b19b8ec\"},\"headline\":\"Defensor\u00eda del Pueblo contin\u00faa su participaci\u00f3n en FILVEN La Guaira 2024\",\"datePublished\":\"2024-11-08T20:35:57+00:00\",\"dateModified\":\"2024-11-08T20:36:29+00:00\",\"mainEntityOfPage\":{\"@id\":\"http:\\\/\\\/www.defensoria.gob.ve\\\/?p=8908\"},\"wordCount\":148,\"image\":{\"@id\":\"http:\\\/\\\/www.defensoria.gob.ve\\\/?p=8908#primaryimage\"},\"thumbnailUrl\":\"http:\\\/\\\/www.defensoria.gob.ve\\\/wp-content\\\/uploads\\\/2024\\\/11\\\/WhatsApp-Image-2024-11-08-at-4.08.46-PM.jpeg\",\"articleSection\":[\"REGIONALES\"],\"inLanguage\":\"es\"},{\"@type\":\"WebPage\",\"@id\":\"http:\\\/\\\/www.defensoria.gob.ve\\\/?p=8908\",\"url\":\"http:\\\/\\\/www.defensoria.gob.ve\\\/?p=8908\",\"name\":\"Defensor\u00eda del Pueblo contin\u00faa su participaci\u00f3n en FILVEN La Guaira 2024 -\",\"isPartOf\":{\"@id\":\"http:\\\/\\\/www.defensoria.gob.ve\\\/#website\"},\"primaryImageOfPage\":{\"@id\":\"http:\\\/\\\/www.defensoria.gob.ve\\\/?p=8908#primaryimage\"},\"image\":{\"@id\":\"http:\\\/\\\/www.defensoria.gob.ve\\\/?p=8908#primaryimage\"},\"thumbnailUrl\":\"http:\\\/\\\/www.defensoria.gob.ve\\\/wp-content\\\/uploads\\\/2024\\\/11\\\/WhatsApp-Image-2024-11-08-at-4.08.46-PM.jpeg\",\"datePublished\":\"2024-11-08T20:35:57+00:00\",\"dateModified\":\"2024-11-08T20:36:29+00:00\",\"author\":{\"@id\":\"http:\\\/\\\/www.defensoria.gob.ve\\\/#\\\/schema\\\/person\\\/0fcc680c550d91982c4c009f5b19b8ec\"},\"breadcrumb\":{\"@id\":\"http:\\\/\\\/www.defensoria.gob.ve\\\/?p=8908#breadcrumb\"},\"inLanguage\":\"es\",\"potentialAction\":[{\"@type\":\"ReadAction\",\"target\":[\"http:\\\/\\\/www.defensoria.gob.ve\\\/?p=8908\"]}]},{\"@type\":\"ImageObject\",\"inLanguage\":\"es\",\"@id\":\"http:\\\/\\\/www.defensoria.gob.ve\\\/?p=8908#primaryimage\",\"url\":\"http:\\\/\\\/www.defensoria.gob.ve\\\/wp-content\\\/uploads\\\/2024\\\/11\\\/WhatsApp-Image-2024-11-08-at-4.08.46-PM.jpeg\",\"contentUrl\":\"http:\\\/\\\/www.defensoria.gob.ve\\\/wp-content\\\/uploads\\\/2024\\\/11\\\/WhatsApp-Image-2024-11-08-at-4.08.46-PM.jpeg\",\"width\":1280,\"height\":576},{\"@type\":\"BreadcrumbList\",\"@id\":\"http:\\\/\\\/www.defensoria.gob.ve\\\/?p=8908#breadcrumb\",\"itemListElement\":[{\"@type\":\"ListItem\",\"position\":1,\"name\":\"Portada\",\"item\":\"http:\\\/\\\/www.defensoria.gob.ve\\\/\"},{\"@type\":\"ListItem\",\"position\":2,\"name\":\"Defensor\u00eda del Pueblo contin\u00faa su participaci\u00f3n en FILVEN La Guaira 2024\"}]},{\"@type\":\"WebSite\",\"@id\":\"http:\\\/\\\/www.defensoria.gob.ve\\\/#website\",\"url\":\"http:\\\/\\\/www.defensoria.gob.ve\\\/\",\"name\":\"\",\"description\":\"Instituci\u00f3n del Poder Ciudadano para la Promoci\u00f3n, Defensa y Vigilancia de los Derechos Humanos. \",\"potentialAction\":[{\"@type\":\"SearchAction\",\"target\":{\"@type\":\"EntryPoint\",\"urlTemplate\":\"http:\\\/\\\/www.defensoria.gob.ve\\\/?s={search_term_string}\"},\"query-input\":{\"@type\":\"PropertyValueSpecification\",\"valueRequired\":true,\"valueName\":\"search_term_string\"}}],\"inLanguage\":\"es\"},{\"@type\":\"Person\",\"@id\":\"http:\\\/\\\/www.defensoria.gob.ve\\\/#\\\/schema\\\/person\\\/0fcc680c550d91982c4c009f5b19b8ec\",\"name\":\"KF.\",\"image\":{\"@type\":\"ImageObject\",\"inLanguage\":\"es\",\"@id\":\"https:\\\/\\\/secure.gravatar.com\\\/avatar\\\/d7d0d6b70133abf46e0bf5e7f5f63f5ae46353601f9ad9a981c38691d4b186b0?s=96&d=mm&r=g\",\"url\":\"https:\\\/\\\/secure.gravatar.com\\\/avatar\\\/d7d0d6b70133abf46e0bf5e7f5f63f5ae46353601f9ad9a981c38691d4b186b0?s=96&d=mm&r=g\",\"contentUrl\":\"https:\\\/\\\/secure.gravatar.com\\\/avatar\\\/d7d0d6b70133abf46e0bf5e7f5f63f5ae46353601f9ad9a981c38691d4b186b0?s=96&d=mm&r=g\",\"caption\":\"KF.\"},\"url\":\"http:\\\/\\\/www.defensoria.gob.ve\\\/?author=14\"}]}<\/script>\n<!-- \/ Yoast SEO plugin. -->","yoast_head_json":{"title":"Defensor\u00eda del Pueblo contin\u00faa su participaci\u00f3n en FILVEN La Guaira 2024 -","robots":{"index":"index","follow":"follow","max-snippet":"max-snippet:-1","max-image-preview":"max-image-preview:large","max-video-preview":"max-video-preview:-1"},"canonical":"http:\/\/www.defensoria.gob.ve\/?p=8908","og_locale":"es_ES","og_type":"article","og_title":"Defensor\u00eda del Pueblo contin\u00faa su participaci\u00f3n en FILVEN La Guaira 2024 -","og_description":"(La Guaira\/08-Nov-24) La Defensor\u00eda del Pueblo contin\u00faa exhibiendo sus obras literarias en la XX Feria Internacional del Libro (Filven) 2024, cap\u00edtulo regional estado La Guaira, evento organizado por el Centro&hellip;","og_url":"http:\/\/www.defensoria.gob.ve\/?p=8908","article_published_time":"2024-11-08T20:35:57+00:00","article_modified_time":"2024-11-08T20:36:29+00:00","og_image":[{"width":1280,"height":576,"url":"http:\/\/www.defensoria.gob.ve\/wp-content\/uploads\/2024\/11\/WhatsApp-Image-2024-11-08-at-4.08.46-PM.jpeg","type":"image\/jpeg"}],"author":"KF.","twitter_card":"summary_large_image","twitter_misc":{"Escrito por":"KF.","Tiempo estimado de lectura":"1 minuto"},"schema":{"@context":"https:\/\/schema.org","@graph":[{"@type":"Article","@id":"http:\/\/www.defensoria.gob.ve\/?p=8908#article","isPartOf":{"@id":"http:\/\/www.defensoria.gob.ve\/?p=8908"},"author":{"name":"KF.","@id":"http:\/\/www.defensoria.gob.ve\/#\/schema\/person\/0fcc680c550d91982c4c009f5b19b8ec"},"headline":"Defensor\u00eda del Pueblo contin\u00faa su participaci\u00f3n en FILVEN La Guaira 2024","datePublished":"2024-11-08T20:35:57+00:00","dateModified":"2024-11-08T20:36:29+00:00","mainEntityOfPage":{"@id":"http:\/\/www.defensoria.gob.ve\/?p=8908"},"wordCount":148,"image":{"@id":"http:\/\/www.defensoria.gob.ve\/?p=8908#primaryimage"},"thumbnailUrl":"http:\/\/www.defensoria.gob.ve\/wp-content\/uploads\/2024\/11\/WhatsApp-Image-2024-11-08-at-4.08.46-PM.jpeg","articleSection":["REGIONALES"],"inLanguage":"es"},{"@type":"WebPage","@id":"http:\/\/www.defensoria.gob.ve\/?p=8908","url":"http:\/\/www.defensoria.gob.ve\/?p=8908","name":"Defensor\u00eda del Pueblo contin\u00faa su participaci\u00f3n en FILVEN La Guaira 2024 -","isPartOf":{"@id":"http:\/\/www.defensoria.gob.ve\/#website"},"primaryImageOfPage":{"@id":"http:\/\/www.defensoria.gob.ve\/?p=8908#primaryimage"},"image":{"@id":"http:\/\/www.defensoria.gob.ve\/?p=8908#primaryimage"},"thumbnailUrl":"http:\/\/www.defensoria.gob.ve\/wp-content\/uploads\/2024\/11\/WhatsApp-Image-2024-11-08-at-4.08.46-PM.jpeg","datePublished":"2024-11-08T20:35:57+00:00","dateModified":"2024-11-08T20:36:29+00:00","author":{"@id":"http:\/\/www.defensoria.gob.ve\/#\/schema\/person\/0fcc680c550d91982c4c009f5b19b8ec"},"breadcrumb":{"@id":"http:\/\/www.defensoria.gob.ve\/?p=8908#breadcrumb"},"inLanguage":"es","potentialAction":[{"@type":"ReadAction","target":["http:\/\/www.defensoria.gob.ve\/?p=8908"]}]},{"@type":"ImageObject","inLanguage":"es","@id":"http:\/\/www.defensoria.gob.ve\/?p=8908#primaryimage","url":"http:\/\/www.defensoria.gob.ve\/wp-content\/uploads\/2024\/11\/WhatsApp-Image-2024-11-08-at-4.08.46-PM.jpeg","contentUrl":"http:\/\/www.defensoria.gob.ve\/wp-content\/uploads\/2024\/11\/WhatsApp-Image-2024-11-08-at-4.08.46-PM.jpeg","width":1280,"height":576},{"@type":"BreadcrumbList","@id":"http:\/\/www.defensoria.gob.ve\/?p=8908#breadcrumb","itemListElement":[{"@type":"ListItem","position":1,"name":"Portada","item":"http:\/\/www.defensoria.gob.ve\/"},{"@type":"ListItem","position":2,"name":"Defensor\u00eda del Pueblo contin\u00faa su participaci\u00f3n en FILVEN La Guaira 2024"}]},{"@type":"WebSite","@id":"http:\/\/www.defensoria.gob.ve\/#website","url":"http:\/\/www.defensoria.gob.ve\/","name":"","description":"Instituci\u00f3n del Poder Ciudadano para la Promoci\u00f3n, Defensa y Vigilancia de los Derechos Humanos. ","potentialAction":[{"@type":"SearchAction","target":{"@type":"EntryPoint","urlTemplate":"http:\/\/www.defensoria.gob.ve\/?s={search_term_string}"},"query-input":{"@type":"PropertyValueSpecification","valueRequired":true,"valueName":"search_term_string"}}],"inLanguage":"es"},{"@type":"Person","@id":"http:\/\/www.defensoria.gob.ve\/#\/schema\/person\/0fcc680c550d91982c4c009f5b19b8ec","name":"KF.","image":{"@type":"ImageObject","inLanguage":"es","@id":"https:\/\/secure.gravatar.com\/avatar\/d7d0d6b70133abf46e0bf5e7f5f63f5ae46353601f9ad9a981c38691d4b186b0?s=96&d=mm&r=g","url":"https:\/\/secure.gravatar.com\/avatar\/d7d0d6b70133abf46e0bf5e7f5f63f5ae46353601f9ad9a981c38691d4b186b0?s=96&d=mm&r=g","contentUrl":"https:\/\/secure.gravatar.com\/avatar\/d7d0d6b70133abf46e0bf5e7f5f63f5ae46353601f9ad9a981c38691d4b186b0?s=96&d=mm&r=g","caption":"KF."},"url":"http:\/\/www.defensoria.gob.ve\/?author=14"}]}},"_links":{"self":[{"href":"http:\/\/www.defensoria.gob.ve\/index.php?rest_route=\/wp\/v2\/posts\/8908","targetHints":{"allow":["GET"]}}],"collection":[{"href":"http:\/\/www.defensoria.gob.ve\/index.php?rest_route=\/wp\/v2\/posts"}],"about":[{"href":"http:\/\/www.defensoria.gob.ve\/index.php?rest_route=\/wp\/v2\/types\/post"}],"author":[{"embeddable":true,"href":"http:\/\/www.defensoria.gob.ve\/index.php?rest_route=\/wp\/v2\/users\/14"}],"replies":[{"embeddable":true,"href":"http:\/\/www.defensoria.gob.ve\/index.php?rest_route=%2Fwp%2Fv2%2Fcomments&post=8908"}],"version-history":[{"count":4,"href":"http:\/\/www.defensoria.gob.ve\/index.php?rest_route=\/wp\/v2\/posts\/8908\/revisions"}],"predecessor-version":[{"id":8915,"href":"http:\/\/www.defensoria.gob.ve\/index.php?rest_route=\/wp\/v2\/posts\/8908\/revisions\/8915"}],"wp:featuredmedia":[{"embeddable":true,"href":"http:\/\/www.defensoria.gob.ve\/index.php?rest_route=\/wp\/v2\/media\/8911"}],"wp:attachment":[{"href":"http:\/\/www.defensoria.gob.ve\/index.php?rest_route=%2Fwp%2Fv2%2Fmedia&parent=8908"}],"wp:term":[{"taxonomy":"category","embeddable":true,"href":"http:\/\/www.defensoria.gob.ve\/index.php?rest_route=%2Fwp%2Fv2%2Fcategories&post=8908"},{"taxonomy":"post_tag","embeddable":true,"href":"http:\/\/www.defensoria.gob.ve\/index.php?rest_route=%2Fwp%2Fv2%2Ftags&post=8908"}],"curies":[{"name":"wp","href":"https:\/\/api.w.org\/{rel}","templated":true}]}}