 
{"id":9612,"date":"2024-11-29T12:57:48","date_gmt":"2024-11-29T16:57:48","guid":{"rendered":"http:\/\/www.defensoria.gob.ve\/?p=9612"},"modified":"2024-11-29T12:58:25","modified_gmt":"2024-11-29T16:58:25","slug":"delegada-de-sucre-asiste-a-reunion-de-trabajo-sobre-encalladura-de-delfines","status":"publish","type":"post","link":"http:\/\/www.defensoria.gob.ve\/?p=9612","title":{"rendered":"Delegada de Sucre asiste a reuni\u00f3n de trabajo sobre encalladura de delfines"},"content":{"rendered":"\t\t<div data-elementor-type=\"wp-post\" data-elementor-id=\"9612\" class=\"elementor elementor-9612\">\n\t\t\t\t\t\t<section class=\"elementor-section elementor-top-section elementor-element elementor-element-32351d9f elementor-section-boxed elementor-section-height-default elementor-section-height-default\" data-id=\"32351d9f\" data-element_type=\"section\" data-e-type=\"section\">\n\t\t\t\t\t\t<div class=\"elementor-container elementor-column-gap-default\">\n\t\t\t\t\t<div class=\"elementor-column elementor-col-100 elementor-top-column elementor-element elementor-element-2504497b\" data-id=\"2504497b\" data-element_type=\"column\" data-e-type=\"column\">\n\t\t\t<div class=\"elementor-widget-wrap elementor-element-populated\">\n\t\t\t\t\t\t<div class=\"elementor-element elementor-element-37d00c5b elementor-widget elementor-widget-text-editor\" data-id=\"37d00c5b\" data-element_type=\"widget\" data-e-type=\"widget\" data-widget_type=\"text-editor.default\">\n\t\t\t\t<div class=\"elementor-widget-container\">\n\t\t\t\t\t\t\t\t\t\n<p><strong>(Sucre\/29-Nov-24)<\/strong> Servidores y servidoras de la Defensor\u00eda delegada del estado Sucre participaron en una reuni\u00f3n institucional sobre procedimientos en casos de encalladura de delfines con la finalidad de coordinar acciones pertinentes entre los entes involucrados para evitar estos hechos que se han hecho habitual en varias playas del municipio Berm\u00fadez.<\/p>\n\n\n\n<p>Los servidores y servidoras del ente defensorial se encargaron de explicar las violaciones a los derechos ambientales y de los animales cuando ocurren los varamientos de delfines, pues estos cet\u00e1ceos corren peligro al quedar encallados y deben ser liberados lo m\u00e1s pronto posible.<\/p>\n\n\n\n<figure class=\"wp-block-image size-full\"><img fetchpriority=\"high\" decoding=\"async\" width=\"913\" height=\"526\" src=\"http:\/\/www.defensoria.gob.ve\/wp-content\/uploads\/2024\/11\/Screenshot_2-1.png\" alt=\"\" class=\"wp-image-9613\" srcset=\"http:\/\/www.defensoria.gob.ve\/wp-content\/uploads\/2024\/11\/Screenshot_2-1.png 913w, http:\/\/www.defensoria.gob.ve\/wp-content\/uploads\/2024\/11\/Screenshot_2-1-300x173.png 300w, http:\/\/www.defensoria.gob.ve\/wp-content\/uploads\/2024\/11\/Screenshot_2-1-768x442.png 768w\" sizes=\"(max-width: 913px) 100vw, 913px\" \/><\/figure>\n\n\n\n<p>A la reuni\u00f3n asistieron representantes de la Capitan\u00eda de Puerto; Seguridad Ciudadana Polic\u00eda Nacional Bolivariana Divisi\u00f3n Espacios Marinos; Bomberos Car\u00fapano; Protecci\u00f3n Civil, entre otros.<\/p>\n\n\n\n<p>Dicha actividad se llev\u00f3 a cabo en las Instalaciones del Puesto Vig\u00eda (Estaci\u00f3n Principal Guardacostas). <strong>FIN \/ PRENSA Defensor\u00eda<\/strong><\/p>\n\t\t\t\t\t\t\t\t<\/div>\n\t\t\t\t<\/div>\n\t\t\t\t\t<\/div>\n\t\t<\/div>\n\t\t\t\t\t<\/div>\n\t\t<\/section>\n\t\t\t\t<\/div>\n\t\t","protected":false},"excerpt":{"rendered":"<p>(Sucre\/29-Nov-24) Servidores y servidoras de la Defensor\u00eda delegada del estado Sucre participaron en una reuni\u00f3n institucional sobre procedimientos en casos de encalladura de delfines con la finalidad de coordinar acciones&hellip; <\/p>\n","protected":false},"author":5,"featured_media":9614,"comment_status":"open","ping_status":"open","sticky":false,"template":"","format":"standard","meta":{"footnotes":""},"categories":[5],"tags":[],"class_list":["post-9612","post","type-post","status-publish","format-standard","has-post-thumbnail","hentry","category-regionales"],"yoast_head":"<!-- This site is optimized with the Yoast SEO plugin v27.4 - https:\/\/yoast.com\/product\/yoast-seo-wordpress\/ -->\n<title>Delegada de Sucre asiste a reuni\u00f3n de trabajo sobre encalladura de delfines -<\/title>\n<meta name=\"robots\" content=\"index, follow, max-snippet:-1, max-image-preview:large, max-video-preview:-1\" \/>\n<link rel=\"canonical\" href=\"http:\/\/www.defensoria.gob.ve\/?p=9612\" \/>\n<meta property=\"og:locale\" content=\"es_ES\" \/>\n<meta property=\"og:type\" content=\"article\" \/>\n<meta property=\"og:title\" content=\"Delegada de Sucre asiste a reuni\u00f3n de trabajo sobre encalladura de delfines -\" \/>\n<meta property=\"og:description\" content=\"(Sucre\/29-Nov-24) Servidores y servidoras de la Defensor\u00eda delegada del estado Sucre participaron en una reuni\u00f3n institucional sobre procedimientos en casos de encalladura de delfines con la finalidad de coordinar acciones&hellip;\" \/>\n<meta property=\"og:url\" content=\"http:\/\/www.defensoria.gob.ve\/?p=9612\" \/>\n<meta property=\"article:published_time\" content=\"2024-11-29T16:57:48+00:00\" \/>\n<meta property=\"article:modified_time\" content=\"2024-11-29T16:58:25+00:00\" \/>\n<meta property=\"og:image\" content=\"http:\/\/www.defensoria.gob.ve\/wp-content\/uploads\/2024\/11\/Screenshot_1-1.png\" \/>\n\t<meta property=\"og:image:width\" content=\"853\" \/>\n\t<meta property=\"og:image:height\" content=\"554\" \/>\n\t<meta property=\"og:image:type\" content=\"image\/png\" \/>\n<meta name=\"author\" content=\"JC.\" \/>\n<meta name=\"twitter:card\" content=\"summary_large_image\" \/>\n<meta name=\"twitter:label1\" content=\"Escrito por\" \/>\n\t<meta name=\"twitter:data1\" content=\"JC.\" \/>\n\t<meta name=\"twitter:label2\" content=\"Tiempo estimado de lectura\" \/>\n\t<meta name=\"twitter:data2\" content=\"1 minuto\" \/>\n<script type=\"application\/ld+json\" class=\"yoast-schema-graph\">{\"@context\":\"https:\\\/\\\/schema.org\",\"@graph\":[{\"@type\":\"Article\",\"@id\":\"http:\\\/\\\/www.defensoria.gob.ve\\\/?p=9612#article\",\"isPartOf\":{\"@id\":\"http:\\\/\\\/www.defensoria.gob.ve\\\/?p=9612\"},\"author\":{\"name\":\"JC.\",\"@id\":\"http:\\\/\\\/www.defensoria.gob.ve\\\/#\\\/schema\\\/person\\\/fba14293189d7b1933ac7fba9d89e24a\"},\"headline\":\"Delegada de Sucre asiste a reuni\u00f3n de trabajo sobre encalladura de delfines\",\"datePublished\":\"2024-11-29T16:57:48+00:00\",\"dateModified\":\"2024-11-29T16:58:25+00:00\",\"mainEntityOfPage\":{\"@id\":\"http:\\\/\\\/www.defensoria.gob.ve\\\/?p=9612\"},\"wordCount\":163,\"commentCount\":0,\"image\":{\"@id\":\"http:\\\/\\\/www.defensoria.gob.ve\\\/?p=9612#primaryimage\"},\"thumbnailUrl\":\"http:\\\/\\\/www.defensoria.gob.ve\\\/wp-content\\\/uploads\\\/2024\\\/11\\\/Screenshot_1-1.png\",\"articleSection\":[\"REGIONALES\"],\"inLanguage\":\"es\",\"potentialAction\":[{\"@type\":\"CommentAction\",\"name\":\"Comment\",\"target\":[\"http:\\\/\\\/www.defensoria.gob.ve\\\/?p=9612#respond\"]}]},{\"@type\":\"WebPage\",\"@id\":\"http:\\\/\\\/www.defensoria.gob.ve\\\/?p=9612\",\"url\":\"http:\\\/\\\/www.defensoria.gob.ve\\\/?p=9612\",\"name\":\"Delegada de Sucre asiste a reuni\u00f3n de trabajo sobre encalladura de delfines -\",\"isPartOf\":{\"@id\":\"http:\\\/\\\/www.defensoria.gob.ve\\\/#website\"},\"primaryImageOfPage\":{\"@id\":\"http:\\\/\\\/www.defensoria.gob.ve\\\/?p=9612#primaryimage\"},\"image\":{\"@id\":\"http:\\\/\\\/www.defensoria.gob.ve\\\/?p=9612#primaryimage\"},\"thumbnailUrl\":\"http:\\\/\\\/www.defensoria.gob.ve\\\/wp-content\\\/uploads\\\/2024\\\/11\\\/Screenshot_1-1.png\",\"datePublished\":\"2024-11-29T16:57:48+00:00\",\"dateModified\":\"2024-11-29T16:58:25+00:00\",\"author\":{\"@id\":\"http:\\\/\\\/www.defensoria.gob.ve\\\/#\\\/schema\\\/person\\\/fba14293189d7b1933ac7fba9d89e24a\"},\"breadcrumb\":{\"@id\":\"http:\\\/\\\/www.defensoria.gob.ve\\\/?p=9612#breadcrumb\"},\"inLanguage\":\"es\",\"potentialAction\":[{\"@type\":\"ReadAction\",\"target\":[\"http:\\\/\\\/www.defensoria.gob.ve\\\/?p=9612\"]}]},{\"@type\":\"ImageObject\",\"inLanguage\":\"es\",\"@id\":\"http:\\\/\\\/www.defensoria.gob.ve\\\/?p=9612#primaryimage\",\"url\":\"http:\\\/\\\/www.defensoria.gob.ve\\\/wp-content\\\/uploads\\\/2024\\\/11\\\/Screenshot_1-1.png\",\"contentUrl\":\"http:\\\/\\\/www.defensoria.gob.ve\\\/wp-content\\\/uploads\\\/2024\\\/11\\\/Screenshot_1-1.png\",\"width\":853,\"height\":554},{\"@type\":\"BreadcrumbList\",\"@id\":\"http:\\\/\\\/www.defensoria.gob.ve\\\/?p=9612#breadcrumb\",\"itemListElement\":[{\"@type\":\"ListItem\",\"position\":1,\"name\":\"Portada\",\"item\":\"http:\\\/\\\/www.defensoria.gob.ve\\\/\"},{\"@type\":\"ListItem\",\"position\":2,\"name\":\"Delegada de Sucre asiste a reuni\u00f3n de trabajo sobre encalladura de delfines\"}]},{\"@type\":\"WebSite\",\"@id\":\"http:\\\/\\\/www.defensoria.gob.ve\\\/#website\",\"url\":\"http:\\\/\\\/www.defensoria.gob.ve\\\/\",\"name\":\"\",\"description\":\"Instituci\u00f3n del Poder Ciudadano para la Promoci\u00f3n, Defensa y Vigilancia de los Derechos Humanos.\",\"potentialAction\":[{\"@type\":\"SearchAction\",\"target\":{\"@type\":\"EntryPoint\",\"urlTemplate\":\"http:\\\/\\\/www.defensoria.gob.ve\\\/?s={search_term_string}\"},\"query-input\":{\"@type\":\"PropertyValueSpecification\",\"valueRequired\":true,\"valueName\":\"search_term_string\"}}],\"inLanguage\":\"es\"},{\"@type\":\"Person\",\"@id\":\"http:\\\/\\\/www.defensoria.gob.ve\\\/#\\\/schema\\\/person\\\/fba14293189d7b1933ac7fba9d89e24a\",\"name\":\"JC.\",\"image\":{\"@type\":\"ImageObject\",\"inLanguage\":\"es\",\"@id\":\"https:\\\/\\\/secure.gravatar.com\\\/avatar\\\/f398a4de948606b38f0299d90ca738c674b648694bc725ed46503c240269dbf8?s=96&d=mm&r=g\",\"url\":\"https:\\\/\\\/secure.gravatar.com\\\/avatar\\\/f398a4de948606b38f0299d90ca738c674b648694bc725ed46503c240269dbf8?s=96&d=mm&r=g\",\"contentUrl\":\"https:\\\/\\\/secure.gravatar.com\\\/avatar\\\/f398a4de948606b38f0299d90ca738c674b648694bc725ed46503c240269dbf8?s=96&d=mm&r=g\",\"caption\":\"JC.\"},\"url\":\"http:\\\/\\\/www.defensoria.gob.ve\\\/?author=5\"}]}<\/script>\n<!-- \/ Yoast SEO plugin. -->","yoast_head_json":{"title":"Delegada de Sucre asiste a reuni\u00f3n de trabajo sobre encalladura de delfines -","robots":{"index":"index","follow":"follow","max-snippet":"max-snippet:-1","max-image-preview":"max-image-preview:large","max-video-preview":"max-video-preview:-1"},"canonical":"http:\/\/www.defensoria.gob.ve\/?p=9612","og_locale":"es_ES","og_type":"article","og_title":"Delegada de Sucre asiste a reuni\u00f3n de trabajo sobre encalladura de delfines -","og_description":"(Sucre\/29-Nov-24) Servidores y servidoras de la Defensor\u00eda delegada del estado Sucre participaron en una reuni\u00f3n institucional sobre procedimientos en casos de encalladura de delfines con la finalidad de coordinar acciones&hellip;","og_url":"http:\/\/www.defensoria.gob.ve\/?p=9612","article_published_time":"2024-11-29T16:57:48+00:00","article_modified_time":"2024-11-29T16:58:25+00:00","og_image":[{"width":853,"height":554,"url":"http:\/\/www.defensoria.gob.ve\/wp-content\/uploads\/2024\/11\/Screenshot_1-1.png","type":"image\/png"}],"author":"JC.","twitter_card":"summary_large_image","twitter_misc":{"Escrito por":"JC.","Tiempo estimado de lectura":"1 minuto"},"schema":{"@context":"https:\/\/schema.org","@graph":[{"@type":"Article","@id":"http:\/\/www.defensoria.gob.ve\/?p=9612#article","isPartOf":{"@id":"http:\/\/www.defensoria.gob.ve\/?p=9612"},"author":{"name":"JC.","@id":"http:\/\/www.defensoria.gob.ve\/#\/schema\/person\/fba14293189d7b1933ac7fba9d89e24a"},"headline":"Delegada de Sucre asiste a reuni\u00f3n de trabajo sobre encalladura de delfines","datePublished":"2024-11-29T16:57:48+00:00","dateModified":"2024-11-29T16:58:25+00:00","mainEntityOfPage":{"@id":"http:\/\/www.defensoria.gob.ve\/?p=9612"},"wordCount":163,"commentCount":0,"image":{"@id":"http:\/\/www.defensoria.gob.ve\/?p=9612#primaryimage"},"thumbnailUrl":"http:\/\/www.defensoria.gob.ve\/wp-content\/uploads\/2024\/11\/Screenshot_1-1.png","articleSection":["REGIONALES"],"inLanguage":"es","potentialAction":[{"@type":"CommentAction","name":"Comment","target":["http:\/\/www.defensoria.gob.ve\/?p=9612#respond"]}]},{"@type":"WebPage","@id":"http:\/\/www.defensoria.gob.ve\/?p=9612","url":"http:\/\/www.defensoria.gob.ve\/?p=9612","name":"Delegada de Sucre asiste a reuni\u00f3n de trabajo sobre encalladura de delfines -","isPartOf":{"@id":"http:\/\/www.defensoria.gob.ve\/#website"},"primaryImageOfPage":{"@id":"http:\/\/www.defensoria.gob.ve\/?p=9612#primaryimage"},"image":{"@id":"http:\/\/www.defensoria.gob.ve\/?p=9612#primaryimage"},"thumbnailUrl":"http:\/\/www.defensoria.gob.ve\/wp-content\/uploads\/2024\/11\/Screenshot_1-1.png","datePublished":"2024-11-29T16:57:48+00:00","dateModified":"2024-11-29T16:58:25+00:00","author":{"@id":"http:\/\/www.defensoria.gob.ve\/#\/schema\/person\/fba14293189d7b1933ac7fba9d89e24a"},"breadcrumb":{"@id":"http:\/\/www.defensoria.gob.ve\/?p=9612#breadcrumb"},"inLanguage":"es","potentialAction":[{"@type":"ReadAction","target":["http:\/\/www.defensoria.gob.ve\/?p=9612"]}]},{"@type":"ImageObject","inLanguage":"es","@id":"http:\/\/www.defensoria.gob.ve\/?p=9612#primaryimage","url":"http:\/\/www.defensoria.gob.ve\/wp-content\/uploads\/2024\/11\/Screenshot_1-1.png","contentUrl":"http:\/\/www.defensoria.gob.ve\/wp-content\/uploads\/2024\/11\/Screenshot_1-1.png","width":853,"height":554},{"@type":"BreadcrumbList","@id":"http:\/\/www.defensoria.gob.ve\/?p=9612#breadcrumb","itemListElement":[{"@type":"ListItem","position":1,"name":"Portada","item":"http:\/\/www.defensoria.gob.ve\/"},{"@type":"ListItem","position":2,"name":"Delegada de Sucre asiste a reuni\u00f3n de trabajo sobre encalladura de delfines"}]},{"@type":"WebSite","@id":"http:\/\/www.defensoria.gob.ve\/#website","url":"http:\/\/www.defensoria.gob.ve\/","name":"","description":"Instituci\u00f3n del Poder Ciudadano para la Promoci\u00f3n, Defensa y Vigilancia de los Derechos Humanos.","potentialAction":[{"@type":"SearchAction","target":{"@type":"EntryPoint","urlTemplate":"http:\/\/www.defensoria.gob.ve\/?s={search_term_string}"},"query-input":{"@type":"PropertyValueSpecification","valueRequired":true,"valueName":"search_term_string"}}],"inLanguage":"es"},{"@type":"Person","@id":"http:\/\/www.defensoria.gob.ve\/#\/schema\/person\/fba14293189d7b1933ac7fba9d89e24a","name":"JC.","image":{"@type":"ImageObject","inLanguage":"es","@id":"https:\/\/secure.gravatar.com\/avatar\/f398a4de948606b38f0299d90ca738c674b648694bc725ed46503c240269dbf8?s=96&d=mm&r=g","url":"https:\/\/secure.gravatar.com\/avatar\/f398a4de948606b38f0299d90ca738c674b648694bc725ed46503c240269dbf8?s=96&d=mm&r=g","contentUrl":"https:\/\/secure.gravatar.com\/avatar\/f398a4de948606b38f0299d90ca738c674b648694bc725ed46503c240269dbf8?s=96&d=mm&r=g","caption":"JC."},"url":"http:\/\/www.defensoria.gob.ve\/?author=5"}]}},"_links":{"self":[{"href":"http:\/\/www.defensoria.gob.ve\/index.php?rest_route=\/wp\/v2\/posts\/9612","targetHints":{"allow":["GET"]}}],"collection":[{"href":"http:\/\/www.defensoria.gob.ve\/index.php?rest_route=\/wp\/v2\/posts"}],"about":[{"href":"http:\/\/www.defensoria.gob.ve\/index.php?rest_route=\/wp\/v2\/types\/post"}],"author":[{"embeddable":true,"href":"http:\/\/www.defensoria.gob.ve\/index.php?rest_route=\/wp\/v2\/users\/5"}],"replies":[{"embeddable":true,"href":"http:\/\/www.defensoria.gob.ve\/index.php?rest_route=%2Fwp%2Fv2%2Fcomments&post=9612"}],"version-history":[{"count":4,"href":"http:\/\/www.defensoria.gob.ve\/index.php?rest_route=\/wp\/v2\/posts\/9612\/revisions"}],"predecessor-version":[{"id":9618,"href":"http:\/\/www.defensoria.gob.ve\/index.php?rest_route=\/wp\/v2\/posts\/9612\/revisions\/9618"}],"wp:featuredmedia":[{"embeddable":true,"href":"http:\/\/www.defensoria.gob.ve\/index.php?rest_route=\/wp\/v2\/media\/9614"}],"wp:attachment":[{"href":"http:\/\/www.defensoria.gob.ve\/index.php?rest_route=%2Fwp%2Fv2%2Fmedia&parent=9612"}],"wp:term":[{"taxonomy":"category","embeddable":true,"href":"http:\/\/www.defensoria.gob.ve\/index.php?rest_route=%2Fwp%2Fv2%2Fcategories&post=9612"},{"taxonomy":"post_tag","embeddable":true,"href":"http:\/\/www.defensoria.gob.ve\/index.php?rest_route=%2Fwp%2Fv2%2Ftags&post=9612"}],"curies":[{"name":"wp","href":"https:\/\/api.w.org\/{rel}","templated":true}]}}