 
{"id":9811,"date":"2024-12-06T14:41:00","date_gmt":"2024-12-06T18:41:00","guid":{"rendered":"http:\/\/www.defensoria.gob.ve\/?p=9811"},"modified":"2024-12-09T14:43:43","modified_gmt":"2024-12-09T18:43:43","slug":"defensoria-del-pueblo-promueve-ddhh-de-las-personas-con-vih-sida","status":"publish","type":"post","link":"http:\/\/www.defensoria.gob.ve\/?p=9811","title":{"rendered":"Defensor\u00eda del Pueblo promueve DDHH de las personas con VIH\/SIDA"},"content":{"rendered":"\t\t<div data-elementor-type=\"wp-post\" data-elementor-id=\"9811\" class=\"elementor elementor-9811\">\n\t\t\t\t\t\t<section class=\"elementor-section elementor-top-section elementor-element elementor-element-6f7e0f45 elementor-section-boxed elementor-section-height-default elementor-section-height-default\" data-id=\"6f7e0f45\" data-element_type=\"section\" data-e-type=\"section\">\n\t\t\t\t\t\t<div class=\"elementor-container elementor-column-gap-default\">\n\t\t\t\t\t<div class=\"elementor-column elementor-col-100 elementor-top-column elementor-element elementor-element-5b4c881d\" data-id=\"5b4c881d\" data-element_type=\"column\" data-e-type=\"column\">\n\t\t\t<div class=\"elementor-widget-wrap elementor-element-populated\">\n\t\t\t\t\t\t<div class=\"elementor-element elementor-element-1df699fb elementor-widget elementor-widget-text-editor\" data-id=\"1df699fb\" data-element_type=\"widget\" data-e-type=\"widget\" data-widget_type=\"text-editor.default\">\n\t\t\t\t<div class=\"elementor-widget-container\">\n\t\t\t\t\t\t\t\t\t\n<p><strong>(06-Dic-24)<\/strong> En conmemoraci\u00f3n al D\u00eda Internacional de la Lucha contra el VIH\/SIDA, la Defensor\u00eda del Pueblo en conjunto con el Programa Nacional de VIH- SIDA del Ministerio del Poder Popular para la Salud (MPPS), la Gran Misi\u00f3n Venezuela Joven, la Alcald\u00eda de Caracas y ONUSida Venezuela realizaron una jornada integral para promover los derechos de las personas con VIH\/SIDA, actividad llevada a cabo en la Plaza de la Juventud, ubicada en Bellas Artes, Caracas.<\/p>\n\n\n\n<p>En dicha actividad se atendi\u00f3 a los y las presentes con pruebas diagn\u00f3sticas para el VIH, entrega de preservativos; adem\u00e1s de recibir charlas de prevenci\u00f3n del VIH y contar con actividades recreativas y deportivas. Jornada que se extendi\u00f3 a todo el pa\u00eds con el apoyo de las Defensor\u00edas delegadas estadales.<\/p>\n\n\n\n<figure class=\"wp-block-image size-large\"><img fetchpriority=\"high\" decoding=\"async\" width=\"1024\" height=\"682\" src=\"http:\/\/www.defensoria.gob.ve\/wp-content\/uploads\/2024\/12\/6b32a015-5371-4f77-a378-6ed1707a5ffe-1024x682.jpg\" alt=\"\" class=\"wp-image-9812\" srcset=\"http:\/\/www.defensoria.gob.ve\/wp-content\/uploads\/2024\/12\/6b32a015-5371-4f77-a378-6ed1707a5ffe-1024x682.jpg 1024w, http:\/\/www.defensoria.gob.ve\/wp-content\/uploads\/2024\/12\/6b32a015-5371-4f77-a378-6ed1707a5ffe-300x200.jpg 300w, http:\/\/www.defensoria.gob.ve\/wp-content\/uploads\/2024\/12\/6b32a015-5371-4f77-a378-6ed1707a5ffe-768x512.jpg 768w, http:\/\/www.defensoria.gob.ve\/wp-content\/uploads\/2024\/12\/6b32a015-5371-4f77-a378-6ed1707a5ffe.jpg 1280w\" sizes=\"(max-width: 1024px) 100vw, 1024px\" \/><\/figure>\n\n\n\n<p>Por ello, se cont\u00f3 con la participaci\u00f3n de servidores y servidoras de la Fundaci\u00f3n Venezolana para la Prevenci\u00f3n y Tratamiento del Consumo de Drogas (Fundapret); Ministerio del Poder Popular para el Proceso Social del Trabajo (Mppst); Cuerpo de Investigaciones Cient\u00edficas, Penales y Criminal\u00edsticas (Cicpc); Ministerio P\u00fablico (MP); Instituto Nacional de Transporte Terrestre (INTT); Servicio Administrativo de Identificaci\u00f3n, Migraci\u00f3n y Extranjer\u00eda (Saime); Instituto Nacional de la Mujer (InaMujer); Ministerio del Poder Popular para la Salud (MPPS) y ONU\/SIDA Venezuela, entre otras organizaciones.<\/p>\n\n\n\n<p>Con este evento de promoci\u00f3n y formaci\u00f3n, el ente defensorial busca apoyar y aplicar lo establecido en la Declaraci\u00f3n de Compromiso en VIH\/SIDA de 2001, donde los Estados miembros de las Naciones Unidas acordaron reducir el estigma y la discriminaci\u00f3n hacia las personas que viven con VIH y grupos vulnerables.<\/p>\n\n\n\n<p>Adem\u00e1s de garantizar los derechos de las personas con VIH\/sidas establecidos en la Ley para la Promoci\u00f3n y Protecci\u00f3n del Derecho a la Igualdad de las Personas con VIH\/Sida y sus Familiares, aprobada el 14 de agosto de 2014 y publicada en la Gaceta Oficial de la Rep\u00fablica Bolivariana de Venezuela el 30 de diciembre de ese mismo a\u00f1o. Esta ley adem\u00e1s de amparar a los pacientes, elimina toda forma de discriminaci\u00f3n por relaci\u00f3n, es decir, que cobija a quien mantiene relaci\u00f3n afectiva o familiar con un paciente con VIH\/Sida.<\/p>\n\n\n\n<figure class=\"wp-block-image size-large\"><img decoding=\"async\" width=\"1024\" height=\"682\" src=\"http:\/\/www.defensoria.gob.ve\/wp-content\/uploads\/2024\/12\/b741b767-e95a-43e4-af56-c03c500adb3b-1024x682.jpg\" alt=\"\" class=\"wp-image-9813\" srcset=\"http:\/\/www.defensoria.gob.ve\/wp-content\/uploads\/2024\/12\/b741b767-e95a-43e4-af56-c03c500adb3b-1024x682.jpg 1024w, http:\/\/www.defensoria.gob.ve\/wp-content\/uploads\/2024\/12\/b741b767-e95a-43e4-af56-c03c500adb3b-300x200.jpg 300w, http:\/\/www.defensoria.gob.ve\/wp-content\/uploads\/2024\/12\/b741b767-e95a-43e4-af56-c03c500adb3b-768x512.jpg 768w, http:\/\/www.defensoria.gob.ve\/wp-content\/uploads\/2024\/12\/b741b767-e95a-43e4-af56-c03c500adb3b.jpg 1280w\" sizes=\"(max-width: 1024px) 100vw, 1024px\" \/><\/figure>\n\n\n\n<p>Dicha legislaci\u00f3n establece todos los par\u00e1metros legales y normativas para eliminar todas las formas de discriminaci\u00f3n por VIH o SIDA y asegurarle su derecho al pleno disfrute, a la educaci\u00f3n, empleo, salud, servicios sociales y jur\u00eddicos, respetando su intimidad y confidencialidad.<\/p>\n\n\n\n<p>Recordemos que desde el a\u00f1o 2000, el Estado venezolano a trav\u00e9s del ministerio del PPP la Salud garantiza el tratamiento antirretroviral de manera equitativa, oportuna y gratuita a pacientes que viven con el VIH en todo el pa\u00eds, como parte de una pol\u00edtica de seguridad y protecci\u00f3n para esta poblaci\u00f3n.<br>De esta forma, la Defensor\u00eda del Pueblo se mantiene garantizando y promoviendo el derecho de los venezolanos y las venezolanas al acceso a la informaci\u00f3n y formaci\u00f3n sobre todo lo relacionado al VIH\/SIDA para su protecci\u00f3n. <strong>FIN \/ PRENSA Defensor\u00eda<\/strong><\/p>\n\t\t\t\t\t\t\t\t<\/div>\n\t\t\t\t<\/div>\n\t\t\t\t\t<\/div>\n\t\t<\/div>\n\t\t\t\t\t<\/div>\n\t\t<\/section>\n\t\t\t\t<\/div>\n\t\t","protected":false},"excerpt":{"rendered":"<p>(06-Dic-24) En conmemoraci\u00f3n al D\u00eda Internacional de la Lucha contra el VIH\/SIDA, la Defensor\u00eda del Pueblo en conjunto con el Programa Nacional de VIH- SIDA del Ministerio del Poder Popular&hellip; <\/p>\n","protected":false},"author":5,"featured_media":9814,"comment_status":"open","ping_status":"open","sticky":false,"template":"","format":"standard","meta":{"footnotes":""},"categories":[3],"tags":[],"class_list":["post-9811","post","type-post","status-publish","format-standard","has-post-thumbnail","hentry","category-centrales"],"yoast_head":"<!-- This site is optimized with the Yoast SEO plugin v27.4 - https:\/\/yoast.com\/product\/yoast-seo-wordpress\/ -->\n<title>Defensor\u00eda del Pueblo promueve DDHH de las personas con VIH\/SIDA -<\/title>\n<meta name=\"robots\" content=\"index, follow, max-snippet:-1, max-image-preview:large, max-video-preview:-1\" \/>\n<link rel=\"canonical\" href=\"http:\/\/www.defensoria.gob.ve\/?p=9811\" \/>\n<meta property=\"og:locale\" content=\"es_ES\" \/>\n<meta property=\"og:type\" content=\"article\" \/>\n<meta property=\"og:title\" content=\"Defensor\u00eda del Pueblo promueve DDHH de las personas con VIH\/SIDA -\" \/>\n<meta property=\"og:description\" content=\"(06-Dic-24) En conmemoraci\u00f3n al D\u00eda Internacional de la Lucha contra el VIH\/SIDA, la Defensor\u00eda del Pueblo en conjunto con el Programa Nacional de VIH- SIDA del Ministerio del Poder Popular&hellip;\" \/>\n<meta property=\"og:url\" content=\"http:\/\/www.defensoria.gob.ve\/?p=9811\" \/>\n<meta property=\"article:published_time\" content=\"2024-12-06T18:41:00+00:00\" \/>\n<meta property=\"article:modified_time\" content=\"2024-12-09T18:43:43+00:00\" \/>\n<meta property=\"og:image\" content=\"http:\/\/www.defensoria.gob.ve\/wp-content\/uploads\/2024\/12\/da8ad02d-2cd6-4d2a-8677-4d4e4ff481f2.jpg\" \/>\n\t<meta property=\"og:image:width\" content=\"1280\" \/>\n\t<meta property=\"og:image:height\" content=\"853\" \/>\n\t<meta property=\"og:image:type\" content=\"image\/jpeg\" \/>\n<meta name=\"author\" content=\"JC.\" \/>\n<meta name=\"twitter:card\" content=\"summary_large_image\" \/>\n<meta name=\"twitter:label1\" content=\"Escrito por\" \/>\n\t<meta name=\"twitter:data1\" content=\"JC.\" \/>\n\t<meta name=\"twitter:label2\" content=\"Tiempo estimado de lectura\" \/>\n\t<meta name=\"twitter:data2\" content=\"3 minutos\" \/>\n<script type=\"application\/ld+json\" class=\"yoast-schema-graph\">{\"@context\":\"https:\\\/\\\/schema.org\",\"@graph\":[{\"@type\":\"Article\",\"@id\":\"http:\\\/\\\/www.defensoria.gob.ve\\\/?p=9811#article\",\"isPartOf\":{\"@id\":\"http:\\\/\\\/www.defensoria.gob.ve\\\/?p=9811\"},\"author\":{\"name\":\"JC.\",\"@id\":\"http:\\\/\\\/www.defensoria.gob.ve\\\/#\\\/schema\\\/person\\\/fba14293189d7b1933ac7fba9d89e24a\"},\"headline\":\"Defensor\u00eda del Pueblo promueve DDHH de las personas con VIH\\\/SIDA\",\"datePublished\":\"2024-12-06T18:41:00+00:00\",\"dateModified\":\"2024-12-09T18:43:43+00:00\",\"mainEntityOfPage\":{\"@id\":\"http:\\\/\\\/www.defensoria.gob.ve\\\/?p=9811\"},\"wordCount\":538,\"commentCount\":0,\"image\":{\"@id\":\"http:\\\/\\\/www.defensoria.gob.ve\\\/?p=9811#primaryimage\"},\"thumbnailUrl\":\"http:\\\/\\\/www.defensoria.gob.ve\\\/wp-content\\\/uploads\\\/2024\\\/12\\\/da8ad02d-2cd6-4d2a-8677-4d4e4ff481f2.jpg\",\"articleSection\":[\"CENTRALES\"],\"inLanguage\":\"es\",\"potentialAction\":[{\"@type\":\"CommentAction\",\"name\":\"Comment\",\"target\":[\"http:\\\/\\\/www.defensoria.gob.ve\\\/?p=9811#respond\"]}]},{\"@type\":\"WebPage\",\"@id\":\"http:\\\/\\\/www.defensoria.gob.ve\\\/?p=9811\",\"url\":\"http:\\\/\\\/www.defensoria.gob.ve\\\/?p=9811\",\"name\":\"Defensor\u00eda del Pueblo promueve DDHH de las personas con VIH\\\/SIDA -\",\"isPartOf\":{\"@id\":\"http:\\\/\\\/www.defensoria.gob.ve\\\/#website\"},\"primaryImageOfPage\":{\"@id\":\"http:\\\/\\\/www.defensoria.gob.ve\\\/?p=9811#primaryimage\"},\"image\":{\"@id\":\"http:\\\/\\\/www.defensoria.gob.ve\\\/?p=9811#primaryimage\"},\"thumbnailUrl\":\"http:\\\/\\\/www.defensoria.gob.ve\\\/wp-content\\\/uploads\\\/2024\\\/12\\\/da8ad02d-2cd6-4d2a-8677-4d4e4ff481f2.jpg\",\"datePublished\":\"2024-12-06T18:41:00+00:00\",\"dateModified\":\"2024-12-09T18:43:43+00:00\",\"author\":{\"@id\":\"http:\\\/\\\/www.defensoria.gob.ve\\\/#\\\/schema\\\/person\\\/fba14293189d7b1933ac7fba9d89e24a\"},\"breadcrumb\":{\"@id\":\"http:\\\/\\\/www.defensoria.gob.ve\\\/?p=9811#breadcrumb\"},\"inLanguage\":\"es\",\"potentialAction\":[{\"@type\":\"ReadAction\",\"target\":[\"http:\\\/\\\/www.defensoria.gob.ve\\\/?p=9811\"]}]},{\"@type\":\"ImageObject\",\"inLanguage\":\"es\",\"@id\":\"http:\\\/\\\/www.defensoria.gob.ve\\\/?p=9811#primaryimage\",\"url\":\"http:\\\/\\\/www.defensoria.gob.ve\\\/wp-content\\\/uploads\\\/2024\\\/12\\\/da8ad02d-2cd6-4d2a-8677-4d4e4ff481f2.jpg\",\"contentUrl\":\"http:\\\/\\\/www.defensoria.gob.ve\\\/wp-content\\\/uploads\\\/2024\\\/12\\\/da8ad02d-2cd6-4d2a-8677-4d4e4ff481f2.jpg\",\"width\":1280,\"height\":853},{\"@type\":\"BreadcrumbList\",\"@id\":\"http:\\\/\\\/www.defensoria.gob.ve\\\/?p=9811#breadcrumb\",\"itemListElement\":[{\"@type\":\"ListItem\",\"position\":1,\"name\":\"Portada\",\"item\":\"http:\\\/\\\/www.defensoria.gob.ve\\\/\"},{\"@type\":\"ListItem\",\"position\":2,\"name\":\"Defensor\u00eda del Pueblo promueve DDHH de las personas con VIH\\\/SIDA\"}]},{\"@type\":\"WebSite\",\"@id\":\"http:\\\/\\\/www.defensoria.gob.ve\\\/#website\",\"url\":\"http:\\\/\\\/www.defensoria.gob.ve\\\/\",\"name\":\"\",\"description\":\"Instituci\u00f3n del Poder Ciudadano para la Promoci\u00f3n, Defensa y Vigilancia de los Derechos Humanos. \",\"potentialAction\":[{\"@type\":\"SearchAction\",\"target\":{\"@type\":\"EntryPoint\",\"urlTemplate\":\"http:\\\/\\\/www.defensoria.gob.ve\\\/?s={search_term_string}\"},\"query-input\":{\"@type\":\"PropertyValueSpecification\",\"valueRequired\":true,\"valueName\":\"search_term_string\"}}],\"inLanguage\":\"es\"},{\"@type\":\"Person\",\"@id\":\"http:\\\/\\\/www.defensoria.gob.ve\\\/#\\\/schema\\\/person\\\/fba14293189d7b1933ac7fba9d89e24a\",\"name\":\"JC.\",\"image\":{\"@type\":\"ImageObject\",\"inLanguage\":\"es\",\"@id\":\"https:\\\/\\\/secure.gravatar.com\\\/avatar\\\/f398a4de948606b38f0299d90ca738c674b648694bc725ed46503c240269dbf8?s=96&d=mm&r=g\",\"url\":\"https:\\\/\\\/secure.gravatar.com\\\/avatar\\\/f398a4de948606b38f0299d90ca738c674b648694bc725ed46503c240269dbf8?s=96&d=mm&r=g\",\"contentUrl\":\"https:\\\/\\\/secure.gravatar.com\\\/avatar\\\/f398a4de948606b38f0299d90ca738c674b648694bc725ed46503c240269dbf8?s=96&d=mm&r=g\",\"caption\":\"JC.\"},\"url\":\"http:\\\/\\\/www.defensoria.gob.ve\\\/?author=5\"}]}<\/script>\n<!-- \/ Yoast SEO plugin. -->","yoast_head_json":{"title":"Defensor\u00eda del Pueblo promueve DDHH de las personas con VIH\/SIDA -","robots":{"index":"index","follow":"follow","max-snippet":"max-snippet:-1","max-image-preview":"max-image-preview:large","max-video-preview":"max-video-preview:-1"},"canonical":"http:\/\/www.defensoria.gob.ve\/?p=9811","og_locale":"es_ES","og_type":"article","og_title":"Defensor\u00eda del Pueblo promueve DDHH de las personas con VIH\/SIDA -","og_description":"(06-Dic-24) En conmemoraci\u00f3n al D\u00eda Internacional de la Lucha contra el VIH\/SIDA, la Defensor\u00eda del Pueblo en conjunto con el Programa Nacional de VIH- SIDA del Ministerio del Poder Popular&hellip;","og_url":"http:\/\/www.defensoria.gob.ve\/?p=9811","article_published_time":"2024-12-06T18:41:00+00:00","article_modified_time":"2024-12-09T18:43:43+00:00","og_image":[{"width":1280,"height":853,"url":"http:\/\/www.defensoria.gob.ve\/wp-content\/uploads\/2024\/12\/da8ad02d-2cd6-4d2a-8677-4d4e4ff481f2.jpg","type":"image\/jpeg"}],"author":"JC.","twitter_card":"summary_large_image","twitter_misc":{"Escrito por":"JC.","Tiempo estimado de lectura":"3 minutos"},"schema":{"@context":"https:\/\/schema.org","@graph":[{"@type":"Article","@id":"http:\/\/www.defensoria.gob.ve\/?p=9811#article","isPartOf":{"@id":"http:\/\/www.defensoria.gob.ve\/?p=9811"},"author":{"name":"JC.","@id":"http:\/\/www.defensoria.gob.ve\/#\/schema\/person\/fba14293189d7b1933ac7fba9d89e24a"},"headline":"Defensor\u00eda del Pueblo promueve DDHH de las personas con VIH\/SIDA","datePublished":"2024-12-06T18:41:00+00:00","dateModified":"2024-12-09T18:43:43+00:00","mainEntityOfPage":{"@id":"http:\/\/www.defensoria.gob.ve\/?p=9811"},"wordCount":538,"commentCount":0,"image":{"@id":"http:\/\/www.defensoria.gob.ve\/?p=9811#primaryimage"},"thumbnailUrl":"http:\/\/www.defensoria.gob.ve\/wp-content\/uploads\/2024\/12\/da8ad02d-2cd6-4d2a-8677-4d4e4ff481f2.jpg","articleSection":["CENTRALES"],"inLanguage":"es","potentialAction":[{"@type":"CommentAction","name":"Comment","target":["http:\/\/www.defensoria.gob.ve\/?p=9811#respond"]}]},{"@type":"WebPage","@id":"http:\/\/www.defensoria.gob.ve\/?p=9811","url":"http:\/\/www.defensoria.gob.ve\/?p=9811","name":"Defensor\u00eda del Pueblo promueve DDHH de las personas con VIH\/SIDA -","isPartOf":{"@id":"http:\/\/www.defensoria.gob.ve\/#website"},"primaryImageOfPage":{"@id":"http:\/\/www.defensoria.gob.ve\/?p=9811#primaryimage"},"image":{"@id":"http:\/\/www.defensoria.gob.ve\/?p=9811#primaryimage"},"thumbnailUrl":"http:\/\/www.defensoria.gob.ve\/wp-content\/uploads\/2024\/12\/da8ad02d-2cd6-4d2a-8677-4d4e4ff481f2.jpg","datePublished":"2024-12-06T18:41:00+00:00","dateModified":"2024-12-09T18:43:43+00:00","author":{"@id":"http:\/\/www.defensoria.gob.ve\/#\/schema\/person\/fba14293189d7b1933ac7fba9d89e24a"},"breadcrumb":{"@id":"http:\/\/www.defensoria.gob.ve\/?p=9811#breadcrumb"},"inLanguage":"es","potentialAction":[{"@type":"ReadAction","target":["http:\/\/www.defensoria.gob.ve\/?p=9811"]}]},{"@type":"ImageObject","inLanguage":"es","@id":"http:\/\/www.defensoria.gob.ve\/?p=9811#primaryimage","url":"http:\/\/www.defensoria.gob.ve\/wp-content\/uploads\/2024\/12\/da8ad02d-2cd6-4d2a-8677-4d4e4ff481f2.jpg","contentUrl":"http:\/\/www.defensoria.gob.ve\/wp-content\/uploads\/2024\/12\/da8ad02d-2cd6-4d2a-8677-4d4e4ff481f2.jpg","width":1280,"height":853},{"@type":"BreadcrumbList","@id":"http:\/\/www.defensoria.gob.ve\/?p=9811#breadcrumb","itemListElement":[{"@type":"ListItem","position":1,"name":"Portada","item":"http:\/\/www.defensoria.gob.ve\/"},{"@type":"ListItem","position":2,"name":"Defensor\u00eda del Pueblo promueve DDHH de las personas con VIH\/SIDA"}]},{"@type":"WebSite","@id":"http:\/\/www.defensoria.gob.ve\/#website","url":"http:\/\/www.defensoria.gob.ve\/","name":"","description":"Instituci\u00f3n del Poder Ciudadano para la Promoci\u00f3n, Defensa y Vigilancia de los Derechos Humanos. ","potentialAction":[{"@type":"SearchAction","target":{"@type":"EntryPoint","urlTemplate":"http:\/\/www.defensoria.gob.ve\/?s={search_term_string}"},"query-input":{"@type":"PropertyValueSpecification","valueRequired":true,"valueName":"search_term_string"}}],"inLanguage":"es"},{"@type":"Person","@id":"http:\/\/www.defensoria.gob.ve\/#\/schema\/person\/fba14293189d7b1933ac7fba9d89e24a","name":"JC.","image":{"@type":"ImageObject","inLanguage":"es","@id":"https:\/\/secure.gravatar.com\/avatar\/f398a4de948606b38f0299d90ca738c674b648694bc725ed46503c240269dbf8?s=96&d=mm&r=g","url":"https:\/\/secure.gravatar.com\/avatar\/f398a4de948606b38f0299d90ca738c674b648694bc725ed46503c240269dbf8?s=96&d=mm&r=g","contentUrl":"https:\/\/secure.gravatar.com\/avatar\/f398a4de948606b38f0299d90ca738c674b648694bc725ed46503c240269dbf8?s=96&d=mm&r=g","caption":"JC."},"url":"http:\/\/www.defensoria.gob.ve\/?author=5"}]}},"_links":{"self":[{"href":"http:\/\/www.defensoria.gob.ve\/index.php?rest_route=\/wp\/v2\/posts\/9811","targetHints":{"allow":["GET"]}}],"collection":[{"href":"http:\/\/www.defensoria.gob.ve\/index.php?rest_route=\/wp\/v2\/posts"}],"about":[{"href":"http:\/\/www.defensoria.gob.ve\/index.php?rest_route=\/wp\/v2\/types\/post"}],"author":[{"embeddable":true,"href":"http:\/\/www.defensoria.gob.ve\/index.php?rest_route=\/wp\/v2\/users\/5"}],"replies":[{"embeddable":true,"href":"http:\/\/www.defensoria.gob.ve\/index.php?rest_route=%2Fwp%2Fv2%2Fcomments&post=9811"}],"version-history":[{"count":4,"href":"http:\/\/www.defensoria.gob.ve\/index.php?rest_route=\/wp\/v2\/posts\/9811\/revisions"}],"predecessor-version":[{"id":9818,"href":"http:\/\/www.defensoria.gob.ve\/index.php?rest_route=\/wp\/v2\/posts\/9811\/revisions\/9818"}],"wp:featuredmedia":[{"embeddable":true,"href":"http:\/\/www.defensoria.gob.ve\/index.php?rest_route=\/wp\/v2\/media\/9814"}],"wp:attachment":[{"href":"http:\/\/www.defensoria.gob.ve\/index.php?rest_route=%2Fwp%2Fv2%2Fmedia&parent=9811"}],"wp:term":[{"taxonomy":"category","embeddable":true,"href":"http:\/\/www.defensoria.gob.ve\/index.php?rest_route=%2Fwp%2Fv2%2Fcategories&post=9811"},{"taxonomy":"post_tag","embeddable":true,"href":"http:\/\/www.defensoria.gob.ve\/index.php?rest_route=%2Fwp%2Fv2%2Ftags&post=9811"}],"curies":[{"name":"wp","href":"https:\/\/api.w.org\/{rel}","templated":true}]}}